{"id":12584,"date":"2017-09-11T12:54:15","date_gmt":"2017-09-11T15:54:15","guid":{"rendered":"http:\/\/www.municipales.org.ar\/festram\/?p=12584"},"modified":"2019-12-20T17:41:14","modified_gmt":"2019-12-20T20:41:14","slug":"festram-defensa-los-recursos-municipios-comunas","status":"publish","type":"post","link":"https:\/\/municipales.org.ar\/festram\/festram-defensa-los-recursos-municipios-comunas\/","title":{"rendered":"FESTRAM en defensa de los recursos de Municipios y Comunas"},"content":{"rendered":"<h3>Municipales apoyan reclamo de los Gobernadores al Gobierno Nacional<\/h3>\n<p>&nbsp;<\/p>\n<p>El gremio provincial que nuclea a los trabajadores municipales y comunales, expres\u00f3 su respaldo al reclamo de los Gobernadores para que el Gobierno Nacional no altere nuevamente la distribuci\u00f3n de los impuestos, generando as\u00ed graves perjuicios econ\u00f3micos\u00a0a las provincias y sus municipios. Tambi\u00e9n exigi\u00f3 a los Intendentes, particularmente a los que pertenecen a Cambiemos, que pongan freno a las pretensiones de este Gobierno de ahogar a los Municipios y Comunas. Para FESTRAM debe haber una contundente posici\u00f3n institucional de los Jefes Comunales, de la Legislatura Provincial y los Legisladores Nacionales exigiendo el fin de la discrecionalidad en la distribuci\u00f3n de los recursos que le pertenecen a todos los santafesinos.<\/p>\n<p>La intenci\u00f3n del Gobierno de Macri de otorgarle el 10% del total de la recaudaci\u00f3n del Impuesto a las Ganancias a la Gobernadora Vidal en concepto de Fondo del Conurbano Bonaerense, significar\u00e1 p\u00e9rdidas de m\u00e1s de 7000 millones de pesos para la Provincia de Santa Fe y casi 1000 millones a sus Municipios y Comunas.<\/p>\n<p>La Federaci\u00f3n de Trabajadores Municipales advierte que esta pretensi\u00f3n del Gobierno Nacional ser\u00e1 concretada inmediatamente luego de las elecciones de octubre y denuncia que \u201cel paquete de medidas post-electorales en materia fiscal y tributaria que maneja Naci\u00f3n producir\u00e1 un estrangulamiento financiero a los municipios y comunas\u201d, por ende a las condiciones de salario y empleo de sus trabajadores con efecto directo en las prestaciones de servicios a todos los pueblos y ciudades de la Provincia de Santa Fe.<\/p>\n<p>Desde que Macri asumi\u00f3 la Presidencia, hay un festival de discrecionalidad en la distribuci\u00f3n de fondos nacionales. El incremento de recursos a la Ciudad Aut\u00f3noma de Buenos Aires signific\u00f3 duplicar su coparticipaci\u00f3n, en tanto a la Provincia de Buenos Aires le gir\u00f3 50 mil millones de pesos en asistencia financiera, monto equivalente a la deuda que mantiene con la Provincia de Santa Fe. En ese marco, la distribuci\u00f3n de los Aportes del Tesoro Nacional a los Municipios afines al Gobierno Nacional, atenta en desmedro del resto de las Administraciones Municipales.<\/p>\n<p>Por su parte, el titular del gremio, Claudio Leoni asegur\u00f3 que \u201cel Gobierno Nacional se especializa en ensanchar la grieta entre los Argentinos y con este proceder nos retrotrae a la disputa de Unitarios y Federales sobre la distribuci\u00f3n de recursos entre el puerto y las provincias.\u201d<\/p>\n<h6>Prensa FESTRAM<\/h6>\n","protected":false},"excerpt":{"rendered":"<p>Municipales apoyan reclamo de los Gobernadores al Gobierno Nacional<\/p>\n","protected":false},"author":1,"featured_media":12585,"comment_status":"closed","ping_status":"closed","sticky":false,"template":"","format":"standard","meta":{"_jetpack_memberships_contains_paid_content":false,"footnotes":"","jetpack_publicize_message":"FESTRAM en defensa de los recursos de Municipios y Comunas","jetpack_publicize_feature_enabled":true,"jetpack_social_post_already_shared":true,"jetpack_social_options":{"image_generator_settings":{"template":"highway","default_image_id":0,"font":"","enabled":false},"version":2}},"categories":[159],"tags":[63,68,70,109],"class_list":["post-12584","post","type-post","status-publish","format-standard","has-post-thumbnail","hentry","category-comunicados-2017","tag-coparticipacion","tag-economia-provincial","tag-el-pais","tag-la-provincia"],"yoast_head":"<!-- This site is optimized with the Yoast SEO plugin v25.9 - https:\/\/yoast.com\/wordpress\/plugins\/seo\/ -->\n<title>FESTRAM en defensa de los recursos de Municipios y Comunas &#8211; FESTRAM<\/title>\n<meta name=\"description\" content=\"Municipales apoyan reclamo de los Gobernadores al Gobierno Nacional\" \/>\n<meta name=\"robots\" content=\"index, follow, max-snippet:-1, max-image-preview:large, max-video-preview:-1\" \/>\n<link rel=\"canonical\" href=\"https:\/\/municipales.org.ar\/festram\/festram-defensa-los-recursos-municipios-comunas\/\" \/>\n<meta property=\"og:locale\" content=\"es_ES\" \/>\n<meta property=\"og:type\" content=\"article\" \/>\n<meta property=\"og:title\" content=\"FESTRAM en defensa de los recursos de Municipios y Comunas &#8211; FESTRAM\" \/>\n<meta property=\"og:description\" content=\"Municipales apoyan reclamo de los Gobernadores al Gobierno Nacional\" \/>\n<meta property=\"og:url\" content=\"https:\/\/municipales.org.ar\/festram\/festram-defensa-los-recursos-municipios-comunas\/\" \/>\n<meta property=\"og:site_name\" content=\"FESTRAM\" \/>\n<meta property=\"article:publisher\" content=\"https:\/\/www.facebook.com\/MunicipalesSF\" \/>\n<meta property=\"article:published_time\" content=\"2017-09-11T15:54:15+00:00\" \/>\n<meta property=\"article:modified_time\" content=\"2019-12-20T20:41:14+00:00\" \/>\n<meta property=\"og:image\" content=\"https:\/\/municipales.org.ar\/festram\/wp-content\/uploads\/2017\/09\/macri-corral.jpg\" \/>\n\t<meta property=\"og:image:width\" content=\"1500\" \/>\n\t<meta property=\"og:image:height\" content=\"793\" \/>\n\t<meta property=\"og:image:type\" content=\"image\/jpeg\" \/>\n<meta name=\"author\" content=\"mun_admin\" \/>\n<meta name=\"twitter:card\" content=\"summary_large_image\" \/>\n<meta name=\"twitter:creator\" content=\"@MunicipalesSF\" \/>\n<meta name=\"twitter:site\" content=\"@MunicipalesSF\" \/>\n<meta name=\"twitter:label1\" content=\"Escrito por\" \/>\n\t<meta name=\"twitter:data1\" content=\"mun_admin\" \/>\n\t<meta name=\"twitter:label2\" content=\"Tiempo de lectura\" \/>\n\t<meta name=\"twitter:data2\" content=\"2 minutos\" \/>\n<script type=\"application\/ld+json\" class=\"yoast-schema-graph\">{\"@context\":\"https:\/\/schema.org\",\"@graph\":[{\"@type\":\"Article\",\"@id\":\"https:\/\/municipales.org.ar\/festram\/festram-defensa-los-recursos-municipios-comunas\/#article\",\"isPartOf\":{\"@id\":\"https:\/\/municipales.org.ar\/festram\/festram-defensa-los-recursos-municipios-comunas\/\"},\"author\":{\"name\":\"mun_admin\",\"@id\":\"https:\/\/municipales.org.ar\/festram\/#\/schema\/person\/49096a774c48ce9063df4d59ec059f9e\"},\"headline\":\"FESTRAM en defensa de los recursos de Municipios y Comunas\",\"datePublished\":\"2017-09-11T15:54:15+00:00\",\"dateModified\":\"2019-12-20T20:41:14+00:00\",\"mainEntityOfPage\":{\"@id\":\"https:\/\/municipales.org.ar\/festram\/festram-defensa-los-recursos-municipios-comunas\/\"},\"wordCount\":415,\"publisher\":{\"@id\":\"https:\/\/municipales.org.ar\/festram\/#organization\"},\"image\":{\"@id\":\"https:\/\/municipales.org.ar\/festram\/festram-defensa-los-recursos-municipios-comunas\/#primaryimage\"},\"thumbnailUrl\":\"https:\/\/municipales.org.ar\/festram\/wp-content\/uploads\/2017\/09\/macri-corral.jpg\",\"keywords\":[\"coparticipaci\u00f3n\",\"econom\u00eda provincial\",\"el pa\u00eds\",\"la provincia\"],\"articleSection\":[\"Comunicados 2017\"],\"inLanguage\":\"es\"},{\"@type\":\"WebPage\",\"@id\":\"https:\/\/municipales.org.ar\/festram\/festram-defensa-los-recursos-municipios-comunas\/\",\"url\":\"https:\/\/municipales.org.ar\/festram\/festram-defensa-los-recursos-municipios-comunas\/\",\"name\":\"FESTRAM en defensa de los recursos de Municipios y Comunas &#8211; FESTRAM\",\"isPartOf\":{\"@id\":\"https:\/\/municipales.org.ar\/festram\/#website\"},\"primaryImageOfPage\":{\"@id\":\"https:\/\/municipales.org.ar\/festram\/festram-defensa-los-recursos-municipios-comunas\/#primaryimage\"},\"image\":{\"@id\":\"https:\/\/municipales.org.ar\/festram\/festram-defensa-los-recursos-municipios-comunas\/#primaryimage\"},\"thumbnailUrl\":\"https:\/\/municipales.org.ar\/festram\/wp-content\/uploads\/2017\/09\/macri-corral.jpg\",\"datePublished\":\"2017-09-11T15:54:15+00:00\",\"dateModified\":\"2019-12-20T20:41:14+00:00\",\"description\":\"Municipales apoyan reclamo de los Gobernadores al Gobierno Nacional\",\"breadcrumb\":{\"@id\":\"https:\/\/municipales.org.ar\/festram\/festram-defensa-los-recursos-municipios-comunas\/#breadcrumb\"},\"inLanguage\":\"es\",\"potentialAction\":[{\"@type\":\"ReadAction\",\"target\":[\"https:\/\/municipales.org.ar\/festram\/festram-defensa-los-recursos-municipios-comunas\/\"]}]},{\"@type\":\"ImageObject\",\"inLanguage\":\"es\",\"@id\":\"https:\/\/municipales.org.ar\/festram\/festram-defensa-los-recursos-municipios-comunas\/#primaryimage\",\"url\":\"https:\/\/municipales.org.ar\/festram\/wp-content\/uploads\/2017\/09\/macri-corral.jpg\",\"contentUrl\":\"https:\/\/municipales.org.ar\/festram\/wp-content\/uploads\/2017\/09\/macri-corral.jpg\",\"width\":1500,\"height\":793},{\"@type\":\"BreadcrumbList\",\"@id\":\"https:\/\/municipales.org.ar\/festram\/festram-defensa-los-recursos-municipios-comunas\/#breadcrumb\",\"itemListElement\":[{\"@type\":\"ListItem\",\"position\":1,\"name\":\"Portada\",\"item\":\"https:\/\/municipales.org.ar\/festram\/\"},{\"@type\":\"ListItem\",\"position\":2,\"name\":\"FESTRAM en defensa de los recursos de Municipios y Comunas\"}]},{\"@type\":\"WebSite\",\"@id\":\"https:\/\/municipales.org.ar\/festram\/#website\",\"url\":\"https:\/\/municipales.org.ar\/festram\/\",\"name\":\"FESTRAM\",\"description\":\"La web de los trabajadores municipales\",\"publisher\":{\"@id\":\"https:\/\/municipales.org.ar\/festram\/#organization\"},\"potentialAction\":[{\"@type\":\"SearchAction\",\"target\":{\"@type\":\"EntryPoint\",\"urlTemplate\":\"https:\/\/municipales.org.ar\/festram\/?s={search_term_string}\"},\"query-input\":{\"@type\":\"PropertyValueSpecification\",\"valueRequired\":true,\"valueName\":\"search_term_string\"}}],\"inLanguage\":\"es\"},{\"@type\":\"Organization\",\"@id\":\"https:\/\/municipales.org.ar\/festram\/#organization\",\"name\":\"Federaci\u00f3n de Sindicatos de Trabajadores Municipales de la Provincia de Santa Fe\",\"url\":\"https:\/\/municipales.org.ar\/festram\/\",\"logo\":{\"@type\":\"ImageObject\",\"inLanguage\":\"es\",\"@id\":\"https:\/\/municipales.org.ar\/festram\/#\/schema\/logo\/image\/\",\"url\":\"https:\/\/www.municipales.org.ar\/festram\/wp-content\/uploads\/2014\/07\/logo_fes.jpg\",\"contentUrl\":\"https:\/\/www.municipales.org.ar\/festram\/wp-content\/uploads\/2014\/07\/logo_fes.jpg\",\"width\":661,\"height\":673,\"caption\":\"Federaci\u00f3n de Sindicatos de Trabajadores Municipales de la Provincia de Santa Fe\"},\"image\":{\"@id\":\"https:\/\/municipales.org.ar\/festram\/#\/schema\/logo\/image\/\"},\"sameAs\":[\"https:\/\/www.facebook.com\/MunicipalesSF\",\"https:\/\/x.com\/MunicipalesSF\",\"https:\/\/www.youtube.com\/user\/festram\"]},{\"@type\":\"Person\",\"@id\":\"https:\/\/municipales.org.ar\/festram\/#\/schema\/person\/49096a774c48ce9063df4d59ec059f9e\",\"name\":\"mun_admin\"}]}<\/script>\n<!-- \/ Yoast SEO plugin. -->","yoast_head_json":{"title":"FESTRAM en defensa de los recursos de Municipios y Comunas &#8211; FESTRAM","description":"Municipales apoyan reclamo de los Gobernadores al Gobierno Nacional","robots":{"index":"index","follow":"follow","max-snippet":"max-snippet:-1","max-image-preview":"max-image-preview:large","max-video-preview":"max-video-preview:-1"},"canonical":"https:\/\/municipales.org.ar\/festram\/festram-defensa-los-recursos-municipios-comunas\/","og_locale":"es_ES","og_type":"article","og_title":"FESTRAM en defensa de los recursos de Municipios y Comunas &#8211; FESTRAM","og_description":"Municipales apoyan reclamo de los Gobernadores al Gobierno Nacional","og_url":"https:\/\/municipales.org.ar\/festram\/festram-defensa-los-recursos-municipios-comunas\/","og_site_name":"FESTRAM","article_publisher":"https:\/\/www.facebook.com\/MunicipalesSF","article_published_time":"2017-09-11T15:54:15+00:00","article_modified_time":"2019-12-20T20:41:14+00:00","og_image":[{"width":1500,"height":793,"url":"https:\/\/municipales.org.ar\/festram\/wp-content\/uploads\/2017\/09\/macri-corral.jpg","type":"image\/jpeg"}],"author":"mun_admin","twitter_card":"summary_large_image","twitter_creator":"@MunicipalesSF","twitter_site":"@MunicipalesSF","twitter_misc":{"Escrito por":"mun_admin","Tiempo de lectura":"2 minutos"},"schema":{"@context":"https:\/\/schema.org","@graph":[{"@type":"Article","@id":"https:\/\/municipales.org.ar\/festram\/festram-defensa-los-recursos-municipios-comunas\/#article","isPartOf":{"@id":"https:\/\/municipales.org.ar\/festram\/festram-defensa-los-recursos-municipios-comunas\/"},"author":{"name":"mun_admin","@id":"https:\/\/municipales.org.ar\/festram\/#\/schema\/person\/49096a774c48ce9063df4d59ec059f9e"},"headline":"FESTRAM en defensa de los recursos de Municipios y Comunas","datePublished":"2017-09-11T15:54:15+00:00","dateModified":"2019-12-20T20:41:14+00:00","mainEntityOfPage":{"@id":"https:\/\/municipales.org.ar\/festram\/festram-defensa-los-recursos-municipios-comunas\/"},"wordCount":415,"publisher":{"@id":"https:\/\/municipales.org.ar\/festram\/#organization"},"image":{"@id":"https:\/\/municipales.org.ar\/festram\/festram-defensa-los-recursos-municipios-comunas\/#primaryimage"},"thumbnailUrl":"https:\/\/municipales.org.ar\/festram\/wp-content\/uploads\/2017\/09\/macri-corral.jpg","keywords":["coparticipaci\u00f3n","econom\u00eda provincial","el pa\u00eds","la provincia"],"articleSection":["Comunicados 2017"],"inLanguage":"es"},{"@type":"WebPage","@id":"https:\/\/municipales.org.ar\/festram\/festram-defensa-los-recursos-municipios-comunas\/","url":"https:\/\/municipales.org.ar\/festram\/festram-defensa-los-recursos-municipios-comunas\/","name":"FESTRAM en defensa de los recursos de Municipios y Comunas &#8211; FESTRAM","isPartOf":{"@id":"https:\/\/municipales.org.ar\/festram\/#website"},"primaryImageOfPage":{"@id":"https:\/\/municipales.org.ar\/festram\/festram-defensa-los-recursos-municipios-comunas\/#primaryimage"},"image":{"@id":"https:\/\/municipales.org.ar\/festram\/festram-defensa-los-recursos-municipios-comunas\/#primaryimage"},"thumbnailUrl":"https:\/\/municipales.org.ar\/festram\/wp-content\/uploads\/2017\/09\/macri-corral.jpg","datePublished":"2017-09-11T15:54:15+00:00","dateModified":"2019-12-20T20:41:14+00:00","description":"Municipales apoyan reclamo de los Gobernadores al Gobierno Nacional","breadcrumb":{"@id":"https:\/\/municipales.org.ar\/festram\/festram-defensa-los-recursos-municipios-comunas\/#breadcrumb"},"inLanguage":"es","potentialAction":[{"@type":"ReadAction","target":["https:\/\/municipales.org.ar\/festram\/festram-defensa-los-recursos-municipios-comunas\/"]}]},{"@type":"ImageObject","inLanguage":"es","@id":"https:\/\/municipales.org.ar\/festram\/festram-defensa-los-recursos-municipios-comunas\/#primaryimage","url":"https:\/\/municipales.org.ar\/festram\/wp-content\/uploads\/2017\/09\/macri-corral.jpg","contentUrl":"https:\/\/municipales.org.ar\/festram\/wp-content\/uploads\/2017\/09\/macri-corral.jpg","width":1500,"height":793},{"@type":"BreadcrumbList","@id":"https:\/\/municipales.org.ar\/festram\/festram-defensa-los-recursos-municipios-comunas\/#breadcrumb","itemListElement":[{"@type":"ListItem","position":1,"name":"Portada","item":"https:\/\/municipales.org.ar\/festram\/"},{"@type":"ListItem","position":2,"name":"FESTRAM en defensa de los recursos de Municipios y Comunas"}]},{"@type":"WebSite","@id":"https:\/\/municipales.org.ar\/festram\/#website","url":"https:\/\/municipales.org.ar\/festram\/","name":"FESTRAM","description":"La web de los trabajadores municipales","publisher":{"@id":"https:\/\/municipales.org.ar\/festram\/#organization"},"potentialAction":[{"@type":"SearchAction","target":{"@type":"EntryPoint","urlTemplate":"https:\/\/municipales.org.ar\/festram\/?s={search_term_string}"},"query-input":{"@type":"PropertyValueSpecification","valueRequired":true,"valueName":"search_term_string"}}],"inLanguage":"es"},{"@type":"Organization","@id":"https:\/\/municipales.org.ar\/festram\/#organization","name":"Federaci\u00f3n de Sindicatos de Trabajadores Municipales de la Provincia de Santa Fe","url":"https:\/\/municipales.org.ar\/festram\/","logo":{"@type":"ImageObject","inLanguage":"es","@id":"https:\/\/municipales.org.ar\/festram\/#\/schema\/logo\/image\/","url":"https:\/\/www.municipales.org.ar\/festram\/wp-content\/uploads\/2014\/07\/logo_fes.jpg","contentUrl":"https:\/\/www.municipales.org.ar\/festram\/wp-content\/uploads\/2014\/07\/logo_fes.jpg","width":661,"height":673,"caption":"Federaci\u00f3n de Sindicatos de Trabajadores Municipales de la Provincia de Santa Fe"},"image":{"@id":"https:\/\/municipales.org.ar\/festram\/#\/schema\/logo\/image\/"},"sameAs":["https:\/\/www.facebook.com\/MunicipalesSF","https:\/\/x.com\/MunicipalesSF","https:\/\/www.youtube.com\/user\/festram"]},{"@type":"Person","@id":"https:\/\/municipales.org.ar\/festram\/#\/schema\/person\/49096a774c48ce9063df4d59ec059f9e","name":"mun_admin"}]}},"jetpack_publicize_connections":[],"jetpack_featured_media_url":"https:\/\/municipales.org.ar\/festram\/wp-content\/uploads\/2017\/09\/macri-corral.jpg","jetpack_sharing_enabled":true,"jetpack_likes_enabled":false,"jetpack_shortlink":"https:\/\/wp.me\/p7l4x1-3gY","_links":{"self":[{"href":"https:\/\/municipales.org.ar\/festram\/wp-json\/wp\/v2\/posts\/12584","targetHints":{"allow":["GET"]}}],"collection":[{"href":"https:\/\/municipales.org.ar\/festram\/wp-json\/wp\/v2\/posts"}],"about":[{"href":"https:\/\/municipales.org.ar\/festram\/wp-json\/wp\/v2\/types\/post"}],"author":[{"embeddable":true,"href":"https:\/\/municipales.org.ar\/festram\/wp-json\/wp\/v2\/users\/1"}],"replies":[{"embeddable":true,"href":"https:\/\/municipales.org.ar\/festram\/wp-json\/wp\/v2\/comments?post=12584"}],"version-history":[{"count":1,"href":"https:\/\/municipales.org.ar\/festram\/wp-json\/wp\/v2\/posts\/12584\/revisions"}],"predecessor-version":[{"id":12586,"href":"https:\/\/municipales.org.ar\/festram\/wp-json\/wp\/v2\/posts\/12584\/revisions\/12586"}],"wp:featuredmedia":[{"embeddable":true,"href":"https:\/\/municipales.org.ar\/festram\/wp-json\/wp\/v2\/media\/12585"}],"wp:attachment":[{"href":"https:\/\/municipales.org.ar\/festram\/wp-json\/wp\/v2\/media?parent=12584"}],"wp:term":[{"taxonomy":"category","embeddable":true,"href":"https:\/\/municipales.org.ar\/festram\/wp-json\/wp\/v2\/categories?post=12584"},{"taxonomy":"post_tag","embeddable":true,"href":"https:\/\/municipales.org.ar\/festram\/wp-json\/wp\/v2\/tags?post=12584"}],"curies":[{"name":"wp","href":"https:\/\/api.w.org\/{rel}","templated":true}]}}