{"id":12587,"date":"2017-09-12T17:11:51","date_gmt":"2017-09-12T20:11:51","guid":{"rendered":"http:\/\/www.municipales.org.ar\/festram\/?p=12587"},"modified":"2017-09-12T17:11:51","modified_gmt":"2017-09-12T20:11:51","slug":"una-juventud-pie-visita-al-museo-la-memoria-dia-nacional-la-juventud","status":"publish","type":"post","link":"https:\/\/municipales.org.ar\/festram\/una-juventud-pie-visita-al-museo-la-memoria-dia-nacional-la-juventud\/","title":{"rendered":"\u201cUna Juventud de Pie\u201d: Visita al Museo de la Memoria en el D\u00eda Nacional de la Juventud"},"content":{"rendered":"<h3>Con la consigna \u201cUna Juventud de Pie\u201d se propone una visita guiada al Museo de la Memoria en la ciudad de Rosario destinado a j\u00f3venes de la provincia. La cita ser\u00e1 el s\u00e1bado 16 de septiembre a partir de las 10 horas.<\/h3>\n<p>&nbsp;<\/p>\n<p>En el marco de la conmemoraci\u00f3n del\u00a0D\u00eda Nacional de la Juventud, desde J\u00f3venes Municipales de Festram y Juventud Sindical de Municipales de Rosario, recordaremos a los compa\u00f1eros y compa\u00f1eras militantes secundarios secuestrados hace 41 a\u00f1os por fuerzas militares, durante la denominada \u201cNoche de los L\u00e1pices\u201d; la fecha fue instituida a trav\u00e9s de un proyecto de Ley presentado por el entonces presidente N\u00e9stor Kirchner en el a\u00f1o 2006, con el objetivo de \u201creivindicar la militancia y el compromiso de aquellos j\u00f3venes que fueron desaparecidos en la \u00faltima dictadura militar argentina\u201d.<\/p>\n<p>Particularmente la visita al museo tendr\u00e1 una duraci\u00f3n de 2 horas y prev\u00e9 el tratamiento de los siguientes temas: \u00faltima dictadura militar (1976 \u2013 1983), conceptualizaci\u00f3n de los derechos humanos, \u201cdesaparici\u00f3n forzada\u201d de Santiago Maldonado.<\/p>\n<p>Cabe destacar que se realizar\u00e1 una charla \u2013 debate entre los y las j\u00f3venes presentes, se elaborar\u00e1 un documento final en repudio sobre el caso Maldonado y con car\u00e1cter reflexivo sobre la muestra en general -el que luego se compartir\u00e1 en la p\u00e1gina oficial de Festram- y, tambi\u00e9n, daremos continuidad en este contexto a la iniciativa \u201cLos carteles andan diciendo\u201d (campa\u00f1a fotogr\u00e1fica de sensibilizaci\u00f3n en Facebook sobre Santiago).<\/p>\n<p>&nbsp;<\/p>\n<h4>Museo de la Memoria<\/h4>\n<p>El Museo de la Memoria fue creado en 1998 a trav\u00e9s de una ordenanza del Concejo Municipal de Rosario, con el objetivo de promover el acceso al conocimiento y la investigaci\u00f3n sobre la situaci\u00f3n de los derechos humanos y la memoria social y pol\u00edtica en nuestra regi\u00f3n, en el pa\u00eds y en Latinoam\u00e9rica. Su acervo incluye material de diverso tipo que informa acerca de las violaciones a los derechos humanos en Am\u00e9rica latina y el mundo, especialmente sobre\u00a0el accionar del terrorismo de Estado durante la \u00faltima dictadura c\u00edvico militar en la Argentina.<\/p>\n<p>Desde diciembre de 2010, en su sede definitiva \u2013edificio ocupado en el pasado por el Comando del II Cuerpo de Ej\u00e9rcito\u2013, el Museo ofrece al p\u00fablico una sala de muestra permanente, con obras dise\u00f1adas por destacados artistas de la ciudad de Rosario, y otra de exposiciones temporarias. Tambi\u00e9n cuenta con un centro documental, una biblioteca especializada con m\u00e1s de 3.500 vol\u00famenes y publicaciones peri\u00f3dicas, un \u00e1rea de extensi\u00f3n educativa, un auditorio con capacidad para m\u00e1s de 120 personas, entre otros servicios.<\/p>\n<p>El Museo de la Memoria de Rosario es una de las instituciones pioneras en Am\u00e9rica latina en el tratamiento del tema de las memorias post-genocidas y ha logrado configurarse como un verdadero referente en su tipo en la escena nacional e internacional. Es miembro de la Coalici\u00f3n Internacional de Sitios de Conciencia, de la Red Federal de Sitios de Memoria, dependiente de la Secretar\u00eda de Derechos Humanos de la Naci\u00f3n, y de la Red Sudamericana de Sitios de Memoria, entre otras instituciones.<\/p>\n","protected":false},"excerpt":{"rendered":"<p>Con la consigna \u201cUna Juventud de Pie\u201d se propone una visita guiada al Museo de la Memoria en la ciudad de Rosario destinado a j\u00f3venes de la provincia. La cita ser\u00e1 el s\u00e1bado 16 de septiembre a partir de las 10 horas. &nbsp; En el marco de la conmemoraci\u00f3n del\u00a0D\u00eda Nacional de la Juventud, desde [&hellip;]<\/p>\n","protected":false},"author":1,"featured_media":12588,"comment_status":"closed","ping_status":"closed","sticky":false,"template":"","format":"standard","meta":{"_jetpack_memberships_contains_paid_content":false,"footnotes":"","jetpack_publicize_message":"\u201cUna Juventud de Pie\u201d: Visita al Museo de la Memoria en el D\u00eda Nacional de la Juventud","jetpack_publicize_feature_enabled":true,"jetpack_social_post_already_shared":true,"jetpack_social_options":{"image_generator_settings":{"template":"highway","default_image_id":0,"font":"","enabled":false},"version":2}},"categories":[51],"tags":[92],"class_list":["post-12587","post","type-post","status-publish","format-standard","has-post-thumbnail","hentry","category-jovenes","tag-jovenes-2"],"yoast_head":"<!-- This site is optimized with the Yoast SEO plugin v25.9 - https:\/\/yoast.com\/wordpress\/plugins\/seo\/ -->\n<title>\u201cUna Juventud de Pie\u201d: Visita al Museo de la Memoria en el D\u00eda Nacional de la Juventud &#8211; FESTRAM<\/title>\n<meta name=\"description\" content=\"Con la consigna \u201cUna Juventud de Pie\u201d se propone una visita guiada al Museo de la Memoria en la ciudad de Rosario destinado a j\u00f3venes de la provincia. La\" \/>\n<meta name=\"robots\" content=\"index, follow, max-snippet:-1, max-image-preview:large, max-video-preview:-1\" \/>\n<link rel=\"canonical\" href=\"https:\/\/municipales.org.ar\/festram\/una-juventud-pie-visita-al-museo-la-memoria-dia-nacional-la-juventud\/\" \/>\n<meta property=\"og:locale\" content=\"es_ES\" \/>\n<meta property=\"og:type\" content=\"article\" \/>\n<meta property=\"og:title\" content=\"\u201cUna Juventud de Pie\u201d: Visita al Museo de la Memoria en el D\u00eda Nacional de la Juventud &#8211; FESTRAM\" \/>\n<meta property=\"og:description\" content=\"Con la consigna \u201cUna Juventud de Pie\u201d se propone una visita guiada al Museo de la Memoria en la ciudad de Rosario destinado a j\u00f3venes de la provincia. La\" \/>\n<meta property=\"og:url\" content=\"https:\/\/municipales.org.ar\/festram\/una-juventud-pie-visita-al-museo-la-memoria-dia-nacional-la-juventud\/\" \/>\n<meta property=\"og:site_name\" content=\"FESTRAM\" \/>\n<meta property=\"article:publisher\" content=\"https:\/\/www.facebook.com\/MunicipalesSF\" \/>\n<meta property=\"article:published_time\" content=\"2017-09-12T20:11:51+00:00\" \/>\n<meta property=\"og:image\" content=\"https:\/\/municipales.org.ar\/festram\/wp-content\/uploads\/2017\/09\/IMG_20170912_104438.jpg\" \/>\n\t<meta property=\"og:image:width\" content=\"2483\" \/>\n\t<meta property=\"og:image:height\" content=\"1745\" \/>\n\t<meta property=\"og:image:type\" content=\"image\/jpeg\" \/>\n<meta name=\"author\" content=\"mun_admin\" \/>\n<meta name=\"twitter:card\" content=\"summary_large_image\" \/>\n<meta name=\"twitter:creator\" content=\"@MunicipalesSF\" \/>\n<meta name=\"twitter:site\" content=\"@MunicipalesSF\" \/>\n<meta name=\"twitter:label1\" content=\"Escrito por\" \/>\n\t<meta name=\"twitter:data1\" content=\"mun_admin\" \/>\n\t<meta name=\"twitter:label2\" content=\"Tiempo de lectura\" \/>\n\t<meta name=\"twitter:data2\" content=\"3 minutos\" \/>\n<script type=\"application\/ld+json\" class=\"yoast-schema-graph\">{\"@context\":\"https:\/\/schema.org\",\"@graph\":[{\"@type\":\"Article\",\"@id\":\"https:\/\/municipales.org.ar\/festram\/una-juventud-pie-visita-al-museo-la-memoria-dia-nacional-la-juventud\/#article\",\"isPartOf\":{\"@id\":\"https:\/\/municipales.org.ar\/festram\/una-juventud-pie-visita-al-museo-la-memoria-dia-nacional-la-juventud\/\"},\"author\":{\"name\":\"mun_admin\",\"@id\":\"https:\/\/municipales.org.ar\/festram\/#\/schema\/person\/49096a774c48ce9063df4d59ec059f9e\"},\"headline\":\"\u201cUna Juventud de Pie\u201d: Visita al Museo de la Memoria en el D\u00eda Nacional de la Juventud\",\"datePublished\":\"2017-09-12T20:11:51+00:00\",\"mainEntityOfPage\":{\"@id\":\"https:\/\/municipales.org.ar\/festram\/una-juventud-pie-visita-al-museo-la-memoria-dia-nacional-la-juventud\/\"},\"wordCount\":547,\"publisher\":{\"@id\":\"https:\/\/municipales.org.ar\/festram\/#organization\"},\"image\":{\"@id\":\"https:\/\/municipales.org.ar\/festram\/una-juventud-pie-visita-al-museo-la-memoria-dia-nacional-la-juventud\/#primaryimage\"},\"thumbnailUrl\":\"https:\/\/municipales.org.ar\/festram\/wp-content\/uploads\/2017\/09\/IMG_20170912_104438.jpg\",\"keywords\":[\"j\u00f3venes\"],\"articleSection\":[\"J\u00f3venes\"],\"inLanguage\":\"es\"},{\"@type\":\"WebPage\",\"@id\":\"https:\/\/municipales.org.ar\/festram\/una-juventud-pie-visita-al-museo-la-memoria-dia-nacional-la-juventud\/\",\"url\":\"https:\/\/municipales.org.ar\/festram\/una-juventud-pie-visita-al-museo-la-memoria-dia-nacional-la-juventud\/\",\"name\":\"\u201cUna Juventud de Pie\u201d: Visita al Museo de la Memoria en el D\u00eda Nacional de la Juventud &#8211; FESTRAM\",\"isPartOf\":{\"@id\":\"https:\/\/municipales.org.ar\/festram\/#website\"},\"primaryImageOfPage\":{\"@id\":\"https:\/\/municipales.org.ar\/festram\/una-juventud-pie-visita-al-museo-la-memoria-dia-nacional-la-juventud\/#primaryimage\"},\"image\":{\"@id\":\"https:\/\/municipales.org.ar\/festram\/una-juventud-pie-visita-al-museo-la-memoria-dia-nacional-la-juventud\/#primaryimage\"},\"thumbnailUrl\":\"https:\/\/municipales.org.ar\/festram\/wp-content\/uploads\/2017\/09\/IMG_20170912_104438.jpg\",\"datePublished\":\"2017-09-12T20:11:51+00:00\",\"description\":\"Con la consigna \u201cUna Juventud de Pie\u201d se propone una visita guiada al Museo de la Memoria en la ciudad de Rosario destinado a j\u00f3venes de la provincia. La\",\"breadcrumb\":{\"@id\":\"https:\/\/municipales.org.ar\/festram\/una-juventud-pie-visita-al-museo-la-memoria-dia-nacional-la-juventud\/#breadcrumb\"},\"inLanguage\":\"es\",\"potentialAction\":[{\"@type\":\"ReadAction\",\"target\":[\"https:\/\/municipales.org.ar\/festram\/una-juventud-pie-visita-al-museo-la-memoria-dia-nacional-la-juventud\/\"]}]},{\"@type\":\"ImageObject\",\"inLanguage\":\"es\",\"@id\":\"https:\/\/municipales.org.ar\/festram\/una-juventud-pie-visita-al-museo-la-memoria-dia-nacional-la-juventud\/#primaryimage\",\"url\":\"https:\/\/municipales.org.ar\/festram\/wp-content\/uploads\/2017\/09\/IMG_20170912_104438.jpg\",\"contentUrl\":\"https:\/\/municipales.org.ar\/festram\/wp-content\/uploads\/2017\/09\/IMG_20170912_104438.jpg\",\"width\":2483,\"height\":1745},{\"@type\":\"BreadcrumbList\",\"@id\":\"https:\/\/municipales.org.ar\/festram\/una-juventud-pie-visita-al-museo-la-memoria-dia-nacional-la-juventud\/#breadcrumb\",\"itemListElement\":[{\"@type\":\"ListItem\",\"position\":1,\"name\":\"Portada\",\"item\":\"https:\/\/municipales.org.ar\/festram\/\"},{\"@type\":\"ListItem\",\"position\":2,\"name\":\"\u201cUna Juventud de Pie\u201d: Visita al Museo de la Memoria en el D\u00eda Nacional de la Juventud\"}]},{\"@type\":\"WebSite\",\"@id\":\"https:\/\/municipales.org.ar\/festram\/#website\",\"url\":\"https:\/\/municipales.org.ar\/festram\/\",\"name\":\"FESTRAM\",\"description\":\"La web de los trabajadores municipales\",\"publisher\":{\"@id\":\"https:\/\/municipales.org.ar\/festram\/#organization\"},\"potentialAction\":[{\"@type\":\"SearchAction\",\"target\":{\"@type\":\"EntryPoint\",\"urlTemplate\":\"https:\/\/municipales.org.ar\/festram\/?s={search_term_string}\"},\"query-input\":{\"@type\":\"PropertyValueSpecification\",\"valueRequired\":true,\"valueName\":\"search_term_string\"}}],\"inLanguage\":\"es\"},{\"@type\":\"Organization\",\"@id\":\"https:\/\/municipales.org.ar\/festram\/#organization\",\"name\":\"Federaci\u00f3n de Sindicatos de Trabajadores Municipales de la Provincia de Santa Fe\",\"url\":\"https:\/\/municipales.org.ar\/festram\/\",\"logo\":{\"@type\":\"ImageObject\",\"inLanguage\":\"es\",\"@id\":\"https:\/\/municipales.org.ar\/festram\/#\/schema\/logo\/image\/\",\"url\":\"https:\/\/www.municipales.org.ar\/festram\/wp-content\/uploads\/2014\/07\/logo_fes.jpg\",\"contentUrl\":\"https:\/\/www.municipales.org.ar\/festram\/wp-content\/uploads\/2014\/07\/logo_fes.jpg\",\"width\":661,\"height\":673,\"caption\":\"Federaci\u00f3n de Sindicatos de Trabajadores Municipales de la Provincia de Santa Fe\"},\"image\":{\"@id\":\"https:\/\/municipales.org.ar\/festram\/#\/schema\/logo\/image\/\"},\"sameAs\":[\"https:\/\/www.facebook.com\/MunicipalesSF\",\"https:\/\/x.com\/MunicipalesSF\",\"https:\/\/www.youtube.com\/user\/festram\"]},{\"@type\":\"Person\",\"@id\":\"https:\/\/municipales.org.ar\/festram\/#\/schema\/person\/49096a774c48ce9063df4d59ec059f9e\",\"name\":\"mun_admin\"}]}<\/script>\n<!-- \/ Yoast SEO plugin. -->","yoast_head_json":{"title":"\u201cUna Juventud de Pie\u201d: Visita al Museo de la Memoria en el D\u00eda Nacional de la Juventud &#8211; FESTRAM","description":"Con la consigna \u201cUna Juventud de Pie\u201d se propone una visita guiada al Museo de la Memoria en la ciudad de Rosario destinado a j\u00f3venes de la provincia. La","robots":{"index":"index","follow":"follow","max-snippet":"max-snippet:-1","max-image-preview":"max-image-preview:large","max-video-preview":"max-video-preview:-1"},"canonical":"https:\/\/municipales.org.ar\/festram\/una-juventud-pie-visita-al-museo-la-memoria-dia-nacional-la-juventud\/","og_locale":"es_ES","og_type":"article","og_title":"\u201cUna Juventud de Pie\u201d: Visita al Museo de la Memoria en el D\u00eda Nacional de la Juventud &#8211; FESTRAM","og_description":"Con la consigna \u201cUna Juventud de Pie\u201d se propone una visita guiada al Museo de la Memoria en la ciudad de Rosario destinado a j\u00f3venes de la provincia. La","og_url":"https:\/\/municipales.org.ar\/festram\/una-juventud-pie-visita-al-museo-la-memoria-dia-nacional-la-juventud\/","og_site_name":"FESTRAM","article_publisher":"https:\/\/www.facebook.com\/MunicipalesSF","article_published_time":"2017-09-12T20:11:51+00:00","og_image":[{"width":2483,"height":1745,"url":"https:\/\/municipales.org.ar\/festram\/wp-content\/uploads\/2017\/09\/IMG_20170912_104438.jpg","type":"image\/jpeg"}],"author":"mun_admin","twitter_card":"summary_large_image","twitter_creator":"@MunicipalesSF","twitter_site":"@MunicipalesSF","twitter_misc":{"Escrito por":"mun_admin","Tiempo de lectura":"3 minutos"},"schema":{"@context":"https:\/\/schema.org","@graph":[{"@type":"Article","@id":"https:\/\/municipales.org.ar\/festram\/una-juventud-pie-visita-al-museo-la-memoria-dia-nacional-la-juventud\/#article","isPartOf":{"@id":"https:\/\/municipales.org.ar\/festram\/una-juventud-pie-visita-al-museo-la-memoria-dia-nacional-la-juventud\/"},"author":{"name":"mun_admin","@id":"https:\/\/municipales.org.ar\/festram\/#\/schema\/person\/49096a774c48ce9063df4d59ec059f9e"},"headline":"\u201cUna Juventud de Pie\u201d: Visita al Museo de la Memoria en el D\u00eda Nacional de la Juventud","datePublished":"2017-09-12T20:11:51+00:00","mainEntityOfPage":{"@id":"https:\/\/municipales.org.ar\/festram\/una-juventud-pie-visita-al-museo-la-memoria-dia-nacional-la-juventud\/"},"wordCount":547,"publisher":{"@id":"https:\/\/municipales.org.ar\/festram\/#organization"},"image":{"@id":"https:\/\/municipales.org.ar\/festram\/una-juventud-pie-visita-al-museo-la-memoria-dia-nacional-la-juventud\/#primaryimage"},"thumbnailUrl":"https:\/\/municipales.org.ar\/festram\/wp-content\/uploads\/2017\/09\/IMG_20170912_104438.jpg","keywords":["j\u00f3venes"],"articleSection":["J\u00f3venes"],"inLanguage":"es"},{"@type":"WebPage","@id":"https:\/\/municipales.org.ar\/festram\/una-juventud-pie-visita-al-museo-la-memoria-dia-nacional-la-juventud\/","url":"https:\/\/municipales.org.ar\/festram\/una-juventud-pie-visita-al-museo-la-memoria-dia-nacional-la-juventud\/","name":"\u201cUna Juventud de Pie\u201d: Visita al Museo de la Memoria en el D\u00eda Nacional de la Juventud &#8211; FESTRAM","isPartOf":{"@id":"https:\/\/municipales.org.ar\/festram\/#website"},"primaryImageOfPage":{"@id":"https:\/\/municipales.org.ar\/festram\/una-juventud-pie-visita-al-museo-la-memoria-dia-nacional-la-juventud\/#primaryimage"},"image":{"@id":"https:\/\/municipales.org.ar\/festram\/una-juventud-pie-visita-al-museo-la-memoria-dia-nacional-la-juventud\/#primaryimage"},"thumbnailUrl":"https:\/\/municipales.org.ar\/festram\/wp-content\/uploads\/2017\/09\/IMG_20170912_104438.jpg","datePublished":"2017-09-12T20:11:51+00:00","description":"Con la consigna \u201cUna Juventud de Pie\u201d se propone una visita guiada al Museo de la Memoria en la ciudad de Rosario destinado a j\u00f3venes de la provincia. La","breadcrumb":{"@id":"https:\/\/municipales.org.ar\/festram\/una-juventud-pie-visita-al-museo-la-memoria-dia-nacional-la-juventud\/#breadcrumb"},"inLanguage":"es","potentialAction":[{"@type":"ReadAction","target":["https:\/\/municipales.org.ar\/festram\/una-juventud-pie-visita-al-museo-la-memoria-dia-nacional-la-juventud\/"]}]},{"@type":"ImageObject","inLanguage":"es","@id":"https:\/\/municipales.org.ar\/festram\/una-juventud-pie-visita-al-museo-la-memoria-dia-nacional-la-juventud\/#primaryimage","url":"https:\/\/municipales.org.ar\/festram\/wp-content\/uploads\/2017\/09\/IMG_20170912_104438.jpg","contentUrl":"https:\/\/municipales.org.ar\/festram\/wp-content\/uploads\/2017\/09\/IMG_20170912_104438.jpg","width":2483,"height":1745},{"@type":"BreadcrumbList","@id":"https:\/\/municipales.org.ar\/festram\/una-juventud-pie-visita-al-museo-la-memoria-dia-nacional-la-juventud\/#breadcrumb","itemListElement":[{"@type":"ListItem","position":1,"name":"Portada","item":"https:\/\/municipales.org.ar\/festram\/"},{"@type":"ListItem","position":2,"name":"\u201cUna Juventud de Pie\u201d: Visita al Museo de la Memoria en el D\u00eda Nacional de la Juventud"}]},{"@type":"WebSite","@id":"https:\/\/municipales.org.ar\/festram\/#website","url":"https:\/\/municipales.org.ar\/festram\/","name":"FESTRAM","description":"La web de los trabajadores municipales","publisher":{"@id":"https:\/\/municipales.org.ar\/festram\/#organization"},"potentialAction":[{"@type":"SearchAction","target":{"@type":"EntryPoint","urlTemplate":"https:\/\/municipales.org.ar\/festram\/?s={search_term_string}"},"query-input":{"@type":"PropertyValueSpecification","valueRequired":true,"valueName":"search_term_string"}}],"inLanguage":"es"},{"@type":"Organization","@id":"https:\/\/municipales.org.ar\/festram\/#organization","name":"Federaci\u00f3n de Sindicatos de Trabajadores Municipales de la Provincia de Santa Fe","url":"https:\/\/municipales.org.ar\/festram\/","logo":{"@type":"ImageObject","inLanguage":"es","@id":"https:\/\/municipales.org.ar\/festram\/#\/schema\/logo\/image\/","url":"https:\/\/www.municipales.org.ar\/festram\/wp-content\/uploads\/2014\/07\/logo_fes.jpg","contentUrl":"https:\/\/www.municipales.org.ar\/festram\/wp-content\/uploads\/2014\/07\/logo_fes.jpg","width":661,"height":673,"caption":"Federaci\u00f3n de Sindicatos de Trabajadores Municipales de la Provincia de Santa Fe"},"image":{"@id":"https:\/\/municipales.org.ar\/festram\/#\/schema\/logo\/image\/"},"sameAs":["https:\/\/www.facebook.com\/MunicipalesSF","https:\/\/x.com\/MunicipalesSF","https:\/\/www.youtube.com\/user\/festram"]},{"@type":"Person","@id":"https:\/\/municipales.org.ar\/festram\/#\/schema\/person\/49096a774c48ce9063df4d59ec059f9e","name":"mun_admin"}]}},"jetpack_publicize_connections":[],"jetpack_featured_media_url":"https:\/\/municipales.org.ar\/festram\/wp-content\/uploads\/2017\/09\/IMG_20170912_104438.jpg","jetpack_sharing_enabled":true,"jetpack_likes_enabled":false,"jetpack_shortlink":"https:\/\/wp.me\/p7l4x1-3h1","_links":{"self":[{"href":"https:\/\/municipales.org.ar\/festram\/wp-json\/wp\/v2\/posts\/12587","targetHints":{"allow":["GET"]}}],"collection":[{"href":"https:\/\/municipales.org.ar\/festram\/wp-json\/wp\/v2\/posts"}],"about":[{"href":"https:\/\/municipales.org.ar\/festram\/wp-json\/wp\/v2\/types\/post"}],"author":[{"embeddable":true,"href":"https:\/\/municipales.org.ar\/festram\/wp-json\/wp\/v2\/users\/1"}],"replies":[{"embeddable":true,"href":"https:\/\/municipales.org.ar\/festram\/wp-json\/wp\/v2\/comments?post=12587"}],"version-history":[{"count":1,"href":"https:\/\/municipales.org.ar\/festram\/wp-json\/wp\/v2\/posts\/12587\/revisions"}],"predecessor-version":[{"id":12589,"href":"https:\/\/municipales.org.ar\/festram\/wp-json\/wp\/v2\/posts\/12587\/revisions\/12589"}],"wp:featuredmedia":[{"embeddable":true,"href":"https:\/\/municipales.org.ar\/festram\/wp-json\/wp\/v2\/media\/12588"}],"wp:attachment":[{"href":"https:\/\/municipales.org.ar\/festram\/wp-json\/wp\/v2\/media?parent=12587"}],"wp:term":[{"taxonomy":"category","embeddable":true,"href":"https:\/\/municipales.org.ar\/festram\/wp-json\/wp\/v2\/categories?post=12587"},{"taxonomy":"post_tag","embeddable":true,"href":"https:\/\/municipales.org.ar\/festram\/wp-json\/wp\/v2\/tags?post=12587"}],"curies":[{"name":"wp","href":"https:\/\/api.w.org\/{rel}","templated":true}]}}