{"id":12593,"date":"2017-09-13T10:51:27","date_gmt":"2017-09-13T13:51:27","guid":{"rendered":"http:\/\/www.municipales.org.ar\/festram\/?p=12593"},"modified":"2017-09-13T10:51:27","modified_gmt":"2017-09-13T13:51:27","slug":"municipales-defensa-apoyo-sindical-al-frente-justicialista","status":"publish","type":"post","link":"https:\/\/municipales.org.ar\/festram\/municipales-defensa-apoyo-sindical-al-frente-justicialista\/","title":{"rendered":"Municipales en defensa propia: Apoyo Sindical al Frente Justicialista"},"content":{"rendered":"<h3>La CGT San Lorenzo, que lidera el municipal Jes\u00fas Noni Monz\u00f3n y la CTA representada por el hist\u00f3rico dirigente metal\u00fargico Victorio Paul\u00f3n, realizaron un multitudinario acto en la sede del SUPE.<\/h3>\n<p>&nbsp;<\/p>\n<p>El Plenario realizado con la asistencia de cientos de delegados de sindicatos pertenecientes al Cord\u00f3n Industrial, cont\u00f3 tambi\u00e9n con los gremios municipales de Granadero Baigorria, Capit\u00e1n Berm\u00fadez, San Lorenzo, Fray Luis Beltr\u00e1n y Puerto General San Mart\u00edn.<\/p>\n<p>Los sindicatos tienen en claro que en las pr\u00f3ximas elecciones est\u00e1 en juego frenar la segunda etapa de ajuste del Gobierno de Macri que tiene como eje bajar el salario y los derechos fundamentales de los trabajadores. Los anuncios de nuevos tarifazos, acompa\u00f1ado con la flexibilizaci\u00f3n laboral, reforma Previsional y limitaciones a las Paritarias son el preludio de mayor pobreza y desempleo.<\/p>\n<p>El apoyo a los candidatos del Frente Justicialista constituye la resistencia al ajuste por la v\u00eda de empoderar el voto de los trabajadores. En el acto estuvieron presente Alejandra Rodenas y Agust\u00edn Rossi, candidatos a diputados nacionales por el Frente Justicialista.<\/p>\n<p><iframe loading=\"lazy\" src=\"https:\/\/www.youtube.com\/embed\/ya-Daie5Ywk\" width=\"560\" height=\"315\" frameborder=\"0\" allowfullscreen=\"allowfullscreen\"><\/iframe><br \/>\nAnte un sal\u00f3n colmado, Rossi manifest\u00f3 \u201cMacri cree que el problema de la Argentina es el salario de los trabajadores. Esta pol\u00edtica econ\u00f3mica considera al trabajo un costo de producci\u00f3n m\u00e1s. Por eso, despu\u00e9s de octubre van por una nueva flexibilizaci\u00f3n laboral\u201d.<\/p>\n<p>\u201cHay que decirle a cada trabajador y trabajadora santafesina que el 22 de octubre voten en defensa propia. Est\u00e1n en juego los derechos laborales conquistados a lo largo de la historia. La pol\u00edticas de este gobierno agreden a los trabajadores\u201d, sostuvo el ex ministro de Defensa.<\/p>\n\n\t\t<style type=\"text\/css\">\n\t\t\t#gallery-1 {\n\t\t\t\tmargin: auto;\n\t\t\t}\n\t\t\t#gallery-1 .gallery-item {\n\t\t\t\tfloat: left;\n\t\t\t\tmargin-top: 10px;\n\t\t\t\ttext-align: center;\n\t\t\t\twidth: 33%;\n\t\t\t}\n\t\t\t#gallery-1 img {\n\t\t\t\tborder: 2px solid #cfcfcf;\n\t\t\t}\n\t\t\t#gallery-1 .gallery-caption {\n\t\t\t\tmargin-left: 0;\n\t\t\t}\n\t\t\t\/* see gallery_shortcode() in wp-includes\/media.php *\/\n\t\t<\/style>\n\t\t<div id='gallery-1' class='gallery galleryid-12593 gallery-columns-3 gallery-size-thumbnail'><dl class='gallery-item'>\n\t\t\t<dt class='gallery-icon landscape'>\n\t\t\t\t<a href='https:\/\/municipales.org.ar\/festram\/municipales-defensa-apoyo-sindical-al-frente-justicialista\/img_6602\/'><img loading=\"lazy\" decoding=\"async\" width=\"150\" height=\"150\" src=\"https:\/\/municipales.org.ar\/festram\/wp-content\/uploads\/2017\/09\/IMG_6602-150x150.jpg\" class=\"attachment-thumbnail size-thumbnail\" alt=\"\" srcset=\"https:\/\/municipales.org.ar\/festram\/wp-content\/uploads\/2017\/09\/IMG_6602-150x150.jpg 150w, https:\/\/municipales.org.ar\/festram\/wp-content\/uploads\/2017\/09\/IMG_6602-80x80.jpg 80w\" sizes=\"auto, (max-width: 150px) 100vw, 150px\" \/><\/a>\n\t\t\t<\/dt><\/dl><dl class='gallery-item'>\n\t\t\t<dt class='gallery-icon landscape'>\n\t\t\t\t<a href='https:\/\/municipales.org.ar\/festram\/municipales-defensa-apoyo-sindical-al-frente-justicialista\/img_6600\/'><img loading=\"lazy\" decoding=\"async\" width=\"150\" height=\"150\" src=\"https:\/\/municipales.org.ar\/festram\/wp-content\/uploads\/2017\/09\/IMG_6600-150x150.jpg\" class=\"attachment-thumbnail size-thumbnail\" alt=\"\" srcset=\"https:\/\/municipales.org.ar\/festram\/wp-content\/uploads\/2017\/09\/IMG_6600-150x150.jpg 150w, https:\/\/municipales.org.ar\/festram\/wp-content\/uploads\/2017\/09\/IMG_6600-80x80.jpg 80w\" sizes=\"auto, (max-width: 150px) 100vw, 150px\" \/><\/a>\n\t\t\t<\/dt><\/dl>\n\t\t\t<br style='clear: both' \/>\n\t\t<\/div>\n\n<p>Para finalizar el candidato a diputado nacional por el Frente Justicialista asever\u00f3: \u201cMacri propone un modelo que se basa en un elemento fundamental: que los que nacieron pobres, mueran pobres. El Frente Justicialista es el \u00fanico espacio pol\u00edtico que puede ganarle a este modelo econ\u00f3mico. Pero para eso tenemos que convocar a todos los santafesinos que sienten que hay que ponerle un l\u00edmite a este gobierno\u201d.<\/p>\n","protected":false},"excerpt":{"rendered":"<p>La CGT San Lorenzo, que lidera el municipal Jes\u00fas Noni Monz\u00f3n y la CTA representada por el hist\u00f3rico dirigente metal\u00fargico Victorio Paul\u00f3n, realizaron un multitudinario acto en la sede del SUPE.<\/p>\n","protected":false},"author":1,"featured_media":12596,"comment_status":"closed","ping_status":"closed","sticky":false,"template":"","format":"standard","meta":{"_jetpack_memberships_contains_paid_content":false,"footnotes":"","jetpack_publicize_message":"","jetpack_publicize_feature_enabled":true,"jetpack_social_post_already_shared":true,"jetpack_social_options":{"image_generator_settings":{"template":"highway","default_image_id":0,"font":"","enabled":false},"version":2}},"categories":[57],"tags":[191,152,163,70,109,67],"class_list":["post-12593","post","type-post","status-publish","format-standard","has-post-thumbnail","hentry","category-sindicatos-noticias","tag-capitan-bermudez","tag-cgt","tag-cta","tag-el-pais","tag-la-provincia","tag-sindicatos-afiliados"],"yoast_head":"<!-- This site is optimized with the Yoast SEO plugin v25.9 - https:\/\/yoast.com\/wordpress\/plugins\/seo\/ -->\n<title>Municipales en defensa propia: Apoyo Sindical al Frente Justicialista &#8211; FESTRAM<\/title>\n<meta name=\"description\" content=\"La CGT San Lorenzo, que lidera el municipal Jes\u00fas Noni Monz\u00f3n y la CTA representada por el hist\u00f3rico dirigente metal\u00fargico Victorio Paul\u00f3n, realizaron un multitudinario acto en la sede del SUPE.\" \/>\n<meta name=\"robots\" content=\"index, follow, max-snippet:-1, max-image-preview:large, max-video-preview:-1\" \/>\n<link rel=\"canonical\" href=\"https:\/\/municipales.org.ar\/festram\/municipales-defensa-apoyo-sindical-al-frente-justicialista\/\" \/>\n<meta property=\"og:locale\" content=\"es_ES\" \/>\n<meta property=\"og:type\" content=\"article\" \/>\n<meta property=\"og:title\" content=\"Municipales en defensa propia: Apoyo Sindical al Frente Justicialista &#8211; FESTRAM\" \/>\n<meta property=\"og:description\" content=\"La CGT San Lorenzo, que lidera el municipal Jes\u00fas Noni Monz\u00f3n y la CTA representada por el hist\u00f3rico dirigente metal\u00fargico Victorio Paul\u00f3n, realizaron un multitudinario acto en la sede del SUPE.\" \/>\n<meta property=\"og:url\" content=\"https:\/\/municipales.org.ar\/festram\/municipales-defensa-apoyo-sindical-al-frente-justicialista\/\" \/>\n<meta property=\"og:site_name\" content=\"FESTRAM\" \/>\n<meta property=\"article:publisher\" content=\"https:\/\/www.facebook.com\/MunicipalesSF\" \/>\n<meta property=\"article:published_time\" content=\"2017-09-13T13:51:27+00:00\" \/>\n<meta property=\"og:image\" content=\"https:\/\/municipales.org.ar\/festram\/wp-content\/uploads\/2017\/09\/IMG_6601.jpg\" \/>\n\t<meta property=\"og:image:width\" content=\"1280\" \/>\n\t<meta property=\"og:image:height\" content=\"960\" \/>\n\t<meta property=\"og:image:type\" content=\"image\/jpeg\" \/>\n<meta name=\"author\" content=\"mun_admin\" \/>\n<meta name=\"twitter:card\" content=\"summary_large_image\" \/>\n<meta name=\"twitter:creator\" content=\"@MunicipalesSF\" \/>\n<meta name=\"twitter:site\" content=\"@MunicipalesSF\" \/>\n<meta name=\"twitter:label1\" content=\"Escrito por\" \/>\n\t<meta name=\"twitter:data1\" content=\"mun_admin\" \/>\n\t<meta name=\"twitter:label2\" content=\"Tiempo de lectura\" \/>\n\t<meta name=\"twitter:data2\" content=\"2 minutos\" \/>\n<script type=\"application\/ld+json\" class=\"yoast-schema-graph\">{\"@context\":\"https:\/\/schema.org\",\"@graph\":[{\"@type\":\"Article\",\"@id\":\"https:\/\/municipales.org.ar\/festram\/municipales-defensa-apoyo-sindical-al-frente-justicialista\/#article\",\"isPartOf\":{\"@id\":\"https:\/\/municipales.org.ar\/festram\/municipales-defensa-apoyo-sindical-al-frente-justicialista\/\"},\"author\":{\"name\":\"mun_admin\",\"@id\":\"https:\/\/municipales.org.ar\/festram\/#\/schema\/person\/49096a774c48ce9063df4d59ec059f9e\"},\"headline\":\"Municipales en defensa propia: Apoyo Sindical al Frente Justicialista\",\"datePublished\":\"2017-09-13T13:51:27+00:00\",\"mainEntityOfPage\":{\"@id\":\"https:\/\/municipales.org.ar\/festram\/municipales-defensa-apoyo-sindical-al-frente-justicialista\/\"},\"wordCount\":366,\"publisher\":{\"@id\":\"https:\/\/municipales.org.ar\/festram\/#organization\"},\"image\":{\"@id\":\"https:\/\/municipales.org.ar\/festram\/municipales-defensa-apoyo-sindical-al-frente-justicialista\/#primaryimage\"},\"thumbnailUrl\":\"https:\/\/municipales.org.ar\/festram\/wp-content\/uploads\/2017\/09\/IMG_6601.jpg\",\"keywords\":[\"capit\u00e1n berm\u00fadez\",\"CGT\",\"CTA\",\"el pa\u00eds\",\"la provincia\",\"sindicatos afiliados\"],\"articleSection\":[\"Sindicatos Noticias\"],\"inLanguage\":\"es\"},{\"@type\":\"WebPage\",\"@id\":\"https:\/\/municipales.org.ar\/festram\/municipales-defensa-apoyo-sindical-al-frente-justicialista\/\",\"url\":\"https:\/\/municipales.org.ar\/festram\/municipales-defensa-apoyo-sindical-al-frente-justicialista\/\",\"name\":\"Municipales en defensa propia: Apoyo Sindical al Frente Justicialista &#8211; FESTRAM\",\"isPartOf\":{\"@id\":\"https:\/\/municipales.org.ar\/festram\/#website\"},\"primaryImageOfPage\":{\"@id\":\"https:\/\/municipales.org.ar\/festram\/municipales-defensa-apoyo-sindical-al-frente-justicialista\/#primaryimage\"},\"image\":{\"@id\":\"https:\/\/municipales.org.ar\/festram\/municipales-defensa-apoyo-sindical-al-frente-justicialista\/#primaryimage\"},\"thumbnailUrl\":\"https:\/\/municipales.org.ar\/festram\/wp-content\/uploads\/2017\/09\/IMG_6601.jpg\",\"datePublished\":\"2017-09-13T13:51:27+00:00\",\"description\":\"La CGT San Lorenzo, que lidera el municipal Jes\u00fas Noni Monz\u00f3n y la CTA representada por el hist\u00f3rico dirigente metal\u00fargico Victorio Paul\u00f3n, realizaron un multitudinario acto en la sede del SUPE.\",\"breadcrumb\":{\"@id\":\"https:\/\/municipales.org.ar\/festram\/municipales-defensa-apoyo-sindical-al-frente-justicialista\/#breadcrumb\"},\"inLanguage\":\"es\",\"potentialAction\":[{\"@type\":\"ReadAction\",\"target\":[\"https:\/\/municipales.org.ar\/festram\/municipales-defensa-apoyo-sindical-al-frente-justicialista\/\"]}]},{\"@type\":\"ImageObject\",\"inLanguage\":\"es\",\"@id\":\"https:\/\/municipales.org.ar\/festram\/municipales-defensa-apoyo-sindical-al-frente-justicialista\/#primaryimage\",\"url\":\"https:\/\/municipales.org.ar\/festram\/wp-content\/uploads\/2017\/09\/IMG_6601.jpg\",\"contentUrl\":\"https:\/\/municipales.org.ar\/festram\/wp-content\/uploads\/2017\/09\/IMG_6601.jpg\",\"width\":1280,\"height\":960},{\"@type\":\"BreadcrumbList\",\"@id\":\"https:\/\/municipales.org.ar\/festram\/municipales-defensa-apoyo-sindical-al-frente-justicialista\/#breadcrumb\",\"itemListElement\":[{\"@type\":\"ListItem\",\"position\":1,\"name\":\"Portada\",\"item\":\"https:\/\/municipales.org.ar\/festram\/\"},{\"@type\":\"ListItem\",\"position\":2,\"name\":\"Municipales en defensa propia: Apoyo Sindical al Frente Justicialista\"}]},{\"@type\":\"WebSite\",\"@id\":\"https:\/\/municipales.org.ar\/festram\/#website\",\"url\":\"https:\/\/municipales.org.ar\/festram\/\",\"name\":\"FESTRAM\",\"description\":\"La web de los trabajadores municipales\",\"publisher\":{\"@id\":\"https:\/\/municipales.org.ar\/festram\/#organization\"},\"potentialAction\":[{\"@type\":\"SearchAction\",\"target\":{\"@type\":\"EntryPoint\",\"urlTemplate\":\"https:\/\/municipales.org.ar\/festram\/?s={search_term_string}\"},\"query-input\":{\"@type\":\"PropertyValueSpecification\",\"valueRequired\":true,\"valueName\":\"search_term_string\"}}],\"inLanguage\":\"es\"},{\"@type\":\"Organization\",\"@id\":\"https:\/\/municipales.org.ar\/festram\/#organization\",\"name\":\"Federaci\u00f3n de Sindicatos de Trabajadores Municipales de la Provincia de Santa Fe\",\"url\":\"https:\/\/municipales.org.ar\/festram\/\",\"logo\":{\"@type\":\"ImageObject\",\"inLanguage\":\"es\",\"@id\":\"https:\/\/municipales.org.ar\/festram\/#\/schema\/logo\/image\/\",\"url\":\"https:\/\/www.municipales.org.ar\/festram\/wp-content\/uploads\/2014\/07\/logo_fes.jpg\",\"contentUrl\":\"https:\/\/www.municipales.org.ar\/festram\/wp-content\/uploads\/2014\/07\/logo_fes.jpg\",\"width\":661,\"height\":673,\"caption\":\"Federaci\u00f3n de Sindicatos de Trabajadores Municipales de la Provincia de Santa Fe\"},\"image\":{\"@id\":\"https:\/\/municipales.org.ar\/festram\/#\/schema\/logo\/image\/\"},\"sameAs\":[\"https:\/\/www.facebook.com\/MunicipalesSF\",\"https:\/\/x.com\/MunicipalesSF\",\"https:\/\/www.youtube.com\/user\/festram\"]},{\"@type\":\"Person\",\"@id\":\"https:\/\/municipales.org.ar\/festram\/#\/schema\/person\/49096a774c48ce9063df4d59ec059f9e\",\"name\":\"mun_admin\"}]}<\/script>\n<!-- \/ Yoast SEO plugin. -->","yoast_head_json":{"title":"Municipales en defensa propia: Apoyo Sindical al Frente Justicialista &#8211; FESTRAM","description":"La CGT San Lorenzo, que lidera el municipal Jes\u00fas Noni Monz\u00f3n y la CTA representada por el hist\u00f3rico dirigente metal\u00fargico Victorio Paul\u00f3n, realizaron un multitudinario acto en la sede del SUPE.","robots":{"index":"index","follow":"follow","max-snippet":"max-snippet:-1","max-image-preview":"max-image-preview:large","max-video-preview":"max-video-preview:-1"},"canonical":"https:\/\/municipales.org.ar\/festram\/municipales-defensa-apoyo-sindical-al-frente-justicialista\/","og_locale":"es_ES","og_type":"article","og_title":"Municipales en defensa propia: Apoyo Sindical al Frente Justicialista &#8211; FESTRAM","og_description":"La CGT San Lorenzo, que lidera el municipal Jes\u00fas Noni Monz\u00f3n y la CTA representada por el hist\u00f3rico dirigente metal\u00fargico Victorio Paul\u00f3n, realizaron un multitudinario acto en la sede del SUPE.","og_url":"https:\/\/municipales.org.ar\/festram\/municipales-defensa-apoyo-sindical-al-frente-justicialista\/","og_site_name":"FESTRAM","article_publisher":"https:\/\/www.facebook.com\/MunicipalesSF","article_published_time":"2017-09-13T13:51:27+00:00","og_image":[{"width":1280,"height":960,"url":"https:\/\/municipales.org.ar\/festram\/wp-content\/uploads\/2017\/09\/IMG_6601.jpg","type":"image\/jpeg"}],"author":"mun_admin","twitter_card":"summary_large_image","twitter_creator":"@MunicipalesSF","twitter_site":"@MunicipalesSF","twitter_misc":{"Escrito por":"mun_admin","Tiempo de lectura":"2 minutos"},"schema":{"@context":"https:\/\/schema.org","@graph":[{"@type":"Article","@id":"https:\/\/municipales.org.ar\/festram\/municipales-defensa-apoyo-sindical-al-frente-justicialista\/#article","isPartOf":{"@id":"https:\/\/municipales.org.ar\/festram\/municipales-defensa-apoyo-sindical-al-frente-justicialista\/"},"author":{"name":"mun_admin","@id":"https:\/\/municipales.org.ar\/festram\/#\/schema\/person\/49096a774c48ce9063df4d59ec059f9e"},"headline":"Municipales en defensa propia: Apoyo Sindical al Frente Justicialista","datePublished":"2017-09-13T13:51:27+00:00","mainEntityOfPage":{"@id":"https:\/\/municipales.org.ar\/festram\/municipales-defensa-apoyo-sindical-al-frente-justicialista\/"},"wordCount":366,"publisher":{"@id":"https:\/\/municipales.org.ar\/festram\/#organization"},"image":{"@id":"https:\/\/municipales.org.ar\/festram\/municipales-defensa-apoyo-sindical-al-frente-justicialista\/#primaryimage"},"thumbnailUrl":"https:\/\/municipales.org.ar\/festram\/wp-content\/uploads\/2017\/09\/IMG_6601.jpg","keywords":["capit\u00e1n berm\u00fadez","CGT","CTA","el pa\u00eds","la provincia","sindicatos afiliados"],"articleSection":["Sindicatos Noticias"],"inLanguage":"es"},{"@type":"WebPage","@id":"https:\/\/municipales.org.ar\/festram\/municipales-defensa-apoyo-sindical-al-frente-justicialista\/","url":"https:\/\/municipales.org.ar\/festram\/municipales-defensa-apoyo-sindical-al-frente-justicialista\/","name":"Municipales en defensa propia: Apoyo Sindical al Frente Justicialista &#8211; FESTRAM","isPartOf":{"@id":"https:\/\/municipales.org.ar\/festram\/#website"},"primaryImageOfPage":{"@id":"https:\/\/municipales.org.ar\/festram\/municipales-defensa-apoyo-sindical-al-frente-justicialista\/#primaryimage"},"image":{"@id":"https:\/\/municipales.org.ar\/festram\/municipales-defensa-apoyo-sindical-al-frente-justicialista\/#primaryimage"},"thumbnailUrl":"https:\/\/municipales.org.ar\/festram\/wp-content\/uploads\/2017\/09\/IMG_6601.jpg","datePublished":"2017-09-13T13:51:27+00:00","description":"La CGT San Lorenzo, que lidera el municipal Jes\u00fas Noni Monz\u00f3n y la CTA representada por el hist\u00f3rico dirigente metal\u00fargico Victorio Paul\u00f3n, realizaron un multitudinario acto en la sede del SUPE.","breadcrumb":{"@id":"https:\/\/municipales.org.ar\/festram\/municipales-defensa-apoyo-sindical-al-frente-justicialista\/#breadcrumb"},"inLanguage":"es","potentialAction":[{"@type":"ReadAction","target":["https:\/\/municipales.org.ar\/festram\/municipales-defensa-apoyo-sindical-al-frente-justicialista\/"]}]},{"@type":"ImageObject","inLanguage":"es","@id":"https:\/\/municipales.org.ar\/festram\/municipales-defensa-apoyo-sindical-al-frente-justicialista\/#primaryimage","url":"https:\/\/municipales.org.ar\/festram\/wp-content\/uploads\/2017\/09\/IMG_6601.jpg","contentUrl":"https:\/\/municipales.org.ar\/festram\/wp-content\/uploads\/2017\/09\/IMG_6601.jpg","width":1280,"height":960},{"@type":"BreadcrumbList","@id":"https:\/\/municipales.org.ar\/festram\/municipales-defensa-apoyo-sindical-al-frente-justicialista\/#breadcrumb","itemListElement":[{"@type":"ListItem","position":1,"name":"Portada","item":"https:\/\/municipales.org.ar\/festram\/"},{"@type":"ListItem","position":2,"name":"Municipales en defensa propia: Apoyo Sindical al Frente Justicialista"}]},{"@type":"WebSite","@id":"https:\/\/municipales.org.ar\/festram\/#website","url":"https:\/\/municipales.org.ar\/festram\/","name":"FESTRAM","description":"La web de los trabajadores municipales","publisher":{"@id":"https:\/\/municipales.org.ar\/festram\/#organization"},"potentialAction":[{"@type":"SearchAction","target":{"@type":"EntryPoint","urlTemplate":"https:\/\/municipales.org.ar\/festram\/?s={search_term_string}"},"query-input":{"@type":"PropertyValueSpecification","valueRequired":true,"valueName":"search_term_string"}}],"inLanguage":"es"},{"@type":"Organization","@id":"https:\/\/municipales.org.ar\/festram\/#organization","name":"Federaci\u00f3n de Sindicatos de Trabajadores Municipales de la Provincia de Santa Fe","url":"https:\/\/municipales.org.ar\/festram\/","logo":{"@type":"ImageObject","inLanguage":"es","@id":"https:\/\/municipales.org.ar\/festram\/#\/schema\/logo\/image\/","url":"https:\/\/www.municipales.org.ar\/festram\/wp-content\/uploads\/2014\/07\/logo_fes.jpg","contentUrl":"https:\/\/www.municipales.org.ar\/festram\/wp-content\/uploads\/2014\/07\/logo_fes.jpg","width":661,"height":673,"caption":"Federaci\u00f3n de Sindicatos de Trabajadores Municipales de la Provincia de Santa Fe"},"image":{"@id":"https:\/\/municipales.org.ar\/festram\/#\/schema\/logo\/image\/"},"sameAs":["https:\/\/www.facebook.com\/MunicipalesSF","https:\/\/x.com\/MunicipalesSF","https:\/\/www.youtube.com\/user\/festram"]},{"@type":"Person","@id":"https:\/\/municipales.org.ar\/festram\/#\/schema\/person\/49096a774c48ce9063df4d59ec059f9e","name":"mun_admin"}]}},"jetpack_publicize_connections":[],"jetpack_featured_media_url":"https:\/\/municipales.org.ar\/festram\/wp-content\/uploads\/2017\/09\/IMG_6601.jpg","jetpack_sharing_enabled":true,"jetpack_likes_enabled":false,"jetpack_shortlink":"https:\/\/wp.me\/p7l4x1-3h7","_links":{"self":[{"href":"https:\/\/municipales.org.ar\/festram\/wp-json\/wp\/v2\/posts\/12593","targetHints":{"allow":["GET"]}}],"collection":[{"href":"https:\/\/municipales.org.ar\/festram\/wp-json\/wp\/v2\/posts"}],"about":[{"href":"https:\/\/municipales.org.ar\/festram\/wp-json\/wp\/v2\/types\/post"}],"author":[{"embeddable":true,"href":"https:\/\/municipales.org.ar\/festram\/wp-json\/wp\/v2\/users\/1"}],"replies":[{"embeddable":true,"href":"https:\/\/municipales.org.ar\/festram\/wp-json\/wp\/v2\/comments?post=12593"}],"version-history":[{"count":1,"href":"https:\/\/municipales.org.ar\/festram\/wp-json\/wp\/v2\/posts\/12593\/revisions"}],"predecessor-version":[{"id":12597,"href":"https:\/\/municipales.org.ar\/festram\/wp-json\/wp\/v2\/posts\/12593\/revisions\/12597"}],"wp:featuredmedia":[{"embeddable":true,"href":"https:\/\/municipales.org.ar\/festram\/wp-json\/wp\/v2\/media\/12596"}],"wp:attachment":[{"href":"https:\/\/municipales.org.ar\/festram\/wp-json\/wp\/v2\/media?parent=12593"}],"wp:term":[{"taxonomy":"category","embeddable":true,"href":"https:\/\/municipales.org.ar\/festram\/wp-json\/wp\/v2\/categories?post=12593"},{"taxonomy":"post_tag","embeddable":true,"href":"https:\/\/municipales.org.ar\/festram\/wp-json\/wp\/v2\/tags?post=12593"}],"curies":[{"name":"wp","href":"https:\/\/api.w.org\/{rel}","templated":true}]}}