{"id":12605,"date":"2017-09-19T11:34:29","date_gmt":"2017-09-19T14:34:29","guid":{"rendered":"http:\/\/www.municipales.org.ar\/festram\/?p=12605"},"modified":"2017-11-27T11:37:24","modified_gmt":"2017-11-27T14:37:24","slug":"festram-rechaza-la-nueva-ley-accidentes-trabajo","status":"publish","type":"post","link":"https:\/\/municipales.org.ar\/festram\/festram-rechaza-la-nueva-ley-accidentes-trabajo\/","title":{"rendered":"FESTRAM rechaza la nueva Ley de Accidentes de Trabajo"},"content":{"rendered":"<h3>Exige que la Provincia no adhiera a la ley que perjudica a los trabajadores y vulnera la Constituci\u00f3n<\/h3>\n<p>FESTRAM expresa su rechazo a la Ley 27.348, complementaria de la Ley de Riesgos del Trabajo 24.557, por cuanto entiende que la misma representa un primer avance para volver a implementar una flexibilizaci\u00f3n laboral que ya ha sido anunciada por el actual gobierno nacional, y que ser\u00e1 en perjuicio de las condiciones de salud laboral. Esta apreciaci\u00f3n se fundamenta en el caso de Espa\u00f1a, donde a las medidas de flexibilizaci\u00f3n laboral impulsadas desde el a\u00f1o 2012 le acompa\u00f1\u00f3 un crecimiento de la tasa de accidentes laborales.<\/p>\n<p>En estas modificaciones no se propone ninguna norma dirigida a la prevenci\u00f3n de los\u00a0 accidentes o enfermedades laborales ni a brindar una mayor seguridad en el trabajo. En este sentido, solamente se dispone el env\u00edo de un proyecto de ley desde la SRT al Comit\u00e9 Consultivo Permanente para su evaluaci\u00f3n, en un plazo de 3 meses; plazo que, adem\u00e1s, se encuentra vencido desde el 15 de mayo del 2017 y no hay novedades al respecto. Es motivo de rechazo expreso por esta Federaci\u00f3n toda iniciativa -como la que en este caso fue transformada en ley- que no haga del trabajador y de su derecho a la salud el verdadero objeto de protecci\u00f3n del Estado.<\/p>\n<p>Se pretende combatir la litigiosidad sin atender a las causas b\u00e1sicas como son la elevada siniestralidad y rechazo de enfermedades profesionales por parte de las A.R.T.; sino mediante una obstaculizaci\u00f3n inconstitucional a los trabajadores en el acceso a la justicia.<\/p>\n<p>Impone a los mismos una instancia administrativa obligatoria previa\u00a0 al acceso a la justicia, debiendo recurrir ante un organismo de orden federal (Comisiones M\u00e9dicas Jurisdiccionales). Dicha imposici\u00f3n ya fue declarada inconstitucional por la CSJN (Corte Suprema de Justicia de la Naci\u00f3n) habiendo expresado el Superior Tribunal de la Naci\u00f3n que la habilitaci\u00f3n de los estrados provinciales no puede quedar condicionada o supeditada al previo cumplimiento de una v\u00eda administrativa ante entes nacionales como son las comisiones m\u00e9dicas.<\/p>\n<p>Un alto d\u00e9ficit estructural \u2013en este aspecto- debido a que la Provincia de Santa Fe cuenta actualmente con una sola Comisi\u00f3n M\u00e9dica, radicada en la ciudad de Rosario, para dar atenci\u00f3n a los m\u00e1s de 450.000 trabajadores registrados en el territorio provincial.<\/p>\n<p>FESTRAM insta al Estado Santafesino a regularizar el Sistema de Aire Seguro, incluyendo en \u00e9l a sus Municipios y Comunas y exige que la Provincia de Santa Fe rechace la adhesi\u00f3n propuesta por la ley N\u00ba 27.348, por ser la misma un claro retroceso de los derechos laborales.<\/p>\n<h6>Prensa FESTRAM<\/h6>\n","protected":false},"excerpt":{"rendered":"<p>Exige que la Provincia no adhiera a la ley que perjudica a los trabajadores y vulnera la Constituci\u00f3n FESTRAM expresa su rechazo a la Ley 27.348, complementaria de la Ley de Riesgos del Trabajo 24.557, por cuanto entiende que la misma representa un primer avance para volver a implementar una flexibilizaci\u00f3n laboral que ya ha [&hellip;]<\/p>\n","protected":false},"author":1,"featured_media":12608,"comment_status":"closed","ping_status":"closed","sticky":false,"template":"","format":"standard","meta":{"_jetpack_memberships_contains_paid_content":false,"footnotes":"","jetpack_publicize_message":"FESTRAM rechaza la nueva Ley de Accidentes de Trabajo","jetpack_publicize_feature_enabled":true,"jetpack_social_post_already_shared":true,"jetpack_social_options":{"image_generator_settings":{"template":"highway","default_image_id":0,"font":"","enabled":false},"version":2}},"categories":[159],"tags":[111,91],"class_list":["post-12605","post","type-post","status-publish","format-standard","has-post-thumbnail","hentry","category-comunicados-2017","tag-legislacion","tag-salud-y-seguridad"],"yoast_head":"<!-- This site is optimized with the Yoast SEO plugin v25.9 - https:\/\/yoast.com\/wordpress\/plugins\/seo\/ -->\n<title>FESTRAM rechaza la nueva Ley de Accidentes de Trabajo &#8211; FESTRAM<\/title>\n<meta name=\"description\" content=\"Exige que la Provincia no adhiera a la ley que perjudica a los trabajadores y vulnera la Constituci\u00f3n FESTRAM expresa su rechazo a la Ley 27.348,\" \/>\n<meta name=\"robots\" content=\"index, follow, max-snippet:-1, max-image-preview:large, max-video-preview:-1\" \/>\n<link rel=\"canonical\" href=\"https:\/\/municipales.org.ar\/festram\/festram-rechaza-la-nueva-ley-accidentes-trabajo\/\" \/>\n<meta property=\"og:locale\" content=\"es_ES\" \/>\n<meta property=\"og:type\" content=\"article\" \/>\n<meta property=\"og:title\" content=\"FESTRAM rechaza la nueva Ley de Accidentes de Trabajo &#8211; FESTRAM\" \/>\n<meta property=\"og:description\" content=\"Exige que la Provincia no adhiera a la ley que perjudica a los trabajadores y vulnera la Constituci\u00f3n FESTRAM expresa su rechazo a la Ley 27.348,\" \/>\n<meta property=\"og:url\" content=\"https:\/\/municipales.org.ar\/festram\/festram-rechaza-la-nueva-ley-accidentes-trabajo\/\" \/>\n<meta property=\"og:site_name\" content=\"FESTRAM\" \/>\n<meta property=\"article:publisher\" content=\"https:\/\/www.facebook.com\/MunicipalesSF\" \/>\n<meta property=\"article:published_time\" content=\"2017-09-19T14:34:29+00:00\" \/>\n<meta property=\"article:modified_time\" content=\"2017-11-27T14:37:24+00:00\" \/>\n<meta property=\"og:image\" content=\"https:\/\/municipales.org.ar\/festram\/wp-content\/uploads\/2017\/10\/accidentes.jpg\" \/>\n\t<meta property=\"og:image:width\" content=\"1420\" \/>\n\t<meta property=\"og:image:height\" content=\"792\" \/>\n\t<meta property=\"og:image:type\" content=\"image\/jpeg\" \/>\n<meta name=\"author\" content=\"mun_admin\" \/>\n<meta name=\"twitter:card\" content=\"summary_large_image\" \/>\n<meta name=\"twitter:creator\" content=\"@MunicipalesSF\" \/>\n<meta name=\"twitter:site\" content=\"@MunicipalesSF\" \/>\n<meta name=\"twitter:label1\" content=\"Escrito por\" \/>\n\t<meta name=\"twitter:data1\" content=\"mun_admin\" \/>\n\t<meta name=\"twitter:label2\" content=\"Tiempo de lectura\" \/>\n\t<meta name=\"twitter:data2\" content=\"2 minutos\" \/>\n<script type=\"application\/ld+json\" class=\"yoast-schema-graph\">{\"@context\":\"https:\/\/schema.org\",\"@graph\":[{\"@type\":\"Article\",\"@id\":\"https:\/\/municipales.org.ar\/festram\/festram-rechaza-la-nueva-ley-accidentes-trabajo\/#article\",\"isPartOf\":{\"@id\":\"https:\/\/municipales.org.ar\/festram\/festram-rechaza-la-nueva-ley-accidentes-trabajo\/\"},\"author\":{\"name\":\"mun_admin\",\"@id\":\"https:\/\/municipales.org.ar\/festram\/#\/schema\/person\/49096a774c48ce9063df4d59ec059f9e\"},\"headline\":\"FESTRAM rechaza la nueva Ley de Accidentes de Trabajo\",\"datePublished\":\"2017-09-19T14:34:29+00:00\",\"dateModified\":\"2017-11-27T14:37:24+00:00\",\"mainEntityOfPage\":{\"@id\":\"https:\/\/municipales.org.ar\/festram\/festram-rechaza-la-nueva-ley-accidentes-trabajo\/\"},\"wordCount\":457,\"publisher\":{\"@id\":\"https:\/\/municipales.org.ar\/festram\/#organization\"},\"image\":{\"@id\":\"https:\/\/municipales.org.ar\/festram\/festram-rechaza-la-nueva-ley-accidentes-trabajo\/#primaryimage\"},\"thumbnailUrl\":\"https:\/\/municipales.org.ar\/festram\/wp-content\/uploads\/2017\/10\/accidentes.jpg\",\"keywords\":[\"Legislaci\u00f3n\",\"salud y seguridad\"],\"articleSection\":[\"Comunicados 2017\"],\"inLanguage\":\"es\"},{\"@type\":\"WebPage\",\"@id\":\"https:\/\/municipales.org.ar\/festram\/festram-rechaza-la-nueva-ley-accidentes-trabajo\/\",\"url\":\"https:\/\/municipales.org.ar\/festram\/festram-rechaza-la-nueva-ley-accidentes-trabajo\/\",\"name\":\"FESTRAM rechaza la nueva Ley de Accidentes de Trabajo &#8211; FESTRAM\",\"isPartOf\":{\"@id\":\"https:\/\/municipales.org.ar\/festram\/#website\"},\"primaryImageOfPage\":{\"@id\":\"https:\/\/municipales.org.ar\/festram\/festram-rechaza-la-nueva-ley-accidentes-trabajo\/#primaryimage\"},\"image\":{\"@id\":\"https:\/\/municipales.org.ar\/festram\/festram-rechaza-la-nueva-ley-accidentes-trabajo\/#primaryimage\"},\"thumbnailUrl\":\"https:\/\/municipales.org.ar\/festram\/wp-content\/uploads\/2017\/10\/accidentes.jpg\",\"datePublished\":\"2017-09-19T14:34:29+00:00\",\"dateModified\":\"2017-11-27T14:37:24+00:00\",\"description\":\"Exige que la Provincia no adhiera a la ley que perjudica a los trabajadores y vulnera la Constituci\u00f3n FESTRAM expresa su rechazo a la Ley 27.348,\",\"breadcrumb\":{\"@id\":\"https:\/\/municipales.org.ar\/festram\/festram-rechaza-la-nueva-ley-accidentes-trabajo\/#breadcrumb\"},\"inLanguage\":\"es\",\"potentialAction\":[{\"@type\":\"ReadAction\",\"target\":[\"https:\/\/municipales.org.ar\/festram\/festram-rechaza-la-nueva-ley-accidentes-trabajo\/\"]}]},{\"@type\":\"ImageObject\",\"inLanguage\":\"es\",\"@id\":\"https:\/\/municipales.org.ar\/festram\/festram-rechaza-la-nueva-ley-accidentes-trabajo\/#primaryimage\",\"url\":\"https:\/\/municipales.org.ar\/festram\/wp-content\/uploads\/2017\/10\/accidentes.jpg\",\"contentUrl\":\"https:\/\/municipales.org.ar\/festram\/wp-content\/uploads\/2017\/10\/accidentes.jpg\",\"width\":1420,\"height\":792},{\"@type\":\"BreadcrumbList\",\"@id\":\"https:\/\/municipales.org.ar\/festram\/festram-rechaza-la-nueva-ley-accidentes-trabajo\/#breadcrumb\",\"itemListElement\":[{\"@type\":\"ListItem\",\"position\":1,\"name\":\"Portada\",\"item\":\"https:\/\/municipales.org.ar\/festram\/\"},{\"@type\":\"ListItem\",\"position\":2,\"name\":\"FESTRAM rechaza la nueva Ley de Accidentes de Trabajo\"}]},{\"@type\":\"WebSite\",\"@id\":\"https:\/\/municipales.org.ar\/festram\/#website\",\"url\":\"https:\/\/municipales.org.ar\/festram\/\",\"name\":\"FESTRAM\",\"description\":\"La web de los trabajadores municipales\",\"publisher\":{\"@id\":\"https:\/\/municipales.org.ar\/festram\/#organization\"},\"potentialAction\":[{\"@type\":\"SearchAction\",\"target\":{\"@type\":\"EntryPoint\",\"urlTemplate\":\"https:\/\/municipales.org.ar\/festram\/?s={search_term_string}\"},\"query-input\":{\"@type\":\"PropertyValueSpecification\",\"valueRequired\":true,\"valueName\":\"search_term_string\"}}],\"inLanguage\":\"es\"},{\"@type\":\"Organization\",\"@id\":\"https:\/\/municipales.org.ar\/festram\/#organization\",\"name\":\"Federaci\u00f3n de Sindicatos de Trabajadores Municipales de la Provincia de Santa Fe\",\"url\":\"https:\/\/municipales.org.ar\/festram\/\",\"logo\":{\"@type\":\"ImageObject\",\"inLanguage\":\"es\",\"@id\":\"https:\/\/municipales.org.ar\/festram\/#\/schema\/logo\/image\/\",\"url\":\"https:\/\/www.municipales.org.ar\/festram\/wp-content\/uploads\/2014\/07\/logo_fes.jpg\",\"contentUrl\":\"https:\/\/www.municipales.org.ar\/festram\/wp-content\/uploads\/2014\/07\/logo_fes.jpg\",\"width\":661,\"height\":673,\"caption\":\"Federaci\u00f3n de Sindicatos de Trabajadores Municipales de la Provincia de Santa Fe\"},\"image\":{\"@id\":\"https:\/\/municipales.org.ar\/festram\/#\/schema\/logo\/image\/\"},\"sameAs\":[\"https:\/\/www.facebook.com\/MunicipalesSF\",\"https:\/\/x.com\/MunicipalesSF\",\"https:\/\/www.youtube.com\/user\/festram\"]},{\"@type\":\"Person\",\"@id\":\"https:\/\/municipales.org.ar\/festram\/#\/schema\/person\/49096a774c48ce9063df4d59ec059f9e\",\"name\":\"mun_admin\"}]}<\/script>\n<!-- \/ Yoast SEO plugin. -->","yoast_head_json":{"title":"FESTRAM rechaza la nueva Ley de Accidentes de Trabajo &#8211; FESTRAM","description":"Exige que la Provincia no adhiera a la ley que perjudica a los trabajadores y vulnera la Constituci\u00f3n FESTRAM expresa su rechazo a la Ley 27.348,","robots":{"index":"index","follow":"follow","max-snippet":"max-snippet:-1","max-image-preview":"max-image-preview:large","max-video-preview":"max-video-preview:-1"},"canonical":"https:\/\/municipales.org.ar\/festram\/festram-rechaza-la-nueva-ley-accidentes-trabajo\/","og_locale":"es_ES","og_type":"article","og_title":"FESTRAM rechaza la nueva Ley de Accidentes de Trabajo &#8211; FESTRAM","og_description":"Exige que la Provincia no adhiera a la ley que perjudica a los trabajadores y vulnera la Constituci\u00f3n FESTRAM expresa su rechazo a la Ley 27.348,","og_url":"https:\/\/municipales.org.ar\/festram\/festram-rechaza-la-nueva-ley-accidentes-trabajo\/","og_site_name":"FESTRAM","article_publisher":"https:\/\/www.facebook.com\/MunicipalesSF","article_published_time":"2017-09-19T14:34:29+00:00","article_modified_time":"2017-11-27T14:37:24+00:00","og_image":[{"width":1420,"height":792,"url":"https:\/\/municipales.org.ar\/festram\/wp-content\/uploads\/2017\/10\/accidentes.jpg","type":"image\/jpeg"}],"author":"mun_admin","twitter_card":"summary_large_image","twitter_creator":"@MunicipalesSF","twitter_site":"@MunicipalesSF","twitter_misc":{"Escrito por":"mun_admin","Tiempo de lectura":"2 minutos"},"schema":{"@context":"https:\/\/schema.org","@graph":[{"@type":"Article","@id":"https:\/\/municipales.org.ar\/festram\/festram-rechaza-la-nueva-ley-accidentes-trabajo\/#article","isPartOf":{"@id":"https:\/\/municipales.org.ar\/festram\/festram-rechaza-la-nueva-ley-accidentes-trabajo\/"},"author":{"name":"mun_admin","@id":"https:\/\/municipales.org.ar\/festram\/#\/schema\/person\/49096a774c48ce9063df4d59ec059f9e"},"headline":"FESTRAM rechaza la nueva Ley de Accidentes de Trabajo","datePublished":"2017-09-19T14:34:29+00:00","dateModified":"2017-11-27T14:37:24+00:00","mainEntityOfPage":{"@id":"https:\/\/municipales.org.ar\/festram\/festram-rechaza-la-nueva-ley-accidentes-trabajo\/"},"wordCount":457,"publisher":{"@id":"https:\/\/municipales.org.ar\/festram\/#organization"},"image":{"@id":"https:\/\/municipales.org.ar\/festram\/festram-rechaza-la-nueva-ley-accidentes-trabajo\/#primaryimage"},"thumbnailUrl":"https:\/\/municipales.org.ar\/festram\/wp-content\/uploads\/2017\/10\/accidentes.jpg","keywords":["Legislaci\u00f3n","salud y seguridad"],"articleSection":["Comunicados 2017"],"inLanguage":"es"},{"@type":"WebPage","@id":"https:\/\/municipales.org.ar\/festram\/festram-rechaza-la-nueva-ley-accidentes-trabajo\/","url":"https:\/\/municipales.org.ar\/festram\/festram-rechaza-la-nueva-ley-accidentes-trabajo\/","name":"FESTRAM rechaza la nueva Ley de Accidentes de Trabajo &#8211; FESTRAM","isPartOf":{"@id":"https:\/\/municipales.org.ar\/festram\/#website"},"primaryImageOfPage":{"@id":"https:\/\/municipales.org.ar\/festram\/festram-rechaza-la-nueva-ley-accidentes-trabajo\/#primaryimage"},"image":{"@id":"https:\/\/municipales.org.ar\/festram\/festram-rechaza-la-nueva-ley-accidentes-trabajo\/#primaryimage"},"thumbnailUrl":"https:\/\/municipales.org.ar\/festram\/wp-content\/uploads\/2017\/10\/accidentes.jpg","datePublished":"2017-09-19T14:34:29+00:00","dateModified":"2017-11-27T14:37:24+00:00","description":"Exige que la Provincia no adhiera a la ley que perjudica a los trabajadores y vulnera la Constituci\u00f3n FESTRAM expresa su rechazo a la Ley 27.348,","breadcrumb":{"@id":"https:\/\/municipales.org.ar\/festram\/festram-rechaza-la-nueva-ley-accidentes-trabajo\/#breadcrumb"},"inLanguage":"es","potentialAction":[{"@type":"ReadAction","target":["https:\/\/municipales.org.ar\/festram\/festram-rechaza-la-nueva-ley-accidentes-trabajo\/"]}]},{"@type":"ImageObject","inLanguage":"es","@id":"https:\/\/municipales.org.ar\/festram\/festram-rechaza-la-nueva-ley-accidentes-trabajo\/#primaryimage","url":"https:\/\/municipales.org.ar\/festram\/wp-content\/uploads\/2017\/10\/accidentes.jpg","contentUrl":"https:\/\/municipales.org.ar\/festram\/wp-content\/uploads\/2017\/10\/accidentes.jpg","width":1420,"height":792},{"@type":"BreadcrumbList","@id":"https:\/\/municipales.org.ar\/festram\/festram-rechaza-la-nueva-ley-accidentes-trabajo\/#breadcrumb","itemListElement":[{"@type":"ListItem","position":1,"name":"Portada","item":"https:\/\/municipales.org.ar\/festram\/"},{"@type":"ListItem","position":2,"name":"FESTRAM rechaza la nueva Ley de Accidentes de Trabajo"}]},{"@type":"WebSite","@id":"https:\/\/municipales.org.ar\/festram\/#website","url":"https:\/\/municipales.org.ar\/festram\/","name":"FESTRAM","description":"La web de los trabajadores municipales","publisher":{"@id":"https:\/\/municipales.org.ar\/festram\/#organization"},"potentialAction":[{"@type":"SearchAction","target":{"@type":"EntryPoint","urlTemplate":"https:\/\/municipales.org.ar\/festram\/?s={search_term_string}"},"query-input":{"@type":"PropertyValueSpecification","valueRequired":true,"valueName":"search_term_string"}}],"inLanguage":"es"},{"@type":"Organization","@id":"https:\/\/municipales.org.ar\/festram\/#organization","name":"Federaci\u00f3n de Sindicatos de Trabajadores Municipales de la Provincia de Santa Fe","url":"https:\/\/municipales.org.ar\/festram\/","logo":{"@type":"ImageObject","inLanguage":"es","@id":"https:\/\/municipales.org.ar\/festram\/#\/schema\/logo\/image\/","url":"https:\/\/www.municipales.org.ar\/festram\/wp-content\/uploads\/2014\/07\/logo_fes.jpg","contentUrl":"https:\/\/www.municipales.org.ar\/festram\/wp-content\/uploads\/2014\/07\/logo_fes.jpg","width":661,"height":673,"caption":"Federaci\u00f3n de Sindicatos de Trabajadores Municipales de la Provincia de Santa Fe"},"image":{"@id":"https:\/\/municipales.org.ar\/festram\/#\/schema\/logo\/image\/"},"sameAs":["https:\/\/www.facebook.com\/MunicipalesSF","https:\/\/x.com\/MunicipalesSF","https:\/\/www.youtube.com\/user\/festram"]},{"@type":"Person","@id":"https:\/\/municipales.org.ar\/festram\/#\/schema\/person\/49096a774c48ce9063df4d59ec059f9e","name":"mun_admin"}]}},"jetpack_publicize_connections":[],"jetpack_featured_media_url":"https:\/\/municipales.org.ar\/festram\/wp-content\/uploads\/2017\/10\/accidentes.jpg","jetpack_sharing_enabled":true,"jetpack_likes_enabled":false,"jetpack_shortlink":"https:\/\/wp.me\/p7l4x1-3hj","_links":{"self":[{"href":"https:\/\/municipales.org.ar\/festram\/wp-json\/wp\/v2\/posts\/12605","targetHints":{"allow":["GET"]}}],"collection":[{"href":"https:\/\/municipales.org.ar\/festram\/wp-json\/wp\/v2\/posts"}],"about":[{"href":"https:\/\/municipales.org.ar\/festram\/wp-json\/wp\/v2\/types\/post"}],"author":[{"embeddable":true,"href":"https:\/\/municipales.org.ar\/festram\/wp-json\/wp\/v2\/users\/1"}],"replies":[{"embeddable":true,"href":"https:\/\/municipales.org.ar\/festram\/wp-json\/wp\/v2\/comments?post=12605"}],"version-history":[{"count":1,"href":"https:\/\/municipales.org.ar\/festram\/wp-json\/wp\/v2\/posts\/12605\/revisions"}],"predecessor-version":[{"id":12609,"href":"https:\/\/municipales.org.ar\/festram\/wp-json\/wp\/v2\/posts\/12605\/revisions\/12609"}],"wp:featuredmedia":[{"embeddable":true,"href":"https:\/\/municipales.org.ar\/festram\/wp-json\/wp\/v2\/media\/12608"}],"wp:attachment":[{"href":"https:\/\/municipales.org.ar\/festram\/wp-json\/wp\/v2\/media?parent=12605"}],"wp:term":[{"taxonomy":"category","embeddable":true,"href":"https:\/\/municipales.org.ar\/festram\/wp-json\/wp\/v2\/categories?post=12605"},{"taxonomy":"post_tag","embeddable":true,"href":"https:\/\/municipales.org.ar\/festram\/wp-json\/wp\/v2\/tags?post=12605"}],"curies":[{"name":"wp","href":"https:\/\/api.w.org\/{rel}","templated":true}]}}