{"id":12610,"date":"2017-10-02T11:46:33","date_gmt":"2017-10-02T14:46:33","guid":{"rendered":"http:\/\/www.municipales.org.ar\/festram\/?p=12610"},"modified":"2017-10-31T17:42:16","modified_gmt":"2017-10-31T20:42:16","slug":"ante-la-reunion-del-confederal-la-cgt-festram-solicita-se-defina-plan-lucha","status":"publish","type":"post","link":"https:\/\/municipales.org.ar\/festram\/ante-la-reunion-del-confederal-la-cgt-festram-solicita-se-defina-plan-lucha\/","title":{"rendered":"Ante la reuni\u00f3n del Confederal de la CGT, FESTRAM solicita que se defina un plan de lucha"},"content":{"rendered":"<h4>Ante la inminente reuni\u00f3n del Confederal de la CGT, la Federaci\u00f3n de Sindicatos de Trabajadores Municipales de la Provincia de Santa Fe, le solicit\u00f3 al Secretario General de la Confederaci\u00f3n de Trabajadores Municipales (CTMRA), Rub\u00e9n Garc\u00eda, transmita a ese espacio org\u00e1nico de la central sindical\u00a0 la fuerte preocupaci\u00f3n por la grave situaci\u00f3n que est\u00e1 atravesando el pueblo trabajador en general y nuestras compa\u00f1eras\/os municipales en particular en la Provincia de Santa Fe.<\/h4>\n<p>La nota remitida se\u00f1ala que: \u201c\u2026 las medidas que desde el gobierno nacional se est\u00e1n implementando, ya sea a nivel de las decisiones en materia econ\u00f3mica (endeudamiento externo, tarifazos, eliminaci\u00f3n de pol\u00edticas de inclusi\u00f3n social, apertura de importaciones, etc), se le suma las que est\u00e1 impulsando a nivel gremial y en especial con la Reforma Laboral, Previsional y Tributaria que ya anunci\u00f3 que va a instrumentar\u2026\u201d<\/p>\n<p>Claudio Leoni \u2013Secretario General de FESTRAM- expres\u00f3: \u201c\u2026La situaci\u00f3n social y laboral de los trabajadores municipales y comunales de la Provincia de Santa Fe viene sufriendo un deterioro grave que afectan las condiciones de vida y dignidad de nuestros compa\u00f1eros y compa\u00f1eras\u2026\u201d y agreg\u00f3: \u201c\u2026Esta coyuntura que describimos, obedece a la instrumentaci\u00f3n de pol\u00edticas neoliberales del Gobierno de Mauricio Macri\u2026\u201d<br \/>\nEl escrito de referencia hace fuerte incapi\u00e9 en que: \u201c&#8230;Los intendentes representantes del partido del Gobierno est\u00e1n amenazando con desintegrar la Comisi\u00f3n Paritaria de nuestro sector, si no nos ajustamos al techo salarial que el Presidente impone, limitando el derecho a la negociaci\u00f3n colectiva.<\/p>\n<p>En este marco, la precarizaci\u00f3n e informalidad laboral han crecido exponencialmente bajo la protecci\u00f3n de pol\u00edticas laborales de flexibilizaci\u00f3n.<\/p>\n<p>La salud y la seguridad laboral se vuelven a poner en crisis con el intento de obligar a nuestra Provincia a adherir a la nueva Ley de ART, cuyos objetivos nada tienen que ver con la protecci\u00f3n y prevenci\u00f3n de enfermedades y accidentes de trabajo\u2026.\u201d<\/p>\n<p>Y contin\u00faa diciendo: \u201c\u2026\u00a0En este contexto, el Gobierno Nacional pretende a trav\u00e9s de la \u201carmonizaci\u00f3n\u201d de las Cajas de Jubilaciones en manos de Provincias y Municipios, conducirnos a la p\u00e9rdida de derechos fundamentales de los trabajadores activos y pasivos con la reforma del sistema previsional.<\/p>\n<p>Esta situaci\u00f3n particular de los trabajadores del sector que representamos se inscribe, sin ninguna duda, en el proyecto neoliberal sostenido en nuestro pa\u00eds por el actual gobierno, que inocultablemente responde a los intereses concentrados de las corporaciones econ\u00f3micas y el capital financiero, generando desempleo, pobreza y marginaci\u00f3n social a los sectores populares.<\/p>\n<p>El Documento termina planteando que: \u201c\u2026la CGT debe definir de manera urgente un Plan de Lucha en reclamo del cambio de la pol\u00edtica econ\u00f3mica, la emergencia laboral, social y sanitaria, la concreci\u00f3n de medidas de protecci\u00f3n a la industria nacional y el estricto cumplimiento de la legislaci\u00f3n laboral vigente; ese plan debe incluir un paro general\u2026.\u201d<\/p>\n<p>&nbsp;<\/p>\n<h6>Prensa Festram<\/h6>\n","protected":false},"excerpt":{"rendered":"<p>Ante la inminente reuni\u00f3n del Confederal de la CGT, la Federaci\u00f3n de Sindicatos de Trabajadores Municipales de la Provincia de Santa Fe, le solicit\u00f3 al Secretario General de la Confederaci\u00f3n de Trabajadores Municipales (CTMRA), Rub\u00e9n Garc\u00eda, transmita a ese espacio org\u00e1nico de la central sindical\u00a0 la fuerte preocupaci\u00f3n por la grave situaci\u00f3n que est\u00e1 atravesando el pueblo trabajador en general y nuestras compa\u00f1eras\/os municipales en particular en la Provincia de Santa Fe.<\/p>\n","protected":false},"author":1,"featured_media":12611,"comment_status":"closed","ping_status":"closed","sticky":false,"template":"","format":"standard","meta":{"_jetpack_memberships_contains_paid_content":false,"footnotes":"","jetpack_publicize_message":"Ante la reuni\u00f3n del Confederal de la CGT, FESTRAM solicita que se defina un plan de lucha","jetpack_publicize_feature_enabled":true,"jetpack_social_post_already_shared":true,"jetpack_social_options":{"image_generator_settings":{"template":"highway","default_image_id":0,"font":"","enabled":false},"version":2}},"categories":[159],"tags":[152,71],"class_list":["post-12610","post","type-post","status-publish","format-standard","has-post-thumbnail","hentry","category-comunicados-2017","tag-cgt","tag-medidas-de-fuerza"],"yoast_head":"<!-- This site is optimized with the Yoast SEO plugin v25.9 - https:\/\/yoast.com\/wordpress\/plugins\/seo\/ -->\n<title>Ante la reuni\u00f3n del Confederal de la CGT, FESTRAM solicita que se defina un plan de lucha &#8211; FESTRAM<\/title>\n<meta name=\"description\" content=\"Ante la inminente reuni\u00f3n del Confederal de la CGT, la Federaci\u00f3n de Sindicatos de Trabajadores Municipales de la Provincia de Santa Fe, le solicit\u00f3 al Secretario General de la Confederaci\u00f3n de Trabajadores Municipales (CTMRA), Rub\u00e9n Garc\u00eda, transmita a ese espacio org\u00e1nico de la central sindical\u00a0 la fuerte preocupaci\u00f3n por la grave situaci\u00f3n que est\u00e1 atravesando el pueblo trabajador en general y nuestras compa\u00f1eras\/os municipales en particular en la Provincia de Santa Fe.\" \/>\n<meta name=\"robots\" content=\"index, follow, max-snippet:-1, max-image-preview:large, max-video-preview:-1\" \/>\n<link rel=\"canonical\" href=\"https:\/\/municipales.org.ar\/festram\/ante-la-reunion-del-confederal-la-cgt-festram-solicita-se-defina-plan-lucha\/\" \/>\n<meta property=\"og:locale\" content=\"es_ES\" \/>\n<meta property=\"og:type\" content=\"article\" \/>\n<meta property=\"og:title\" content=\"Ante la reuni\u00f3n del Confederal de la CGT, FESTRAM solicita que se defina un plan de lucha &#8211; FESTRAM\" \/>\n<meta property=\"og:description\" content=\"Ante la inminente reuni\u00f3n del Confederal de la CGT, la Federaci\u00f3n de Sindicatos de Trabajadores Municipales de la Provincia de Santa Fe, le solicit\u00f3 al Secretario General de la Confederaci\u00f3n de Trabajadores Municipales (CTMRA), Rub\u00e9n Garc\u00eda, transmita a ese espacio org\u00e1nico de la central sindical\u00a0 la fuerte preocupaci\u00f3n por la grave situaci\u00f3n que est\u00e1 atravesando el pueblo trabajador en general y nuestras compa\u00f1eras\/os municipales en particular en la Provincia de Santa Fe.\" \/>\n<meta property=\"og:url\" content=\"https:\/\/municipales.org.ar\/festram\/ante-la-reunion-del-confederal-la-cgt-festram-solicita-se-defina-plan-lucha\/\" \/>\n<meta property=\"og:site_name\" content=\"FESTRAM\" \/>\n<meta property=\"article:publisher\" content=\"https:\/\/www.facebook.com\/MunicipalesSF\" \/>\n<meta property=\"article:published_time\" content=\"2017-10-02T14:46:33+00:00\" \/>\n<meta property=\"article:modified_time\" content=\"2017-10-31T20:42:16+00:00\" \/>\n<meta property=\"og:image\" content=\"https:\/\/municipales.org.ar\/festram\/wp-content\/uploads\/2017\/10\/0004361182.jpg\" \/>\n\t<meta property=\"og:image:width\" content=\"1140\" \/>\n\t<meta property=\"og:image:height\" content=\"759\" \/>\n\t<meta property=\"og:image:type\" content=\"image\/jpeg\" \/>\n<meta name=\"author\" content=\"mun_admin\" \/>\n<meta name=\"twitter:card\" content=\"summary_large_image\" \/>\n<meta name=\"twitter:creator\" content=\"@MunicipalesSF\" \/>\n<meta name=\"twitter:site\" content=\"@MunicipalesSF\" \/>\n<meta name=\"twitter:label1\" content=\"Escrito por\" \/>\n\t<meta name=\"twitter:data1\" content=\"mun_admin\" \/>\n\t<meta name=\"twitter:label2\" content=\"Tiempo de lectura\" \/>\n\t<meta name=\"twitter:data2\" content=\"3 minutos\" \/>\n<script type=\"application\/ld+json\" class=\"yoast-schema-graph\">{\"@context\":\"https:\/\/schema.org\",\"@graph\":[{\"@type\":\"Article\",\"@id\":\"https:\/\/municipales.org.ar\/festram\/ante-la-reunion-del-confederal-la-cgt-festram-solicita-se-defina-plan-lucha\/#article\",\"isPartOf\":{\"@id\":\"https:\/\/municipales.org.ar\/festram\/ante-la-reunion-del-confederal-la-cgt-festram-solicita-se-defina-plan-lucha\/\"},\"author\":{\"name\":\"mun_admin\",\"@id\":\"https:\/\/municipales.org.ar\/festram\/#\/schema\/person\/49096a774c48ce9063df4d59ec059f9e\"},\"headline\":\"Ante la reuni\u00f3n del Confederal de la CGT, FESTRAM solicita que se defina un plan de lucha\",\"datePublished\":\"2017-10-02T14:46:33+00:00\",\"dateModified\":\"2017-10-31T20:42:16+00:00\",\"mainEntityOfPage\":{\"@id\":\"https:\/\/municipales.org.ar\/festram\/ante-la-reunion-del-confederal-la-cgt-festram-solicita-se-defina-plan-lucha\/\"},\"wordCount\":522,\"publisher\":{\"@id\":\"https:\/\/municipales.org.ar\/festram\/#organization\"},\"image\":{\"@id\":\"https:\/\/municipales.org.ar\/festram\/ante-la-reunion-del-confederal-la-cgt-festram-solicita-se-defina-plan-lucha\/#primaryimage\"},\"thumbnailUrl\":\"https:\/\/municipales.org.ar\/festram\/wp-content\/uploads\/2017\/10\/0004361182.jpg\",\"keywords\":[\"CGT\",\"medidas de fuerza\"],\"articleSection\":[\"Comunicados 2017\"],\"inLanguage\":\"es\"},{\"@type\":\"WebPage\",\"@id\":\"https:\/\/municipales.org.ar\/festram\/ante-la-reunion-del-confederal-la-cgt-festram-solicita-se-defina-plan-lucha\/\",\"url\":\"https:\/\/municipales.org.ar\/festram\/ante-la-reunion-del-confederal-la-cgt-festram-solicita-se-defina-plan-lucha\/\",\"name\":\"Ante la reuni\u00f3n del Confederal de la CGT, FESTRAM solicita que se defina un plan de lucha &#8211; FESTRAM\",\"isPartOf\":{\"@id\":\"https:\/\/municipales.org.ar\/festram\/#website\"},\"primaryImageOfPage\":{\"@id\":\"https:\/\/municipales.org.ar\/festram\/ante-la-reunion-del-confederal-la-cgt-festram-solicita-se-defina-plan-lucha\/#primaryimage\"},\"image\":{\"@id\":\"https:\/\/municipales.org.ar\/festram\/ante-la-reunion-del-confederal-la-cgt-festram-solicita-se-defina-plan-lucha\/#primaryimage\"},\"thumbnailUrl\":\"https:\/\/municipales.org.ar\/festram\/wp-content\/uploads\/2017\/10\/0004361182.jpg\",\"datePublished\":\"2017-10-02T14:46:33+00:00\",\"dateModified\":\"2017-10-31T20:42:16+00:00\",\"description\":\"Ante la inminente reuni\u00f3n del Confederal de la CGT, la Federaci\u00f3n de Sindicatos de Trabajadores Municipales de la Provincia de Santa Fe, le solicit\u00f3 al Secretario General de la Confederaci\u00f3n de Trabajadores Municipales (CTMRA), Rub\u00e9n Garc\u00eda, transmita a ese espacio org\u00e1nico de la central sindical\u00a0 la fuerte preocupaci\u00f3n por la grave situaci\u00f3n que est\u00e1 atravesando el pueblo trabajador en general y nuestras compa\u00f1eras\/os municipales en particular en la Provincia de Santa Fe.\",\"breadcrumb\":{\"@id\":\"https:\/\/municipales.org.ar\/festram\/ante-la-reunion-del-confederal-la-cgt-festram-solicita-se-defina-plan-lucha\/#breadcrumb\"},\"inLanguage\":\"es\",\"potentialAction\":[{\"@type\":\"ReadAction\",\"target\":[\"https:\/\/municipales.org.ar\/festram\/ante-la-reunion-del-confederal-la-cgt-festram-solicita-se-defina-plan-lucha\/\"]}]},{\"@type\":\"ImageObject\",\"inLanguage\":\"es\",\"@id\":\"https:\/\/municipales.org.ar\/festram\/ante-la-reunion-del-confederal-la-cgt-festram-solicita-se-defina-plan-lucha\/#primaryimage\",\"url\":\"https:\/\/municipales.org.ar\/festram\/wp-content\/uploads\/2017\/10\/0004361182.jpg\",\"contentUrl\":\"https:\/\/municipales.org.ar\/festram\/wp-content\/uploads\/2017\/10\/0004361182.jpg\",\"width\":1140,\"height\":759},{\"@type\":\"BreadcrumbList\",\"@id\":\"https:\/\/municipales.org.ar\/festram\/ante-la-reunion-del-confederal-la-cgt-festram-solicita-se-defina-plan-lucha\/#breadcrumb\",\"itemListElement\":[{\"@type\":\"ListItem\",\"position\":1,\"name\":\"Portada\",\"item\":\"https:\/\/municipales.org.ar\/festram\/\"},{\"@type\":\"ListItem\",\"position\":2,\"name\":\"Ante la reuni\u00f3n del Confederal de la CGT, FESTRAM solicita que se defina un plan de lucha\"}]},{\"@type\":\"WebSite\",\"@id\":\"https:\/\/municipales.org.ar\/festram\/#website\",\"url\":\"https:\/\/municipales.org.ar\/festram\/\",\"name\":\"FESTRAM\",\"description\":\"La web de los trabajadores municipales\",\"publisher\":{\"@id\":\"https:\/\/municipales.org.ar\/festram\/#organization\"},\"potentialAction\":[{\"@type\":\"SearchAction\",\"target\":{\"@type\":\"EntryPoint\",\"urlTemplate\":\"https:\/\/municipales.org.ar\/festram\/?s={search_term_string}\"},\"query-input\":{\"@type\":\"PropertyValueSpecification\",\"valueRequired\":true,\"valueName\":\"search_term_string\"}}],\"inLanguage\":\"es\"},{\"@type\":\"Organization\",\"@id\":\"https:\/\/municipales.org.ar\/festram\/#organization\",\"name\":\"Federaci\u00f3n de Sindicatos de Trabajadores Municipales de la Provincia de Santa Fe\",\"url\":\"https:\/\/municipales.org.ar\/festram\/\",\"logo\":{\"@type\":\"ImageObject\",\"inLanguage\":\"es\",\"@id\":\"https:\/\/municipales.org.ar\/festram\/#\/schema\/logo\/image\/\",\"url\":\"https:\/\/www.municipales.org.ar\/festram\/wp-content\/uploads\/2014\/07\/logo_fes.jpg\",\"contentUrl\":\"https:\/\/www.municipales.org.ar\/festram\/wp-content\/uploads\/2014\/07\/logo_fes.jpg\",\"width\":661,\"height\":673,\"caption\":\"Federaci\u00f3n de Sindicatos de Trabajadores Municipales de la Provincia de Santa Fe\"},\"image\":{\"@id\":\"https:\/\/municipales.org.ar\/festram\/#\/schema\/logo\/image\/\"},\"sameAs\":[\"https:\/\/www.facebook.com\/MunicipalesSF\",\"https:\/\/x.com\/MunicipalesSF\",\"https:\/\/www.youtube.com\/user\/festram\"]},{\"@type\":\"Person\",\"@id\":\"https:\/\/municipales.org.ar\/festram\/#\/schema\/person\/49096a774c48ce9063df4d59ec059f9e\",\"name\":\"mun_admin\"}]}<\/script>\n<!-- \/ Yoast SEO plugin. -->","yoast_head_json":{"title":"Ante la reuni\u00f3n del Confederal de la CGT, FESTRAM solicita que se defina un plan de lucha &#8211; FESTRAM","description":"Ante la inminente reuni\u00f3n del Confederal de la CGT, la Federaci\u00f3n de Sindicatos de Trabajadores Municipales de la Provincia de Santa Fe, le solicit\u00f3 al Secretario General de la Confederaci\u00f3n de Trabajadores Municipales (CTMRA), Rub\u00e9n Garc\u00eda, transmita a ese espacio org\u00e1nico de la central sindical\u00a0 la fuerte preocupaci\u00f3n por la grave situaci\u00f3n que est\u00e1 atravesando el pueblo trabajador en general y nuestras compa\u00f1eras\/os municipales en particular en la Provincia de Santa Fe.","robots":{"index":"index","follow":"follow","max-snippet":"max-snippet:-1","max-image-preview":"max-image-preview:large","max-video-preview":"max-video-preview:-1"},"canonical":"https:\/\/municipales.org.ar\/festram\/ante-la-reunion-del-confederal-la-cgt-festram-solicita-se-defina-plan-lucha\/","og_locale":"es_ES","og_type":"article","og_title":"Ante la reuni\u00f3n del Confederal de la CGT, FESTRAM solicita que se defina un plan de lucha &#8211; FESTRAM","og_description":"Ante la inminente reuni\u00f3n del Confederal de la CGT, la Federaci\u00f3n de Sindicatos de Trabajadores Municipales de la Provincia de Santa Fe, le solicit\u00f3 al Secretario General de la Confederaci\u00f3n de Trabajadores Municipales (CTMRA), Rub\u00e9n Garc\u00eda, transmita a ese espacio org\u00e1nico de la central sindical\u00a0 la fuerte preocupaci\u00f3n por la grave situaci\u00f3n que est\u00e1 atravesando el pueblo trabajador en general y nuestras compa\u00f1eras\/os municipales en particular en la Provincia de Santa Fe.","og_url":"https:\/\/municipales.org.ar\/festram\/ante-la-reunion-del-confederal-la-cgt-festram-solicita-se-defina-plan-lucha\/","og_site_name":"FESTRAM","article_publisher":"https:\/\/www.facebook.com\/MunicipalesSF","article_published_time":"2017-10-02T14:46:33+00:00","article_modified_time":"2017-10-31T20:42:16+00:00","og_image":[{"width":1140,"height":759,"url":"https:\/\/municipales.org.ar\/festram\/wp-content\/uploads\/2017\/10\/0004361182.jpg","type":"image\/jpeg"}],"author":"mun_admin","twitter_card":"summary_large_image","twitter_creator":"@MunicipalesSF","twitter_site":"@MunicipalesSF","twitter_misc":{"Escrito por":"mun_admin","Tiempo de lectura":"3 minutos"},"schema":{"@context":"https:\/\/schema.org","@graph":[{"@type":"Article","@id":"https:\/\/municipales.org.ar\/festram\/ante-la-reunion-del-confederal-la-cgt-festram-solicita-se-defina-plan-lucha\/#article","isPartOf":{"@id":"https:\/\/municipales.org.ar\/festram\/ante-la-reunion-del-confederal-la-cgt-festram-solicita-se-defina-plan-lucha\/"},"author":{"name":"mun_admin","@id":"https:\/\/municipales.org.ar\/festram\/#\/schema\/person\/49096a774c48ce9063df4d59ec059f9e"},"headline":"Ante la reuni\u00f3n del Confederal de la CGT, FESTRAM solicita que se defina un plan de lucha","datePublished":"2017-10-02T14:46:33+00:00","dateModified":"2017-10-31T20:42:16+00:00","mainEntityOfPage":{"@id":"https:\/\/municipales.org.ar\/festram\/ante-la-reunion-del-confederal-la-cgt-festram-solicita-se-defina-plan-lucha\/"},"wordCount":522,"publisher":{"@id":"https:\/\/municipales.org.ar\/festram\/#organization"},"image":{"@id":"https:\/\/municipales.org.ar\/festram\/ante-la-reunion-del-confederal-la-cgt-festram-solicita-se-defina-plan-lucha\/#primaryimage"},"thumbnailUrl":"https:\/\/municipales.org.ar\/festram\/wp-content\/uploads\/2017\/10\/0004361182.jpg","keywords":["CGT","medidas de fuerza"],"articleSection":["Comunicados 2017"],"inLanguage":"es"},{"@type":"WebPage","@id":"https:\/\/municipales.org.ar\/festram\/ante-la-reunion-del-confederal-la-cgt-festram-solicita-se-defina-plan-lucha\/","url":"https:\/\/municipales.org.ar\/festram\/ante-la-reunion-del-confederal-la-cgt-festram-solicita-se-defina-plan-lucha\/","name":"Ante la reuni\u00f3n del Confederal de la CGT, FESTRAM solicita que se defina un plan de lucha &#8211; FESTRAM","isPartOf":{"@id":"https:\/\/municipales.org.ar\/festram\/#website"},"primaryImageOfPage":{"@id":"https:\/\/municipales.org.ar\/festram\/ante-la-reunion-del-confederal-la-cgt-festram-solicita-se-defina-plan-lucha\/#primaryimage"},"image":{"@id":"https:\/\/municipales.org.ar\/festram\/ante-la-reunion-del-confederal-la-cgt-festram-solicita-se-defina-plan-lucha\/#primaryimage"},"thumbnailUrl":"https:\/\/municipales.org.ar\/festram\/wp-content\/uploads\/2017\/10\/0004361182.jpg","datePublished":"2017-10-02T14:46:33+00:00","dateModified":"2017-10-31T20:42:16+00:00","description":"Ante la inminente reuni\u00f3n del Confederal de la CGT, la Federaci\u00f3n de Sindicatos de Trabajadores Municipales de la Provincia de Santa Fe, le solicit\u00f3 al Secretario General de la Confederaci\u00f3n de Trabajadores Municipales (CTMRA), Rub\u00e9n Garc\u00eda, transmita a ese espacio org\u00e1nico de la central sindical\u00a0 la fuerte preocupaci\u00f3n por la grave situaci\u00f3n que est\u00e1 atravesando el pueblo trabajador en general y nuestras compa\u00f1eras\/os municipales en particular en la Provincia de Santa Fe.","breadcrumb":{"@id":"https:\/\/municipales.org.ar\/festram\/ante-la-reunion-del-confederal-la-cgt-festram-solicita-se-defina-plan-lucha\/#breadcrumb"},"inLanguage":"es","potentialAction":[{"@type":"ReadAction","target":["https:\/\/municipales.org.ar\/festram\/ante-la-reunion-del-confederal-la-cgt-festram-solicita-se-defina-plan-lucha\/"]}]},{"@type":"ImageObject","inLanguage":"es","@id":"https:\/\/municipales.org.ar\/festram\/ante-la-reunion-del-confederal-la-cgt-festram-solicita-se-defina-plan-lucha\/#primaryimage","url":"https:\/\/municipales.org.ar\/festram\/wp-content\/uploads\/2017\/10\/0004361182.jpg","contentUrl":"https:\/\/municipales.org.ar\/festram\/wp-content\/uploads\/2017\/10\/0004361182.jpg","width":1140,"height":759},{"@type":"BreadcrumbList","@id":"https:\/\/municipales.org.ar\/festram\/ante-la-reunion-del-confederal-la-cgt-festram-solicita-se-defina-plan-lucha\/#breadcrumb","itemListElement":[{"@type":"ListItem","position":1,"name":"Portada","item":"https:\/\/municipales.org.ar\/festram\/"},{"@type":"ListItem","position":2,"name":"Ante la reuni\u00f3n del Confederal de la CGT, FESTRAM solicita que se defina un plan de lucha"}]},{"@type":"WebSite","@id":"https:\/\/municipales.org.ar\/festram\/#website","url":"https:\/\/municipales.org.ar\/festram\/","name":"FESTRAM","description":"La web de los trabajadores municipales","publisher":{"@id":"https:\/\/municipales.org.ar\/festram\/#organization"},"potentialAction":[{"@type":"SearchAction","target":{"@type":"EntryPoint","urlTemplate":"https:\/\/municipales.org.ar\/festram\/?s={search_term_string}"},"query-input":{"@type":"PropertyValueSpecification","valueRequired":true,"valueName":"search_term_string"}}],"inLanguage":"es"},{"@type":"Organization","@id":"https:\/\/municipales.org.ar\/festram\/#organization","name":"Federaci\u00f3n de Sindicatos de Trabajadores Municipales de la Provincia de Santa Fe","url":"https:\/\/municipales.org.ar\/festram\/","logo":{"@type":"ImageObject","inLanguage":"es","@id":"https:\/\/municipales.org.ar\/festram\/#\/schema\/logo\/image\/","url":"https:\/\/www.municipales.org.ar\/festram\/wp-content\/uploads\/2014\/07\/logo_fes.jpg","contentUrl":"https:\/\/www.municipales.org.ar\/festram\/wp-content\/uploads\/2014\/07\/logo_fes.jpg","width":661,"height":673,"caption":"Federaci\u00f3n de Sindicatos de Trabajadores Municipales de la Provincia de Santa Fe"},"image":{"@id":"https:\/\/municipales.org.ar\/festram\/#\/schema\/logo\/image\/"},"sameAs":["https:\/\/www.facebook.com\/MunicipalesSF","https:\/\/x.com\/MunicipalesSF","https:\/\/www.youtube.com\/user\/festram"]},{"@type":"Person","@id":"https:\/\/municipales.org.ar\/festram\/#\/schema\/person\/49096a774c48ce9063df4d59ec059f9e","name":"mun_admin"}]}},"jetpack_publicize_connections":[],"jetpack_featured_media_url":"https:\/\/municipales.org.ar\/festram\/wp-content\/uploads\/2017\/10\/0004361182.jpg","jetpack_sharing_enabled":true,"jetpack_likes_enabled":false,"jetpack_shortlink":"https:\/\/wp.me\/p7l4x1-3ho","_links":{"self":[{"href":"https:\/\/municipales.org.ar\/festram\/wp-json\/wp\/v2\/posts\/12610","targetHints":{"allow":["GET"]}}],"collection":[{"href":"https:\/\/municipales.org.ar\/festram\/wp-json\/wp\/v2\/posts"}],"about":[{"href":"https:\/\/municipales.org.ar\/festram\/wp-json\/wp\/v2\/types\/post"}],"author":[{"embeddable":true,"href":"https:\/\/municipales.org.ar\/festram\/wp-json\/wp\/v2\/users\/1"}],"replies":[{"embeddable":true,"href":"https:\/\/municipales.org.ar\/festram\/wp-json\/wp\/v2\/comments?post=12610"}],"version-history":[{"count":1,"href":"https:\/\/municipales.org.ar\/festram\/wp-json\/wp\/v2\/posts\/12610\/revisions"}],"predecessor-version":[{"id":12612,"href":"https:\/\/municipales.org.ar\/festram\/wp-json\/wp\/v2\/posts\/12610\/revisions\/12612"}],"wp:featuredmedia":[{"embeddable":true,"href":"https:\/\/municipales.org.ar\/festram\/wp-json\/wp\/v2\/media\/12611"}],"wp:attachment":[{"href":"https:\/\/municipales.org.ar\/festram\/wp-json\/wp\/v2\/media?parent=12610"}],"wp:term":[{"taxonomy":"category","embeddable":true,"href":"https:\/\/municipales.org.ar\/festram\/wp-json\/wp\/v2\/categories?post=12610"},{"taxonomy":"post_tag","embeddable":true,"href":"https:\/\/municipales.org.ar\/festram\/wp-json\/wp\/v2\/tags?post=12610"}],"curies":[{"name":"wp","href":"https:\/\/api.w.org\/{rel}","templated":true}]}}