{"id":12619,"date":"2017-10-07T09:53:37","date_gmt":"2017-10-07T12:53:37","guid":{"rendered":"http:\/\/www.municipales.org.ar\/festram\/?p=12619"},"modified":"2017-10-13T00:08:47","modified_gmt":"2017-10-13T03:08:47","slug":"convocan-una-marcha-mujeres-municipales-san-carlos-centro","status":"publish","type":"post","link":"https:\/\/municipales.org.ar\/festram\/convocan-una-marcha-mujeres-municipales-san-carlos-centro\/","title":{"rendered":"Convocan a una marcha de Mujeres Municipales en San Carlos Centro"},"content":{"rendered":"<h3 id=\"m_-2917661391489861646yui_3_16_0_ym19_1_1507290400712_50617\"><b id=\"m_-2917661391489861646yui_3_16_0_ym19_1_1507290400712_50622\"><span id=\"m_-2917661391489861646yui_3_16_0_ym19_1_1507290400712_50623\" lang=\"ES\">Es en repudio a la violencia de g\u00e9nero, laboral e institucional ejercida por el Intendente de esa ciudad.<\/span><\/b><b id=\"m_-2917661391489861646yui_3_16_0_ym19_1_1507290400712_50624\"><span id=\"m_-2917661391489861646yui_3_16_0_ym19_1_1507290400712_50625\"><u><\/u><u><\/u><\/span><\/b><\/h3>\n<div id=\"m_-2917661391489861646yui_3_16_0_ym19_1_1507290400712_50627\"><span id=\"m_-2917661391489861646yui_3_16_0_ym19_1_1507290400712_50628\" lang=\"ES\">\u00a0<\/span><span id=\"m_-2917661391489861646yui_3_16_0_ym19_1_1507290400712_50629\"><u><\/u><u><\/u><\/span><\/div>\n<div id=\"m_-2917661391489861646yui_3_16_0_ym19_1_1507290400712_50631\"><span id=\"m_-2917661391489861646yui_3_16_0_ym19_1_1507290400712_50632\" lang=\"ES\">El Plenario de Secretarios Generales de FESTRAM, resolvi\u00f3 convocar a una Marcha de Mujeres Municipales y Comunales en la ciudad de San Carlos Centro, para el d\u00eda jueves 12 de octubre, a partir de las 10 de la ma\u00f1ana. La misma estar\u00e1 compuesta por delegaciones de la Red de Mujeres representantes de los Sindicatos de Trabajadores Municipales de la Provincia de Santa Fe y ser\u00e1 en reclamo del cese inmediato de las pr\u00e1cticas de violencia laboral, de g\u00e9nero e institucional, que viene ejerciendo sistem\u00e1ticamente el Intendente Municipal Jorge Placenzotti.<u><\/u><u><\/u><\/span><\/div>\n<div id=\"m_-2917661391489861646yui_3_16_0_ym19_1_1507290400712_50634\"><span id=\"m_-2917661391489861646yui_3_16_0_ym19_1_1507290400712_50635\"><u><\/u>\u00a0<u><\/u><\/span><\/div>\n<div id=\"m_-2917661391489861646yui_3_16_0_ym19_1_1507290400712_50637\"><span id=\"m_-2917661391489861646yui_3_16_0_ym19_1_1507290400712_50638\" lang=\"ES\">Asimismo se exigir\u00e1 la inmediata reincorporaci\u00f3n de la trabajadora sometida a persecuci\u00f3n f\u00edsica y psicol\u00f3gica -que tras los hechos oportunamente denunciados tuvo como consecuencia la p\u00e9rdida de su embarazo &#8211; lo que puso en evidencia a un Gobierno Municipal autoritario, que en lugar de proteger la vida y la salud de las personas, culpa y castiga a las v\u00edctimas con absoluta impunidad.<u><\/u><u><\/u><\/span><\/div>\n<div id=\"m_-2917661391489861646yui_3_16_0_ym19_1_1507290400712_50640\"><span id=\"m_-2917661391489861646yui_3_16_0_ym19_1_1507290400712_50641\"><u><\/u>\u00a0<u><\/u><\/span><\/div>\n<div id=\"m_-2917661391489861646yui_3_16_0_ym19_1_1507290400712_50643\"><span id=\"m_-2917661391489861646yui_3_16_0_ym19_1_1507290400712_50644\">Cuando desde el Estado se promueve como pr\u00e1ctica habitual el ejercicio del autoritarismo, la violencia laboral y de g\u00e9nero se convierte en violencia institucional, con efectos devastadores en el conjunto de la sociedad y en metodolog\u00edas antidemocr\u00e1ticas que contribuyen a despertar las peores conductas colectivas.<u><\/u><u><\/u><\/span><\/div>\n<div id=\"m_-2917661391489861646yui_3_16_0_ym19_1_1507290400712_50646\"><span id=\"m_-2917661391489861646yui_3_16_0_ym19_1_1507290400712_50647\"><u><\/u>\u00a0<u><\/u><\/span><\/div>\n<div id=\"m_-2917661391489861646yui_3_16_0_ym19_1_1507290400712_50649\"><span id=\"m_-2917661391489861646yui_3_16_0_ym19_1_1507290400712_50650\">El denominado \u201cclima de \u00e9poca\u201d en la Argentina viene alentado por un Gobierno Nacional que est\u00e1 justificando contravalores y construcciones culturales contrarias a los Derechos Humanos. La censura a periodistas, la persecuci\u00f3n judicial a opositores, la represi\u00f3n en los conflictos sociales, la estigmatizaci\u00f3n \u00e9tnica y etaria, la existencias de presos pol\u00edticos, la desaparici\u00f3n forzada de personas, marcan un retroceso irreparable en la conciencia colectiva a favor de los derechos sociales e individuales, y peor a\u00fan, cuando se concreta para sostener un modelo econ\u00f3mico de concentraci\u00f3n a expensa de la inequidad distributiva, desempleo, pobreza y exclusi\u00f3n social.<u><\/u><u><\/u><\/span><\/div>\n<div id=\"m_-2917661391489861646yui_3_16_0_ym19_1_1507290400712_50652\"><span id=\"m_-2917661391489861646yui_3_16_0_ym19_1_1507290400712_50653\"><u><\/u>\u00a0<u><\/u><\/span><\/div>\n<div id=\"m_-2917661391489861646yui_3_16_0_ym19_1_1507290400712_50655\"><span id=\"m_-2917661391489861646yui_3_16_0_ym19_1_1507290400712_50656\">Desde este contexto las Organizaciones de los Trabajadores debemos defender nuestros valores fundamentales, resistiendo en cada trinchera en las que nos corresponde actuar.<u><\/u><u><\/u><\/span><\/div>\n<div id=\"m_-2917661391489861646yui_3_16_0_ym19_1_1507290400712_50658\"><span id=\"m_-2917661391489861646yui_3_16_0_ym19_1_1507290400712_50659\" lang=\"ES\"><u><\/u>\u00a0<u><\/u><\/span><\/div>\n<div id=\"m_-2917661391489861646yui_3_16_0_ym19_1_1507290400712_50661\"><span id=\"m_-2917661391489861646yui_3_16_0_ym19_1_1507290400712_50662\" lang=\"ES\">La protesta, asimismo, exigir\u00e1 a los organismos del Estado Provincial que cumplan con la responsabilidad constitucional de proteger a los trabajadores <\/span><span id=\"m_-2917661391489861646yui_3_16_0_ym19_1_1507290400712_50663\">de la violencia en todas sus formas.<\/span><\/div>\n<div><\/div>\n<h6><span id=\"m_-2917661391489861646yui_3_16_0_ym19_1_1507290400712_50663\"><u><\/u><u><\/u><\/span><span id=\"m_-2917661391489861646yui_3_16_0_ym19_1_1507290400712_50668\">Prensa FESTRAM<u><\/u><u><\/u><\/span><\/h6>\n","protected":false},"excerpt":{"rendered":"<p>Es en repudio a la violencia de g\u00e9nero, laboral e institucional ejercida por el Intendente de esa ciudad.<\/p>\n","protected":false},"author":1,"featured_media":12620,"comment_status":"closed","ping_status":"closed","sticky":false,"template":"","format":"standard","meta":{"_jetpack_memberships_contains_paid_content":false,"footnotes":"","jetpack_publicize_message":"Convocan a una marcha de Mujeres Municipales en San Carlos Centro","jetpack_publicize_feature_enabled":true,"jetpack_social_post_already_shared":true,"jetpack_social_options":{"image_generator_settings":{"template":"highway","default_image_id":0,"font":"","enabled":false},"version":2}},"categories":[159,50],"tags":[87,138],"class_list":["post-12619","post","type-post","status-publish","format-standard","has-post-thumbnail","hentry","category-comunicados-2017","category-genero","tag-genero-2","tag-san-carlos-centro"],"yoast_head":"<!-- This site is optimized with the Yoast SEO plugin v25.9 - https:\/\/yoast.com\/wordpress\/plugins\/seo\/ -->\n<title>Convocan a una marcha de Mujeres Municipales en San Carlos Centro &#8211; FESTRAM<\/title>\n<meta name=\"description\" content=\"Es en repudio a la violencia de g\u00e9nero, laboral e institucional ejercida por el Intendente de esa ciudad.\" \/>\n<meta name=\"robots\" content=\"index, follow, max-snippet:-1, max-image-preview:large, max-video-preview:-1\" \/>\n<link rel=\"canonical\" href=\"https:\/\/municipales.org.ar\/festram\/convocan-una-marcha-mujeres-municipales-san-carlos-centro\/\" \/>\n<meta property=\"og:locale\" content=\"es_ES\" \/>\n<meta property=\"og:type\" content=\"article\" \/>\n<meta property=\"og:title\" content=\"Convocan a una marcha de Mujeres Municipales en San Carlos Centro &#8211; FESTRAM\" \/>\n<meta property=\"og:description\" content=\"Es en repudio a la violencia de g\u00e9nero, laboral e institucional ejercida por el Intendente de esa ciudad.\" \/>\n<meta property=\"og:url\" content=\"https:\/\/municipales.org.ar\/festram\/convocan-una-marcha-mujeres-municipales-san-carlos-centro\/\" \/>\n<meta property=\"og:site_name\" content=\"FESTRAM\" \/>\n<meta property=\"article:publisher\" content=\"https:\/\/www.facebook.com\/MunicipalesSF\" \/>\n<meta property=\"article:published_time\" content=\"2017-10-07T12:53:37+00:00\" \/>\n<meta property=\"article:modified_time\" content=\"2017-10-13T03:08:47+00:00\" \/>\n<meta property=\"og:image\" content=\"https:\/\/municipales.org.ar\/festram\/wp-content\/uploads\/2017\/10\/mujeres10.jpeg\" \/>\n\t<meta property=\"og:image:width\" content=\"1400\" \/>\n\t<meta property=\"og:image:height\" content=\"793\" \/>\n\t<meta property=\"og:image:type\" content=\"image\/jpeg\" \/>\n<meta name=\"author\" content=\"mun_admin\" \/>\n<meta name=\"twitter:card\" content=\"summary_large_image\" \/>\n<meta name=\"twitter:creator\" content=\"@MunicipalesSF\" \/>\n<meta name=\"twitter:site\" content=\"@MunicipalesSF\" \/>\n<meta name=\"twitter:label1\" content=\"Escrito por\" \/>\n\t<meta name=\"twitter:data1\" content=\"mun_admin\" \/>\n\t<meta name=\"twitter:label2\" content=\"Tiempo de lectura\" \/>\n\t<meta name=\"twitter:data2\" content=\"2 minutos\" \/>\n<script type=\"application\/ld+json\" class=\"yoast-schema-graph\">{\"@context\":\"https:\/\/schema.org\",\"@graph\":[{\"@type\":\"Article\",\"@id\":\"https:\/\/municipales.org.ar\/festram\/convocan-una-marcha-mujeres-municipales-san-carlos-centro\/#article\",\"isPartOf\":{\"@id\":\"https:\/\/municipales.org.ar\/festram\/convocan-una-marcha-mujeres-municipales-san-carlos-centro\/\"},\"author\":{\"name\":\"mun_admin\",\"@id\":\"https:\/\/municipales.org.ar\/festram\/#\/schema\/person\/49096a774c48ce9063df4d59ec059f9e\"},\"headline\":\"Convocan a una marcha de Mujeres Municipales en San Carlos Centro\",\"datePublished\":\"2017-10-07T12:53:37+00:00\",\"dateModified\":\"2017-10-13T03:08:47+00:00\",\"mainEntityOfPage\":{\"@id\":\"https:\/\/municipales.org.ar\/festram\/convocan-una-marcha-mujeres-municipales-san-carlos-centro\/\"},\"wordCount\":397,\"publisher\":{\"@id\":\"https:\/\/municipales.org.ar\/festram\/#organization\"},\"image\":{\"@id\":\"https:\/\/municipales.org.ar\/festram\/convocan-una-marcha-mujeres-municipales-san-carlos-centro\/#primaryimage\"},\"thumbnailUrl\":\"https:\/\/municipales.org.ar\/festram\/wp-content\/uploads\/2017\/10\/mujeres10.jpeg\",\"keywords\":[\"g\u00e9nero\",\"san carlos centro\"],\"articleSection\":[\"Comunicados 2017\",\"G\u00e9nero\"],\"inLanguage\":\"es\"},{\"@type\":\"WebPage\",\"@id\":\"https:\/\/municipales.org.ar\/festram\/convocan-una-marcha-mujeres-municipales-san-carlos-centro\/\",\"url\":\"https:\/\/municipales.org.ar\/festram\/convocan-una-marcha-mujeres-municipales-san-carlos-centro\/\",\"name\":\"Convocan a una marcha de Mujeres Municipales en San Carlos Centro &#8211; FESTRAM\",\"isPartOf\":{\"@id\":\"https:\/\/municipales.org.ar\/festram\/#website\"},\"primaryImageOfPage\":{\"@id\":\"https:\/\/municipales.org.ar\/festram\/convocan-una-marcha-mujeres-municipales-san-carlos-centro\/#primaryimage\"},\"image\":{\"@id\":\"https:\/\/municipales.org.ar\/festram\/convocan-una-marcha-mujeres-municipales-san-carlos-centro\/#primaryimage\"},\"thumbnailUrl\":\"https:\/\/municipales.org.ar\/festram\/wp-content\/uploads\/2017\/10\/mujeres10.jpeg\",\"datePublished\":\"2017-10-07T12:53:37+00:00\",\"dateModified\":\"2017-10-13T03:08:47+00:00\",\"description\":\"Es en repudio a la violencia de g\u00e9nero, laboral e institucional ejercida por el Intendente de esa ciudad.\",\"breadcrumb\":{\"@id\":\"https:\/\/municipales.org.ar\/festram\/convocan-una-marcha-mujeres-municipales-san-carlos-centro\/#breadcrumb\"},\"inLanguage\":\"es\",\"potentialAction\":[{\"@type\":\"ReadAction\",\"target\":[\"https:\/\/municipales.org.ar\/festram\/convocan-una-marcha-mujeres-municipales-san-carlos-centro\/\"]}]},{\"@type\":\"ImageObject\",\"inLanguage\":\"es\",\"@id\":\"https:\/\/municipales.org.ar\/festram\/convocan-una-marcha-mujeres-municipales-san-carlos-centro\/#primaryimage\",\"url\":\"https:\/\/municipales.org.ar\/festram\/wp-content\/uploads\/2017\/10\/mujeres10.jpeg\",\"contentUrl\":\"https:\/\/municipales.org.ar\/festram\/wp-content\/uploads\/2017\/10\/mujeres10.jpeg\",\"width\":1400,\"height\":793},{\"@type\":\"BreadcrumbList\",\"@id\":\"https:\/\/municipales.org.ar\/festram\/convocan-una-marcha-mujeres-municipales-san-carlos-centro\/#breadcrumb\",\"itemListElement\":[{\"@type\":\"ListItem\",\"position\":1,\"name\":\"Portada\",\"item\":\"https:\/\/municipales.org.ar\/festram\/\"},{\"@type\":\"ListItem\",\"position\":2,\"name\":\"Convocan a una marcha de Mujeres Municipales en San Carlos Centro\"}]},{\"@type\":\"WebSite\",\"@id\":\"https:\/\/municipales.org.ar\/festram\/#website\",\"url\":\"https:\/\/municipales.org.ar\/festram\/\",\"name\":\"FESTRAM\",\"description\":\"La web de los trabajadores municipales\",\"publisher\":{\"@id\":\"https:\/\/municipales.org.ar\/festram\/#organization\"},\"potentialAction\":[{\"@type\":\"SearchAction\",\"target\":{\"@type\":\"EntryPoint\",\"urlTemplate\":\"https:\/\/municipales.org.ar\/festram\/?s={search_term_string}\"},\"query-input\":{\"@type\":\"PropertyValueSpecification\",\"valueRequired\":true,\"valueName\":\"search_term_string\"}}],\"inLanguage\":\"es\"},{\"@type\":\"Organization\",\"@id\":\"https:\/\/municipales.org.ar\/festram\/#organization\",\"name\":\"Federaci\u00f3n de Sindicatos de Trabajadores Municipales de la Provincia de Santa Fe\",\"url\":\"https:\/\/municipales.org.ar\/festram\/\",\"logo\":{\"@type\":\"ImageObject\",\"inLanguage\":\"es\",\"@id\":\"https:\/\/municipales.org.ar\/festram\/#\/schema\/logo\/image\/\",\"url\":\"https:\/\/www.municipales.org.ar\/festram\/wp-content\/uploads\/2014\/07\/logo_fes.jpg\",\"contentUrl\":\"https:\/\/www.municipales.org.ar\/festram\/wp-content\/uploads\/2014\/07\/logo_fes.jpg\",\"width\":661,\"height\":673,\"caption\":\"Federaci\u00f3n de Sindicatos de Trabajadores Municipales de la Provincia de Santa Fe\"},\"image\":{\"@id\":\"https:\/\/municipales.org.ar\/festram\/#\/schema\/logo\/image\/\"},\"sameAs\":[\"https:\/\/www.facebook.com\/MunicipalesSF\",\"https:\/\/x.com\/MunicipalesSF\",\"https:\/\/www.youtube.com\/user\/festram\"]},{\"@type\":\"Person\",\"@id\":\"https:\/\/municipales.org.ar\/festram\/#\/schema\/person\/49096a774c48ce9063df4d59ec059f9e\",\"name\":\"mun_admin\"}]}<\/script>\n<!-- \/ Yoast SEO plugin. -->","yoast_head_json":{"title":"Convocan a una marcha de Mujeres Municipales en San Carlos Centro &#8211; FESTRAM","description":"Es en repudio a la violencia de g\u00e9nero, laboral e institucional ejercida por el Intendente de esa ciudad.","robots":{"index":"index","follow":"follow","max-snippet":"max-snippet:-1","max-image-preview":"max-image-preview:large","max-video-preview":"max-video-preview:-1"},"canonical":"https:\/\/municipales.org.ar\/festram\/convocan-una-marcha-mujeres-municipales-san-carlos-centro\/","og_locale":"es_ES","og_type":"article","og_title":"Convocan a una marcha de Mujeres Municipales en San Carlos Centro &#8211; FESTRAM","og_description":"Es en repudio a la violencia de g\u00e9nero, laboral e institucional ejercida por el Intendente de esa ciudad.","og_url":"https:\/\/municipales.org.ar\/festram\/convocan-una-marcha-mujeres-municipales-san-carlos-centro\/","og_site_name":"FESTRAM","article_publisher":"https:\/\/www.facebook.com\/MunicipalesSF","article_published_time":"2017-10-07T12:53:37+00:00","article_modified_time":"2017-10-13T03:08:47+00:00","og_image":[{"width":1400,"height":793,"url":"https:\/\/municipales.org.ar\/festram\/wp-content\/uploads\/2017\/10\/mujeres10.jpeg","type":"image\/jpeg"}],"author":"mun_admin","twitter_card":"summary_large_image","twitter_creator":"@MunicipalesSF","twitter_site":"@MunicipalesSF","twitter_misc":{"Escrito por":"mun_admin","Tiempo de lectura":"2 minutos"},"schema":{"@context":"https:\/\/schema.org","@graph":[{"@type":"Article","@id":"https:\/\/municipales.org.ar\/festram\/convocan-una-marcha-mujeres-municipales-san-carlos-centro\/#article","isPartOf":{"@id":"https:\/\/municipales.org.ar\/festram\/convocan-una-marcha-mujeres-municipales-san-carlos-centro\/"},"author":{"name":"mun_admin","@id":"https:\/\/municipales.org.ar\/festram\/#\/schema\/person\/49096a774c48ce9063df4d59ec059f9e"},"headline":"Convocan a una marcha de Mujeres Municipales en San Carlos Centro","datePublished":"2017-10-07T12:53:37+00:00","dateModified":"2017-10-13T03:08:47+00:00","mainEntityOfPage":{"@id":"https:\/\/municipales.org.ar\/festram\/convocan-una-marcha-mujeres-municipales-san-carlos-centro\/"},"wordCount":397,"publisher":{"@id":"https:\/\/municipales.org.ar\/festram\/#organization"},"image":{"@id":"https:\/\/municipales.org.ar\/festram\/convocan-una-marcha-mujeres-municipales-san-carlos-centro\/#primaryimage"},"thumbnailUrl":"https:\/\/municipales.org.ar\/festram\/wp-content\/uploads\/2017\/10\/mujeres10.jpeg","keywords":["g\u00e9nero","san carlos centro"],"articleSection":["Comunicados 2017","G\u00e9nero"],"inLanguage":"es"},{"@type":"WebPage","@id":"https:\/\/municipales.org.ar\/festram\/convocan-una-marcha-mujeres-municipales-san-carlos-centro\/","url":"https:\/\/municipales.org.ar\/festram\/convocan-una-marcha-mujeres-municipales-san-carlos-centro\/","name":"Convocan a una marcha de Mujeres Municipales en San Carlos Centro &#8211; FESTRAM","isPartOf":{"@id":"https:\/\/municipales.org.ar\/festram\/#website"},"primaryImageOfPage":{"@id":"https:\/\/municipales.org.ar\/festram\/convocan-una-marcha-mujeres-municipales-san-carlos-centro\/#primaryimage"},"image":{"@id":"https:\/\/municipales.org.ar\/festram\/convocan-una-marcha-mujeres-municipales-san-carlos-centro\/#primaryimage"},"thumbnailUrl":"https:\/\/municipales.org.ar\/festram\/wp-content\/uploads\/2017\/10\/mujeres10.jpeg","datePublished":"2017-10-07T12:53:37+00:00","dateModified":"2017-10-13T03:08:47+00:00","description":"Es en repudio a la violencia de g\u00e9nero, laboral e institucional ejercida por el Intendente de esa ciudad.","breadcrumb":{"@id":"https:\/\/municipales.org.ar\/festram\/convocan-una-marcha-mujeres-municipales-san-carlos-centro\/#breadcrumb"},"inLanguage":"es","potentialAction":[{"@type":"ReadAction","target":["https:\/\/municipales.org.ar\/festram\/convocan-una-marcha-mujeres-municipales-san-carlos-centro\/"]}]},{"@type":"ImageObject","inLanguage":"es","@id":"https:\/\/municipales.org.ar\/festram\/convocan-una-marcha-mujeres-municipales-san-carlos-centro\/#primaryimage","url":"https:\/\/municipales.org.ar\/festram\/wp-content\/uploads\/2017\/10\/mujeres10.jpeg","contentUrl":"https:\/\/municipales.org.ar\/festram\/wp-content\/uploads\/2017\/10\/mujeres10.jpeg","width":1400,"height":793},{"@type":"BreadcrumbList","@id":"https:\/\/municipales.org.ar\/festram\/convocan-una-marcha-mujeres-municipales-san-carlos-centro\/#breadcrumb","itemListElement":[{"@type":"ListItem","position":1,"name":"Portada","item":"https:\/\/municipales.org.ar\/festram\/"},{"@type":"ListItem","position":2,"name":"Convocan a una marcha de Mujeres Municipales en San Carlos Centro"}]},{"@type":"WebSite","@id":"https:\/\/municipales.org.ar\/festram\/#website","url":"https:\/\/municipales.org.ar\/festram\/","name":"FESTRAM","description":"La web de los trabajadores municipales","publisher":{"@id":"https:\/\/municipales.org.ar\/festram\/#organization"},"potentialAction":[{"@type":"SearchAction","target":{"@type":"EntryPoint","urlTemplate":"https:\/\/municipales.org.ar\/festram\/?s={search_term_string}"},"query-input":{"@type":"PropertyValueSpecification","valueRequired":true,"valueName":"search_term_string"}}],"inLanguage":"es"},{"@type":"Organization","@id":"https:\/\/municipales.org.ar\/festram\/#organization","name":"Federaci\u00f3n de Sindicatos de Trabajadores Municipales de la Provincia de Santa Fe","url":"https:\/\/municipales.org.ar\/festram\/","logo":{"@type":"ImageObject","inLanguage":"es","@id":"https:\/\/municipales.org.ar\/festram\/#\/schema\/logo\/image\/","url":"https:\/\/www.municipales.org.ar\/festram\/wp-content\/uploads\/2014\/07\/logo_fes.jpg","contentUrl":"https:\/\/www.municipales.org.ar\/festram\/wp-content\/uploads\/2014\/07\/logo_fes.jpg","width":661,"height":673,"caption":"Federaci\u00f3n de Sindicatos de Trabajadores Municipales de la Provincia de Santa Fe"},"image":{"@id":"https:\/\/municipales.org.ar\/festram\/#\/schema\/logo\/image\/"},"sameAs":["https:\/\/www.facebook.com\/MunicipalesSF","https:\/\/x.com\/MunicipalesSF","https:\/\/www.youtube.com\/user\/festram"]},{"@type":"Person","@id":"https:\/\/municipales.org.ar\/festram\/#\/schema\/person\/49096a774c48ce9063df4d59ec059f9e","name":"mun_admin"}]}},"jetpack_publicize_connections":[],"jetpack_featured_media_url":"https:\/\/municipales.org.ar\/festram\/wp-content\/uploads\/2017\/10\/mujeres10.jpeg","jetpack_sharing_enabled":true,"jetpack_likes_enabled":false,"jetpack_shortlink":"https:\/\/wp.me\/p7l4x1-3hx","_links":{"self":[{"href":"https:\/\/municipales.org.ar\/festram\/wp-json\/wp\/v2\/posts\/12619","targetHints":{"allow":["GET"]}}],"collection":[{"href":"https:\/\/municipales.org.ar\/festram\/wp-json\/wp\/v2\/posts"}],"about":[{"href":"https:\/\/municipales.org.ar\/festram\/wp-json\/wp\/v2\/types\/post"}],"author":[{"embeddable":true,"href":"https:\/\/municipales.org.ar\/festram\/wp-json\/wp\/v2\/users\/1"}],"replies":[{"embeddable":true,"href":"https:\/\/municipales.org.ar\/festram\/wp-json\/wp\/v2\/comments?post=12619"}],"version-history":[{"count":1,"href":"https:\/\/municipales.org.ar\/festram\/wp-json\/wp\/v2\/posts\/12619\/revisions"}],"predecessor-version":[{"id":12621,"href":"https:\/\/municipales.org.ar\/festram\/wp-json\/wp\/v2\/posts\/12619\/revisions\/12621"}],"wp:featuredmedia":[{"embeddable":true,"href":"https:\/\/municipales.org.ar\/festram\/wp-json\/wp\/v2\/media\/12620"}],"wp:attachment":[{"href":"https:\/\/municipales.org.ar\/festram\/wp-json\/wp\/v2\/media?parent=12619"}],"wp:term":[{"taxonomy":"category","embeddable":true,"href":"https:\/\/municipales.org.ar\/festram\/wp-json\/wp\/v2\/categories?post=12619"},{"taxonomy":"post_tag","embeddable":true,"href":"https:\/\/municipales.org.ar\/festram\/wp-json\/wp\/v2\/tags?post=12619"}],"curies":[{"name":"wp","href":"https:\/\/api.w.org\/{rel}","templated":true}]}}