{"id":12693,"date":"2017-12-06T12:25:34","date_gmt":"2017-12-06T15:25:34","guid":{"rendered":"http:\/\/www.municipales.org.ar\/festram\/?p=12693"},"modified":"2017-12-06T12:25:34","modified_gmt":"2017-12-06T15:25:34","slug":"concluyo-la-ii-catedra-libre-salud-publica","status":"publish","type":"post","link":"https:\/\/municipales.org.ar\/festram\/concluyo-la-ii-catedra-libre-salud-publica\/","title":{"rendered":"Concluy\u00f3 la II C\u00e1tedra Libre de Salud P\u00fablica"},"content":{"rendered":"<h3>La instancia se desarroll\u00f3 entre los meses de octubre y noviembre y convoc\u00f3 a trabajadores de la salud, profesionales m\u00e9dicos y p\u00fablico en general.<\/h3>\n<p>&nbsp;<\/p>\n<p>Planteada como un espacio de formaci\u00f3n, perfeccionamiento e intercambio, cont\u00f3 con una modalidad presencial y a distancia, 50 horas c\u00e1tedra con entrega de certificado.<\/p>\n<p>Entre las tem\u00e1ticas abordadas se encuentra la Cobertura Universal de Salud y Soberan\u00eda Sanitaria; Diversidad e inclusi\u00f3n en el sistema de salud; Soberan\u00eda alimentaria y salud ambiental; y La salud de los Trabajadores.<\/p>\n<p>Fueron parte de las exposiciones figuras de renombre nacional como Jorge Rachid (integrante del Instituto Dorrego), Mario Rovere (integrante del Instituto Patria) y Daniel Gollan (m\u00e9dico sanitarista y ministro de salud de la Naci\u00f3n durante 2015). As\u00ed como tambi\u00e9n referentes locales, como el Abogado Humberto Galarza (ex gerente de ANSES Santa Fe), Mar\u00eda Eugenia Sarria (Lxs Safinas), Lilian Delgado (Residente generalista en el Centro de Salud Padre Cobo), Yail Carloto, entre otros y otras.<\/p>\n<p>La II C\u00e1tedra Libre tuvo el auspicio del Ministerio de Salud de la Provincia de Santa Fe y declarada de inter\u00e9s por el Concejo Municipal de Santa Fe.<\/p>\n\n\t\t<style type=\"text\/css\">\n\t\t\t#gallery-1 {\n\t\t\t\tmargin: auto;\n\t\t\t}\n\t\t\t#gallery-1 .gallery-item {\n\t\t\t\tfloat: left;\n\t\t\t\tmargin-top: 10px;\n\t\t\t\ttext-align: center;\n\t\t\t\twidth: 33%;\n\t\t\t}\n\t\t\t#gallery-1 img {\n\t\t\t\tborder: 2px solid #cfcfcf;\n\t\t\t}\n\t\t\t#gallery-1 .gallery-caption {\n\t\t\t\tmargin-left: 0;\n\t\t\t}\n\t\t\t\/* see gallery_shortcode() in wp-includes\/media.php *\/\n\t\t<\/style>\n\t\t<div id='gallery-1' class='gallery galleryid-12693 gallery-columns-3 gallery-size-thumbnail'><dl class='gallery-item'>\n\t\t\t<dt class='gallery-icon landscape'>\n\t\t\t\t<a href='https:\/\/municipales.org.ar\/festram\/concluyo-la-ii-catedra-libre-salud-publica\/img_1005\/'><img loading=\"lazy\" decoding=\"async\" width=\"150\" height=\"150\" src=\"https:\/\/municipales.org.ar\/festram\/wp-content\/uploads\/2017\/12\/IMG_1005-150x150.jpg\" class=\"attachment-thumbnail size-thumbnail\" alt=\"\" srcset=\"https:\/\/municipales.org.ar\/festram\/wp-content\/uploads\/2017\/12\/IMG_1005-150x150.jpg 150w, https:\/\/municipales.org.ar\/festram\/wp-content\/uploads\/2017\/12\/IMG_1005-80x80.jpg 80w\" sizes=\"auto, (max-width: 150px) 100vw, 150px\" \/><\/a>\n\t\t\t<\/dt><\/dl><dl class='gallery-item'>\n\t\t\t<dt class='gallery-icon landscape'>\n\t\t\t\t<a href='https:\/\/municipales.org.ar\/festram\/concluyo-la-ii-catedra-libre-salud-publica\/img_1047\/'><img loading=\"lazy\" decoding=\"async\" width=\"150\" height=\"150\" src=\"https:\/\/municipales.org.ar\/festram\/wp-content\/uploads\/2017\/12\/IMG_1047-150x150.jpg\" class=\"attachment-thumbnail size-thumbnail\" alt=\"\" srcset=\"https:\/\/municipales.org.ar\/festram\/wp-content\/uploads\/2017\/12\/IMG_1047-150x150.jpg 150w, https:\/\/municipales.org.ar\/festram\/wp-content\/uploads\/2017\/12\/IMG_1047-80x80.jpg 80w\" sizes=\"auto, (max-width: 150px) 100vw, 150px\" \/><\/a>\n\t\t\t<\/dt><\/dl><dl class='gallery-item'>\n\t\t\t<dt class='gallery-icon landscape'>\n\t\t\t\t<a href='https:\/\/municipales.org.ar\/festram\/concluyo-la-ii-catedra-libre-salud-publica\/img_1083\/'><img loading=\"lazy\" decoding=\"async\" width=\"150\" height=\"150\" src=\"https:\/\/municipales.org.ar\/festram\/wp-content\/uploads\/2017\/12\/IMG_1083-150x150.jpg\" class=\"attachment-thumbnail size-thumbnail\" alt=\"\" srcset=\"https:\/\/municipales.org.ar\/festram\/wp-content\/uploads\/2017\/12\/IMG_1083-150x150.jpg 150w, https:\/\/municipales.org.ar\/festram\/wp-content\/uploads\/2017\/12\/IMG_1083-80x80.jpg 80w\" sizes=\"auto, (max-width: 150px) 100vw, 150px\" \/><\/a>\n\t\t\t<\/dt><\/dl><br style=\"clear: both\" \/>\n\t\t<\/div>\n\n","protected":false},"excerpt":{"rendered":"<p>La instancia se desarroll\u00f3 entre los meses de octubre y noviembre y convoc\u00f3 a trabajadores de la salud, profesionales m\u00e9dicos y p\u00fablico en general.<\/p>\n","protected":false},"author":1,"featured_media":12694,"comment_status":"closed","ping_status":"closed","sticky":false,"template":"","format":"standard","meta":{"_jetpack_memberships_contains_paid_content":false,"footnotes":"","jetpack_publicize_message":"Concluy\u00f3 la II C\u00e1tedra Libre de Salud P\u00fablica","jetpack_publicize_feature_enabled":true,"jetpack_social_post_already_shared":true,"jetpack_social_options":{"image_generator_settings":{"template":"highway","default_image_id":0,"font":"","enabled":false},"version":2}},"categories":[167],"tags":[154],"class_list":["post-12693","post","type-post","status-publish","format-standard","has-post-thumbnail","hentry","category-actividades-en-el-complejo","tag-actividades-complejo"],"yoast_head":"<!-- This site is optimized with the Yoast SEO plugin v25.9 - https:\/\/yoast.com\/wordpress\/plugins\/seo\/ -->\n<title>Concluy\u00f3 la II C\u00e1tedra Libre de Salud P\u00fablica &#8211; FESTRAM<\/title>\n<meta name=\"description\" content=\"La instancia se desarroll\u00f3 entre los meses de octubre y noviembre y convoc\u00f3 a trabajadores de la salud, profesionales m\u00e9dicos y p\u00fablico en general.\" \/>\n<meta name=\"robots\" content=\"index, follow, max-snippet:-1, max-image-preview:large, max-video-preview:-1\" \/>\n<link rel=\"canonical\" href=\"https:\/\/municipales.org.ar\/festram\/concluyo-la-ii-catedra-libre-salud-publica\/\" \/>\n<meta property=\"og:locale\" content=\"es_ES\" \/>\n<meta property=\"og:type\" content=\"article\" \/>\n<meta property=\"og:title\" content=\"Concluy\u00f3 la II C\u00e1tedra Libre de Salud P\u00fablica &#8211; FESTRAM\" \/>\n<meta property=\"og:description\" content=\"La instancia se desarroll\u00f3 entre los meses de octubre y noviembre y convoc\u00f3 a trabajadores de la salud, profesionales m\u00e9dicos y p\u00fablico en general.\" \/>\n<meta property=\"og:url\" content=\"https:\/\/municipales.org.ar\/festram\/concluyo-la-ii-catedra-libre-salud-publica\/\" \/>\n<meta property=\"og:site_name\" content=\"FESTRAM\" \/>\n<meta property=\"article:publisher\" content=\"https:\/\/www.facebook.com\/MunicipalesSF\" \/>\n<meta property=\"article:published_time\" content=\"2017-12-06T15:25:34+00:00\" \/>\n<meta property=\"og:image\" content=\"https:\/\/municipales.org.ar\/festram\/wp-content\/uploads\/2017\/12\/IMG_0928.jpg\" \/>\n\t<meta property=\"og:image:width\" content=\"1000\" \/>\n\t<meta property=\"og:image:height\" content=\"667\" \/>\n\t<meta property=\"og:image:type\" content=\"image\/jpeg\" \/>\n<meta name=\"author\" content=\"mun_admin\" \/>\n<meta name=\"twitter:card\" content=\"summary_large_image\" \/>\n<meta name=\"twitter:creator\" content=\"@MunicipalesSF\" \/>\n<meta name=\"twitter:site\" content=\"@MunicipalesSF\" \/>\n<meta name=\"twitter:label1\" content=\"Escrito por\" \/>\n\t<meta name=\"twitter:data1\" content=\"mun_admin\" \/>\n\t<meta name=\"twitter:label2\" content=\"Tiempo de lectura\" \/>\n\t<meta name=\"twitter:data2\" content=\"1 minuto\" \/>\n<script type=\"application\/ld+json\" class=\"yoast-schema-graph\">{\"@context\":\"https:\/\/schema.org\",\"@graph\":[{\"@type\":\"Article\",\"@id\":\"https:\/\/municipales.org.ar\/festram\/concluyo-la-ii-catedra-libre-salud-publica\/#article\",\"isPartOf\":{\"@id\":\"https:\/\/municipales.org.ar\/festram\/concluyo-la-ii-catedra-libre-salud-publica\/\"},\"author\":{\"name\":\"mun_admin\",\"@id\":\"https:\/\/municipales.org.ar\/festram\/#\/schema\/person\/49096a774c48ce9063df4d59ec059f9e\"},\"headline\":\"Concluy\u00f3 la II C\u00e1tedra Libre de Salud P\u00fablica\",\"datePublished\":\"2017-12-06T15:25:34+00:00\",\"mainEntityOfPage\":{\"@id\":\"https:\/\/municipales.org.ar\/festram\/concluyo-la-ii-catedra-libre-salud-publica\/\"},\"wordCount\":210,\"publisher\":{\"@id\":\"https:\/\/municipales.org.ar\/festram\/#organization\"},\"image\":{\"@id\":\"https:\/\/municipales.org.ar\/festram\/concluyo-la-ii-catedra-libre-salud-publica\/#primaryimage\"},\"thumbnailUrl\":\"https:\/\/municipales.org.ar\/festram\/wp-content\/uploads\/2017\/12\/IMG_0928.jpg\",\"keywords\":[\"actividades complejo\"],\"articleSection\":[\"actividades en el complejo\"],\"inLanguage\":\"es\"},{\"@type\":\"WebPage\",\"@id\":\"https:\/\/municipales.org.ar\/festram\/concluyo-la-ii-catedra-libre-salud-publica\/\",\"url\":\"https:\/\/municipales.org.ar\/festram\/concluyo-la-ii-catedra-libre-salud-publica\/\",\"name\":\"Concluy\u00f3 la II C\u00e1tedra Libre de Salud P\u00fablica &#8211; FESTRAM\",\"isPartOf\":{\"@id\":\"https:\/\/municipales.org.ar\/festram\/#website\"},\"primaryImageOfPage\":{\"@id\":\"https:\/\/municipales.org.ar\/festram\/concluyo-la-ii-catedra-libre-salud-publica\/#primaryimage\"},\"image\":{\"@id\":\"https:\/\/municipales.org.ar\/festram\/concluyo-la-ii-catedra-libre-salud-publica\/#primaryimage\"},\"thumbnailUrl\":\"https:\/\/municipales.org.ar\/festram\/wp-content\/uploads\/2017\/12\/IMG_0928.jpg\",\"datePublished\":\"2017-12-06T15:25:34+00:00\",\"description\":\"La instancia se desarroll\u00f3 entre los meses de octubre y noviembre y convoc\u00f3 a trabajadores de la salud, profesionales m\u00e9dicos y p\u00fablico en general.\",\"breadcrumb\":{\"@id\":\"https:\/\/municipales.org.ar\/festram\/concluyo-la-ii-catedra-libre-salud-publica\/#breadcrumb\"},\"inLanguage\":\"es\",\"potentialAction\":[{\"@type\":\"ReadAction\",\"target\":[\"https:\/\/municipales.org.ar\/festram\/concluyo-la-ii-catedra-libre-salud-publica\/\"]}]},{\"@type\":\"ImageObject\",\"inLanguage\":\"es\",\"@id\":\"https:\/\/municipales.org.ar\/festram\/concluyo-la-ii-catedra-libre-salud-publica\/#primaryimage\",\"url\":\"https:\/\/municipales.org.ar\/festram\/wp-content\/uploads\/2017\/12\/IMG_0928.jpg\",\"contentUrl\":\"https:\/\/municipales.org.ar\/festram\/wp-content\/uploads\/2017\/12\/IMG_0928.jpg\",\"width\":1000,\"height\":667},{\"@type\":\"BreadcrumbList\",\"@id\":\"https:\/\/municipales.org.ar\/festram\/concluyo-la-ii-catedra-libre-salud-publica\/#breadcrumb\",\"itemListElement\":[{\"@type\":\"ListItem\",\"position\":1,\"name\":\"Portada\",\"item\":\"https:\/\/municipales.org.ar\/festram\/\"},{\"@type\":\"ListItem\",\"position\":2,\"name\":\"Concluy\u00f3 la II C\u00e1tedra Libre de Salud P\u00fablica\"}]},{\"@type\":\"WebSite\",\"@id\":\"https:\/\/municipales.org.ar\/festram\/#website\",\"url\":\"https:\/\/municipales.org.ar\/festram\/\",\"name\":\"FESTRAM\",\"description\":\"La web de los trabajadores municipales\",\"publisher\":{\"@id\":\"https:\/\/municipales.org.ar\/festram\/#organization\"},\"potentialAction\":[{\"@type\":\"SearchAction\",\"target\":{\"@type\":\"EntryPoint\",\"urlTemplate\":\"https:\/\/municipales.org.ar\/festram\/?s={search_term_string}\"},\"query-input\":{\"@type\":\"PropertyValueSpecification\",\"valueRequired\":true,\"valueName\":\"search_term_string\"}}],\"inLanguage\":\"es\"},{\"@type\":\"Organization\",\"@id\":\"https:\/\/municipales.org.ar\/festram\/#organization\",\"name\":\"Federaci\u00f3n de Sindicatos de Trabajadores Municipales de la Provincia de Santa Fe\",\"url\":\"https:\/\/municipales.org.ar\/festram\/\",\"logo\":{\"@type\":\"ImageObject\",\"inLanguage\":\"es\",\"@id\":\"https:\/\/municipales.org.ar\/festram\/#\/schema\/logo\/image\/\",\"url\":\"https:\/\/www.municipales.org.ar\/festram\/wp-content\/uploads\/2014\/07\/logo_fes.jpg\",\"contentUrl\":\"https:\/\/www.municipales.org.ar\/festram\/wp-content\/uploads\/2014\/07\/logo_fes.jpg\",\"width\":661,\"height\":673,\"caption\":\"Federaci\u00f3n de Sindicatos de Trabajadores Municipales de la Provincia de Santa Fe\"},\"image\":{\"@id\":\"https:\/\/municipales.org.ar\/festram\/#\/schema\/logo\/image\/\"},\"sameAs\":[\"https:\/\/www.facebook.com\/MunicipalesSF\",\"https:\/\/x.com\/MunicipalesSF\",\"https:\/\/www.youtube.com\/user\/festram\"]},{\"@type\":\"Person\",\"@id\":\"https:\/\/municipales.org.ar\/festram\/#\/schema\/person\/49096a774c48ce9063df4d59ec059f9e\",\"name\":\"mun_admin\"}]}<\/script>\n<!-- \/ Yoast SEO plugin. -->","yoast_head_json":{"title":"Concluy\u00f3 la II C\u00e1tedra Libre de Salud P\u00fablica &#8211; FESTRAM","description":"La instancia se desarroll\u00f3 entre los meses de octubre y noviembre y convoc\u00f3 a trabajadores de la salud, profesionales m\u00e9dicos y p\u00fablico en general.","robots":{"index":"index","follow":"follow","max-snippet":"max-snippet:-1","max-image-preview":"max-image-preview:large","max-video-preview":"max-video-preview:-1"},"canonical":"https:\/\/municipales.org.ar\/festram\/concluyo-la-ii-catedra-libre-salud-publica\/","og_locale":"es_ES","og_type":"article","og_title":"Concluy\u00f3 la II C\u00e1tedra Libre de Salud P\u00fablica &#8211; FESTRAM","og_description":"La instancia se desarroll\u00f3 entre los meses de octubre y noviembre y convoc\u00f3 a trabajadores de la salud, profesionales m\u00e9dicos y p\u00fablico en general.","og_url":"https:\/\/municipales.org.ar\/festram\/concluyo-la-ii-catedra-libre-salud-publica\/","og_site_name":"FESTRAM","article_publisher":"https:\/\/www.facebook.com\/MunicipalesSF","article_published_time":"2017-12-06T15:25:34+00:00","og_image":[{"width":1000,"height":667,"url":"https:\/\/municipales.org.ar\/festram\/wp-content\/uploads\/2017\/12\/IMG_0928.jpg","type":"image\/jpeg"}],"author":"mun_admin","twitter_card":"summary_large_image","twitter_creator":"@MunicipalesSF","twitter_site":"@MunicipalesSF","twitter_misc":{"Escrito por":"mun_admin","Tiempo de lectura":"1 minuto"},"schema":{"@context":"https:\/\/schema.org","@graph":[{"@type":"Article","@id":"https:\/\/municipales.org.ar\/festram\/concluyo-la-ii-catedra-libre-salud-publica\/#article","isPartOf":{"@id":"https:\/\/municipales.org.ar\/festram\/concluyo-la-ii-catedra-libre-salud-publica\/"},"author":{"name":"mun_admin","@id":"https:\/\/municipales.org.ar\/festram\/#\/schema\/person\/49096a774c48ce9063df4d59ec059f9e"},"headline":"Concluy\u00f3 la II C\u00e1tedra Libre de Salud P\u00fablica","datePublished":"2017-12-06T15:25:34+00:00","mainEntityOfPage":{"@id":"https:\/\/municipales.org.ar\/festram\/concluyo-la-ii-catedra-libre-salud-publica\/"},"wordCount":210,"publisher":{"@id":"https:\/\/municipales.org.ar\/festram\/#organization"},"image":{"@id":"https:\/\/municipales.org.ar\/festram\/concluyo-la-ii-catedra-libre-salud-publica\/#primaryimage"},"thumbnailUrl":"https:\/\/municipales.org.ar\/festram\/wp-content\/uploads\/2017\/12\/IMG_0928.jpg","keywords":["actividades complejo"],"articleSection":["actividades en el complejo"],"inLanguage":"es"},{"@type":"WebPage","@id":"https:\/\/municipales.org.ar\/festram\/concluyo-la-ii-catedra-libre-salud-publica\/","url":"https:\/\/municipales.org.ar\/festram\/concluyo-la-ii-catedra-libre-salud-publica\/","name":"Concluy\u00f3 la II C\u00e1tedra Libre de Salud P\u00fablica &#8211; FESTRAM","isPartOf":{"@id":"https:\/\/municipales.org.ar\/festram\/#website"},"primaryImageOfPage":{"@id":"https:\/\/municipales.org.ar\/festram\/concluyo-la-ii-catedra-libre-salud-publica\/#primaryimage"},"image":{"@id":"https:\/\/municipales.org.ar\/festram\/concluyo-la-ii-catedra-libre-salud-publica\/#primaryimage"},"thumbnailUrl":"https:\/\/municipales.org.ar\/festram\/wp-content\/uploads\/2017\/12\/IMG_0928.jpg","datePublished":"2017-12-06T15:25:34+00:00","description":"La instancia se desarroll\u00f3 entre los meses de octubre y noviembre y convoc\u00f3 a trabajadores de la salud, profesionales m\u00e9dicos y p\u00fablico en general.","breadcrumb":{"@id":"https:\/\/municipales.org.ar\/festram\/concluyo-la-ii-catedra-libre-salud-publica\/#breadcrumb"},"inLanguage":"es","potentialAction":[{"@type":"ReadAction","target":["https:\/\/municipales.org.ar\/festram\/concluyo-la-ii-catedra-libre-salud-publica\/"]}]},{"@type":"ImageObject","inLanguage":"es","@id":"https:\/\/municipales.org.ar\/festram\/concluyo-la-ii-catedra-libre-salud-publica\/#primaryimage","url":"https:\/\/municipales.org.ar\/festram\/wp-content\/uploads\/2017\/12\/IMG_0928.jpg","contentUrl":"https:\/\/municipales.org.ar\/festram\/wp-content\/uploads\/2017\/12\/IMG_0928.jpg","width":1000,"height":667},{"@type":"BreadcrumbList","@id":"https:\/\/municipales.org.ar\/festram\/concluyo-la-ii-catedra-libre-salud-publica\/#breadcrumb","itemListElement":[{"@type":"ListItem","position":1,"name":"Portada","item":"https:\/\/municipales.org.ar\/festram\/"},{"@type":"ListItem","position":2,"name":"Concluy\u00f3 la II C\u00e1tedra Libre de Salud P\u00fablica"}]},{"@type":"WebSite","@id":"https:\/\/municipales.org.ar\/festram\/#website","url":"https:\/\/municipales.org.ar\/festram\/","name":"FESTRAM","description":"La web de los trabajadores municipales","publisher":{"@id":"https:\/\/municipales.org.ar\/festram\/#organization"},"potentialAction":[{"@type":"SearchAction","target":{"@type":"EntryPoint","urlTemplate":"https:\/\/municipales.org.ar\/festram\/?s={search_term_string}"},"query-input":{"@type":"PropertyValueSpecification","valueRequired":true,"valueName":"search_term_string"}}],"inLanguage":"es"},{"@type":"Organization","@id":"https:\/\/municipales.org.ar\/festram\/#organization","name":"Federaci\u00f3n de Sindicatos de Trabajadores Municipales de la Provincia de Santa Fe","url":"https:\/\/municipales.org.ar\/festram\/","logo":{"@type":"ImageObject","inLanguage":"es","@id":"https:\/\/municipales.org.ar\/festram\/#\/schema\/logo\/image\/","url":"https:\/\/www.municipales.org.ar\/festram\/wp-content\/uploads\/2014\/07\/logo_fes.jpg","contentUrl":"https:\/\/www.municipales.org.ar\/festram\/wp-content\/uploads\/2014\/07\/logo_fes.jpg","width":661,"height":673,"caption":"Federaci\u00f3n de Sindicatos de Trabajadores Municipales de la Provincia de Santa Fe"},"image":{"@id":"https:\/\/municipales.org.ar\/festram\/#\/schema\/logo\/image\/"},"sameAs":["https:\/\/www.facebook.com\/MunicipalesSF","https:\/\/x.com\/MunicipalesSF","https:\/\/www.youtube.com\/user\/festram"]},{"@type":"Person","@id":"https:\/\/municipales.org.ar\/festram\/#\/schema\/person\/49096a774c48ce9063df4d59ec059f9e","name":"mun_admin"}]}},"jetpack_publicize_connections":[],"jetpack_featured_media_url":"https:\/\/municipales.org.ar\/festram\/wp-content\/uploads\/2017\/12\/IMG_0928.jpg","jetpack_sharing_enabled":true,"jetpack_likes_enabled":false,"jetpack_shortlink":"https:\/\/wp.me\/p7l4x1-3iJ","_links":{"self":[{"href":"https:\/\/municipales.org.ar\/festram\/wp-json\/wp\/v2\/posts\/12693","targetHints":{"allow":["GET"]}}],"collection":[{"href":"https:\/\/municipales.org.ar\/festram\/wp-json\/wp\/v2\/posts"}],"about":[{"href":"https:\/\/municipales.org.ar\/festram\/wp-json\/wp\/v2\/types\/post"}],"author":[{"embeddable":true,"href":"https:\/\/municipales.org.ar\/festram\/wp-json\/wp\/v2\/users\/1"}],"replies":[{"embeddable":true,"href":"https:\/\/municipales.org.ar\/festram\/wp-json\/wp\/v2\/comments?post=12693"}],"version-history":[{"count":1,"href":"https:\/\/municipales.org.ar\/festram\/wp-json\/wp\/v2\/posts\/12693\/revisions"}],"predecessor-version":[{"id":12698,"href":"https:\/\/municipales.org.ar\/festram\/wp-json\/wp\/v2\/posts\/12693\/revisions\/12698"}],"wp:featuredmedia":[{"embeddable":true,"href":"https:\/\/municipales.org.ar\/festram\/wp-json\/wp\/v2\/media\/12694"}],"wp:attachment":[{"href":"https:\/\/municipales.org.ar\/festram\/wp-json\/wp\/v2\/media?parent=12693"}],"wp:term":[{"taxonomy":"category","embeddable":true,"href":"https:\/\/municipales.org.ar\/festram\/wp-json\/wp\/v2\/categories?post=12693"},{"taxonomy":"post_tag","embeddable":true,"href":"https:\/\/municipales.org.ar\/festram\/wp-json\/wp\/v2\/tags?post=12693"}],"curies":[{"name":"wp","href":"https:\/\/api.w.org\/{rel}","templated":true}]}}