{"id":12710,"date":"2017-11-20T19:57:53","date_gmt":"2017-11-20T22:57:53","guid":{"rendered":"http:\/\/www.municipales.org.ar\/festram\/?p=12710"},"modified":"2017-12-06T20:05:02","modified_gmt":"2017-12-06T23:05:02","slug":"charla-tedxlagunasetubal-2017-desde-la-otra-orilla","status":"publish","type":"post","link":"https:\/\/municipales.org.ar\/festram\/charla-tedxlagunasetubal-2017-desde-la-otra-orilla\/","title":{"rendered":"Charla TEDxLagunaSet\u00fabal 2017: \u00abDesde la otra orilla\u00bb"},"content":{"rendered":"<h3>Con 500 concurrentes se realiz\u00f3 la cuarta edici\u00f3n del TEDx Laguna Setubal.<\/h3>\n<p>&nbsp;<\/p>\n<p>Bajo el r\u00f3tulo \u00abDesde la otra orilla\u00bb, una decena de oradores y oradoras, desplegaron sus voces en la tarde del 17 de noviembre en la sede de Festram. Durante el evento se articularon diferentes t\u00f3picos : desde lenguaje no sexista, comida saludable, reconocimiento del otro como otro, int\u00e9rpretes para sordos, movilidad en bicicleta, inclusi\u00f3n de personas trans, ejercicios de RPC, universitarios comprometidos, stand up, revalorizaci\u00f3n de los pueblos originarios, neurociencias, emprendedores entusiastas y prostitutas empoderadas.<\/p>\n<p>&nbsp;<\/p>\n\n\t\t<style type=\"text\/css\">\n\t\t\t#gallery-1 {\n\t\t\t\tmargin: auto;\n\t\t\t}\n\t\t\t#gallery-1 .gallery-item {\n\t\t\t\tfloat: left;\n\t\t\t\tmargin-top: 10px;\n\t\t\t\ttext-align: center;\n\t\t\t\twidth: 33%;\n\t\t\t}\n\t\t\t#gallery-1 img {\n\t\t\t\tborder: 2px solid #cfcfcf;\n\t\t\t}\n\t\t\t#gallery-1 .gallery-caption {\n\t\t\t\tmargin-left: 0;\n\t\t\t}\n\t\t\t\/* see gallery_shortcode() in wp-includes\/media.php *\/\n\t\t<\/style>\n\t\t<div id='gallery-1' class='gallery galleryid-12710 gallery-columns-3 gallery-size-thumbnail'><dl class='gallery-item'>\n\t\t\t<dt class='gallery-icon landscape'>\n\t\t\t\t<a href='https:\/\/municipales.org.ar\/festram\/charla-tedxlagunasetubal-2017-desde-la-otra-orilla\/24131892_1484926251583139_131260240210477881_o\/'><img loading=\"lazy\" decoding=\"async\" width=\"150\" height=\"150\" src=\"https:\/\/municipales.org.ar\/festram\/wp-content\/uploads\/2017\/12\/24131892_1484926251583139_131260240210477881_o-150x150.jpg\" class=\"attachment-thumbnail size-thumbnail\" alt=\"\" srcset=\"https:\/\/municipales.org.ar\/festram\/wp-content\/uploads\/2017\/12\/24131892_1484926251583139_131260240210477881_o-150x150.jpg 150w, https:\/\/municipales.org.ar\/festram\/wp-content\/uploads\/2017\/12\/24131892_1484926251583139_131260240210477881_o-80x80.jpg 80w\" sizes=\"auto, (max-width: 150px) 100vw, 150px\" \/><\/a>\n\t\t\t<\/dt><\/dl><dl class='gallery-item'>\n\t\t\t<dt class='gallery-icon landscape'>\n\t\t\t\t<a href='https:\/\/municipales.org.ar\/festram\/charla-tedxlagunasetubal-2017-desde-la-otra-orilla\/24068472_1484922791583485_8992685890106438856_o\/'><img loading=\"lazy\" decoding=\"async\" width=\"150\" height=\"150\" src=\"https:\/\/municipales.org.ar\/festram\/wp-content\/uploads\/2017\/12\/24068472_1484922791583485_8992685890106438856_o-150x150.jpg\" class=\"attachment-thumbnail size-thumbnail\" alt=\"\" srcset=\"https:\/\/municipales.org.ar\/festram\/wp-content\/uploads\/2017\/12\/24068472_1484922791583485_8992685890106438856_o-150x150.jpg 150w, https:\/\/municipales.org.ar\/festram\/wp-content\/uploads\/2017\/12\/24068472_1484922791583485_8992685890106438856_o-80x80.jpg 80w\" sizes=\"auto, (max-width: 150px) 100vw, 150px\" \/><\/a>\n\t\t\t<\/dt><\/dl><dl class='gallery-item'>\n\t\t\t<dt class='gallery-icon landscape'>\n\t\t\t\t<a href='https:\/\/municipales.org.ar\/festram\/charla-tedxlagunasetubal-2017-desde-la-otra-orilla\/23916514_1484929164916181_2035016783372182710_o\/'><img loading=\"lazy\" decoding=\"async\" width=\"150\" height=\"150\" src=\"https:\/\/municipales.org.ar\/festram\/wp-content\/uploads\/2017\/12\/23916514_1484929164916181_2035016783372182710_o-150x150.jpg\" class=\"attachment-thumbnail size-thumbnail\" alt=\"\" srcset=\"https:\/\/municipales.org.ar\/festram\/wp-content\/uploads\/2017\/12\/23916514_1484929164916181_2035016783372182710_o-150x150.jpg 150w, https:\/\/municipales.org.ar\/festram\/wp-content\/uploads\/2017\/12\/23916514_1484929164916181_2035016783372182710_o-80x80.jpg 80w\" sizes=\"auto, (max-width: 150px) 100vw, 150px\" \/><\/a>\n\t\t\t<\/dt><\/dl><br style=\"clear: both\" \/><dl class='gallery-item'>\n\t\t\t<dt class='gallery-icon landscape'>\n\t\t\t\t<a href='https:\/\/municipales.org.ar\/festram\/charla-tedxlagunasetubal-2017-desde-la-otra-orilla\/23926357_1484924088250022_3845186074680437215_o\/'><img loading=\"lazy\" decoding=\"async\" width=\"150\" height=\"150\" src=\"https:\/\/municipales.org.ar\/festram\/wp-content\/uploads\/2017\/12\/23926357_1484924088250022_3845186074680437215_o-150x150.jpg\" class=\"attachment-thumbnail size-thumbnail\" alt=\"\" srcset=\"https:\/\/municipales.org.ar\/festram\/wp-content\/uploads\/2017\/12\/23926357_1484924088250022_3845186074680437215_o-150x150.jpg 150w, https:\/\/municipales.org.ar\/festram\/wp-content\/uploads\/2017\/12\/23926357_1484924088250022_3845186074680437215_o-80x80.jpg 80w\" sizes=\"auto, (max-width: 150px) 100vw, 150px\" \/><\/a>\n\t\t\t<\/dt><\/dl><dl class='gallery-item'>\n\t\t\t<dt class='gallery-icon landscape'>\n\t\t\t\t<a href='https:\/\/municipales.org.ar\/festram\/charla-tedxlagunasetubal-2017-desde-la-otra-orilla\/24059772_1484925664916531_5369750508754534084_o-2\/'><img loading=\"lazy\" decoding=\"async\" width=\"150\" height=\"150\" src=\"https:\/\/municipales.org.ar\/festram\/wp-content\/uploads\/2017\/12\/24059772_1484925664916531_5369750508754534084_o-1-150x150.jpg\" class=\"attachment-thumbnail size-thumbnail\" alt=\"\" srcset=\"https:\/\/municipales.org.ar\/festram\/wp-content\/uploads\/2017\/12\/24059772_1484925664916531_5369750508754534084_o-1-150x150.jpg 150w, https:\/\/municipales.org.ar\/festram\/wp-content\/uploads\/2017\/12\/24059772_1484925664916531_5369750508754534084_o-1-80x80.jpg 80w\" sizes=\"auto, (max-width: 150px) 100vw, 150px\" \/><\/a>\n\t\t\t<\/dt><\/dl><dl class='gallery-item'>\n\t\t\t<dt class='gallery-icon landscape'>\n\t\t\t\t<a href='https:\/\/municipales.org.ar\/festram\/charla-tedxlagunasetubal-2017-desde-la-otra-orilla\/23916500_1484923918250039_5249739560522388253_o\/'><img loading=\"lazy\" decoding=\"async\" width=\"150\" height=\"150\" src=\"https:\/\/municipales.org.ar\/festram\/wp-content\/uploads\/2017\/12\/23916500_1484923918250039_5249739560522388253_o-150x150.jpg\" class=\"attachment-thumbnail size-thumbnail\" alt=\"\" srcset=\"https:\/\/municipales.org.ar\/festram\/wp-content\/uploads\/2017\/12\/23916500_1484923918250039_5249739560522388253_o-150x150.jpg 150w, https:\/\/municipales.org.ar\/festram\/wp-content\/uploads\/2017\/12\/23916500_1484923918250039_5249739560522388253_o-80x80.jpg 80w\" sizes=\"auto, (max-width: 150px) 100vw, 150px\" \/><\/a>\n\t\t\t<\/dt><\/dl><br style=\"clear: both\" \/><dl class='gallery-item'>\n\t\t\t<dt class='gallery-icon landscape'>\n\t\t\t\t<a href='https:\/\/municipales.org.ar\/festram\/charla-tedxlagunasetubal-2017-desde-la-otra-orilla\/23926600_1484921274916970_6328278249112241367_o\/'><img loading=\"lazy\" decoding=\"async\" width=\"150\" height=\"150\" src=\"https:\/\/municipales.org.ar\/festram\/wp-content\/uploads\/2017\/12\/23926600_1484921274916970_6328278249112241367_o-150x150.jpg\" class=\"attachment-thumbnail size-thumbnail\" alt=\"\" srcset=\"https:\/\/municipales.org.ar\/festram\/wp-content\/uploads\/2017\/12\/23926600_1484921274916970_6328278249112241367_o-150x150.jpg 150w, https:\/\/municipales.org.ar\/festram\/wp-content\/uploads\/2017\/12\/23926600_1484921274916970_6328278249112241367_o-80x80.jpg 80w\" sizes=\"auto, (max-width: 150px) 100vw, 150px\" \/><\/a>\n\t\t\t<\/dt><\/dl>\n\t\t\t<br style='clear: both' \/>\n\t\t<\/div>\n\n<p>&nbsp;<\/p>\n<p><b>Sobre las charlas TEDx<\/b><\/p>\n<p>El programa TEDx fue dise\u00f1ado para que comunidades, organizaciones e individuos tengan la oportunidad de estimular di\u00e1logos a trav\u00e9s de una experiencia similar a la de TED. Los eventos TEDx son planeados y organizados en forma independiente, en cada lugar. Se trata de una combinaci\u00f3n de charlas cortas cuidadosamente preparadas, demostraciones y representaciones (en vivo, o videos de TEDTalks de <a href=\"http:\/\/ted.com\/\">TED.com<\/a>) que cubren una amplia gama de temas, para impulsar el aprendizaje, inspirar, fascinar y provocar conversaciones substanciosas.<\/p>\n<p>El TEDx Laguna Setubal es una jornada organizada de forma independiente por una decena de integrantes, bajo la licencia TED. Para mayor informaci\u00f3n, se puede consultar su sitio web <a href=\"https:\/\/tedxlagunasetubal.org\/\" target=\"_blank\" rel=\"noopener\">https:\/\/tedxlagunasetubal.org\/<\/a><\/p>\n<p>&nbsp;<\/p>\n<p><iframe loading=\"lazy\" style=\"border: none; overflow: hidden;\" src=\"https:\/\/www.facebook.com\/plugins\/post.php?href=https%3A%2F%2Fwww.facebook.com%2Fmedia%2Fset%2F%3Fset%3Da.1484917718250659.1073741837.234984663243977%26type%3D3&amp;width=500\" width=\"500\" height=\"689\" frameborder=\"0\" scrolling=\"no\"><\/iframe><\/p>\n","protected":false},"excerpt":{"rendered":"<p>Con 500 concurrentes se realiz\u00f3 la cuarta edici\u00f3n del TEDx Laguna Setubal.<\/p>\n","protected":false},"author":1,"featured_media":12711,"comment_status":"closed","ping_status":"closed","sticky":false,"template":"","format":"standard","meta":{"_jetpack_memberships_contains_paid_content":false,"footnotes":"","jetpack_publicize_message":"","jetpack_publicize_feature_enabled":true,"jetpack_social_post_already_shared":true,"jetpack_social_options":{"image_generator_settings":{"template":"highway","default_image_id":0,"font":"","enabled":false},"version":2}},"categories":[167],"tags":[154],"class_list":["post-12710","post","type-post","status-publish","format-standard","has-post-thumbnail","hentry","category-actividades-en-el-complejo","tag-actividades-complejo"],"yoast_head":"<!-- This site is optimized with the Yoast SEO plugin v25.9 - https:\/\/yoast.com\/wordpress\/plugins\/seo\/ -->\n<title>Charla TEDxLagunaSet\u00fabal 2017: &quot;Desde la otra orilla&quot; &#8211; FESTRAM<\/title>\n<meta name=\"description\" content=\"Con 500 concurrentes se realiz\u00f3 la cuarta edici\u00f3n del TEDx Laguna Setubal.\" \/>\n<meta name=\"robots\" content=\"index, follow, max-snippet:-1, max-image-preview:large, max-video-preview:-1\" \/>\n<link rel=\"canonical\" href=\"https:\/\/municipales.org.ar\/festram\/charla-tedxlagunasetubal-2017-desde-la-otra-orilla\/\" \/>\n<meta property=\"og:locale\" content=\"es_ES\" \/>\n<meta property=\"og:type\" content=\"article\" \/>\n<meta property=\"og:title\" content=\"Charla TEDxLagunaSet\u00fabal 2017: &quot;Desde la otra orilla&quot; &#8211; FESTRAM\" \/>\n<meta property=\"og:description\" content=\"Con 500 concurrentes se realiz\u00f3 la cuarta edici\u00f3n del TEDx Laguna Setubal.\" \/>\n<meta property=\"og:url\" content=\"https:\/\/municipales.org.ar\/festram\/charla-tedxlagunasetubal-2017-desde-la-otra-orilla\/\" \/>\n<meta property=\"og:site_name\" content=\"FESTRAM\" \/>\n<meta property=\"article:publisher\" content=\"https:\/\/www.facebook.com\/MunicipalesSF\" \/>\n<meta property=\"article:published_time\" content=\"2017-11-20T22:57:53+00:00\" \/>\n<meta property=\"article:modified_time\" content=\"2017-12-06T23:05:02+00:00\" \/>\n<meta property=\"og:image\" content=\"https:\/\/municipales.org.ar\/festram\/wp-content\/uploads\/2017\/12\/24059772_1484925664916531_5369750508754534084_o.jpg\" \/>\n\t<meta property=\"og:image:width\" content=\"2048\" \/>\n\t<meta property=\"og:image:height\" content=\"1365\" \/>\n\t<meta property=\"og:image:type\" content=\"image\/jpeg\" \/>\n<meta name=\"author\" content=\"mun_admin\" \/>\n<meta name=\"twitter:card\" content=\"summary_large_image\" \/>\n<meta name=\"twitter:creator\" content=\"@MunicipalesSF\" \/>\n<meta name=\"twitter:site\" content=\"@MunicipalesSF\" \/>\n<meta name=\"twitter:label1\" content=\"Escrito por\" \/>\n\t<meta name=\"twitter:data1\" content=\"mun_admin\" \/>\n\t<meta name=\"twitter:label2\" content=\"Tiempo de lectura\" \/>\n\t<meta name=\"twitter:data2\" content=\"1 minuto\" \/>\n<script type=\"application\/ld+json\" class=\"yoast-schema-graph\">{\"@context\":\"https:\/\/schema.org\",\"@graph\":[{\"@type\":\"Article\",\"@id\":\"https:\/\/municipales.org.ar\/festram\/charla-tedxlagunasetubal-2017-desde-la-otra-orilla\/#article\",\"isPartOf\":{\"@id\":\"https:\/\/municipales.org.ar\/festram\/charla-tedxlagunasetubal-2017-desde-la-otra-orilla\/\"},\"author\":{\"name\":\"mun_admin\",\"@id\":\"https:\/\/municipales.org.ar\/festram\/#\/schema\/person\/49096a774c48ce9063df4d59ec059f9e\"},\"headline\":\"Charla TEDxLagunaSet\u00fabal 2017: \u00abDesde la otra orilla\u00bb\",\"datePublished\":\"2017-11-20T22:57:53+00:00\",\"dateModified\":\"2017-12-06T23:05:02+00:00\",\"mainEntityOfPage\":{\"@id\":\"https:\/\/municipales.org.ar\/festram\/charla-tedxlagunasetubal-2017-desde-la-otra-orilla\/\"},\"wordCount\":225,\"publisher\":{\"@id\":\"https:\/\/municipales.org.ar\/festram\/#organization\"},\"image\":{\"@id\":\"https:\/\/municipales.org.ar\/festram\/charla-tedxlagunasetubal-2017-desde-la-otra-orilla\/#primaryimage\"},\"thumbnailUrl\":\"https:\/\/municipales.org.ar\/festram\/wp-content\/uploads\/2017\/12\/24059772_1484925664916531_5369750508754534084_o.jpg\",\"keywords\":[\"actividades complejo\"],\"articleSection\":[\"actividades en el complejo\"],\"inLanguage\":\"es\"},{\"@type\":\"WebPage\",\"@id\":\"https:\/\/municipales.org.ar\/festram\/charla-tedxlagunasetubal-2017-desde-la-otra-orilla\/\",\"url\":\"https:\/\/municipales.org.ar\/festram\/charla-tedxlagunasetubal-2017-desde-la-otra-orilla\/\",\"name\":\"Charla TEDxLagunaSet\u00fabal 2017: \\\"Desde la otra orilla\\\" &#8211; FESTRAM\",\"isPartOf\":{\"@id\":\"https:\/\/municipales.org.ar\/festram\/#website\"},\"primaryImageOfPage\":{\"@id\":\"https:\/\/municipales.org.ar\/festram\/charla-tedxlagunasetubal-2017-desde-la-otra-orilla\/#primaryimage\"},\"image\":{\"@id\":\"https:\/\/municipales.org.ar\/festram\/charla-tedxlagunasetubal-2017-desde-la-otra-orilla\/#primaryimage\"},\"thumbnailUrl\":\"https:\/\/municipales.org.ar\/festram\/wp-content\/uploads\/2017\/12\/24059772_1484925664916531_5369750508754534084_o.jpg\",\"datePublished\":\"2017-11-20T22:57:53+00:00\",\"dateModified\":\"2017-12-06T23:05:02+00:00\",\"description\":\"Con 500 concurrentes se realiz\u00f3 la cuarta edici\u00f3n del TEDx Laguna Setubal.\",\"breadcrumb\":{\"@id\":\"https:\/\/municipales.org.ar\/festram\/charla-tedxlagunasetubal-2017-desde-la-otra-orilla\/#breadcrumb\"},\"inLanguage\":\"es\",\"potentialAction\":[{\"@type\":\"ReadAction\",\"target\":[\"https:\/\/municipales.org.ar\/festram\/charla-tedxlagunasetubal-2017-desde-la-otra-orilla\/\"]}]},{\"@type\":\"ImageObject\",\"inLanguage\":\"es\",\"@id\":\"https:\/\/municipales.org.ar\/festram\/charla-tedxlagunasetubal-2017-desde-la-otra-orilla\/#primaryimage\",\"url\":\"https:\/\/municipales.org.ar\/festram\/wp-content\/uploads\/2017\/12\/24059772_1484925664916531_5369750508754534084_o.jpg\",\"contentUrl\":\"https:\/\/municipales.org.ar\/festram\/wp-content\/uploads\/2017\/12\/24059772_1484925664916531_5369750508754534084_o.jpg\",\"width\":2048,\"height\":1365},{\"@type\":\"BreadcrumbList\",\"@id\":\"https:\/\/municipales.org.ar\/festram\/charla-tedxlagunasetubal-2017-desde-la-otra-orilla\/#breadcrumb\",\"itemListElement\":[{\"@type\":\"ListItem\",\"position\":1,\"name\":\"Portada\",\"item\":\"https:\/\/municipales.org.ar\/festram\/\"},{\"@type\":\"ListItem\",\"position\":2,\"name\":\"Charla TEDxLagunaSet\u00fabal 2017: \u00abDesde la otra orilla\u00bb\"}]},{\"@type\":\"WebSite\",\"@id\":\"https:\/\/municipales.org.ar\/festram\/#website\",\"url\":\"https:\/\/municipales.org.ar\/festram\/\",\"name\":\"FESTRAM\",\"description\":\"La web de los trabajadores municipales\",\"publisher\":{\"@id\":\"https:\/\/municipales.org.ar\/festram\/#organization\"},\"potentialAction\":[{\"@type\":\"SearchAction\",\"target\":{\"@type\":\"EntryPoint\",\"urlTemplate\":\"https:\/\/municipales.org.ar\/festram\/?s={search_term_string}\"},\"query-input\":{\"@type\":\"PropertyValueSpecification\",\"valueRequired\":true,\"valueName\":\"search_term_string\"}}],\"inLanguage\":\"es\"},{\"@type\":\"Organization\",\"@id\":\"https:\/\/municipales.org.ar\/festram\/#organization\",\"name\":\"Federaci\u00f3n de Sindicatos de Trabajadores Municipales de la Provincia de Santa Fe\",\"url\":\"https:\/\/municipales.org.ar\/festram\/\",\"logo\":{\"@type\":\"ImageObject\",\"inLanguage\":\"es\",\"@id\":\"https:\/\/municipales.org.ar\/festram\/#\/schema\/logo\/image\/\",\"url\":\"https:\/\/www.municipales.org.ar\/festram\/wp-content\/uploads\/2014\/07\/logo_fes.jpg\",\"contentUrl\":\"https:\/\/www.municipales.org.ar\/festram\/wp-content\/uploads\/2014\/07\/logo_fes.jpg\",\"width\":661,\"height\":673,\"caption\":\"Federaci\u00f3n de Sindicatos de Trabajadores Municipales de la Provincia de Santa Fe\"},\"image\":{\"@id\":\"https:\/\/municipales.org.ar\/festram\/#\/schema\/logo\/image\/\"},\"sameAs\":[\"https:\/\/www.facebook.com\/MunicipalesSF\",\"https:\/\/x.com\/MunicipalesSF\",\"https:\/\/www.youtube.com\/user\/festram\"]},{\"@type\":\"Person\",\"@id\":\"https:\/\/municipales.org.ar\/festram\/#\/schema\/person\/49096a774c48ce9063df4d59ec059f9e\",\"name\":\"mun_admin\"}]}<\/script>\n<!-- \/ Yoast SEO plugin. -->","yoast_head_json":{"title":"Charla TEDxLagunaSet\u00fabal 2017: \"Desde la otra orilla\" &#8211; FESTRAM","description":"Con 500 concurrentes se realiz\u00f3 la cuarta edici\u00f3n del TEDx Laguna Setubal.","robots":{"index":"index","follow":"follow","max-snippet":"max-snippet:-1","max-image-preview":"max-image-preview:large","max-video-preview":"max-video-preview:-1"},"canonical":"https:\/\/municipales.org.ar\/festram\/charla-tedxlagunasetubal-2017-desde-la-otra-orilla\/","og_locale":"es_ES","og_type":"article","og_title":"Charla TEDxLagunaSet\u00fabal 2017: \"Desde la otra orilla\" &#8211; FESTRAM","og_description":"Con 500 concurrentes se realiz\u00f3 la cuarta edici\u00f3n del TEDx Laguna Setubal.","og_url":"https:\/\/municipales.org.ar\/festram\/charla-tedxlagunasetubal-2017-desde-la-otra-orilla\/","og_site_name":"FESTRAM","article_publisher":"https:\/\/www.facebook.com\/MunicipalesSF","article_published_time":"2017-11-20T22:57:53+00:00","article_modified_time":"2017-12-06T23:05:02+00:00","og_image":[{"width":2048,"height":1365,"url":"https:\/\/municipales.org.ar\/festram\/wp-content\/uploads\/2017\/12\/24059772_1484925664916531_5369750508754534084_o.jpg","type":"image\/jpeg"}],"author":"mun_admin","twitter_card":"summary_large_image","twitter_creator":"@MunicipalesSF","twitter_site":"@MunicipalesSF","twitter_misc":{"Escrito por":"mun_admin","Tiempo de lectura":"1 minuto"},"schema":{"@context":"https:\/\/schema.org","@graph":[{"@type":"Article","@id":"https:\/\/municipales.org.ar\/festram\/charla-tedxlagunasetubal-2017-desde-la-otra-orilla\/#article","isPartOf":{"@id":"https:\/\/municipales.org.ar\/festram\/charla-tedxlagunasetubal-2017-desde-la-otra-orilla\/"},"author":{"name":"mun_admin","@id":"https:\/\/municipales.org.ar\/festram\/#\/schema\/person\/49096a774c48ce9063df4d59ec059f9e"},"headline":"Charla TEDxLagunaSet\u00fabal 2017: \u00abDesde la otra orilla\u00bb","datePublished":"2017-11-20T22:57:53+00:00","dateModified":"2017-12-06T23:05:02+00:00","mainEntityOfPage":{"@id":"https:\/\/municipales.org.ar\/festram\/charla-tedxlagunasetubal-2017-desde-la-otra-orilla\/"},"wordCount":225,"publisher":{"@id":"https:\/\/municipales.org.ar\/festram\/#organization"},"image":{"@id":"https:\/\/municipales.org.ar\/festram\/charla-tedxlagunasetubal-2017-desde-la-otra-orilla\/#primaryimage"},"thumbnailUrl":"https:\/\/municipales.org.ar\/festram\/wp-content\/uploads\/2017\/12\/24059772_1484925664916531_5369750508754534084_o.jpg","keywords":["actividades complejo"],"articleSection":["actividades en el complejo"],"inLanguage":"es"},{"@type":"WebPage","@id":"https:\/\/municipales.org.ar\/festram\/charla-tedxlagunasetubal-2017-desde-la-otra-orilla\/","url":"https:\/\/municipales.org.ar\/festram\/charla-tedxlagunasetubal-2017-desde-la-otra-orilla\/","name":"Charla TEDxLagunaSet\u00fabal 2017: \"Desde la otra orilla\" &#8211; FESTRAM","isPartOf":{"@id":"https:\/\/municipales.org.ar\/festram\/#website"},"primaryImageOfPage":{"@id":"https:\/\/municipales.org.ar\/festram\/charla-tedxlagunasetubal-2017-desde-la-otra-orilla\/#primaryimage"},"image":{"@id":"https:\/\/municipales.org.ar\/festram\/charla-tedxlagunasetubal-2017-desde-la-otra-orilla\/#primaryimage"},"thumbnailUrl":"https:\/\/municipales.org.ar\/festram\/wp-content\/uploads\/2017\/12\/24059772_1484925664916531_5369750508754534084_o.jpg","datePublished":"2017-11-20T22:57:53+00:00","dateModified":"2017-12-06T23:05:02+00:00","description":"Con 500 concurrentes se realiz\u00f3 la cuarta edici\u00f3n del TEDx Laguna Setubal.","breadcrumb":{"@id":"https:\/\/municipales.org.ar\/festram\/charla-tedxlagunasetubal-2017-desde-la-otra-orilla\/#breadcrumb"},"inLanguage":"es","potentialAction":[{"@type":"ReadAction","target":["https:\/\/municipales.org.ar\/festram\/charla-tedxlagunasetubal-2017-desde-la-otra-orilla\/"]}]},{"@type":"ImageObject","inLanguage":"es","@id":"https:\/\/municipales.org.ar\/festram\/charla-tedxlagunasetubal-2017-desde-la-otra-orilla\/#primaryimage","url":"https:\/\/municipales.org.ar\/festram\/wp-content\/uploads\/2017\/12\/24059772_1484925664916531_5369750508754534084_o.jpg","contentUrl":"https:\/\/municipales.org.ar\/festram\/wp-content\/uploads\/2017\/12\/24059772_1484925664916531_5369750508754534084_o.jpg","width":2048,"height":1365},{"@type":"BreadcrumbList","@id":"https:\/\/municipales.org.ar\/festram\/charla-tedxlagunasetubal-2017-desde-la-otra-orilla\/#breadcrumb","itemListElement":[{"@type":"ListItem","position":1,"name":"Portada","item":"https:\/\/municipales.org.ar\/festram\/"},{"@type":"ListItem","position":2,"name":"Charla TEDxLagunaSet\u00fabal 2017: \u00abDesde la otra orilla\u00bb"}]},{"@type":"WebSite","@id":"https:\/\/municipales.org.ar\/festram\/#website","url":"https:\/\/municipales.org.ar\/festram\/","name":"FESTRAM","description":"La web de los trabajadores municipales","publisher":{"@id":"https:\/\/municipales.org.ar\/festram\/#organization"},"potentialAction":[{"@type":"SearchAction","target":{"@type":"EntryPoint","urlTemplate":"https:\/\/municipales.org.ar\/festram\/?s={search_term_string}"},"query-input":{"@type":"PropertyValueSpecification","valueRequired":true,"valueName":"search_term_string"}}],"inLanguage":"es"},{"@type":"Organization","@id":"https:\/\/municipales.org.ar\/festram\/#organization","name":"Federaci\u00f3n de Sindicatos de Trabajadores Municipales de la Provincia de Santa Fe","url":"https:\/\/municipales.org.ar\/festram\/","logo":{"@type":"ImageObject","inLanguage":"es","@id":"https:\/\/municipales.org.ar\/festram\/#\/schema\/logo\/image\/","url":"https:\/\/www.municipales.org.ar\/festram\/wp-content\/uploads\/2014\/07\/logo_fes.jpg","contentUrl":"https:\/\/www.municipales.org.ar\/festram\/wp-content\/uploads\/2014\/07\/logo_fes.jpg","width":661,"height":673,"caption":"Federaci\u00f3n de Sindicatos de Trabajadores Municipales de la Provincia de Santa Fe"},"image":{"@id":"https:\/\/municipales.org.ar\/festram\/#\/schema\/logo\/image\/"},"sameAs":["https:\/\/www.facebook.com\/MunicipalesSF","https:\/\/x.com\/MunicipalesSF","https:\/\/www.youtube.com\/user\/festram"]},{"@type":"Person","@id":"https:\/\/municipales.org.ar\/festram\/#\/schema\/person\/49096a774c48ce9063df4d59ec059f9e","name":"mun_admin"}]}},"jetpack_publicize_connections":[],"jetpack_featured_media_url":"https:\/\/municipales.org.ar\/festram\/wp-content\/uploads\/2017\/12\/24059772_1484925664916531_5369750508754534084_o.jpg","jetpack_sharing_enabled":true,"jetpack_likes_enabled":false,"jetpack_shortlink":"https:\/\/wp.me\/p7l4x1-3j0","_links":{"self":[{"href":"https:\/\/municipales.org.ar\/festram\/wp-json\/wp\/v2\/posts\/12710","targetHints":{"allow":["GET"]}}],"collection":[{"href":"https:\/\/municipales.org.ar\/festram\/wp-json\/wp\/v2\/posts"}],"about":[{"href":"https:\/\/municipales.org.ar\/festram\/wp-json\/wp\/v2\/types\/post"}],"author":[{"embeddable":true,"href":"https:\/\/municipales.org.ar\/festram\/wp-json\/wp\/v2\/users\/1"}],"replies":[{"embeddable":true,"href":"https:\/\/municipales.org.ar\/festram\/wp-json\/wp\/v2\/comments?post=12710"}],"version-history":[{"count":2,"href":"https:\/\/municipales.org.ar\/festram\/wp-json\/wp\/v2\/posts\/12710\/revisions"}],"predecessor-version":[{"id":12720,"href":"https:\/\/municipales.org.ar\/festram\/wp-json\/wp\/v2\/posts\/12710\/revisions\/12720"}],"wp:featuredmedia":[{"embeddable":true,"href":"https:\/\/municipales.org.ar\/festram\/wp-json\/wp\/v2\/media\/12711"}],"wp:attachment":[{"href":"https:\/\/municipales.org.ar\/festram\/wp-json\/wp\/v2\/media?parent=12710"}],"wp:term":[{"taxonomy":"category","embeddable":true,"href":"https:\/\/municipales.org.ar\/festram\/wp-json\/wp\/v2\/categories?post=12710"},{"taxonomy":"post_tag","embeddable":true,"href":"https:\/\/municipales.org.ar\/festram\/wp-json\/wp\/v2\/tags?post=12710"}],"curies":[{"name":"wp","href":"https:\/\/api.w.org\/{rel}","templated":true}]}}