{"id":12754,"date":"2017-12-20T10:49:56","date_gmt":"2017-12-20T13:49:56","guid":{"rendered":"http:\/\/www.municipales.org.ar\/festram\/?p=12754"},"modified":"2017-12-29T12:02:10","modified_gmt":"2017-12-29T15:02:10","slug":"los-trabajadores-trabajadoras-municipales-comunales-gracias","status":"publish","type":"post","link":"https:\/\/municipales.org.ar\/festram\/los-trabajadores-trabajadoras-municipales-comunales-gracias\/","title":{"rendered":"A los Trabajadores y Trabajadoras Municipales y Comunales, GRACIAS!!!"},"content":{"rendered":"<h4>En mi condici\u00f3n de Secretario General de FESTRAM, Organizaci\u00f3n que representa a m\u00e1s de 42000 trabajadoras y trabajadores de los Municipios y Comunas de nuestra Provincia, en nombre de todos ellos les digo GRACIAS.<\/h4>\n<p><strong>GRACIAS<\/strong> a los cientos y cientos de compa\u00f1eros y compa\u00f1eras que se movilizaron en representaci\u00f3n de FESTRAM, demostrando convicci\u00f3n y coraje para defender los derechos y la dignidad de los trabajadores, los jubilados y de los sectores m\u00e1s humildes de nuestro pueblo. <strong>GRACIAS<\/strong> a los Secretarios Generales, Consejo y Comisiones Directivas, Delegados, Militantes, colaboradores y particularmente a las Mujeres y J\u00f3venes Municipales que le pusieron el cuerpo a la brutal represi\u00f3n a la que nos someti\u00f3 el gobierno de las minor\u00edas poderosas, por el solo hecho de cumplir con nuestro deber y derecho constitucional de manifestarnos en paz. <strong>GRACIAS<\/strong> por la capacidad de respuesta de nuestro movimiento sindical, que en un hecho sin precedentes y en apenas dos semanas fuimos protagonistas de tres multitudinarias movilizaciones en el Congreso de la Naci\u00f3n para hacer o\u00edr la voz de los trabajadores contra las pol\u00edticas de ajuste. <strong>GRACIAS<\/strong> por despertar la conciencia de los trabajadores, para que nadie pueda decir que nos quedamos de brazos cruzados mientras se profundiza el ajuste. Porque a nuestros hijos, nuestros padres y nuestros abuelos le podremos contar con la cabeza en alto y la mirada al frente que nosotros estuvimos donde ten\u00edamos que estar para defender su dignidad. <strong>GRACIAS<\/strong> por mantener nuestra historia, con los Municipales siempre al frente las luchas populares. <strong>GRACIAS<\/strong> por sostener el orgullo de ser Trabajador Municipal y Comunal Santafesino. <strong>GRACIAS<\/strong> por asumir que la \u00fanica lucha que se pierde es la que se abandona y por seguir unidos, solidarios y organizados para cumplir el mandato hist\u00f3rico de construir una sociedad con justicia social para los Trabajadores. \u00a0 <em>Los abrazo convencido que va en ello el coraz\u00f3n de miles de compa\u00f1eras y compa\u00f1eros que saben que nunca vamos a declinar nuestro compromiso, nuestros valores y nuestras convicciones.<\/em><\/p>\n<h5>Claudio Leoni Secretario General<\/h5>\n<p>[srizonfbalbum id=66] <a href=\"https:\/\/www.facebook.com\/media\/set\/?set=a.1696330510430859.1073741929.117916918272234&amp;type=1&amp;l=4d3e68251c\" target=\"_blank\" rel=\"noopener\">M\u00e1s fotos en la p\u00e1gina de FESTRAM en Facebook<\/a><\/p>\n","protected":false},"excerpt":{"rendered":"<p>En mi condici\u00f3n de Secretario General de FESTRAM, Organizaci\u00f3n que representa a m\u00e1s de 42000 trabajadoras y trabajadores de los Municipios y Comunas de nuestra Provincia, en nombre de todos ellos les digo GRACIAS.<\/p>\n","protected":false},"author":1,"featured_media":12755,"comment_status":"closed","ping_status":"closed","sticky":false,"template":"","format":"standard","meta":{"_jetpack_memberships_contains_paid_content":false,"footnotes":"","jetpack_publicize_message":"A los Trabajadores y Trabajadoras Municipales y Comunales, GRACIAS!!!","jetpack_publicize_feature_enabled":true,"jetpack_social_post_already_shared":true,"jetpack_social_options":{"image_generator_settings":{"template":"highway","default_image_id":0,"font":"","enabled":false},"version":2}},"categories":[159],"tags":[68,70,109,71,161],"class_list":["post-12754","post","type-post","status-publish","format-standard","has-post-thumbnail","hentry","category-comunicados-2017","tag-economia-provincial","tag-el-pais","tag-la-provincia","tag-medidas-de-fuerza","tag-titular1"],"yoast_head":"<!-- This site is optimized with the Yoast SEO plugin v25.9 - https:\/\/yoast.com\/wordpress\/plugins\/seo\/ -->\n<title>A los Trabajadores y Trabajadoras Municipales y Comunales, GRACIAS!!! &#8211; FESTRAM<\/title>\n<meta name=\"description\" content=\"En mi condici\u00f3n de Secretario General de FESTRAM, Organizaci\u00f3n que representa a m\u00e1s de 42000 trabajadoras y trabajadores de los Municipios y Comunas de nuestra Provincia, en nombre de todos ellos les digo GRACIAS.\" \/>\n<meta name=\"robots\" content=\"index, follow, max-snippet:-1, max-image-preview:large, max-video-preview:-1\" \/>\n<link rel=\"canonical\" href=\"https:\/\/municipales.org.ar\/festram\/los-trabajadores-trabajadoras-municipales-comunales-gracias\/\" \/>\n<meta property=\"og:locale\" content=\"es_ES\" \/>\n<meta property=\"og:type\" content=\"article\" \/>\n<meta property=\"og:title\" content=\"A los Trabajadores y Trabajadoras Municipales y Comunales, GRACIAS!!! &#8211; FESTRAM\" \/>\n<meta property=\"og:description\" content=\"En mi condici\u00f3n de Secretario General de FESTRAM, Organizaci\u00f3n que representa a m\u00e1s de 42000 trabajadoras y trabajadores de los Municipios y Comunas de nuestra Provincia, en nombre de todos ellos les digo GRACIAS.\" \/>\n<meta property=\"og:url\" content=\"https:\/\/municipales.org.ar\/festram\/los-trabajadores-trabajadoras-municipales-comunales-gracias\/\" \/>\n<meta property=\"og:site_name\" content=\"FESTRAM\" \/>\n<meta property=\"article:publisher\" content=\"https:\/\/www.facebook.com\/MunicipalesSF\" \/>\n<meta property=\"article:published_time\" content=\"2017-12-20T13:49:56+00:00\" \/>\n<meta property=\"article:modified_time\" content=\"2017-12-29T15:02:10+00:00\" \/>\n<meta property=\"og:image\" content=\"https:\/\/municipales.org.ar\/festram\/wp-content\/uploads\/2017\/12\/20171218-marcha-congreso-134small.jpg\" \/>\n\t<meta property=\"og:image:width\" content=\"2100\" \/>\n\t<meta property=\"og:image:height\" content=\"1400\" \/>\n\t<meta property=\"og:image:type\" content=\"image\/jpeg\" \/>\n<meta name=\"author\" content=\"mun_admin\" \/>\n<meta name=\"twitter:card\" content=\"summary_large_image\" \/>\n<meta name=\"twitter:creator\" content=\"@MunicipalesSF\" \/>\n<meta name=\"twitter:site\" content=\"@MunicipalesSF\" \/>\n<meta name=\"twitter:label1\" content=\"Escrito por\" \/>\n\t<meta name=\"twitter:data1\" content=\"mun_admin\" \/>\n\t<meta name=\"twitter:label2\" content=\"Tiempo de lectura\" \/>\n\t<meta name=\"twitter:data2\" content=\"2 minutos\" \/>\n<script type=\"application\/ld+json\" class=\"yoast-schema-graph\">{\"@context\":\"https:\/\/schema.org\",\"@graph\":[{\"@type\":\"Article\",\"@id\":\"https:\/\/municipales.org.ar\/festram\/los-trabajadores-trabajadoras-municipales-comunales-gracias\/#article\",\"isPartOf\":{\"@id\":\"https:\/\/municipales.org.ar\/festram\/los-trabajadores-trabajadoras-municipales-comunales-gracias\/\"},\"author\":{\"name\":\"mun_admin\",\"@id\":\"https:\/\/municipales.org.ar\/festram\/#\/schema\/person\/49096a774c48ce9063df4d59ec059f9e\"},\"headline\":\"A los Trabajadores y Trabajadoras Municipales y Comunales, GRACIAS!!!\",\"datePublished\":\"2017-12-20T13:49:56+00:00\",\"dateModified\":\"2017-12-29T15:02:10+00:00\",\"mainEntityOfPage\":{\"@id\":\"https:\/\/municipales.org.ar\/festram\/los-trabajadores-trabajadoras-municipales-comunales-gracias\/\"},\"wordCount\":371,\"publisher\":{\"@id\":\"https:\/\/municipales.org.ar\/festram\/#organization\"},\"image\":{\"@id\":\"https:\/\/municipales.org.ar\/festram\/los-trabajadores-trabajadoras-municipales-comunales-gracias\/#primaryimage\"},\"thumbnailUrl\":\"https:\/\/municipales.org.ar\/festram\/wp-content\/uploads\/2017\/12\/20171218-marcha-congreso-134small.jpg\",\"keywords\":[\"econom\u00eda provincial\",\"el pa\u00eds\",\"la provincia\",\"medidas de fuerza\",\"titular1\"],\"articleSection\":[\"Comunicados 2017\"],\"inLanguage\":\"es\"},{\"@type\":\"WebPage\",\"@id\":\"https:\/\/municipales.org.ar\/festram\/los-trabajadores-trabajadoras-municipales-comunales-gracias\/\",\"url\":\"https:\/\/municipales.org.ar\/festram\/los-trabajadores-trabajadoras-municipales-comunales-gracias\/\",\"name\":\"A los Trabajadores y Trabajadoras Municipales y Comunales, GRACIAS!!! &#8211; FESTRAM\",\"isPartOf\":{\"@id\":\"https:\/\/municipales.org.ar\/festram\/#website\"},\"primaryImageOfPage\":{\"@id\":\"https:\/\/municipales.org.ar\/festram\/los-trabajadores-trabajadoras-municipales-comunales-gracias\/#primaryimage\"},\"image\":{\"@id\":\"https:\/\/municipales.org.ar\/festram\/los-trabajadores-trabajadoras-municipales-comunales-gracias\/#primaryimage\"},\"thumbnailUrl\":\"https:\/\/municipales.org.ar\/festram\/wp-content\/uploads\/2017\/12\/20171218-marcha-congreso-134small.jpg\",\"datePublished\":\"2017-12-20T13:49:56+00:00\",\"dateModified\":\"2017-12-29T15:02:10+00:00\",\"description\":\"En mi condici\u00f3n de Secretario General de FESTRAM, Organizaci\u00f3n que representa a m\u00e1s de 42000 trabajadoras y trabajadores de los Municipios y Comunas de nuestra Provincia, en nombre de todos ellos les digo GRACIAS.\",\"breadcrumb\":{\"@id\":\"https:\/\/municipales.org.ar\/festram\/los-trabajadores-trabajadoras-municipales-comunales-gracias\/#breadcrumb\"},\"inLanguage\":\"es\",\"potentialAction\":[{\"@type\":\"ReadAction\",\"target\":[\"https:\/\/municipales.org.ar\/festram\/los-trabajadores-trabajadoras-municipales-comunales-gracias\/\"]}]},{\"@type\":\"ImageObject\",\"inLanguage\":\"es\",\"@id\":\"https:\/\/municipales.org.ar\/festram\/los-trabajadores-trabajadoras-municipales-comunales-gracias\/#primaryimage\",\"url\":\"https:\/\/municipales.org.ar\/festram\/wp-content\/uploads\/2017\/12\/20171218-marcha-congreso-134small.jpg\",\"contentUrl\":\"https:\/\/municipales.org.ar\/festram\/wp-content\/uploads\/2017\/12\/20171218-marcha-congreso-134small.jpg\",\"width\":2100,\"height\":1400},{\"@type\":\"BreadcrumbList\",\"@id\":\"https:\/\/municipales.org.ar\/festram\/los-trabajadores-trabajadoras-municipales-comunales-gracias\/#breadcrumb\",\"itemListElement\":[{\"@type\":\"ListItem\",\"position\":1,\"name\":\"Portada\",\"item\":\"https:\/\/municipales.org.ar\/festram\/\"},{\"@type\":\"ListItem\",\"position\":2,\"name\":\"A los Trabajadores y Trabajadoras Municipales y Comunales, GRACIAS!!!\"}]},{\"@type\":\"WebSite\",\"@id\":\"https:\/\/municipales.org.ar\/festram\/#website\",\"url\":\"https:\/\/municipales.org.ar\/festram\/\",\"name\":\"FESTRAM\",\"description\":\"La web de los trabajadores municipales\",\"publisher\":{\"@id\":\"https:\/\/municipales.org.ar\/festram\/#organization\"},\"potentialAction\":[{\"@type\":\"SearchAction\",\"target\":{\"@type\":\"EntryPoint\",\"urlTemplate\":\"https:\/\/municipales.org.ar\/festram\/?s={search_term_string}\"},\"query-input\":{\"@type\":\"PropertyValueSpecification\",\"valueRequired\":true,\"valueName\":\"search_term_string\"}}],\"inLanguage\":\"es\"},{\"@type\":\"Organization\",\"@id\":\"https:\/\/municipales.org.ar\/festram\/#organization\",\"name\":\"Federaci\u00f3n de Sindicatos de Trabajadores Municipales de la Provincia de Santa Fe\",\"url\":\"https:\/\/municipales.org.ar\/festram\/\",\"logo\":{\"@type\":\"ImageObject\",\"inLanguage\":\"es\",\"@id\":\"https:\/\/municipales.org.ar\/festram\/#\/schema\/logo\/image\/\",\"url\":\"https:\/\/www.municipales.org.ar\/festram\/wp-content\/uploads\/2014\/07\/logo_fes.jpg\",\"contentUrl\":\"https:\/\/www.municipales.org.ar\/festram\/wp-content\/uploads\/2014\/07\/logo_fes.jpg\",\"width\":661,\"height\":673,\"caption\":\"Federaci\u00f3n de Sindicatos de Trabajadores Municipales de la Provincia de Santa Fe\"},\"image\":{\"@id\":\"https:\/\/municipales.org.ar\/festram\/#\/schema\/logo\/image\/\"},\"sameAs\":[\"https:\/\/www.facebook.com\/MunicipalesSF\",\"https:\/\/x.com\/MunicipalesSF\",\"https:\/\/www.youtube.com\/user\/festram\"]},{\"@type\":\"Person\",\"@id\":\"https:\/\/municipales.org.ar\/festram\/#\/schema\/person\/49096a774c48ce9063df4d59ec059f9e\",\"name\":\"mun_admin\"}]}<\/script>\n<!-- \/ Yoast SEO plugin. -->","yoast_head_json":{"title":"A los Trabajadores y Trabajadoras Municipales y Comunales, GRACIAS!!! &#8211; FESTRAM","description":"En mi condici\u00f3n de Secretario General de FESTRAM, Organizaci\u00f3n que representa a m\u00e1s de 42000 trabajadoras y trabajadores de los Municipios y Comunas de nuestra Provincia, en nombre de todos ellos les digo GRACIAS.","robots":{"index":"index","follow":"follow","max-snippet":"max-snippet:-1","max-image-preview":"max-image-preview:large","max-video-preview":"max-video-preview:-1"},"canonical":"https:\/\/municipales.org.ar\/festram\/los-trabajadores-trabajadoras-municipales-comunales-gracias\/","og_locale":"es_ES","og_type":"article","og_title":"A los Trabajadores y Trabajadoras Municipales y Comunales, GRACIAS!!! &#8211; FESTRAM","og_description":"En mi condici\u00f3n de Secretario General de FESTRAM, Organizaci\u00f3n que representa a m\u00e1s de 42000 trabajadoras y trabajadores de los Municipios y Comunas de nuestra Provincia, en nombre de todos ellos les digo GRACIAS.","og_url":"https:\/\/municipales.org.ar\/festram\/los-trabajadores-trabajadoras-municipales-comunales-gracias\/","og_site_name":"FESTRAM","article_publisher":"https:\/\/www.facebook.com\/MunicipalesSF","article_published_time":"2017-12-20T13:49:56+00:00","article_modified_time":"2017-12-29T15:02:10+00:00","og_image":[{"width":2100,"height":1400,"url":"https:\/\/municipales.org.ar\/festram\/wp-content\/uploads\/2017\/12\/20171218-marcha-congreso-134small.jpg","type":"image\/jpeg"}],"author":"mun_admin","twitter_card":"summary_large_image","twitter_creator":"@MunicipalesSF","twitter_site":"@MunicipalesSF","twitter_misc":{"Escrito por":"mun_admin","Tiempo de lectura":"2 minutos"},"schema":{"@context":"https:\/\/schema.org","@graph":[{"@type":"Article","@id":"https:\/\/municipales.org.ar\/festram\/los-trabajadores-trabajadoras-municipales-comunales-gracias\/#article","isPartOf":{"@id":"https:\/\/municipales.org.ar\/festram\/los-trabajadores-trabajadoras-municipales-comunales-gracias\/"},"author":{"name":"mun_admin","@id":"https:\/\/municipales.org.ar\/festram\/#\/schema\/person\/49096a774c48ce9063df4d59ec059f9e"},"headline":"A los Trabajadores y Trabajadoras Municipales y Comunales, GRACIAS!!!","datePublished":"2017-12-20T13:49:56+00:00","dateModified":"2017-12-29T15:02:10+00:00","mainEntityOfPage":{"@id":"https:\/\/municipales.org.ar\/festram\/los-trabajadores-trabajadoras-municipales-comunales-gracias\/"},"wordCount":371,"publisher":{"@id":"https:\/\/municipales.org.ar\/festram\/#organization"},"image":{"@id":"https:\/\/municipales.org.ar\/festram\/los-trabajadores-trabajadoras-municipales-comunales-gracias\/#primaryimage"},"thumbnailUrl":"https:\/\/municipales.org.ar\/festram\/wp-content\/uploads\/2017\/12\/20171218-marcha-congreso-134small.jpg","keywords":["econom\u00eda provincial","el pa\u00eds","la provincia","medidas de fuerza","titular1"],"articleSection":["Comunicados 2017"],"inLanguage":"es"},{"@type":"WebPage","@id":"https:\/\/municipales.org.ar\/festram\/los-trabajadores-trabajadoras-municipales-comunales-gracias\/","url":"https:\/\/municipales.org.ar\/festram\/los-trabajadores-trabajadoras-municipales-comunales-gracias\/","name":"A los Trabajadores y Trabajadoras Municipales y Comunales, GRACIAS!!! &#8211; FESTRAM","isPartOf":{"@id":"https:\/\/municipales.org.ar\/festram\/#website"},"primaryImageOfPage":{"@id":"https:\/\/municipales.org.ar\/festram\/los-trabajadores-trabajadoras-municipales-comunales-gracias\/#primaryimage"},"image":{"@id":"https:\/\/municipales.org.ar\/festram\/los-trabajadores-trabajadoras-municipales-comunales-gracias\/#primaryimage"},"thumbnailUrl":"https:\/\/municipales.org.ar\/festram\/wp-content\/uploads\/2017\/12\/20171218-marcha-congreso-134small.jpg","datePublished":"2017-12-20T13:49:56+00:00","dateModified":"2017-12-29T15:02:10+00:00","description":"En mi condici\u00f3n de Secretario General de FESTRAM, Organizaci\u00f3n que representa a m\u00e1s de 42000 trabajadoras y trabajadores de los Municipios y Comunas de nuestra Provincia, en nombre de todos ellos les digo GRACIAS.","breadcrumb":{"@id":"https:\/\/municipales.org.ar\/festram\/los-trabajadores-trabajadoras-municipales-comunales-gracias\/#breadcrumb"},"inLanguage":"es","potentialAction":[{"@type":"ReadAction","target":["https:\/\/municipales.org.ar\/festram\/los-trabajadores-trabajadoras-municipales-comunales-gracias\/"]}]},{"@type":"ImageObject","inLanguage":"es","@id":"https:\/\/municipales.org.ar\/festram\/los-trabajadores-trabajadoras-municipales-comunales-gracias\/#primaryimage","url":"https:\/\/municipales.org.ar\/festram\/wp-content\/uploads\/2017\/12\/20171218-marcha-congreso-134small.jpg","contentUrl":"https:\/\/municipales.org.ar\/festram\/wp-content\/uploads\/2017\/12\/20171218-marcha-congreso-134small.jpg","width":2100,"height":1400},{"@type":"BreadcrumbList","@id":"https:\/\/municipales.org.ar\/festram\/los-trabajadores-trabajadoras-municipales-comunales-gracias\/#breadcrumb","itemListElement":[{"@type":"ListItem","position":1,"name":"Portada","item":"https:\/\/municipales.org.ar\/festram\/"},{"@type":"ListItem","position":2,"name":"A los Trabajadores y Trabajadoras Municipales y Comunales, GRACIAS!!!"}]},{"@type":"WebSite","@id":"https:\/\/municipales.org.ar\/festram\/#website","url":"https:\/\/municipales.org.ar\/festram\/","name":"FESTRAM","description":"La web de los trabajadores municipales","publisher":{"@id":"https:\/\/municipales.org.ar\/festram\/#organization"},"potentialAction":[{"@type":"SearchAction","target":{"@type":"EntryPoint","urlTemplate":"https:\/\/municipales.org.ar\/festram\/?s={search_term_string}"},"query-input":{"@type":"PropertyValueSpecification","valueRequired":true,"valueName":"search_term_string"}}],"inLanguage":"es"},{"@type":"Organization","@id":"https:\/\/municipales.org.ar\/festram\/#organization","name":"Federaci\u00f3n de Sindicatos de Trabajadores Municipales de la Provincia de Santa Fe","url":"https:\/\/municipales.org.ar\/festram\/","logo":{"@type":"ImageObject","inLanguage":"es","@id":"https:\/\/municipales.org.ar\/festram\/#\/schema\/logo\/image\/","url":"https:\/\/www.municipales.org.ar\/festram\/wp-content\/uploads\/2014\/07\/logo_fes.jpg","contentUrl":"https:\/\/www.municipales.org.ar\/festram\/wp-content\/uploads\/2014\/07\/logo_fes.jpg","width":661,"height":673,"caption":"Federaci\u00f3n de Sindicatos de Trabajadores Municipales de la Provincia de Santa Fe"},"image":{"@id":"https:\/\/municipales.org.ar\/festram\/#\/schema\/logo\/image\/"},"sameAs":["https:\/\/www.facebook.com\/MunicipalesSF","https:\/\/x.com\/MunicipalesSF","https:\/\/www.youtube.com\/user\/festram"]},{"@type":"Person","@id":"https:\/\/municipales.org.ar\/festram\/#\/schema\/person\/49096a774c48ce9063df4d59ec059f9e","name":"mun_admin"}]}},"jetpack_publicize_connections":[],"jetpack_featured_media_url":"https:\/\/municipales.org.ar\/festram\/wp-content\/uploads\/2017\/12\/20171218-marcha-congreso-134small.jpg","jetpack_sharing_enabled":true,"jetpack_likes_enabled":false,"jetpack_shortlink":"https:\/\/wp.me\/p7l4x1-3jI","_links":{"self":[{"href":"https:\/\/municipales.org.ar\/festram\/wp-json\/wp\/v2\/posts\/12754","targetHints":{"allow":["GET"]}}],"collection":[{"href":"https:\/\/municipales.org.ar\/festram\/wp-json\/wp\/v2\/posts"}],"about":[{"href":"https:\/\/municipales.org.ar\/festram\/wp-json\/wp\/v2\/types\/post"}],"author":[{"embeddable":true,"href":"https:\/\/municipales.org.ar\/festram\/wp-json\/wp\/v2\/users\/1"}],"replies":[{"embeddable":true,"href":"https:\/\/municipales.org.ar\/festram\/wp-json\/wp\/v2\/comments?post=12754"}],"version-history":[{"count":3,"href":"https:\/\/municipales.org.ar\/festram\/wp-json\/wp\/v2\/posts\/12754\/revisions"}],"predecessor-version":[{"id":12766,"href":"https:\/\/municipales.org.ar\/festram\/wp-json\/wp\/v2\/posts\/12754\/revisions\/12766"}],"wp:featuredmedia":[{"embeddable":true,"href":"https:\/\/municipales.org.ar\/festram\/wp-json\/wp\/v2\/media\/12755"}],"wp:attachment":[{"href":"https:\/\/municipales.org.ar\/festram\/wp-json\/wp\/v2\/media?parent=12754"}],"wp:term":[{"taxonomy":"category","embeddable":true,"href":"https:\/\/municipales.org.ar\/festram\/wp-json\/wp\/v2\/categories?post=12754"},{"taxonomy":"post_tag","embeddable":true,"href":"https:\/\/municipales.org.ar\/festram\/wp-json\/wp\/v2\/tags?post=12754"}],"curies":[{"name":"wp","href":"https:\/\/api.w.org\/{rel}","templated":true}]}}