{"id":12757,"date":"2017-12-26T12:53:32","date_gmt":"2017-12-26T15:53:32","guid":{"rendered":"http:\/\/www.municipales.org.ar\/festram\/?p=12757"},"modified":"2018-01-29T09:23:30","modified_gmt":"2018-01-29T12:23:30","slug":"municipalidad-san-carlos-debera-reincorporar-la-trabajadora-denuncio-violencia-laboral-genero","status":"publish","type":"post","link":"https:\/\/municipales.org.ar\/festram\/municipalidad-san-carlos-debera-reincorporar-la-trabajadora-denuncio-violencia-laboral-genero\/","title":{"rendered":"Municipalidad de San Carlos deber\u00e1 reincorporar a la trabajadora que denunci\u00f3 violencia laboral y de g\u00e9nero"},"content":{"rendered":"<h3>La Justicia anul\u00f3 la cesant\u00eda que Placenzotti impuso a la trabajadora v\u00edctima de violencia en San Carlos.<\/h3>\n<p>&nbsp;<\/p>\n<p>La C\u00e1mara de lo Contencioso Administrativo de Santa Fe, dio lugar a la medida cautelar y resolvi\u00f3 la invalidez del Decreto que dispuso la cesant\u00eda de la trabajadora municipal de San Carlos que denunci\u00f3 violencia laboral, y consecuentemente de g\u00e9nero, que promovi\u00f3 la Federaci\u00f3n de Sindicatos de Trabajadores Municipales \u2013 FESTRAM.<\/p>\n<p>En los argumentos, la C\u00e1mara considera que deber\u00eda sancionarse a los funcionarios que dispusieron el despido de la trabajadora por haber alterado las disposiciones legales para forzar la cesant\u00eda de la que fue objeto la trabajadora. Tambi\u00e9n orden\u00f3 el pago de los salarios ca\u00eddos y le estableci\u00f3 las costas al Municipio.<\/p>\n<p>La cesant\u00eda de la trabajadora motiv\u00f3 que en fecha 12 de Octubre se realizara una hist\u00f3rica marcha de Mujeres Municipales y Comunales contra la violencia laboral y de g\u00e9nero, que cont\u00f3 con la adhesi\u00f3n de la Red de Mujeres y J\u00f3venes de FESTRAM, CGT, CTA, Mesa Ni Una Menos, Intersindical de Espacios Libres de Violencia y con la adhesi\u00f3n especial de la Senadora Nacional Mar\u00eda de los \u00c1ngeles Sacnun.<\/p>\n<p>FESTRAM denunci\u00f3 penalmente al Intendente Placenzotti por abuso de autoridad e incumplimiento de los deberes de funcionario p\u00fablico y la C\u00e1mara de Diputados de la Provincia\u00a0se expres\u00f3 en el mismo sentido asegurando: \u201cel Intendente en lugar de velar por la protecci\u00f3n y la asistencia de la empleada, la alej\u00f3 del cargo imponi\u00e9ndole una serie de sanciones administrativas\u201d<\/p>\n<p>La C\u00e1mara de lo Contencioso Administrativo anul\u00f3 las sanciones, haciendo justicia con el reclamo interpuesto.<\/p>\n<p>Luego de esta decisi\u00f3n judicial, el gremio espera que desde el Ministerio de Trabajo y desde la Defensor\u00eda del Pueblo se aceleren las actuaciones que la Legislatura le reclam\u00f3 al Poder Ejecutivo.<\/p>\n<p>Prensa FESTRAM<\/p>\n","protected":false},"excerpt":{"rendered":"<p>La Justicia anul\u00f3 la cesant\u00eda que Placenzotti impuso a la trabajadora v\u00edctima de violencia en San Carlos.<\/p>\n","protected":false},"author":1,"featured_media":12758,"comment_status":"closed","ping_status":"closed","sticky":false,"template":"","format":"standard","meta":{"_jetpack_memberships_contains_paid_content":false,"footnotes":"","jetpack_publicize_message":"Municipalidad de San Carlos deber\u00e1 reincorporar a la trabajadora que denunci\u00f3 violencia laboral y de g\u00e9nero","jetpack_publicize_feature_enabled":true,"jetpack_social_post_already_shared":true,"jetpack_social_options":{"image_generator_settings":{"template":"highway","default_image_id":0,"font":"","enabled":false},"version":2}},"categories":[159,50],"tags":[87],"class_list":["post-12757","post","type-post","status-publish","format-standard","has-post-thumbnail","hentry","category-comunicados-2017","category-genero","tag-genero-2"],"yoast_head":"<!-- This site is optimized with the Yoast SEO plugin v25.9 - https:\/\/yoast.com\/wordpress\/plugins\/seo\/ -->\n<title>Municipalidad de San Carlos deber\u00e1 reincorporar a la trabajadora que denunci\u00f3 violencia laboral y de g\u00e9nero &#8211; FESTRAM<\/title>\n<meta name=\"description\" content=\"La Justicia anul\u00f3 la cesant\u00eda que Placenzotti impuso a la trabajadora v\u00edctima de violencia en San Carlos.\" \/>\n<meta name=\"robots\" content=\"index, follow, max-snippet:-1, max-image-preview:large, max-video-preview:-1\" \/>\n<link rel=\"canonical\" href=\"https:\/\/municipales.org.ar\/festram\/municipalidad-san-carlos-debera-reincorporar-la-trabajadora-denuncio-violencia-laboral-genero\/\" \/>\n<meta property=\"og:locale\" content=\"es_ES\" \/>\n<meta property=\"og:type\" content=\"article\" \/>\n<meta property=\"og:title\" content=\"Municipalidad de San Carlos deber\u00e1 reincorporar a la trabajadora que denunci\u00f3 violencia laboral y de g\u00e9nero &#8211; FESTRAM\" \/>\n<meta property=\"og:description\" content=\"La Justicia anul\u00f3 la cesant\u00eda que Placenzotti impuso a la trabajadora v\u00edctima de violencia en San Carlos.\" \/>\n<meta property=\"og:url\" content=\"https:\/\/municipales.org.ar\/festram\/municipalidad-san-carlos-debera-reincorporar-la-trabajadora-denuncio-violencia-laboral-genero\/\" \/>\n<meta property=\"og:site_name\" content=\"FESTRAM\" \/>\n<meta property=\"article:publisher\" content=\"https:\/\/www.facebook.com\/MunicipalesSF\" \/>\n<meta property=\"article:published_time\" content=\"2017-12-26T15:53:32+00:00\" \/>\n<meta property=\"article:modified_time\" content=\"2018-01-29T12:23:30+00:00\" \/>\n<meta property=\"og:image\" content=\"https:\/\/municipales.org.ar\/festram\/wp-content\/uploads\/2017\/12\/22384248_1628418847222026_54238226087760606_o.jpg\" \/>\n\t<meta property=\"og:image:width\" content=\"2048\" \/>\n\t<meta property=\"og:image:height\" content=\"1365\" \/>\n\t<meta property=\"og:image:type\" content=\"image\/jpeg\" \/>\n<meta name=\"author\" content=\"mun_admin\" \/>\n<meta name=\"twitter:card\" content=\"summary_large_image\" \/>\n<meta name=\"twitter:creator\" content=\"@MunicipalesSF\" \/>\n<meta name=\"twitter:site\" content=\"@MunicipalesSF\" \/>\n<meta name=\"twitter:label1\" content=\"Escrito por\" \/>\n\t<meta name=\"twitter:data1\" content=\"mun_admin\" \/>\n\t<meta name=\"twitter:label2\" content=\"Tiempo de lectura\" \/>\n\t<meta name=\"twitter:data2\" content=\"2 minutos\" \/>\n<script type=\"application\/ld+json\" class=\"yoast-schema-graph\">{\"@context\":\"https:\/\/schema.org\",\"@graph\":[{\"@type\":\"Article\",\"@id\":\"https:\/\/municipales.org.ar\/festram\/municipalidad-san-carlos-debera-reincorporar-la-trabajadora-denuncio-violencia-laboral-genero\/#article\",\"isPartOf\":{\"@id\":\"https:\/\/municipales.org.ar\/festram\/municipalidad-san-carlos-debera-reincorporar-la-trabajadora-denuncio-violencia-laboral-genero\/\"},\"author\":{\"name\":\"mun_admin\",\"@id\":\"https:\/\/municipales.org.ar\/festram\/#\/schema\/person\/49096a774c48ce9063df4d59ec059f9e\"},\"headline\":\"Municipalidad de San Carlos deber\u00e1 reincorporar a la trabajadora que denunci\u00f3 violencia laboral y de g\u00e9nero\",\"datePublished\":\"2017-12-26T15:53:32+00:00\",\"dateModified\":\"2018-01-29T12:23:30+00:00\",\"mainEntityOfPage\":{\"@id\":\"https:\/\/municipales.org.ar\/festram\/municipalidad-san-carlos-debera-reincorporar-la-trabajadora-denuncio-violencia-laboral-genero\/\"},\"wordCount\":336,\"publisher\":{\"@id\":\"https:\/\/municipales.org.ar\/festram\/#organization\"},\"image\":{\"@id\":\"https:\/\/municipales.org.ar\/festram\/municipalidad-san-carlos-debera-reincorporar-la-trabajadora-denuncio-violencia-laboral-genero\/#primaryimage\"},\"thumbnailUrl\":\"https:\/\/municipales.org.ar\/festram\/wp-content\/uploads\/2017\/12\/22384248_1628418847222026_54238226087760606_o.jpg\",\"keywords\":[\"g\u00e9nero\"],\"articleSection\":[\"Comunicados 2017\",\"G\u00e9nero\"],\"inLanguage\":\"es\"},{\"@type\":\"WebPage\",\"@id\":\"https:\/\/municipales.org.ar\/festram\/municipalidad-san-carlos-debera-reincorporar-la-trabajadora-denuncio-violencia-laboral-genero\/\",\"url\":\"https:\/\/municipales.org.ar\/festram\/municipalidad-san-carlos-debera-reincorporar-la-trabajadora-denuncio-violencia-laboral-genero\/\",\"name\":\"Municipalidad de San Carlos deber\u00e1 reincorporar a la trabajadora que denunci\u00f3 violencia laboral y de g\u00e9nero &#8211; FESTRAM\",\"isPartOf\":{\"@id\":\"https:\/\/municipales.org.ar\/festram\/#website\"},\"primaryImageOfPage\":{\"@id\":\"https:\/\/municipales.org.ar\/festram\/municipalidad-san-carlos-debera-reincorporar-la-trabajadora-denuncio-violencia-laboral-genero\/#primaryimage\"},\"image\":{\"@id\":\"https:\/\/municipales.org.ar\/festram\/municipalidad-san-carlos-debera-reincorporar-la-trabajadora-denuncio-violencia-laboral-genero\/#primaryimage\"},\"thumbnailUrl\":\"https:\/\/municipales.org.ar\/festram\/wp-content\/uploads\/2017\/12\/22384248_1628418847222026_54238226087760606_o.jpg\",\"datePublished\":\"2017-12-26T15:53:32+00:00\",\"dateModified\":\"2018-01-29T12:23:30+00:00\",\"description\":\"La Justicia anul\u00f3 la cesant\u00eda que Placenzotti impuso a la trabajadora v\u00edctima de violencia en San Carlos.\",\"breadcrumb\":{\"@id\":\"https:\/\/municipales.org.ar\/festram\/municipalidad-san-carlos-debera-reincorporar-la-trabajadora-denuncio-violencia-laboral-genero\/#breadcrumb\"},\"inLanguage\":\"es\",\"potentialAction\":[{\"@type\":\"ReadAction\",\"target\":[\"https:\/\/municipales.org.ar\/festram\/municipalidad-san-carlos-debera-reincorporar-la-trabajadora-denuncio-violencia-laboral-genero\/\"]}]},{\"@type\":\"ImageObject\",\"inLanguage\":\"es\",\"@id\":\"https:\/\/municipales.org.ar\/festram\/municipalidad-san-carlos-debera-reincorporar-la-trabajadora-denuncio-violencia-laboral-genero\/#primaryimage\",\"url\":\"https:\/\/municipales.org.ar\/festram\/wp-content\/uploads\/2017\/12\/22384248_1628418847222026_54238226087760606_o.jpg\",\"contentUrl\":\"https:\/\/municipales.org.ar\/festram\/wp-content\/uploads\/2017\/12\/22384248_1628418847222026_54238226087760606_o.jpg\",\"width\":2048,\"height\":1365},{\"@type\":\"BreadcrumbList\",\"@id\":\"https:\/\/municipales.org.ar\/festram\/municipalidad-san-carlos-debera-reincorporar-la-trabajadora-denuncio-violencia-laboral-genero\/#breadcrumb\",\"itemListElement\":[{\"@type\":\"ListItem\",\"position\":1,\"name\":\"Portada\",\"item\":\"https:\/\/municipales.org.ar\/festram\/\"},{\"@type\":\"ListItem\",\"position\":2,\"name\":\"Municipalidad de San Carlos deber\u00e1 reincorporar a la trabajadora que denunci\u00f3 violencia laboral y de g\u00e9nero\"}]},{\"@type\":\"WebSite\",\"@id\":\"https:\/\/municipales.org.ar\/festram\/#website\",\"url\":\"https:\/\/municipales.org.ar\/festram\/\",\"name\":\"FESTRAM\",\"description\":\"La web de los trabajadores municipales\",\"publisher\":{\"@id\":\"https:\/\/municipales.org.ar\/festram\/#organization\"},\"potentialAction\":[{\"@type\":\"SearchAction\",\"target\":{\"@type\":\"EntryPoint\",\"urlTemplate\":\"https:\/\/municipales.org.ar\/festram\/?s={search_term_string}\"},\"query-input\":{\"@type\":\"PropertyValueSpecification\",\"valueRequired\":true,\"valueName\":\"search_term_string\"}}],\"inLanguage\":\"es\"},{\"@type\":\"Organization\",\"@id\":\"https:\/\/municipales.org.ar\/festram\/#organization\",\"name\":\"Federaci\u00f3n de Sindicatos de Trabajadores Municipales de la Provincia de Santa Fe\",\"url\":\"https:\/\/municipales.org.ar\/festram\/\",\"logo\":{\"@type\":\"ImageObject\",\"inLanguage\":\"es\",\"@id\":\"https:\/\/municipales.org.ar\/festram\/#\/schema\/logo\/image\/\",\"url\":\"https:\/\/www.municipales.org.ar\/festram\/wp-content\/uploads\/2014\/07\/logo_fes.jpg\",\"contentUrl\":\"https:\/\/www.municipales.org.ar\/festram\/wp-content\/uploads\/2014\/07\/logo_fes.jpg\",\"width\":661,\"height\":673,\"caption\":\"Federaci\u00f3n de Sindicatos de Trabajadores Municipales de la Provincia de Santa Fe\"},\"image\":{\"@id\":\"https:\/\/municipales.org.ar\/festram\/#\/schema\/logo\/image\/\"},\"sameAs\":[\"https:\/\/www.facebook.com\/MunicipalesSF\",\"https:\/\/x.com\/MunicipalesSF\",\"https:\/\/www.youtube.com\/user\/festram\"]},{\"@type\":\"Person\",\"@id\":\"https:\/\/municipales.org.ar\/festram\/#\/schema\/person\/49096a774c48ce9063df4d59ec059f9e\",\"name\":\"mun_admin\"}]}<\/script>\n<!-- \/ Yoast SEO plugin. -->","yoast_head_json":{"title":"Municipalidad de San Carlos deber\u00e1 reincorporar a la trabajadora que denunci\u00f3 violencia laboral y de g\u00e9nero &#8211; FESTRAM","description":"La Justicia anul\u00f3 la cesant\u00eda que Placenzotti impuso a la trabajadora v\u00edctima de violencia en San Carlos.","robots":{"index":"index","follow":"follow","max-snippet":"max-snippet:-1","max-image-preview":"max-image-preview:large","max-video-preview":"max-video-preview:-1"},"canonical":"https:\/\/municipales.org.ar\/festram\/municipalidad-san-carlos-debera-reincorporar-la-trabajadora-denuncio-violencia-laboral-genero\/","og_locale":"es_ES","og_type":"article","og_title":"Municipalidad de San Carlos deber\u00e1 reincorporar a la trabajadora que denunci\u00f3 violencia laboral y de g\u00e9nero &#8211; FESTRAM","og_description":"La Justicia anul\u00f3 la cesant\u00eda que Placenzotti impuso a la trabajadora v\u00edctima de violencia en San Carlos.","og_url":"https:\/\/municipales.org.ar\/festram\/municipalidad-san-carlos-debera-reincorporar-la-trabajadora-denuncio-violencia-laboral-genero\/","og_site_name":"FESTRAM","article_publisher":"https:\/\/www.facebook.com\/MunicipalesSF","article_published_time":"2017-12-26T15:53:32+00:00","article_modified_time":"2018-01-29T12:23:30+00:00","og_image":[{"width":2048,"height":1365,"url":"https:\/\/municipales.org.ar\/festram\/wp-content\/uploads\/2017\/12\/22384248_1628418847222026_54238226087760606_o.jpg","type":"image\/jpeg"}],"author":"mun_admin","twitter_card":"summary_large_image","twitter_creator":"@MunicipalesSF","twitter_site":"@MunicipalesSF","twitter_misc":{"Escrito por":"mun_admin","Tiempo de lectura":"2 minutos"},"schema":{"@context":"https:\/\/schema.org","@graph":[{"@type":"Article","@id":"https:\/\/municipales.org.ar\/festram\/municipalidad-san-carlos-debera-reincorporar-la-trabajadora-denuncio-violencia-laboral-genero\/#article","isPartOf":{"@id":"https:\/\/municipales.org.ar\/festram\/municipalidad-san-carlos-debera-reincorporar-la-trabajadora-denuncio-violencia-laboral-genero\/"},"author":{"name":"mun_admin","@id":"https:\/\/municipales.org.ar\/festram\/#\/schema\/person\/49096a774c48ce9063df4d59ec059f9e"},"headline":"Municipalidad de San Carlos deber\u00e1 reincorporar a la trabajadora que denunci\u00f3 violencia laboral y de g\u00e9nero","datePublished":"2017-12-26T15:53:32+00:00","dateModified":"2018-01-29T12:23:30+00:00","mainEntityOfPage":{"@id":"https:\/\/municipales.org.ar\/festram\/municipalidad-san-carlos-debera-reincorporar-la-trabajadora-denuncio-violencia-laboral-genero\/"},"wordCount":336,"publisher":{"@id":"https:\/\/municipales.org.ar\/festram\/#organization"},"image":{"@id":"https:\/\/municipales.org.ar\/festram\/municipalidad-san-carlos-debera-reincorporar-la-trabajadora-denuncio-violencia-laboral-genero\/#primaryimage"},"thumbnailUrl":"https:\/\/municipales.org.ar\/festram\/wp-content\/uploads\/2017\/12\/22384248_1628418847222026_54238226087760606_o.jpg","keywords":["g\u00e9nero"],"articleSection":["Comunicados 2017","G\u00e9nero"],"inLanguage":"es"},{"@type":"WebPage","@id":"https:\/\/municipales.org.ar\/festram\/municipalidad-san-carlos-debera-reincorporar-la-trabajadora-denuncio-violencia-laboral-genero\/","url":"https:\/\/municipales.org.ar\/festram\/municipalidad-san-carlos-debera-reincorporar-la-trabajadora-denuncio-violencia-laboral-genero\/","name":"Municipalidad de San Carlos deber\u00e1 reincorporar a la trabajadora que denunci\u00f3 violencia laboral y de g\u00e9nero &#8211; FESTRAM","isPartOf":{"@id":"https:\/\/municipales.org.ar\/festram\/#website"},"primaryImageOfPage":{"@id":"https:\/\/municipales.org.ar\/festram\/municipalidad-san-carlos-debera-reincorporar-la-trabajadora-denuncio-violencia-laboral-genero\/#primaryimage"},"image":{"@id":"https:\/\/municipales.org.ar\/festram\/municipalidad-san-carlos-debera-reincorporar-la-trabajadora-denuncio-violencia-laboral-genero\/#primaryimage"},"thumbnailUrl":"https:\/\/municipales.org.ar\/festram\/wp-content\/uploads\/2017\/12\/22384248_1628418847222026_54238226087760606_o.jpg","datePublished":"2017-12-26T15:53:32+00:00","dateModified":"2018-01-29T12:23:30+00:00","description":"La Justicia anul\u00f3 la cesant\u00eda que Placenzotti impuso a la trabajadora v\u00edctima de violencia en San Carlos.","breadcrumb":{"@id":"https:\/\/municipales.org.ar\/festram\/municipalidad-san-carlos-debera-reincorporar-la-trabajadora-denuncio-violencia-laboral-genero\/#breadcrumb"},"inLanguage":"es","potentialAction":[{"@type":"ReadAction","target":["https:\/\/municipales.org.ar\/festram\/municipalidad-san-carlos-debera-reincorporar-la-trabajadora-denuncio-violencia-laboral-genero\/"]}]},{"@type":"ImageObject","inLanguage":"es","@id":"https:\/\/municipales.org.ar\/festram\/municipalidad-san-carlos-debera-reincorporar-la-trabajadora-denuncio-violencia-laboral-genero\/#primaryimage","url":"https:\/\/municipales.org.ar\/festram\/wp-content\/uploads\/2017\/12\/22384248_1628418847222026_54238226087760606_o.jpg","contentUrl":"https:\/\/municipales.org.ar\/festram\/wp-content\/uploads\/2017\/12\/22384248_1628418847222026_54238226087760606_o.jpg","width":2048,"height":1365},{"@type":"BreadcrumbList","@id":"https:\/\/municipales.org.ar\/festram\/municipalidad-san-carlos-debera-reincorporar-la-trabajadora-denuncio-violencia-laboral-genero\/#breadcrumb","itemListElement":[{"@type":"ListItem","position":1,"name":"Portada","item":"https:\/\/municipales.org.ar\/festram\/"},{"@type":"ListItem","position":2,"name":"Municipalidad de San Carlos deber\u00e1 reincorporar a la trabajadora que denunci\u00f3 violencia laboral y de g\u00e9nero"}]},{"@type":"WebSite","@id":"https:\/\/municipales.org.ar\/festram\/#website","url":"https:\/\/municipales.org.ar\/festram\/","name":"FESTRAM","description":"La web de los trabajadores municipales","publisher":{"@id":"https:\/\/municipales.org.ar\/festram\/#organization"},"potentialAction":[{"@type":"SearchAction","target":{"@type":"EntryPoint","urlTemplate":"https:\/\/municipales.org.ar\/festram\/?s={search_term_string}"},"query-input":{"@type":"PropertyValueSpecification","valueRequired":true,"valueName":"search_term_string"}}],"inLanguage":"es"},{"@type":"Organization","@id":"https:\/\/municipales.org.ar\/festram\/#organization","name":"Federaci\u00f3n de Sindicatos de Trabajadores Municipales de la Provincia de Santa Fe","url":"https:\/\/municipales.org.ar\/festram\/","logo":{"@type":"ImageObject","inLanguage":"es","@id":"https:\/\/municipales.org.ar\/festram\/#\/schema\/logo\/image\/","url":"https:\/\/www.municipales.org.ar\/festram\/wp-content\/uploads\/2014\/07\/logo_fes.jpg","contentUrl":"https:\/\/www.municipales.org.ar\/festram\/wp-content\/uploads\/2014\/07\/logo_fes.jpg","width":661,"height":673,"caption":"Federaci\u00f3n de Sindicatos de Trabajadores Municipales de la Provincia de Santa Fe"},"image":{"@id":"https:\/\/municipales.org.ar\/festram\/#\/schema\/logo\/image\/"},"sameAs":["https:\/\/www.facebook.com\/MunicipalesSF","https:\/\/x.com\/MunicipalesSF","https:\/\/www.youtube.com\/user\/festram"]},{"@type":"Person","@id":"https:\/\/municipales.org.ar\/festram\/#\/schema\/person\/49096a774c48ce9063df4d59ec059f9e","name":"mun_admin"}]}},"jetpack_publicize_connections":[],"jetpack_featured_media_url":"https:\/\/municipales.org.ar\/festram\/wp-content\/uploads\/2017\/12\/22384248_1628418847222026_54238226087760606_o.jpg","jetpack_sharing_enabled":true,"jetpack_likes_enabled":false,"jetpack_shortlink":"https:\/\/wp.me\/p7l4x1-3jL","_links":{"self":[{"href":"https:\/\/municipales.org.ar\/festram\/wp-json\/wp\/v2\/posts\/12757","targetHints":{"allow":["GET"]}}],"collection":[{"href":"https:\/\/municipales.org.ar\/festram\/wp-json\/wp\/v2\/posts"}],"about":[{"href":"https:\/\/municipales.org.ar\/festram\/wp-json\/wp\/v2\/types\/post"}],"author":[{"embeddable":true,"href":"https:\/\/municipales.org.ar\/festram\/wp-json\/wp\/v2\/users\/1"}],"replies":[{"embeddable":true,"href":"https:\/\/municipales.org.ar\/festram\/wp-json\/wp\/v2\/comments?post=12757"}],"version-history":[{"count":1,"href":"https:\/\/municipales.org.ar\/festram\/wp-json\/wp\/v2\/posts\/12757\/revisions"}],"predecessor-version":[{"id":12759,"href":"https:\/\/municipales.org.ar\/festram\/wp-json\/wp\/v2\/posts\/12757\/revisions\/12759"}],"wp:featuredmedia":[{"embeddable":true,"href":"https:\/\/municipales.org.ar\/festram\/wp-json\/wp\/v2\/media\/12758"}],"wp:attachment":[{"href":"https:\/\/municipales.org.ar\/festram\/wp-json\/wp\/v2\/media?parent=12757"}],"wp:term":[{"taxonomy":"category","embeddable":true,"href":"https:\/\/municipales.org.ar\/festram\/wp-json\/wp\/v2\/categories?post=12757"},{"taxonomy":"post_tag","embeddable":true,"href":"https:\/\/municipales.org.ar\/festram\/wp-json\/wp\/v2\/tags?post=12757"}],"curies":[{"name":"wp","href":"https:\/\/api.w.org\/{rel}","templated":true}]}}