{"id":12793,"date":"2018-02-02T11:11:56","date_gmt":"2018-02-02T14:11:56","guid":{"rendered":"http:\/\/www.municipales.org.ar\/festram\/?p=12793"},"modified":"2018-02-23T14:53:30","modified_gmt":"2018-02-23T17:53:30","slug":"demora-la-convocatoria-paritarias-preocupa-municipales","status":"publish","type":"post","link":"https:\/\/municipales.org.ar\/festram\/demora-la-convocatoria-paritarias-preocupa-municipales\/","title":{"rendered":"Demora en la convocatoria a Paritarias preocupa a municipales"},"content":{"rendered":"<h3>Sesion\u00f3 en Santa Fe el Plenario de Delegados Regionales de FESTRAM<\/h3>\n<p>&nbsp;<\/p>\n<p>Los representantes de los Sindicatos Municipales que componen las diferentes regiones de la Provincia de Santa Fe, se reunieron con integrantes del Consejo Directivo de FESTRAM para concretar el primer Plenario del corriente a\u00f1o.<\/p>\n<p>Los referentes regionales expresaron su preocupaci\u00f3n por la falta de respuesta del Gobierno Provincial al pedido de constituci\u00f3n de la Comisi\u00f3n Paritaria Municipal (Ley 9996) y acordaron que, de mantenerse esa situaci\u00f3n en la semana entrante, FESTRAM establezca la fecha para convocar al Plenario de Secretarios Generales y evaluar en conjunto la estrategia sindical.<\/p>\n<p>Por otra parte diagramaron la tarea de los Sindicatos Municipales en la campa\u00f1a de recolecci\u00f3n de firmas para solicitar la derogaci\u00f3n de la Ley de Reforma Previsional y ratificaron la coordinaci\u00f3n con el resto de las Organizaciones Sindicales integrantes del Movimiento Obrero Santafesino y con todas las expresiones pol\u00edticas y sociales que intervienen en esta campa\u00f1a contra las pol\u00edticas de ajuste del Gobierno Nacional.<\/p>\n<p>Asimismo, se expresaron contra la aplicaci\u00f3n de estas medidas en materia Laboral y Previsional en la Provincia de Santa Fe que el Consenso Fiscal exige en el acuerdo Nacio\u0301n -Provincia, particularmente en la reducci\u00f3n de personal, los retiros voluntarios y la armonizaci\u00f3n del R\u00e9gimen Jubilatorio Provincial y Municipal.<\/p>\n<p>En la reuni\u00f3n se analiz\u00f3 tambi\u00e9n la aplicaci\u00f3n de la cl\u00e1usula gatillo en la pol\u00edtica salarial del sector y se ponder\u00f3 la posici\u00f3n del Gobernador de Santa Fe para que se puedan celebrar las Negociaciones Colectivas sin los topes salariales del 15% que se intentan imponer desde el Gobierno Nacional.<\/p>\n\n\t\t<style type=\"text\/css\">\n\t\t\t#gallery-1 {\n\t\t\t\tmargin: auto;\n\t\t\t}\n\t\t\t#gallery-1 .gallery-item {\n\t\t\t\tfloat: left;\n\t\t\t\tmargin-top: 10px;\n\t\t\t\ttext-align: center;\n\t\t\t\twidth: 33%;\n\t\t\t}\n\t\t\t#gallery-1 img {\n\t\t\t\tborder: 2px solid #cfcfcf;\n\t\t\t}\n\t\t\t#gallery-1 .gallery-caption {\n\t\t\t\tmargin-left: 0;\n\t\t\t}\n\t\t\t\/* see gallery_shortcode() in wp-includes\/media.php *\/\n\t\t<\/style>\n\t\t<div id='gallery-1' class='gallery galleryid-12793 gallery-columns-3 gallery-size-thumbnail'><dl class='gallery-item'>\n\t\t\t<dt class='gallery-icon landscape'>\n\t\t\t\t<a href='https:\/\/municipales.org.ar\/festram\/demora-la-convocatoria-paritarias-preocupa-municipales\/img_0817\/'><img loading=\"lazy\" decoding=\"async\" width=\"150\" height=\"150\" src=\"https:\/\/municipales.org.ar\/festram\/wp-content\/uploads\/2018\/02\/IMG_0817-150x150.jpg\" class=\"attachment-thumbnail size-thumbnail\" alt=\"\" srcset=\"https:\/\/municipales.org.ar\/festram\/wp-content\/uploads\/2018\/02\/IMG_0817-150x150.jpg 150w, https:\/\/municipales.org.ar\/festram\/wp-content\/uploads\/2018\/02\/IMG_0817-80x80.jpg 80w\" sizes=\"auto, (max-width: 150px) 100vw, 150px\" \/><\/a>\n\t\t\t<\/dt><\/dl><dl class='gallery-item'>\n\t\t\t<dt class='gallery-icon landscape'>\n\t\t\t\t<a href='https:\/\/municipales.org.ar\/festram\/demora-la-convocatoria-paritarias-preocupa-municipales\/img_0823\/'><img loading=\"lazy\" decoding=\"async\" width=\"150\" height=\"150\" src=\"https:\/\/municipales.org.ar\/festram\/wp-content\/uploads\/2018\/02\/IMG_0823-150x150.jpg\" class=\"attachment-thumbnail size-thumbnail\" alt=\"\" srcset=\"https:\/\/municipales.org.ar\/festram\/wp-content\/uploads\/2018\/02\/IMG_0823-150x150.jpg 150w, https:\/\/municipales.org.ar\/festram\/wp-content\/uploads\/2018\/02\/IMG_0823-80x80.jpg 80w\" sizes=\"auto, (max-width: 150px) 100vw, 150px\" \/><\/a>\n\t\t\t<\/dt><\/dl><dl class='gallery-item'>\n\t\t\t<dt class='gallery-icon landscape'>\n\t\t\t\t<a href='https:\/\/municipales.org.ar\/festram\/demora-la-convocatoria-paritarias-preocupa-municipales\/img_0827\/'><img loading=\"lazy\" decoding=\"async\" width=\"150\" height=\"150\" src=\"https:\/\/municipales.org.ar\/festram\/wp-content\/uploads\/2018\/02\/IMG_0827-150x150.jpg\" class=\"attachment-thumbnail size-thumbnail\" alt=\"\" srcset=\"https:\/\/municipales.org.ar\/festram\/wp-content\/uploads\/2018\/02\/IMG_0827-150x150.jpg 150w, https:\/\/municipales.org.ar\/festram\/wp-content\/uploads\/2018\/02\/IMG_0827-80x80.jpg 80w\" sizes=\"auto, (max-width: 150px) 100vw, 150px\" \/><\/a>\n\t\t\t<\/dt><\/dl><br style=\"clear: both\" \/>\n\t\t<\/div>\n\n<p>Los Delegados Regionales de FESTRAM se manifestaron a favor de participar de la Movilizaci\u00f3n convocada para el pr\u00f3ximo 22 de Febrero e iniciar\u00e1n las consultas con los Sindicatos integrantes de sus respectivas delegaciones; no obstante acordaron encomendar al Secretario General de FESTRAM, Claudio Leoni, la coordinaci\u00f3n con las distintas organizaciones del Movimiento Obrero para ampliar los ejes de la convocatoria sobre la base de rechazar las pol\u00edticas de ajuste, la plena vigencia del Estado de Derecho y resistir la aplicaci\u00f3n de medidas inconstitucionales proyectadas en los paquetes de Reforma Laboral, Previsional y Tributaria.<\/p>\n<p>En representaci\u00f3n de las regionales del centro norte provincial, participaron los Secretarios Generales de los Sindicatos Municipales de Santo Tome\u0301, San Justo, Calchaqui\u0301 y Ceres, por las delegaciones del sur Santafesino asistieron los dirigentes de Ca\u00f1ada de G\u00f3mez, Fray Luis Beltr\u00e1n, Venado Tuerto, Funes y Firmat.<\/p>\n<h6>Prensa FESTRAM<\/h6>\n","protected":false},"excerpt":{"rendered":"<p>Sesion\u00f3 en Santa Fe el Plenario de Delegados Regionales de FESTRAM<\/p>\n","protected":false},"author":1,"featured_media":12794,"comment_status":"closed","ping_status":"closed","sticky":false,"template":"","format":"standard","meta":{"_jetpack_memberships_contains_paid_content":false,"footnotes":"","jetpack_publicize_message":"Demora en la convocatoria a Paritarias preocupa a municipales","jetpack_publicize_feature_enabled":true,"jetpack_social_post_already_shared":true,"jetpack_social_options":{"image_generator_settings":{"template":"highway","default_image_id":0,"font":"","enabled":false},"version":2}},"categories":[201],"tags":[68,70,109,41,69],"class_list":["post-12793","post","type-post","status-publish","format-standard","has-post-thumbnail","hentry","category-comunicados-2018","tag-economia-provincial","tag-el-pais","tag-la-provincia","tag-paritaria","tag-politica-salarial"],"yoast_head":"<!-- This site is optimized with the Yoast SEO plugin v25.9 - https:\/\/yoast.com\/wordpress\/plugins\/seo\/ -->\n<title>Demora en la convocatoria a Paritarias preocupa a municipales &#8211; FESTRAM<\/title>\n<meta name=\"description\" content=\"Sesion\u00f3 en Santa Fe el Plenario de Delegados Regionales de FESTRAM\" \/>\n<meta name=\"robots\" content=\"index, follow, max-snippet:-1, max-image-preview:large, max-video-preview:-1\" \/>\n<link rel=\"canonical\" href=\"https:\/\/municipales.org.ar\/festram\/demora-la-convocatoria-paritarias-preocupa-municipales\/\" \/>\n<meta property=\"og:locale\" content=\"es_ES\" \/>\n<meta property=\"og:type\" content=\"article\" \/>\n<meta property=\"og:title\" content=\"Demora en la convocatoria a Paritarias preocupa a municipales &#8211; FESTRAM\" \/>\n<meta property=\"og:description\" content=\"Sesion\u00f3 en Santa Fe el Plenario de Delegados Regionales de FESTRAM\" \/>\n<meta property=\"og:url\" content=\"https:\/\/municipales.org.ar\/festram\/demora-la-convocatoria-paritarias-preocupa-municipales\/\" \/>\n<meta property=\"og:site_name\" content=\"FESTRAM\" \/>\n<meta property=\"article:publisher\" content=\"https:\/\/www.facebook.com\/MunicipalesSF\" \/>\n<meta property=\"article:published_time\" content=\"2018-02-02T14:11:56+00:00\" \/>\n<meta property=\"article:modified_time\" content=\"2018-02-23T17:53:30+00:00\" \/>\n<meta property=\"og:image\" content=\"https:\/\/municipales.org.ar\/festram\/wp-content\/uploads\/2018\/02\/IMG_0824.jpg\" \/>\n\t<meta property=\"og:image:width\" content=\"2000\" \/>\n\t<meta property=\"og:image:height\" content=\"999\" \/>\n\t<meta property=\"og:image:type\" content=\"image\/jpeg\" \/>\n<meta name=\"author\" content=\"mun_admin\" \/>\n<meta name=\"twitter:card\" content=\"summary_large_image\" \/>\n<meta name=\"twitter:creator\" content=\"@MunicipalesSF\" \/>\n<meta name=\"twitter:site\" content=\"@MunicipalesSF\" \/>\n<meta name=\"twitter:label1\" content=\"Escrito por\" \/>\n\t<meta name=\"twitter:data1\" content=\"mun_admin\" \/>\n\t<meta name=\"twitter:label2\" content=\"Tiempo de lectura\" \/>\n\t<meta name=\"twitter:data2\" content=\"2 minutos\" \/>\n<script type=\"application\/ld+json\" class=\"yoast-schema-graph\">{\"@context\":\"https:\/\/schema.org\",\"@graph\":[{\"@type\":\"Article\",\"@id\":\"https:\/\/municipales.org.ar\/festram\/demora-la-convocatoria-paritarias-preocupa-municipales\/#article\",\"isPartOf\":{\"@id\":\"https:\/\/municipales.org.ar\/festram\/demora-la-convocatoria-paritarias-preocupa-municipales\/\"},\"author\":{\"name\":\"mun_admin\",\"@id\":\"https:\/\/municipales.org.ar\/festram\/#\/schema\/person\/49096a774c48ce9063df4d59ec059f9e\"},\"headline\":\"Demora en la convocatoria a Paritarias preocupa a municipales\",\"datePublished\":\"2018-02-02T14:11:56+00:00\",\"dateModified\":\"2018-02-23T17:53:30+00:00\",\"mainEntityOfPage\":{\"@id\":\"https:\/\/municipales.org.ar\/festram\/demora-la-convocatoria-paritarias-preocupa-municipales\/\"},\"wordCount\":446,\"publisher\":{\"@id\":\"https:\/\/municipales.org.ar\/festram\/#organization\"},\"image\":{\"@id\":\"https:\/\/municipales.org.ar\/festram\/demora-la-convocatoria-paritarias-preocupa-municipales\/#primaryimage\"},\"thumbnailUrl\":\"https:\/\/municipales.org.ar\/festram\/wp-content\/uploads\/2018\/02\/IMG_0824.jpg\",\"keywords\":[\"econom\u00eda provincial\",\"el pa\u00eds\",\"la provincia\",\"paritaria\",\"pol\u00edtica salarial\"],\"articleSection\":[\"Comunicados 2018\"],\"inLanguage\":\"es\"},{\"@type\":\"WebPage\",\"@id\":\"https:\/\/municipales.org.ar\/festram\/demora-la-convocatoria-paritarias-preocupa-municipales\/\",\"url\":\"https:\/\/municipales.org.ar\/festram\/demora-la-convocatoria-paritarias-preocupa-municipales\/\",\"name\":\"Demora en la convocatoria a Paritarias preocupa a municipales &#8211; FESTRAM\",\"isPartOf\":{\"@id\":\"https:\/\/municipales.org.ar\/festram\/#website\"},\"primaryImageOfPage\":{\"@id\":\"https:\/\/municipales.org.ar\/festram\/demora-la-convocatoria-paritarias-preocupa-municipales\/#primaryimage\"},\"image\":{\"@id\":\"https:\/\/municipales.org.ar\/festram\/demora-la-convocatoria-paritarias-preocupa-municipales\/#primaryimage\"},\"thumbnailUrl\":\"https:\/\/municipales.org.ar\/festram\/wp-content\/uploads\/2018\/02\/IMG_0824.jpg\",\"datePublished\":\"2018-02-02T14:11:56+00:00\",\"dateModified\":\"2018-02-23T17:53:30+00:00\",\"description\":\"Sesion\u00f3 en Santa Fe el Plenario de Delegados Regionales de FESTRAM\",\"breadcrumb\":{\"@id\":\"https:\/\/municipales.org.ar\/festram\/demora-la-convocatoria-paritarias-preocupa-municipales\/#breadcrumb\"},\"inLanguage\":\"es\",\"potentialAction\":[{\"@type\":\"ReadAction\",\"target\":[\"https:\/\/municipales.org.ar\/festram\/demora-la-convocatoria-paritarias-preocupa-municipales\/\"]}]},{\"@type\":\"ImageObject\",\"inLanguage\":\"es\",\"@id\":\"https:\/\/municipales.org.ar\/festram\/demora-la-convocatoria-paritarias-preocupa-municipales\/#primaryimage\",\"url\":\"https:\/\/municipales.org.ar\/festram\/wp-content\/uploads\/2018\/02\/IMG_0824.jpg\",\"contentUrl\":\"https:\/\/municipales.org.ar\/festram\/wp-content\/uploads\/2018\/02\/IMG_0824.jpg\",\"width\":2000,\"height\":999},{\"@type\":\"BreadcrumbList\",\"@id\":\"https:\/\/municipales.org.ar\/festram\/demora-la-convocatoria-paritarias-preocupa-municipales\/#breadcrumb\",\"itemListElement\":[{\"@type\":\"ListItem\",\"position\":1,\"name\":\"Portada\",\"item\":\"https:\/\/municipales.org.ar\/festram\/\"},{\"@type\":\"ListItem\",\"position\":2,\"name\":\"Demora en la convocatoria a Paritarias preocupa a municipales\"}]},{\"@type\":\"WebSite\",\"@id\":\"https:\/\/municipales.org.ar\/festram\/#website\",\"url\":\"https:\/\/municipales.org.ar\/festram\/\",\"name\":\"FESTRAM\",\"description\":\"La web de los trabajadores municipales\",\"publisher\":{\"@id\":\"https:\/\/municipales.org.ar\/festram\/#organization\"},\"potentialAction\":[{\"@type\":\"SearchAction\",\"target\":{\"@type\":\"EntryPoint\",\"urlTemplate\":\"https:\/\/municipales.org.ar\/festram\/?s={search_term_string}\"},\"query-input\":{\"@type\":\"PropertyValueSpecification\",\"valueRequired\":true,\"valueName\":\"search_term_string\"}}],\"inLanguage\":\"es\"},{\"@type\":\"Organization\",\"@id\":\"https:\/\/municipales.org.ar\/festram\/#organization\",\"name\":\"Federaci\u00f3n de Sindicatos de Trabajadores Municipales de la Provincia de Santa Fe\",\"url\":\"https:\/\/municipales.org.ar\/festram\/\",\"logo\":{\"@type\":\"ImageObject\",\"inLanguage\":\"es\",\"@id\":\"https:\/\/municipales.org.ar\/festram\/#\/schema\/logo\/image\/\",\"url\":\"https:\/\/www.municipales.org.ar\/festram\/wp-content\/uploads\/2014\/07\/logo_fes.jpg\",\"contentUrl\":\"https:\/\/www.municipales.org.ar\/festram\/wp-content\/uploads\/2014\/07\/logo_fes.jpg\",\"width\":661,\"height\":673,\"caption\":\"Federaci\u00f3n de Sindicatos de Trabajadores Municipales de la Provincia de Santa Fe\"},\"image\":{\"@id\":\"https:\/\/municipales.org.ar\/festram\/#\/schema\/logo\/image\/\"},\"sameAs\":[\"https:\/\/www.facebook.com\/MunicipalesSF\",\"https:\/\/x.com\/MunicipalesSF\",\"https:\/\/www.youtube.com\/user\/festram\"]},{\"@type\":\"Person\",\"@id\":\"https:\/\/municipales.org.ar\/festram\/#\/schema\/person\/49096a774c48ce9063df4d59ec059f9e\",\"name\":\"mun_admin\"}]}<\/script>\n<!-- \/ Yoast SEO plugin. -->","yoast_head_json":{"title":"Demora en la convocatoria a Paritarias preocupa a municipales &#8211; FESTRAM","description":"Sesion\u00f3 en Santa Fe el Plenario de Delegados Regionales de FESTRAM","robots":{"index":"index","follow":"follow","max-snippet":"max-snippet:-1","max-image-preview":"max-image-preview:large","max-video-preview":"max-video-preview:-1"},"canonical":"https:\/\/municipales.org.ar\/festram\/demora-la-convocatoria-paritarias-preocupa-municipales\/","og_locale":"es_ES","og_type":"article","og_title":"Demora en la convocatoria a Paritarias preocupa a municipales &#8211; FESTRAM","og_description":"Sesion\u00f3 en Santa Fe el Plenario de Delegados Regionales de FESTRAM","og_url":"https:\/\/municipales.org.ar\/festram\/demora-la-convocatoria-paritarias-preocupa-municipales\/","og_site_name":"FESTRAM","article_publisher":"https:\/\/www.facebook.com\/MunicipalesSF","article_published_time":"2018-02-02T14:11:56+00:00","article_modified_time":"2018-02-23T17:53:30+00:00","og_image":[{"width":2000,"height":999,"url":"https:\/\/municipales.org.ar\/festram\/wp-content\/uploads\/2018\/02\/IMG_0824.jpg","type":"image\/jpeg"}],"author":"mun_admin","twitter_card":"summary_large_image","twitter_creator":"@MunicipalesSF","twitter_site":"@MunicipalesSF","twitter_misc":{"Escrito por":"mun_admin","Tiempo de lectura":"2 minutos"},"schema":{"@context":"https:\/\/schema.org","@graph":[{"@type":"Article","@id":"https:\/\/municipales.org.ar\/festram\/demora-la-convocatoria-paritarias-preocupa-municipales\/#article","isPartOf":{"@id":"https:\/\/municipales.org.ar\/festram\/demora-la-convocatoria-paritarias-preocupa-municipales\/"},"author":{"name":"mun_admin","@id":"https:\/\/municipales.org.ar\/festram\/#\/schema\/person\/49096a774c48ce9063df4d59ec059f9e"},"headline":"Demora en la convocatoria a Paritarias preocupa a municipales","datePublished":"2018-02-02T14:11:56+00:00","dateModified":"2018-02-23T17:53:30+00:00","mainEntityOfPage":{"@id":"https:\/\/municipales.org.ar\/festram\/demora-la-convocatoria-paritarias-preocupa-municipales\/"},"wordCount":446,"publisher":{"@id":"https:\/\/municipales.org.ar\/festram\/#organization"},"image":{"@id":"https:\/\/municipales.org.ar\/festram\/demora-la-convocatoria-paritarias-preocupa-municipales\/#primaryimage"},"thumbnailUrl":"https:\/\/municipales.org.ar\/festram\/wp-content\/uploads\/2018\/02\/IMG_0824.jpg","keywords":["econom\u00eda provincial","el pa\u00eds","la provincia","paritaria","pol\u00edtica salarial"],"articleSection":["Comunicados 2018"],"inLanguage":"es"},{"@type":"WebPage","@id":"https:\/\/municipales.org.ar\/festram\/demora-la-convocatoria-paritarias-preocupa-municipales\/","url":"https:\/\/municipales.org.ar\/festram\/demora-la-convocatoria-paritarias-preocupa-municipales\/","name":"Demora en la convocatoria a Paritarias preocupa a municipales &#8211; FESTRAM","isPartOf":{"@id":"https:\/\/municipales.org.ar\/festram\/#website"},"primaryImageOfPage":{"@id":"https:\/\/municipales.org.ar\/festram\/demora-la-convocatoria-paritarias-preocupa-municipales\/#primaryimage"},"image":{"@id":"https:\/\/municipales.org.ar\/festram\/demora-la-convocatoria-paritarias-preocupa-municipales\/#primaryimage"},"thumbnailUrl":"https:\/\/municipales.org.ar\/festram\/wp-content\/uploads\/2018\/02\/IMG_0824.jpg","datePublished":"2018-02-02T14:11:56+00:00","dateModified":"2018-02-23T17:53:30+00:00","description":"Sesion\u00f3 en Santa Fe el Plenario de Delegados Regionales de FESTRAM","breadcrumb":{"@id":"https:\/\/municipales.org.ar\/festram\/demora-la-convocatoria-paritarias-preocupa-municipales\/#breadcrumb"},"inLanguage":"es","potentialAction":[{"@type":"ReadAction","target":["https:\/\/municipales.org.ar\/festram\/demora-la-convocatoria-paritarias-preocupa-municipales\/"]}]},{"@type":"ImageObject","inLanguage":"es","@id":"https:\/\/municipales.org.ar\/festram\/demora-la-convocatoria-paritarias-preocupa-municipales\/#primaryimage","url":"https:\/\/municipales.org.ar\/festram\/wp-content\/uploads\/2018\/02\/IMG_0824.jpg","contentUrl":"https:\/\/municipales.org.ar\/festram\/wp-content\/uploads\/2018\/02\/IMG_0824.jpg","width":2000,"height":999},{"@type":"BreadcrumbList","@id":"https:\/\/municipales.org.ar\/festram\/demora-la-convocatoria-paritarias-preocupa-municipales\/#breadcrumb","itemListElement":[{"@type":"ListItem","position":1,"name":"Portada","item":"https:\/\/municipales.org.ar\/festram\/"},{"@type":"ListItem","position":2,"name":"Demora en la convocatoria a Paritarias preocupa a municipales"}]},{"@type":"WebSite","@id":"https:\/\/municipales.org.ar\/festram\/#website","url":"https:\/\/municipales.org.ar\/festram\/","name":"FESTRAM","description":"La web de los trabajadores municipales","publisher":{"@id":"https:\/\/municipales.org.ar\/festram\/#organization"},"potentialAction":[{"@type":"SearchAction","target":{"@type":"EntryPoint","urlTemplate":"https:\/\/municipales.org.ar\/festram\/?s={search_term_string}"},"query-input":{"@type":"PropertyValueSpecification","valueRequired":true,"valueName":"search_term_string"}}],"inLanguage":"es"},{"@type":"Organization","@id":"https:\/\/municipales.org.ar\/festram\/#organization","name":"Federaci\u00f3n de Sindicatos de Trabajadores Municipales de la Provincia de Santa Fe","url":"https:\/\/municipales.org.ar\/festram\/","logo":{"@type":"ImageObject","inLanguage":"es","@id":"https:\/\/municipales.org.ar\/festram\/#\/schema\/logo\/image\/","url":"https:\/\/www.municipales.org.ar\/festram\/wp-content\/uploads\/2014\/07\/logo_fes.jpg","contentUrl":"https:\/\/www.municipales.org.ar\/festram\/wp-content\/uploads\/2014\/07\/logo_fes.jpg","width":661,"height":673,"caption":"Federaci\u00f3n de Sindicatos de Trabajadores Municipales de la Provincia de Santa Fe"},"image":{"@id":"https:\/\/municipales.org.ar\/festram\/#\/schema\/logo\/image\/"},"sameAs":["https:\/\/www.facebook.com\/MunicipalesSF","https:\/\/x.com\/MunicipalesSF","https:\/\/www.youtube.com\/user\/festram"]},{"@type":"Person","@id":"https:\/\/municipales.org.ar\/festram\/#\/schema\/person\/49096a774c48ce9063df4d59ec059f9e","name":"mun_admin"}]}},"jetpack_publicize_connections":[],"jetpack_featured_media_url":"https:\/\/municipales.org.ar\/festram\/wp-content\/uploads\/2018\/02\/IMG_0824.jpg","jetpack_sharing_enabled":true,"jetpack_likes_enabled":false,"jetpack_shortlink":"https:\/\/wp.me\/p7l4x1-3kl","_links":{"self":[{"href":"https:\/\/municipales.org.ar\/festram\/wp-json\/wp\/v2\/posts\/12793","targetHints":{"allow":["GET"]}}],"collection":[{"href":"https:\/\/municipales.org.ar\/festram\/wp-json\/wp\/v2\/posts"}],"about":[{"href":"https:\/\/municipales.org.ar\/festram\/wp-json\/wp\/v2\/types\/post"}],"author":[{"embeddable":true,"href":"https:\/\/municipales.org.ar\/festram\/wp-json\/wp\/v2\/users\/1"}],"replies":[{"embeddable":true,"href":"https:\/\/municipales.org.ar\/festram\/wp-json\/wp\/v2\/comments?post=12793"}],"version-history":[{"count":2,"href":"https:\/\/municipales.org.ar\/festram\/wp-json\/wp\/v2\/posts\/12793\/revisions"}],"predecessor-version":[{"id":12799,"href":"https:\/\/municipales.org.ar\/festram\/wp-json\/wp\/v2\/posts\/12793\/revisions\/12799"}],"wp:featuredmedia":[{"embeddable":true,"href":"https:\/\/municipales.org.ar\/festram\/wp-json\/wp\/v2\/media\/12794"}],"wp:attachment":[{"href":"https:\/\/municipales.org.ar\/festram\/wp-json\/wp\/v2\/media?parent=12793"}],"wp:term":[{"taxonomy":"category","embeddable":true,"href":"https:\/\/municipales.org.ar\/festram\/wp-json\/wp\/v2\/categories?post=12793"},{"taxonomy":"post_tag","embeddable":true,"href":"https:\/\/municipales.org.ar\/festram\/wp-json\/wp\/v2\/tags?post=12793"}],"curies":[{"name":"wp","href":"https:\/\/api.w.org\/{rel}","templated":true}]}}