{"id":12868,"date":"2018-03-05T13:28:30","date_gmt":"2018-03-05T16:28:30","guid":{"rendered":"http:\/\/www.municipales.org.ar\/festram\/?p=12868"},"modified":"2018-03-15T11:32:45","modified_gmt":"2018-03-15T14:32:45","slug":"festram-adhiere-al-paro-internacional-mujeres-8m","status":"publish","type":"post","link":"https:\/\/municipales.org.ar\/festram\/festram-adhiere-al-paro-internacional-mujeres-8m\/","title":{"rendered":"FESTRAM adhiere al Paro Internacional de Mujeres el 8M"},"content":{"rendered":"<h3>La modalidad de la medida estar\u00e1 a cargo de cada Sindicato<\/h3>\n<p>&nbsp;<\/p>\n<p>El Plenario de Secretarios General de la FESTRAM, realizado el 15 de febrero, resolvi\u00f3 adherir al Paro Internacional de Mujeres del pr\u00f3ximo 8 de Marzo.<\/p>\n<p>Cada Sindicato determinar\u00e1 la modalidad de adhesi\u00f3n a los fines de participar activamente de las marchas y actividades que se realicen en cada localidad santafesina.<\/p>\n<p>Adem\u00e1s de las demandas propias del gremio municipal, como el acompa\u00f1amiento a la justicia en la investigaci\u00f3n de abuso sexual en el \u00e1mbito laboral en municipios del norte santafesino, la violencia de g\u00e9nero e institucional que se ejerce desde el Estado Municipal como los hechos ocurridos en la Municipalidad de San Carlos Centro, FESTRAM adhiere al conjunto de las reivindicaciones de las mujeres y aspira a que el 8 de Marzo tenga la misma equivalencia que el 1 de Mayo.<\/p>\n<p>FESTRAM destaca que el actual contexto pol\u00edtico econ\u00f3mico de nuestro pa\u00eds se ensa\u00f1a especialmente con las mujeres: desde la eliminaci\u00f3n de la jubilaci\u00f3n de las amas de casa pasando por la reforma previsional todo apunta a la precarizaci\u00f3n de las trabajadoras y a una nueva feminizaci\u00f3n de la pobreza.<\/p>\n<p>Como parte de las actividades se desarrollar\u00e1 en FESTRAM &#8211; organizada por la Red de Mujeres Municipales y Comunales de la Provincia- \u00a0una Jornada Taller sobre los siguientes ejes tem\u00e1ticos: G\u00e9nero, Divisi\u00f3n Sexual de Trabajo. Triple Jornada Laboral. Trabajo dom\u00e9stico, trabajo no remunerado. El trabajo invisibilizado de las mujeres como sost\u00e9n del sistema capitalista. La desigualdad salarial entre varones y mujeres. \u00bfC\u00f3mo la Reforma Laboral y el ajuste afectan m\u00e1s a las mujeres?<\/p>\n<p>&nbsp;<\/p>\n<h4>Cronograma de actividades<\/h4>\n<p>8.30 a 9.00: Acreditaci\u00f3n y entrega de material para trabajar.<\/p>\n<p>9.00 a 9.30: Palabras de Bienvenida a cargo de las autoridades presentes.<\/p>\n<p>9.30 a 10.00: \u201cHablamos del por qu\u00e9 de la ley 26.485\u201d<\/p>\n<p>10.00 a 10.30: \u201cPor qu\u00e9 la Reforma Laboral afecta m\u00e1s a las mujeres\u201d<\/p>\n<p>10.30: Proyecci\u00f3n de Video disparador \u201cMi minuto\u201d<\/p>\n<p>10.30 a 12:30: Trabajo individual y en grupos<\/p>\n<p>12.30 a 13.00: Puesta en com\u00fan de las conclusiones.<\/p>\n<p>13.00: cierre unipersonal interpretado por Cecilia Mazzetti<\/p>\n<p>Para concluir la jornada se movilizar\u00e1n junto a las dem\u00e1s integrantes del MOS a la marcha convocada por la Mesa Ni Una Menos Santa Fe a la hora 17:30 en la esquina de Bv. G\u00e1lvez y San Jer\u00f3nimo.<\/p>\n<h6>Prensa FESTRAM<\/h6>\n<p><iframe loading=\"lazy\" style=\"border: none; overflow: hidden;\" src=\"https:\/\/www.facebook.com\/plugins\/post.php?href=https%3A%2F%2Fwww.facebook.com%2FCorrienteFederalTrabajadoresCGT%2Fposts%2F1759361761026015&amp;width=500\" width=\"500\" height=\"708\" frameborder=\"0\" scrolling=\"no\"><\/iframe><\/p>\n","protected":false},"excerpt":{"rendered":"<p>La modalidad de la medida estar\u00e1 a cargo de cada Sindicato<\/p>\n","protected":false},"author":1,"featured_media":12870,"comment_status":"closed","ping_status":"closed","sticky":false,"template":"","format":"standard","meta":{"_jetpack_memberships_contains_paid_content":false,"footnotes":"","jetpack_publicize_message":"FESTRAM adhiere al Paro Internacional de Mujeres el 8M","jetpack_publicize_feature_enabled":true,"jetpack_social_post_already_shared":true,"jetpack_social_options":{"image_generator_settings":{"template":"highway","default_image_id":0,"font":"","enabled":false},"version":2}},"categories":[201,50],"tags":[87],"class_list":["post-12868","post","type-post","status-publish","format-standard","has-post-thumbnail","hentry","category-comunicados-2018","category-genero","tag-genero-2"],"yoast_head":"<!-- This site is optimized with the Yoast SEO plugin v25.9 - https:\/\/yoast.com\/wordpress\/plugins\/seo\/ -->\n<title>FESTRAM adhiere al Paro Internacional de Mujeres el 8M &#8211; FESTRAM<\/title>\n<meta name=\"description\" content=\"La modalidad de la medida estar\u00e1 a cargo de cada Sindicato\" \/>\n<meta name=\"robots\" content=\"index, follow, max-snippet:-1, max-image-preview:large, max-video-preview:-1\" \/>\n<link rel=\"canonical\" href=\"https:\/\/municipales.org.ar\/festram\/festram-adhiere-al-paro-internacional-mujeres-8m\/\" \/>\n<meta property=\"og:locale\" content=\"es_ES\" \/>\n<meta property=\"og:type\" content=\"article\" \/>\n<meta property=\"og:title\" content=\"FESTRAM adhiere al Paro Internacional de Mujeres el 8M &#8211; FESTRAM\" \/>\n<meta property=\"og:description\" content=\"La modalidad de la medida estar\u00e1 a cargo de cada Sindicato\" \/>\n<meta property=\"og:url\" content=\"https:\/\/municipales.org.ar\/festram\/festram-adhiere-al-paro-internacional-mujeres-8m\/\" \/>\n<meta property=\"og:site_name\" content=\"FESTRAM\" \/>\n<meta property=\"article:publisher\" content=\"https:\/\/www.facebook.com\/MunicipalesSF\" \/>\n<meta property=\"article:published_time\" content=\"2018-03-05T16:28:30+00:00\" \/>\n<meta property=\"article:modified_time\" content=\"2018-03-15T14:32:45+00:00\" \/>\n<meta property=\"og:image\" content=\"https:\/\/municipales.org.ar\/festram\/wp-content\/uploads\/2018\/03\/CARPETA2.jpg\" \/>\n\t<meta property=\"og:image:width\" content=\"2059\" \/>\n\t<meta property=\"og:image:height\" content=\"1224\" \/>\n\t<meta property=\"og:image:type\" content=\"image\/jpeg\" \/>\n<meta name=\"author\" content=\"mun_admin\" \/>\n<meta name=\"twitter:card\" content=\"summary_large_image\" \/>\n<meta name=\"twitter:creator\" content=\"@MunicipalesSF\" \/>\n<meta name=\"twitter:site\" content=\"@MunicipalesSF\" \/>\n<meta name=\"twitter:label1\" content=\"Escrito por\" \/>\n\t<meta name=\"twitter:data1\" content=\"mun_admin\" \/>\n\t<meta name=\"twitter:label2\" content=\"Tiempo de lectura\" \/>\n\t<meta name=\"twitter:data2\" content=\"2 minutos\" \/>\n<script type=\"application\/ld+json\" class=\"yoast-schema-graph\">{\"@context\":\"https:\/\/schema.org\",\"@graph\":[{\"@type\":\"Article\",\"@id\":\"https:\/\/municipales.org.ar\/festram\/festram-adhiere-al-paro-internacional-mujeres-8m\/#article\",\"isPartOf\":{\"@id\":\"https:\/\/municipales.org.ar\/festram\/festram-adhiere-al-paro-internacional-mujeres-8m\/\"},\"author\":{\"name\":\"mun_admin\",\"@id\":\"https:\/\/municipales.org.ar\/festram\/#\/schema\/person\/49096a774c48ce9063df4d59ec059f9e\"},\"headline\":\"FESTRAM adhiere al Paro Internacional de Mujeres el 8M\",\"datePublished\":\"2018-03-05T16:28:30+00:00\",\"dateModified\":\"2018-03-15T14:32:45+00:00\",\"mainEntityOfPage\":{\"@id\":\"https:\/\/municipales.org.ar\/festram\/festram-adhiere-al-paro-internacional-mujeres-8m\/\"},\"wordCount\":403,\"publisher\":{\"@id\":\"https:\/\/municipales.org.ar\/festram\/#organization\"},\"image\":{\"@id\":\"https:\/\/municipales.org.ar\/festram\/festram-adhiere-al-paro-internacional-mujeres-8m\/#primaryimage\"},\"thumbnailUrl\":\"https:\/\/municipales.org.ar\/festram\/wp-content\/uploads\/2018\/03\/CARPETA2.jpg\",\"keywords\":[\"g\u00e9nero\"],\"articleSection\":[\"Comunicados 2018\",\"G\u00e9nero\"],\"inLanguage\":\"es\"},{\"@type\":\"WebPage\",\"@id\":\"https:\/\/municipales.org.ar\/festram\/festram-adhiere-al-paro-internacional-mujeres-8m\/\",\"url\":\"https:\/\/municipales.org.ar\/festram\/festram-adhiere-al-paro-internacional-mujeres-8m\/\",\"name\":\"FESTRAM adhiere al Paro Internacional de Mujeres el 8M &#8211; FESTRAM\",\"isPartOf\":{\"@id\":\"https:\/\/municipales.org.ar\/festram\/#website\"},\"primaryImageOfPage\":{\"@id\":\"https:\/\/municipales.org.ar\/festram\/festram-adhiere-al-paro-internacional-mujeres-8m\/#primaryimage\"},\"image\":{\"@id\":\"https:\/\/municipales.org.ar\/festram\/festram-adhiere-al-paro-internacional-mujeres-8m\/#primaryimage\"},\"thumbnailUrl\":\"https:\/\/municipales.org.ar\/festram\/wp-content\/uploads\/2018\/03\/CARPETA2.jpg\",\"datePublished\":\"2018-03-05T16:28:30+00:00\",\"dateModified\":\"2018-03-15T14:32:45+00:00\",\"description\":\"La modalidad de la medida estar\u00e1 a cargo de cada Sindicato\",\"breadcrumb\":{\"@id\":\"https:\/\/municipales.org.ar\/festram\/festram-adhiere-al-paro-internacional-mujeres-8m\/#breadcrumb\"},\"inLanguage\":\"es\",\"potentialAction\":[{\"@type\":\"ReadAction\",\"target\":[\"https:\/\/municipales.org.ar\/festram\/festram-adhiere-al-paro-internacional-mujeres-8m\/\"]}]},{\"@type\":\"ImageObject\",\"inLanguage\":\"es\",\"@id\":\"https:\/\/municipales.org.ar\/festram\/festram-adhiere-al-paro-internacional-mujeres-8m\/#primaryimage\",\"url\":\"https:\/\/municipales.org.ar\/festram\/wp-content\/uploads\/2018\/03\/CARPETA2.jpg\",\"contentUrl\":\"https:\/\/municipales.org.ar\/festram\/wp-content\/uploads\/2018\/03\/CARPETA2.jpg\",\"width\":2059,\"height\":1224},{\"@type\":\"BreadcrumbList\",\"@id\":\"https:\/\/municipales.org.ar\/festram\/festram-adhiere-al-paro-internacional-mujeres-8m\/#breadcrumb\",\"itemListElement\":[{\"@type\":\"ListItem\",\"position\":1,\"name\":\"Portada\",\"item\":\"https:\/\/municipales.org.ar\/festram\/\"},{\"@type\":\"ListItem\",\"position\":2,\"name\":\"FESTRAM adhiere al Paro Internacional de Mujeres el 8M\"}]},{\"@type\":\"WebSite\",\"@id\":\"https:\/\/municipales.org.ar\/festram\/#website\",\"url\":\"https:\/\/municipales.org.ar\/festram\/\",\"name\":\"FESTRAM\",\"description\":\"La web de los trabajadores municipales\",\"publisher\":{\"@id\":\"https:\/\/municipales.org.ar\/festram\/#organization\"},\"potentialAction\":[{\"@type\":\"SearchAction\",\"target\":{\"@type\":\"EntryPoint\",\"urlTemplate\":\"https:\/\/municipales.org.ar\/festram\/?s={search_term_string}\"},\"query-input\":{\"@type\":\"PropertyValueSpecification\",\"valueRequired\":true,\"valueName\":\"search_term_string\"}}],\"inLanguage\":\"es\"},{\"@type\":\"Organization\",\"@id\":\"https:\/\/municipales.org.ar\/festram\/#organization\",\"name\":\"Federaci\u00f3n de Sindicatos de Trabajadores Municipales de la Provincia de Santa Fe\",\"url\":\"https:\/\/municipales.org.ar\/festram\/\",\"logo\":{\"@type\":\"ImageObject\",\"inLanguage\":\"es\",\"@id\":\"https:\/\/municipales.org.ar\/festram\/#\/schema\/logo\/image\/\",\"url\":\"https:\/\/www.municipales.org.ar\/festram\/wp-content\/uploads\/2014\/07\/logo_fes.jpg\",\"contentUrl\":\"https:\/\/www.municipales.org.ar\/festram\/wp-content\/uploads\/2014\/07\/logo_fes.jpg\",\"width\":661,\"height\":673,\"caption\":\"Federaci\u00f3n de Sindicatos de Trabajadores Municipales de la Provincia de Santa Fe\"},\"image\":{\"@id\":\"https:\/\/municipales.org.ar\/festram\/#\/schema\/logo\/image\/\"},\"sameAs\":[\"https:\/\/www.facebook.com\/MunicipalesSF\",\"https:\/\/x.com\/MunicipalesSF\",\"https:\/\/www.youtube.com\/user\/festram\"]},{\"@type\":\"Person\",\"@id\":\"https:\/\/municipales.org.ar\/festram\/#\/schema\/person\/49096a774c48ce9063df4d59ec059f9e\",\"name\":\"mun_admin\"}]}<\/script>\n<!-- \/ Yoast SEO plugin. -->","yoast_head_json":{"title":"FESTRAM adhiere al Paro Internacional de Mujeres el 8M &#8211; FESTRAM","description":"La modalidad de la medida estar\u00e1 a cargo de cada Sindicato","robots":{"index":"index","follow":"follow","max-snippet":"max-snippet:-1","max-image-preview":"max-image-preview:large","max-video-preview":"max-video-preview:-1"},"canonical":"https:\/\/municipales.org.ar\/festram\/festram-adhiere-al-paro-internacional-mujeres-8m\/","og_locale":"es_ES","og_type":"article","og_title":"FESTRAM adhiere al Paro Internacional de Mujeres el 8M &#8211; FESTRAM","og_description":"La modalidad de la medida estar\u00e1 a cargo de cada Sindicato","og_url":"https:\/\/municipales.org.ar\/festram\/festram-adhiere-al-paro-internacional-mujeres-8m\/","og_site_name":"FESTRAM","article_publisher":"https:\/\/www.facebook.com\/MunicipalesSF","article_published_time":"2018-03-05T16:28:30+00:00","article_modified_time":"2018-03-15T14:32:45+00:00","og_image":[{"width":2059,"height":1224,"url":"https:\/\/municipales.org.ar\/festram\/wp-content\/uploads\/2018\/03\/CARPETA2.jpg","type":"image\/jpeg"}],"author":"mun_admin","twitter_card":"summary_large_image","twitter_creator":"@MunicipalesSF","twitter_site":"@MunicipalesSF","twitter_misc":{"Escrito por":"mun_admin","Tiempo de lectura":"2 minutos"},"schema":{"@context":"https:\/\/schema.org","@graph":[{"@type":"Article","@id":"https:\/\/municipales.org.ar\/festram\/festram-adhiere-al-paro-internacional-mujeres-8m\/#article","isPartOf":{"@id":"https:\/\/municipales.org.ar\/festram\/festram-adhiere-al-paro-internacional-mujeres-8m\/"},"author":{"name":"mun_admin","@id":"https:\/\/municipales.org.ar\/festram\/#\/schema\/person\/49096a774c48ce9063df4d59ec059f9e"},"headline":"FESTRAM adhiere al Paro Internacional de Mujeres el 8M","datePublished":"2018-03-05T16:28:30+00:00","dateModified":"2018-03-15T14:32:45+00:00","mainEntityOfPage":{"@id":"https:\/\/municipales.org.ar\/festram\/festram-adhiere-al-paro-internacional-mujeres-8m\/"},"wordCount":403,"publisher":{"@id":"https:\/\/municipales.org.ar\/festram\/#organization"},"image":{"@id":"https:\/\/municipales.org.ar\/festram\/festram-adhiere-al-paro-internacional-mujeres-8m\/#primaryimage"},"thumbnailUrl":"https:\/\/municipales.org.ar\/festram\/wp-content\/uploads\/2018\/03\/CARPETA2.jpg","keywords":["g\u00e9nero"],"articleSection":["Comunicados 2018","G\u00e9nero"],"inLanguage":"es"},{"@type":"WebPage","@id":"https:\/\/municipales.org.ar\/festram\/festram-adhiere-al-paro-internacional-mujeres-8m\/","url":"https:\/\/municipales.org.ar\/festram\/festram-adhiere-al-paro-internacional-mujeres-8m\/","name":"FESTRAM adhiere al Paro Internacional de Mujeres el 8M &#8211; FESTRAM","isPartOf":{"@id":"https:\/\/municipales.org.ar\/festram\/#website"},"primaryImageOfPage":{"@id":"https:\/\/municipales.org.ar\/festram\/festram-adhiere-al-paro-internacional-mujeres-8m\/#primaryimage"},"image":{"@id":"https:\/\/municipales.org.ar\/festram\/festram-adhiere-al-paro-internacional-mujeres-8m\/#primaryimage"},"thumbnailUrl":"https:\/\/municipales.org.ar\/festram\/wp-content\/uploads\/2018\/03\/CARPETA2.jpg","datePublished":"2018-03-05T16:28:30+00:00","dateModified":"2018-03-15T14:32:45+00:00","description":"La modalidad de la medida estar\u00e1 a cargo de cada Sindicato","breadcrumb":{"@id":"https:\/\/municipales.org.ar\/festram\/festram-adhiere-al-paro-internacional-mujeres-8m\/#breadcrumb"},"inLanguage":"es","potentialAction":[{"@type":"ReadAction","target":["https:\/\/municipales.org.ar\/festram\/festram-adhiere-al-paro-internacional-mujeres-8m\/"]}]},{"@type":"ImageObject","inLanguage":"es","@id":"https:\/\/municipales.org.ar\/festram\/festram-adhiere-al-paro-internacional-mujeres-8m\/#primaryimage","url":"https:\/\/municipales.org.ar\/festram\/wp-content\/uploads\/2018\/03\/CARPETA2.jpg","contentUrl":"https:\/\/municipales.org.ar\/festram\/wp-content\/uploads\/2018\/03\/CARPETA2.jpg","width":2059,"height":1224},{"@type":"BreadcrumbList","@id":"https:\/\/municipales.org.ar\/festram\/festram-adhiere-al-paro-internacional-mujeres-8m\/#breadcrumb","itemListElement":[{"@type":"ListItem","position":1,"name":"Portada","item":"https:\/\/municipales.org.ar\/festram\/"},{"@type":"ListItem","position":2,"name":"FESTRAM adhiere al Paro Internacional de Mujeres el 8M"}]},{"@type":"WebSite","@id":"https:\/\/municipales.org.ar\/festram\/#website","url":"https:\/\/municipales.org.ar\/festram\/","name":"FESTRAM","description":"La web de los trabajadores municipales","publisher":{"@id":"https:\/\/municipales.org.ar\/festram\/#organization"},"potentialAction":[{"@type":"SearchAction","target":{"@type":"EntryPoint","urlTemplate":"https:\/\/municipales.org.ar\/festram\/?s={search_term_string}"},"query-input":{"@type":"PropertyValueSpecification","valueRequired":true,"valueName":"search_term_string"}}],"inLanguage":"es"},{"@type":"Organization","@id":"https:\/\/municipales.org.ar\/festram\/#organization","name":"Federaci\u00f3n de Sindicatos de Trabajadores Municipales de la Provincia de Santa Fe","url":"https:\/\/municipales.org.ar\/festram\/","logo":{"@type":"ImageObject","inLanguage":"es","@id":"https:\/\/municipales.org.ar\/festram\/#\/schema\/logo\/image\/","url":"https:\/\/www.municipales.org.ar\/festram\/wp-content\/uploads\/2014\/07\/logo_fes.jpg","contentUrl":"https:\/\/www.municipales.org.ar\/festram\/wp-content\/uploads\/2014\/07\/logo_fes.jpg","width":661,"height":673,"caption":"Federaci\u00f3n de Sindicatos de Trabajadores Municipales de la Provincia de Santa Fe"},"image":{"@id":"https:\/\/municipales.org.ar\/festram\/#\/schema\/logo\/image\/"},"sameAs":["https:\/\/www.facebook.com\/MunicipalesSF","https:\/\/x.com\/MunicipalesSF","https:\/\/www.youtube.com\/user\/festram"]},{"@type":"Person","@id":"https:\/\/municipales.org.ar\/festram\/#\/schema\/person\/49096a774c48ce9063df4d59ec059f9e","name":"mun_admin"}]}},"jetpack_publicize_connections":[],"jetpack_featured_media_url":"https:\/\/municipales.org.ar\/festram\/wp-content\/uploads\/2018\/03\/CARPETA2.jpg","jetpack_sharing_enabled":true,"jetpack_likes_enabled":false,"jetpack_shortlink":"https:\/\/wp.me\/p7l4x1-3ly","_links":{"self":[{"href":"https:\/\/municipales.org.ar\/festram\/wp-json\/wp\/v2\/posts\/12868","targetHints":{"allow":["GET"]}}],"collection":[{"href":"https:\/\/municipales.org.ar\/festram\/wp-json\/wp\/v2\/posts"}],"about":[{"href":"https:\/\/municipales.org.ar\/festram\/wp-json\/wp\/v2\/types\/post"}],"author":[{"embeddable":true,"href":"https:\/\/municipales.org.ar\/festram\/wp-json\/wp\/v2\/users\/1"}],"replies":[{"embeddable":true,"href":"https:\/\/municipales.org.ar\/festram\/wp-json\/wp\/v2\/comments?post=12868"}],"version-history":[{"count":6,"href":"https:\/\/municipales.org.ar\/festram\/wp-json\/wp\/v2\/posts\/12868\/revisions"}],"predecessor-version":[{"id":12910,"href":"https:\/\/municipales.org.ar\/festram\/wp-json\/wp\/v2\/posts\/12868\/revisions\/12910"}],"wp:featuredmedia":[{"embeddable":true,"href":"https:\/\/municipales.org.ar\/festram\/wp-json\/wp\/v2\/media\/12870"}],"wp:attachment":[{"href":"https:\/\/municipales.org.ar\/festram\/wp-json\/wp\/v2\/media?parent=12868"}],"wp:term":[{"taxonomy":"category","embeddable":true,"href":"https:\/\/municipales.org.ar\/festram\/wp-json\/wp\/v2\/categories?post=12868"},{"taxonomy":"post_tag","embeddable":true,"href":"https:\/\/municipales.org.ar\/festram\/wp-json\/wp\/v2\/tags?post=12868"}],"curies":[{"name":"wp","href":"https:\/\/api.w.org\/{rel}","templated":true}]}}