{"id":12874,"date":"2018-03-05T17:37:54","date_gmt":"2018-03-05T20:37:54","guid":{"rendered":"http:\/\/www.municipales.org.ar\/festram\/?p=12874"},"modified":"2018-03-05T17:37:54","modified_gmt":"2018-03-05T20:37:54","slug":"la-disparidad-consagrada","status":"publish","type":"post","link":"https:\/\/municipales.org.ar\/festram\/la-disparidad-consagrada\/","title":{"rendered":"La disparidad consagrada"},"content":{"rendered":"<h4>Las empresas exportadoras facturan unos 380 mil millones de pesos al a\u00f1o pero el ajuste cae sobre los trabajadores, y especialmente sobre las trabajadoras. Sufren despidos, propios y de sus parejas. Son las que tienen las tareas m\u00e1s precarias y las remuneraciones m\u00e1s bajas, y casi nunca acceden a cargos jer\u00e1rquicos.<\/h4>\n<p>&nbsp;<\/p>\n<h6>Por\u00a0Eugenia Langone<br \/>\nmlangone@lacapital.com.ar<\/h6>\n<p>El cord\u00f3n industrial del Gran Rosario, que en su interior contiene al polo exportador sojero m\u00e1s importante del mundo y a complejos qu\u00edmicos y petroqu\u00edmicos que fueron hasta fines del a\u00f1o pasado de los pocos sectores ganadores en una industria en picada, es una foto exacta del fen\u00f3meno de acumulaci\u00f3n de riqueza m\u00e1s feroz del capitalismo, aquel que nunca derrama ni en las localidades que lo integran ni en los sectores populares, y mucho menos en el universo de mujeres trabajadoras.<\/p>\n<p>En esta geograf\u00eda donde las 13 principales empresas exportadoras facturan un total de casi 380 mil millones de pesos al a\u00f1o, los procesos de crisis y ajuste se sienten antes y m\u00e1s fuerte, pero tambi\u00e9n hacen distinci\u00f3n de g\u00e9nero. En un mercado laboral hist\u00f3ricamente copado por varones, la precarizaci\u00f3n nivela hacia abajo relegando a las mujeres a los puestos de trabajo m\u00e1s precarios, impidiendo el acceso a cargos jer\u00e1rquicos y discrimin\u00e1ndolas con remuneraciones m\u00e1s bajas.<\/p>\n<p>Y para aquellas que no acceden al mercado laboral formal, conden\u00e1ndolas a empleos temporales, mal pagos o a las tareas dom\u00e9sticas no remuneradas.<\/p>\n<p>Organizadas de cara al 8M, militantes de organizaciones feministas, sociales y pol\u00edticas que integran la Asamblea para el Segundo Paro Internacional de Mujeres estimaron que la desocupaci\u00f3n femenina en estas localidades ronda el 60 por ciento, una zona donde las contracaras de esa alt\u00edsima concentraci\u00f3n de riqueza son la pobreza, la violencia y la explotaci\u00f3n sexual.<\/p>\n<p>El escenario y el mapa laboral de las mujeres en esta zona no escapan a las desigualdades que las afectan en todo el pa\u00eds. M\u00e1s de 300 mil mujeres con contratos a t\u00e9rmino y sin continuidad laboral, 4 millones sin obra social ni cobertura m\u00e9dica por su trabajo, mujeres con un promedio de ingresos de 12.300 pesos cuando el de los varones se acerca a los 17 mil, lo que marca una diferencia del 36 por ciento, seg\u00fan los \u00faltimos datos del Indec sobre distribuci\u00f3n del ingreso en la Argentina para el tercer trimestre de 2017, son los n\u00fameros que marcan esa desigualdad.<\/p>\n<p>En el Gran Rosario, las estad\u00edsticas oficiales son a\u00fan m\u00e1s reveladoras. La desocupaci\u00f3n alcanza al 10,4% de las mujeres contra el 6,7% de los varones, casi cuatro puntos porcentuales m\u00e1s, y entre las m\u00e1s j\u00f3venes (el rango etario hasta 29 a\u00f1os) la cifra de desempleadas trepa al 20% contra el 15,9% de los varones en esa franja.<\/p>\n<p>\u00abEs necesario que las mujeres de la regi\u00f3n entiendan que tienen que cruzar los umbrales de sus casas para exigir sus derechos en este polo que mueve miles de millones\u00bb, repite Mar\u00eda Esther Denegri, integrante de Mujeres Autoconvocadas del Cord\u00f3n Industrial. Cientos ya empezaron a hacerlo y el jueves enarbolar\u00e1n sus reclamos a lo largo de los 80 kil\u00f3metros que separan Barrancas de Granadero Baigorria en dos caravanas que confluir\u00e1n en un acto central en la F\u00e1brica Militar de Fray Luis Beltr\u00e1n, donde en diciembre pasado fueron despedidos 35 trabajadores, de los cuales tres eran mujeres. \u00abLa f\u00e1brica es el \u00edcono del ajuste que est\u00e1 llevando adelante el gobierno nacional y que recae m\u00e1s crudamente sobre nosotras\u00bb, asegura Florencia Reynoso, estudiante de trabajo social, militante social en el barrio El Omb\u00fa de Fray Luis Beltr\u00e1n y militante feminista entre las autoconvocadas, esas mujeres que apenas un a\u00f1o y medio atr\u00e1s comenzaron a reunirse tras participar del 31\u00ba Encuentro Nacional de Mujeres Rosario para comenzar a descentralizarse y trabajar \u00absobre las problem\u00e1ticas espec\u00edficas de la zona\u00bb.<\/p>\n<p>All\u00ed, en un territorio productivo que mueve miles de millones y donde los hombres est\u00e1n al frente de las empresas, de los puestos jer\u00e1rquicos y tambi\u00e9n de los sindicatos, son justamente los derechos laborales de las mujeres los que ocupan gran parte de la agenda y ser\u00e1n uno de los ejes centrales de este 8 de marzo.<\/p>\n<blockquote><p>\u00abSi los despedidos son los varones eso tambi\u00e9n afecta a sus compa\u00f1eras, que muchas veces sostienen doble jornada de trabajo\u00bb<\/p><\/blockquote>\n<p>&nbsp;<\/p>\n<h4>Lo que trae la precarizaci\u00f3n<\/h4>\n<p>\u00abUn gran n\u00famero de mujeres no puede acceder a empleos en la zona, y si lo hacen est\u00e1n precarizadas u ocupando los puestos en \u00e1reas de limpieza y administraci\u00f3n con las remuneraciones m\u00e1s bajas, porque la brecha laboral entre hombres y mujeres llega a ser del 30 por ciento\u00bb, destaca la joven de 26 a\u00f1os, que apunta al recrudecimiento de la situaci\u00f3n en los \u00faltimos meses no s\u00f3lo con despidos de F\u00e1brica Militar sino tambi\u00e9n en Cargill y el parate de la producci\u00f3n en Refiner\u00eda San Lorenzo. Adem\u00e1s \u00abcon la constante situaci\u00f3n de achique que tienen las peque\u00f1as y medianas empresas de la zona que no pueden sostener sus puestos de trabajo\u00bb.<\/p>\n<p>\u00abY si los despedidos son los varones eso tambi\u00e9n termina afectando profundamente a sus compa\u00f1eras, que sostienen muchas veces doble jornada de trabajo y se ven m\u00e1s precarizadas a\u00fan\u00bb, afirma Adriana Ram\u00edrez, militante feminista y docente en la Escuela N\u00ba 6.033, donde escucha a diario que \u00ablas mam\u00e1s de los alumnos que trabajan como empleadas dom\u00e9sticas no s\u00f3lo trabajan en negro sino que, adem\u00e1s, lo hacen menos d\u00edas, hay cada vez menos changas y m\u00e1s chicos en el comedor\u00bb.<\/p>\n<p>De la mano de la precarizaci\u00f3n, destacan, viene el aumento de la violencia f\u00edsica, estructural y simb\u00f3lica.<\/p>\n<p>V\u00edctima ella misma de una relaci\u00f3n de abusos y golpes durante casi una d\u00e9cada, Adriana, recalca los constantes casos de violencia que aparecen entre las madres de sus alumnos o incluso entre j\u00f3venes y adolescentes.<\/p>\n<p>\u00abNo hay contenci\u00f3n de esas situaciones, no hay respuestas por parte de las comunas ni asistencias que est\u00e9n a la altura de la cantidad de casos que se presentan\u00bb, remarca la docente. Y coincide en que una de las contracaras m\u00e1s violentas en ese territorio de riquezas son los casos de explotaci\u00f3n sexual y trata de mujeres que se dan en la zona.<\/p>\n<p>\u00abInvisibilizadas en todos los sentidos\u00bb, reitera Florencia para describir la situaci\u00f3n de muchas de las mujeres que habitan las localidades del Cord\u00f3n, y a esas saldr\u00e1n a buscar.<\/p>\n<p>Desde Barrancas, pasando por Timbu\u00e9s y Oliveros, por San Lorenzo y Puerto San Mart\u00edn, para llegar a las vecinas Granadero Baigorria y Berm\u00fadez, ya se organizaron en una experiencia in\u00e9dita que ya suma a varios cientos mujeres que este 8 de marzo paran y se hacen escuchar.<\/p>\n<h6>Fuente: Diario La Capital<\/h6>\n","protected":false},"excerpt":{"rendered":"<p>Las empresas exportadoras facturan unos 380 mil millones de pesos al a\u00f1o pero el ajuste cae sobre los trabajadores, y especialmente sobre las trabajadoras. Sufren despidos, propios y de sus parejas. Son las que tienen las tareas m\u00e1s precarias y las remuneraciones m\u00e1s bajas, y casi nunca acceden a cargos jer\u00e1rquicos.<\/p>\n","protected":false},"author":1,"featured_media":12875,"comment_status":"closed","ping_status":"closed","sticky":false,"template":"","format":"standard","meta":{"_jetpack_memberships_contains_paid_content":false,"footnotes":"","jetpack_publicize_message":"La disparidad consagrada","jetpack_publicize_feature_enabled":true,"jetpack_social_post_already_shared":true,"jetpack_social_options":{"image_generator_settings":{"template":"highway","default_image_id":0,"font":"","enabled":false},"version":2}},"categories":[50],"tags":[87],"class_list":["post-12874","post","type-post","status-publish","format-standard","has-post-thumbnail","hentry","category-genero","tag-genero-2"],"yoast_head":"<!-- This site is optimized with the Yoast SEO plugin v25.9 - https:\/\/yoast.com\/wordpress\/plugins\/seo\/ -->\n<title>La disparidad consagrada &#8211; FESTRAM<\/title>\n<meta name=\"description\" content=\"Las empresas exportadoras facturan unos 380 mil millones de pesos al a\u00f1o pero el ajuste cae sobre los trabajadores, y especialmente sobre las trabajadoras. Sufren despidos, propios y de sus parejas. Son las que tienen las tareas m\u00e1s precarias y las remuneraciones m\u00e1s bajas, y casi nunca acceden a cargos jer\u00e1rquicos.\" \/>\n<meta name=\"robots\" content=\"index, follow, max-snippet:-1, max-image-preview:large, max-video-preview:-1\" \/>\n<link rel=\"canonical\" href=\"https:\/\/municipales.org.ar\/festram\/la-disparidad-consagrada\/\" \/>\n<meta property=\"og:locale\" content=\"es_ES\" \/>\n<meta property=\"og:type\" content=\"article\" \/>\n<meta property=\"og:title\" content=\"La disparidad consagrada &#8211; FESTRAM\" \/>\n<meta property=\"og:description\" content=\"Las empresas exportadoras facturan unos 380 mil millones de pesos al a\u00f1o pero el ajuste cae sobre los trabajadores, y especialmente sobre las trabajadoras. Sufren despidos, propios y de sus parejas. Son las que tienen las tareas m\u00e1s precarias y las remuneraciones m\u00e1s bajas, y casi nunca acceden a cargos jer\u00e1rquicos.\" \/>\n<meta property=\"og:url\" content=\"https:\/\/municipales.org.ar\/festram\/la-disparidad-consagrada\/\" \/>\n<meta property=\"og:site_name\" content=\"FESTRAM\" \/>\n<meta property=\"article:publisher\" content=\"https:\/\/www.facebook.com\/MunicipalesSF\" \/>\n<meta property=\"article:published_time\" content=\"2018-03-05T20:37:54+00:00\" \/>\n<meta property=\"og:image\" content=\"https:\/\/municipales.org.ar\/festram\/wp-content\/uploads\/2018\/03\/0022934477.jpg\" \/>\n\t<meta property=\"og:image:width\" content=\"592\" \/>\n\t<meta property=\"og:image:height\" content=\"642\" \/>\n\t<meta property=\"og:image:type\" content=\"image\/jpeg\" \/>\n<meta name=\"author\" content=\"mun_admin\" \/>\n<meta name=\"twitter:card\" content=\"summary_large_image\" \/>\n<meta name=\"twitter:creator\" content=\"@MunicipalesSF\" \/>\n<meta name=\"twitter:site\" content=\"@MunicipalesSF\" \/>\n<meta name=\"twitter:label1\" content=\"Escrito por\" \/>\n\t<meta name=\"twitter:data1\" content=\"mun_admin\" \/>\n\t<meta name=\"twitter:label2\" content=\"Tiempo de lectura\" \/>\n\t<meta name=\"twitter:data2\" content=\"6 minutos\" \/>\n<script type=\"application\/ld+json\" class=\"yoast-schema-graph\">{\"@context\":\"https:\/\/schema.org\",\"@graph\":[{\"@type\":\"Article\",\"@id\":\"https:\/\/municipales.org.ar\/festram\/la-disparidad-consagrada\/#article\",\"isPartOf\":{\"@id\":\"https:\/\/municipales.org.ar\/festram\/la-disparidad-consagrada\/\"},\"author\":{\"name\":\"mun_admin\",\"@id\":\"https:\/\/municipales.org.ar\/festram\/#\/schema\/person\/49096a774c48ce9063df4d59ec059f9e\"},\"headline\":\"La disparidad consagrada\",\"datePublished\":\"2018-03-05T20:37:54+00:00\",\"mainEntityOfPage\":{\"@id\":\"https:\/\/municipales.org.ar\/festram\/la-disparidad-consagrada\/\"},\"wordCount\":1188,\"publisher\":{\"@id\":\"https:\/\/municipales.org.ar\/festram\/#organization\"},\"image\":{\"@id\":\"https:\/\/municipales.org.ar\/festram\/la-disparidad-consagrada\/#primaryimage\"},\"thumbnailUrl\":\"https:\/\/municipales.org.ar\/festram\/wp-content\/uploads\/2018\/03\/0022934477.jpg\",\"keywords\":[\"g\u00e9nero\"],\"articleSection\":[\"G\u00e9nero\"],\"inLanguage\":\"es\"},{\"@type\":\"WebPage\",\"@id\":\"https:\/\/municipales.org.ar\/festram\/la-disparidad-consagrada\/\",\"url\":\"https:\/\/municipales.org.ar\/festram\/la-disparidad-consagrada\/\",\"name\":\"La disparidad consagrada &#8211; FESTRAM\",\"isPartOf\":{\"@id\":\"https:\/\/municipales.org.ar\/festram\/#website\"},\"primaryImageOfPage\":{\"@id\":\"https:\/\/municipales.org.ar\/festram\/la-disparidad-consagrada\/#primaryimage\"},\"image\":{\"@id\":\"https:\/\/municipales.org.ar\/festram\/la-disparidad-consagrada\/#primaryimage\"},\"thumbnailUrl\":\"https:\/\/municipales.org.ar\/festram\/wp-content\/uploads\/2018\/03\/0022934477.jpg\",\"datePublished\":\"2018-03-05T20:37:54+00:00\",\"description\":\"Las empresas exportadoras facturan unos 380 mil millones de pesos al a\u00f1o pero el ajuste cae sobre los trabajadores, y especialmente sobre las trabajadoras. Sufren despidos, propios y de sus parejas. Son las que tienen las tareas m\u00e1s precarias y las remuneraciones m\u00e1s bajas, y casi nunca acceden a cargos jer\u00e1rquicos.\",\"breadcrumb\":{\"@id\":\"https:\/\/municipales.org.ar\/festram\/la-disparidad-consagrada\/#breadcrumb\"},\"inLanguage\":\"es\",\"potentialAction\":[{\"@type\":\"ReadAction\",\"target\":[\"https:\/\/municipales.org.ar\/festram\/la-disparidad-consagrada\/\"]}]},{\"@type\":\"ImageObject\",\"inLanguage\":\"es\",\"@id\":\"https:\/\/municipales.org.ar\/festram\/la-disparidad-consagrada\/#primaryimage\",\"url\":\"https:\/\/municipales.org.ar\/festram\/wp-content\/uploads\/2018\/03\/0022934477.jpg\",\"contentUrl\":\"https:\/\/municipales.org.ar\/festram\/wp-content\/uploads\/2018\/03\/0022934477.jpg\",\"width\":592,\"height\":642,\"caption\":\"Virginia Benedetto para La Capital\"},{\"@type\":\"BreadcrumbList\",\"@id\":\"https:\/\/municipales.org.ar\/festram\/la-disparidad-consagrada\/#breadcrumb\",\"itemListElement\":[{\"@type\":\"ListItem\",\"position\":1,\"name\":\"Portada\",\"item\":\"https:\/\/municipales.org.ar\/festram\/\"},{\"@type\":\"ListItem\",\"position\":2,\"name\":\"La disparidad consagrada\"}]},{\"@type\":\"WebSite\",\"@id\":\"https:\/\/municipales.org.ar\/festram\/#website\",\"url\":\"https:\/\/municipales.org.ar\/festram\/\",\"name\":\"FESTRAM\",\"description\":\"La web de los trabajadores municipales\",\"publisher\":{\"@id\":\"https:\/\/municipales.org.ar\/festram\/#organization\"},\"potentialAction\":[{\"@type\":\"SearchAction\",\"target\":{\"@type\":\"EntryPoint\",\"urlTemplate\":\"https:\/\/municipales.org.ar\/festram\/?s={search_term_string}\"},\"query-input\":{\"@type\":\"PropertyValueSpecification\",\"valueRequired\":true,\"valueName\":\"search_term_string\"}}],\"inLanguage\":\"es\"},{\"@type\":\"Organization\",\"@id\":\"https:\/\/municipales.org.ar\/festram\/#organization\",\"name\":\"Federaci\u00f3n de Sindicatos de Trabajadores Municipales de la Provincia de Santa Fe\",\"url\":\"https:\/\/municipales.org.ar\/festram\/\",\"logo\":{\"@type\":\"ImageObject\",\"inLanguage\":\"es\",\"@id\":\"https:\/\/municipales.org.ar\/festram\/#\/schema\/logo\/image\/\",\"url\":\"https:\/\/www.municipales.org.ar\/festram\/wp-content\/uploads\/2014\/07\/logo_fes.jpg\",\"contentUrl\":\"https:\/\/www.municipales.org.ar\/festram\/wp-content\/uploads\/2014\/07\/logo_fes.jpg\",\"width\":661,\"height\":673,\"caption\":\"Federaci\u00f3n de Sindicatos de Trabajadores Municipales de la Provincia de Santa Fe\"},\"image\":{\"@id\":\"https:\/\/municipales.org.ar\/festram\/#\/schema\/logo\/image\/\"},\"sameAs\":[\"https:\/\/www.facebook.com\/MunicipalesSF\",\"https:\/\/x.com\/MunicipalesSF\",\"https:\/\/www.youtube.com\/user\/festram\"]},{\"@type\":\"Person\",\"@id\":\"https:\/\/municipales.org.ar\/festram\/#\/schema\/person\/49096a774c48ce9063df4d59ec059f9e\",\"name\":\"mun_admin\"}]}<\/script>\n<!-- \/ Yoast SEO plugin. -->","yoast_head_json":{"title":"La disparidad consagrada &#8211; FESTRAM","description":"Las empresas exportadoras facturan unos 380 mil millones de pesos al a\u00f1o pero el ajuste cae sobre los trabajadores, y especialmente sobre las trabajadoras. Sufren despidos, propios y de sus parejas. Son las que tienen las tareas m\u00e1s precarias y las remuneraciones m\u00e1s bajas, y casi nunca acceden a cargos jer\u00e1rquicos.","robots":{"index":"index","follow":"follow","max-snippet":"max-snippet:-1","max-image-preview":"max-image-preview:large","max-video-preview":"max-video-preview:-1"},"canonical":"https:\/\/municipales.org.ar\/festram\/la-disparidad-consagrada\/","og_locale":"es_ES","og_type":"article","og_title":"La disparidad consagrada &#8211; FESTRAM","og_description":"Las empresas exportadoras facturan unos 380 mil millones de pesos al a\u00f1o pero el ajuste cae sobre los trabajadores, y especialmente sobre las trabajadoras. Sufren despidos, propios y de sus parejas. Son las que tienen las tareas m\u00e1s precarias y las remuneraciones m\u00e1s bajas, y casi nunca acceden a cargos jer\u00e1rquicos.","og_url":"https:\/\/municipales.org.ar\/festram\/la-disparidad-consagrada\/","og_site_name":"FESTRAM","article_publisher":"https:\/\/www.facebook.com\/MunicipalesSF","article_published_time":"2018-03-05T20:37:54+00:00","og_image":[{"width":592,"height":642,"url":"https:\/\/municipales.org.ar\/festram\/wp-content\/uploads\/2018\/03\/0022934477.jpg","type":"image\/jpeg"}],"author":"mun_admin","twitter_card":"summary_large_image","twitter_creator":"@MunicipalesSF","twitter_site":"@MunicipalesSF","twitter_misc":{"Escrito por":"mun_admin","Tiempo de lectura":"6 minutos"},"schema":{"@context":"https:\/\/schema.org","@graph":[{"@type":"Article","@id":"https:\/\/municipales.org.ar\/festram\/la-disparidad-consagrada\/#article","isPartOf":{"@id":"https:\/\/municipales.org.ar\/festram\/la-disparidad-consagrada\/"},"author":{"name":"mun_admin","@id":"https:\/\/municipales.org.ar\/festram\/#\/schema\/person\/49096a774c48ce9063df4d59ec059f9e"},"headline":"La disparidad consagrada","datePublished":"2018-03-05T20:37:54+00:00","mainEntityOfPage":{"@id":"https:\/\/municipales.org.ar\/festram\/la-disparidad-consagrada\/"},"wordCount":1188,"publisher":{"@id":"https:\/\/municipales.org.ar\/festram\/#organization"},"image":{"@id":"https:\/\/municipales.org.ar\/festram\/la-disparidad-consagrada\/#primaryimage"},"thumbnailUrl":"https:\/\/municipales.org.ar\/festram\/wp-content\/uploads\/2018\/03\/0022934477.jpg","keywords":["g\u00e9nero"],"articleSection":["G\u00e9nero"],"inLanguage":"es"},{"@type":"WebPage","@id":"https:\/\/municipales.org.ar\/festram\/la-disparidad-consagrada\/","url":"https:\/\/municipales.org.ar\/festram\/la-disparidad-consagrada\/","name":"La disparidad consagrada &#8211; FESTRAM","isPartOf":{"@id":"https:\/\/municipales.org.ar\/festram\/#website"},"primaryImageOfPage":{"@id":"https:\/\/municipales.org.ar\/festram\/la-disparidad-consagrada\/#primaryimage"},"image":{"@id":"https:\/\/municipales.org.ar\/festram\/la-disparidad-consagrada\/#primaryimage"},"thumbnailUrl":"https:\/\/municipales.org.ar\/festram\/wp-content\/uploads\/2018\/03\/0022934477.jpg","datePublished":"2018-03-05T20:37:54+00:00","description":"Las empresas exportadoras facturan unos 380 mil millones de pesos al a\u00f1o pero el ajuste cae sobre los trabajadores, y especialmente sobre las trabajadoras. Sufren despidos, propios y de sus parejas. Son las que tienen las tareas m\u00e1s precarias y las remuneraciones m\u00e1s bajas, y casi nunca acceden a cargos jer\u00e1rquicos.","breadcrumb":{"@id":"https:\/\/municipales.org.ar\/festram\/la-disparidad-consagrada\/#breadcrumb"},"inLanguage":"es","potentialAction":[{"@type":"ReadAction","target":["https:\/\/municipales.org.ar\/festram\/la-disparidad-consagrada\/"]}]},{"@type":"ImageObject","inLanguage":"es","@id":"https:\/\/municipales.org.ar\/festram\/la-disparidad-consagrada\/#primaryimage","url":"https:\/\/municipales.org.ar\/festram\/wp-content\/uploads\/2018\/03\/0022934477.jpg","contentUrl":"https:\/\/municipales.org.ar\/festram\/wp-content\/uploads\/2018\/03\/0022934477.jpg","width":592,"height":642,"caption":"Virginia Benedetto para La Capital"},{"@type":"BreadcrumbList","@id":"https:\/\/municipales.org.ar\/festram\/la-disparidad-consagrada\/#breadcrumb","itemListElement":[{"@type":"ListItem","position":1,"name":"Portada","item":"https:\/\/municipales.org.ar\/festram\/"},{"@type":"ListItem","position":2,"name":"La disparidad consagrada"}]},{"@type":"WebSite","@id":"https:\/\/municipales.org.ar\/festram\/#website","url":"https:\/\/municipales.org.ar\/festram\/","name":"FESTRAM","description":"La web de los trabajadores municipales","publisher":{"@id":"https:\/\/municipales.org.ar\/festram\/#organization"},"potentialAction":[{"@type":"SearchAction","target":{"@type":"EntryPoint","urlTemplate":"https:\/\/municipales.org.ar\/festram\/?s={search_term_string}"},"query-input":{"@type":"PropertyValueSpecification","valueRequired":true,"valueName":"search_term_string"}}],"inLanguage":"es"},{"@type":"Organization","@id":"https:\/\/municipales.org.ar\/festram\/#organization","name":"Federaci\u00f3n de Sindicatos de Trabajadores Municipales de la Provincia de Santa Fe","url":"https:\/\/municipales.org.ar\/festram\/","logo":{"@type":"ImageObject","inLanguage":"es","@id":"https:\/\/municipales.org.ar\/festram\/#\/schema\/logo\/image\/","url":"https:\/\/www.municipales.org.ar\/festram\/wp-content\/uploads\/2014\/07\/logo_fes.jpg","contentUrl":"https:\/\/www.municipales.org.ar\/festram\/wp-content\/uploads\/2014\/07\/logo_fes.jpg","width":661,"height":673,"caption":"Federaci\u00f3n de Sindicatos de Trabajadores Municipales de la Provincia de Santa Fe"},"image":{"@id":"https:\/\/municipales.org.ar\/festram\/#\/schema\/logo\/image\/"},"sameAs":["https:\/\/www.facebook.com\/MunicipalesSF","https:\/\/x.com\/MunicipalesSF","https:\/\/www.youtube.com\/user\/festram"]},{"@type":"Person","@id":"https:\/\/municipales.org.ar\/festram\/#\/schema\/person\/49096a774c48ce9063df4d59ec059f9e","name":"mun_admin"}]}},"jetpack_publicize_connections":[],"jetpack_featured_media_url":"https:\/\/municipales.org.ar\/festram\/wp-content\/uploads\/2018\/03\/0022934477.jpg","jetpack_sharing_enabled":true,"jetpack_likes_enabled":false,"jetpack_shortlink":"https:\/\/wp.me\/p7l4x1-3lE","_links":{"self":[{"href":"https:\/\/municipales.org.ar\/festram\/wp-json\/wp\/v2\/posts\/12874","targetHints":{"allow":["GET"]}}],"collection":[{"href":"https:\/\/municipales.org.ar\/festram\/wp-json\/wp\/v2\/posts"}],"about":[{"href":"https:\/\/municipales.org.ar\/festram\/wp-json\/wp\/v2\/types\/post"}],"author":[{"embeddable":true,"href":"https:\/\/municipales.org.ar\/festram\/wp-json\/wp\/v2\/users\/1"}],"replies":[{"embeddable":true,"href":"https:\/\/municipales.org.ar\/festram\/wp-json\/wp\/v2\/comments?post=12874"}],"version-history":[{"count":1,"href":"https:\/\/municipales.org.ar\/festram\/wp-json\/wp\/v2\/posts\/12874\/revisions"}],"predecessor-version":[{"id":12876,"href":"https:\/\/municipales.org.ar\/festram\/wp-json\/wp\/v2\/posts\/12874\/revisions\/12876"}],"wp:featuredmedia":[{"embeddable":true,"href":"https:\/\/municipales.org.ar\/festram\/wp-json\/wp\/v2\/media\/12875"}],"wp:attachment":[{"href":"https:\/\/municipales.org.ar\/festram\/wp-json\/wp\/v2\/media?parent=12874"}],"wp:term":[{"taxonomy":"category","embeddable":true,"href":"https:\/\/municipales.org.ar\/festram\/wp-json\/wp\/v2\/categories?post=12874"},{"taxonomy":"post_tag","embeddable":true,"href":"https:\/\/municipales.org.ar\/festram\/wp-json\/wp\/v2\/tags?post=12874"}],"curies":[{"name":"wp","href":"https:\/\/api.w.org\/{rel}","templated":true}]}}