{"id":12895,"date":"2018-03-08T18:00:50","date_gmt":"2018-03-08T21:00:50","guid":{"rendered":"http:\/\/www.municipales.org.ar\/festram\/?p=12895"},"modified":"2018-03-19T15:01:13","modified_gmt":"2018-03-19T18:01:13","slug":"companeras-municipales-debaten-8m","status":"publish","type":"post","link":"https:\/\/municipales.org.ar\/festram\/companeras-municipales-debaten-8m\/","title":{"rendered":"Compa\u00f1eras Municipales debaten en el #8M"},"content":{"rendered":"<h3>Por un mundo donde seamos socialmente iguales, igualmente diferentes y totalmente libres.<\/h3>\n<p>&nbsp;<\/p>\n<p>En el marco de la conmemoraci\u00f3n del D\u00eda Internacional de la Mujer Trabajadora, FESTRAM, adem\u00e1s de adherir al Paro de Mujeres, llev\u00f3 adelante una Jornada Taller de sensibilizaci\u00f3n en la sede federativa, en pos de la lucha de la mujer por su participaci\u00f3n, en pie de igualdad con el hombre en la sociedad y en su desarrollo \u00edntegro como persona.<\/p>\n<p>La jornada di\u00f3 inicio a la 8:30 horas con la acreditaci\u00f3n de las participantes provenientes de: S.E.O.M. Rafaela y Compa\u00f1eras de las Localidades de Pilar, Clucellas, Santa Clara de Saguier, Nuevo Torino y San Vicente; SITRAM Coronda; ASTEOM Santo Tom\u00e9; ASOEM San Javier; SOEM Tostado; SITRAM Laguna Paiva; SITRAM Rufino, STM Villa Gobernador G\u00e1lvez; SITRAM San Carlos; representantes de la Mesa Ni Una Menos; Docentes fundadoras de CTERA y Docentes de FESTRAM.<\/p>\n<p>Luego de la entrega del material de trabajo y mediante la modalidad de taller se avanz\u00f3 para poder visibilizar lo que implica una jornada de paro dom\u00e9stico y laboral, haciendo conocer la Ley de Protecci\u00f3n Integral a la Mujer (Ley Nacional 26.485) y su reglamentaci\u00f3n Provincial (Ley 13.348), con el objetivo de empoderar a las compa\u00f1eras en el conocimiento de sus derechos y as\u00ed lograr la efectiva implementaci\u00f3n de la misma.<\/p>\n<p>El panel de bienvenida estuvo a cargo de Mar\u00eda Jos\u00e9 Barrios, Secretaria de Pol\u00edticas de G\u00e9nero, Ni\u00f1ez y Medio Ambiente de FESTRAM; Anal\u00eda Volz, Secretaria Adjunta del S.E.O.M. Rafaela, Ileana Foti por la Red de J\u00f3venes Municipales, Mary Gait\u00e1n y Marta R\u00edos por la Red de Mujeres Municipales y Comunales, y Andrea Luna, representante de la Mesa Ni una Menos de Santa Fe, con la coordinaci\u00f3n de los talleres a cargo de Marcela Rolfi, integrante del plantel de docentes de la Federaci\u00f3n.<\/p>\n<p>En el auditorio se encontraba el Secretario General de la Federaci\u00f3n Claudio Leoni quien salud\u00f3 a las Compa\u00f1eras, habl\u00f3 de la historia de lucha de la Mujer Trabajadora y de los momentos actuales de la revoluci\u00f3n femenina, augurando una jornada de uni\u00f3n, solidaridad, sororidad y compa\u00f1erismo. <em>\u201cSin la plena igualdad de derechos entre mujeres y hombres, la justicia social es inalcanzable\u201d<\/em>, indic\u00f3 el dirigente.<\/p>\n<p><em>\u201cEs necesario comprender que la igualdad de g\u00e9nero debe instalarse desde cada uno de los lugares donde la presencia de la mujer se manifiesta y es prioritario poner el acento en la toma de conciencia sobre la violencia de g\u00e9nero que est\u00e1 diezmando a la sociedad, truncando la vida de tantas mujeres y dejando a centenares de ni\u00f1os hu\u00e9rfanos. El cambio cultural debe suceder de una vez por todas en nuestra comunidad y eso depende de cada uno de nosotros\u201d<\/em> expres\u00f3 por su parte la Secretaria de Pol\u00edticas de G\u00e9nero.<\/p>\n<p>Las ponencias que resultaron de la Jornada Taller abrieron el debate a la realidad efectiva de la problem\u00e1tica de la mujer en tem\u00e1ticas tales como la triple jornada laboral, la sobrecarga dom\u00e9stica, la brecha salarial y la feminizaci\u00f3n de la pobreza.<\/p>\n<p>El cierre -cargado de emotividad- estuvo a cargo de la actriz, core\u00f3grafa y bailarina Cecilia Mazzetti con el unipersonal \u201cMi nombre\u201d de Griselda Gambaro.<\/p>\n<p>&nbsp;<\/p>\n<p>[srizonfbalbum id=71]<br \/>\n<a href=\"https:\/\/www.facebook.com\/media\/set\/?set=a.1777790485618194.1073741935.117916918272234&amp;type=1&amp;l=251375d8c2\" target=\"_blank\" rel=\"noopener\">M\u00e1s fotos en la P\u00e1gina de FESTRAM en Facebook<\/a><\/p>\n<p>&nbsp;<\/p>\n<h3>Reconocimiento y Distinci\u00f3n<\/h3>\n<p>En reconocimiento por la lucha de la Mujer Trabajadora, el Gobernador de la Provincia de Santa Fe Miguel Lifschitz, realiz\u00f3 una distinci\u00f3n a mujeres sindicalistas, entre ellas las compa\u00f1eras Anal\u00eda Volz, Secretaria Adjunta de SEOM Rafaela por ser la primera Licencia Gremial otorgada a una mujer en ese Sindicato, y Evelyn Lardito, compa\u00f1era del SITRAM San Carlos quien padeci\u00f3 violencia de G\u00e9nero, Laboral e Institucional por parte del Intendente de esa localidad Ing. Jorge Placenzotti.<\/p>\n<p>Merecidas distinciones por la lucha en defensa de los derechos de la Mujer.<\/p>\n\n\t\t<style type=\"text\/css\">\n\t\t\t#gallery-1 {\n\t\t\t\tmargin: auto;\n\t\t\t}\n\t\t\t#gallery-1 .gallery-item {\n\t\t\t\tfloat: left;\n\t\t\t\tmargin-top: 10px;\n\t\t\t\ttext-align: center;\n\t\t\t\twidth: 33%;\n\t\t\t}\n\t\t\t#gallery-1 img {\n\t\t\t\tborder: 2px solid #cfcfcf;\n\t\t\t}\n\t\t\t#gallery-1 .gallery-caption {\n\t\t\t\tmargin-left: 0;\n\t\t\t}\n\t\t\t\/* see gallery_shortcode() in wp-includes\/media.php *\/\n\t\t<\/style>\n\t\t<div id='gallery-1' class='gallery galleryid-12895 gallery-columns-3 gallery-size-thumbnail'><dl class='gallery-item'>\n\t\t\t<dt class='gallery-icon landscape'>\n\t\t\t\t<a href='https:\/\/municipales.org.ar\/festram\/companeras-municipales-debaten-8m\/dsc_0098-2\/'><img loading=\"lazy\" decoding=\"async\" width=\"150\" height=\"150\" src=\"https:\/\/municipales.org.ar\/festram\/wp-content\/uploads\/2018\/03\/DSC_0098-1-150x150.jpg\" class=\"attachment-thumbnail size-thumbnail\" alt=\"\" aria-describedby=\"gallery-1-12902\" srcset=\"https:\/\/municipales.org.ar\/festram\/wp-content\/uploads\/2018\/03\/DSC_0098-1-150x150.jpg 150w, https:\/\/municipales.org.ar\/festram\/wp-content\/uploads\/2018\/03\/DSC_0098-1-80x80.jpg 80w\" sizes=\"auto, (max-width: 150px) 100vw, 150px\" \/><\/a>\n\t\t\t<\/dt>\n\t\t\t\t<dd class='wp-caption-text gallery-caption' id='gallery-1-12902'>\n\t\t\t\tAnal\u00eda Volz del SEOM Rafaela junto a Dario Cocco y el presidente de la C\u00e1mara de Diputados, Antonio Bonfatti\n\t\t\t\t<\/dd><\/dl><dl class='gallery-item'>\n\t\t\t<dt class='gallery-icon landscape'>\n\t\t\t\t<a href='https:\/\/municipales.org.ar\/festram\/companeras-municipales-debaten-8m\/dsc_0111-2\/'><img loading=\"lazy\" decoding=\"async\" width=\"150\" height=\"150\" src=\"https:\/\/municipales.org.ar\/festram\/wp-content\/uploads\/2018\/03\/DSC_0111-1-150x150.jpg\" class=\"attachment-thumbnail size-thumbnail\" alt=\"\" aria-describedby=\"gallery-1-12905\" srcset=\"https:\/\/municipales.org.ar\/festram\/wp-content\/uploads\/2018\/03\/DSC_0111-1-150x150.jpg 150w, https:\/\/municipales.org.ar\/festram\/wp-content\/uploads\/2018\/03\/DSC_0111-1-80x80.jpg 80w\" sizes=\"auto, (max-width: 150px) 100vw, 150px\" \/><\/a>\n\t\t\t<\/dt>\n\t\t\t\t<dd class='wp-caption-text gallery-caption' id='gallery-1-12905'>\n\t\t\t\tAnal\u00eda Volz, Evelyn Lardito, Maria Jos\u00e9 Barrios y compa\u00f1eras del SEOM Rafaela\n\t\t\t\t<\/dd><\/dl><dl class='gallery-item'>\n\t\t\t<dt class='gallery-icon landscape'>\n\t\t\t\t<a href='https:\/\/municipales.org.ar\/festram\/companeras-municipales-debaten-8m\/dsc_0108-2\/'><img loading=\"lazy\" decoding=\"async\" width=\"150\" height=\"150\" src=\"https:\/\/municipales.org.ar\/festram\/wp-content\/uploads\/2018\/03\/DSC_0108-1-150x150.jpg\" class=\"attachment-thumbnail size-thumbnail\" alt=\"\" aria-describedby=\"gallery-1-12904\" srcset=\"https:\/\/municipales.org.ar\/festram\/wp-content\/uploads\/2018\/03\/DSC_0108-1-150x150.jpg 150w, https:\/\/municipales.org.ar\/festram\/wp-content\/uploads\/2018\/03\/DSC_0108-1-80x80.jpg 80w\" sizes=\"auto, (max-width: 150px) 100vw, 150px\" \/><\/a>\n\t\t\t<\/dt>\n\t\t\t\t<dd class='wp-caption-text gallery-caption' id='gallery-1-12904'>\n\t\t\t\tEvelyn Lardito junto a Andr\u00e9s Mart\u00ednez, Secretario General del SITRAM San Carlos, Mar\u00eda Jos\u00e9 Barrios y Dario Cocco\n\t\t\t\t<\/dd><\/dl><br style=\"clear: both\" \/><dl class='gallery-item'>\n\t\t\t<dt class='gallery-icon landscape'>\n\t\t\t\t<a href='https:\/\/municipales.org.ar\/festram\/companeras-municipales-debaten-8m\/dsc_0104-2\/'><img loading=\"lazy\" decoding=\"async\" width=\"150\" height=\"150\" src=\"https:\/\/municipales.org.ar\/festram\/wp-content\/uploads\/2018\/03\/DSC_0104-1-150x150.jpg\" class=\"attachment-thumbnail size-thumbnail\" alt=\"\" aria-describedby=\"gallery-1-12903\" srcset=\"https:\/\/municipales.org.ar\/festram\/wp-content\/uploads\/2018\/03\/DSC_0104-1-150x150.jpg 150w, https:\/\/municipales.org.ar\/festram\/wp-content\/uploads\/2018\/03\/DSC_0104-1-80x80.jpg 80w\" sizes=\"auto, (max-width: 150px) 100vw, 150px\" \/><\/a>\n\t\t\t<\/dt>\n\t\t\t\t<dd class='wp-caption-text gallery-caption' id='gallery-1-12903'>\n\t\t\t\tEvelyn Lardito junto al Vicegobernador de la Provincia Carlos Fascendini y Gaby Sosa, Subsecretaria de Pol\u00edticas de G\u00e9nero\n\t\t\t\t<\/dd><\/dl><dl class='gallery-item'>\n\t\t\t<dt class='gallery-icon landscape'>\n\t\t\t\t<a href='https:\/\/municipales.org.ar\/festram\/companeras-municipales-debaten-8m\/dsc_0065\/'><img loading=\"lazy\" decoding=\"async\" width=\"150\" height=\"150\" src=\"https:\/\/municipales.org.ar\/festram\/wp-content\/uploads\/2018\/03\/DSC_0065-150x150.jpg\" class=\"attachment-thumbnail size-thumbnail\" alt=\"\" aria-describedby=\"gallery-1-12908\" srcset=\"https:\/\/municipales.org.ar\/festram\/wp-content\/uploads\/2018\/03\/DSC_0065-150x150.jpg 150w, https:\/\/municipales.org.ar\/festram\/wp-content\/uploads\/2018\/03\/DSC_0065-80x80.jpg 80w\" sizes=\"auto, (max-width: 150px) 100vw, 150px\" \/><\/a>\n\t\t\t<\/dt>\n\t\t\t\t<dd class='wp-caption-text gallery-caption' id='gallery-1-12908'>\n\t\t\t\tAnal\u00eda Volz recibiendo el reconocimiento con el Gobernador de la Provincia Miguel Lifschitz\n\t\t\t\t<\/dd><\/dl>\n\t\t\t<br style='clear: both' \/>\n\t\t<\/div>\n\n<p>&nbsp;<\/p>\n","protected":false},"excerpt":{"rendered":"<p>Por un mundo donde seamos socialmente iguales, igualmente diferentes y totalmente libres.<\/p>\n","protected":false},"author":1,"featured_media":12900,"comment_status":"closed","ping_status":"closed","sticky":false,"template":"","format":"standard","meta":{"_jetpack_memberships_contains_paid_content":false,"footnotes":"","jetpack_publicize_message":"Compa\u00f1eras Municipales debaten en el #8M","jetpack_publicize_feature_enabled":true,"jetpack_social_post_already_shared":true,"jetpack_social_options":{"image_generator_settings":{"template":"highway","default_image_id":0,"font":"","enabled":false},"version":2}},"categories":[50],"tags":[87],"class_list":["post-12895","post","type-post","status-publish","format-standard","has-post-thumbnail","hentry","category-genero","tag-genero-2"],"yoast_head":"<!-- This site is optimized with the Yoast SEO plugin v25.9 - https:\/\/yoast.com\/wordpress\/plugins\/seo\/ -->\n<title>Compa\u00f1eras Municipales debaten en el #8M &#8211; FESTRAM<\/title>\n<meta name=\"description\" content=\"Por un mundo donde seamos socialmente iguales, igualmente diferentes y totalmente libres.\" \/>\n<meta name=\"robots\" content=\"index, follow, max-snippet:-1, max-image-preview:large, max-video-preview:-1\" \/>\n<link rel=\"canonical\" href=\"https:\/\/municipales.org.ar\/festram\/companeras-municipales-debaten-8m\/\" \/>\n<meta property=\"og:locale\" content=\"es_ES\" \/>\n<meta property=\"og:type\" content=\"article\" \/>\n<meta property=\"og:title\" content=\"Compa\u00f1eras Municipales debaten en el #8M &#8211; FESTRAM\" \/>\n<meta property=\"og:description\" content=\"Por un mundo donde seamos socialmente iguales, igualmente diferentes y totalmente libres.\" \/>\n<meta property=\"og:url\" content=\"https:\/\/municipales.org.ar\/festram\/companeras-municipales-debaten-8m\/\" \/>\n<meta property=\"og:site_name\" content=\"FESTRAM\" \/>\n<meta property=\"article:publisher\" content=\"https:\/\/www.facebook.com\/MunicipalesSF\" \/>\n<meta property=\"article:published_time\" content=\"2018-03-08T21:00:50+00:00\" \/>\n<meta property=\"article:modified_time\" content=\"2018-03-19T18:01:13+00:00\" \/>\n<meta property=\"og:image\" content=\"https:\/\/municipales.org.ar\/festram\/wp-content\/uploads\/2018\/03\/28685434_1777795265617716_2464537176013012992_o.jpg\" \/>\n\t<meta property=\"og:image:width\" content=\"1920\" \/>\n\t<meta property=\"og:image:height\" content=\"1282\" \/>\n\t<meta property=\"og:image:type\" content=\"image\/jpeg\" \/>\n<meta name=\"author\" content=\"mun_admin\" \/>\n<meta name=\"twitter:card\" content=\"summary_large_image\" \/>\n<meta name=\"twitter:creator\" content=\"@MunicipalesSF\" \/>\n<meta name=\"twitter:site\" content=\"@MunicipalesSF\" \/>\n<meta name=\"twitter:label1\" content=\"Escrito por\" \/>\n\t<meta name=\"twitter:data1\" content=\"mun_admin\" \/>\n\t<meta name=\"twitter:label2\" content=\"Tiempo de lectura\" \/>\n\t<meta name=\"twitter:data2\" content=\"3 minutos\" \/>\n<script type=\"application\/ld+json\" class=\"yoast-schema-graph\">{\"@context\":\"https:\/\/schema.org\",\"@graph\":[{\"@type\":\"Article\",\"@id\":\"https:\/\/municipales.org.ar\/festram\/companeras-municipales-debaten-8m\/#article\",\"isPartOf\":{\"@id\":\"https:\/\/municipales.org.ar\/festram\/companeras-municipales-debaten-8m\/\"},\"author\":{\"name\":\"mun_admin\",\"@id\":\"https:\/\/municipales.org.ar\/festram\/#\/schema\/person\/49096a774c48ce9063df4d59ec059f9e\"},\"headline\":\"Compa\u00f1eras Municipales debaten en el #8M\",\"datePublished\":\"2018-03-08T21:00:50+00:00\",\"dateModified\":\"2018-03-19T18:01:13+00:00\",\"mainEntityOfPage\":{\"@id\":\"https:\/\/municipales.org.ar\/festram\/companeras-municipales-debaten-8m\/\"},\"wordCount\":683,\"publisher\":{\"@id\":\"https:\/\/municipales.org.ar\/festram\/#organization\"},\"image\":{\"@id\":\"https:\/\/municipales.org.ar\/festram\/companeras-municipales-debaten-8m\/#primaryimage\"},\"thumbnailUrl\":\"https:\/\/municipales.org.ar\/festram\/wp-content\/uploads\/2018\/03\/28685434_1777795265617716_2464537176013012992_o.jpg\",\"keywords\":[\"g\u00e9nero\"],\"articleSection\":[\"G\u00e9nero\"],\"inLanguage\":\"es\"},{\"@type\":\"WebPage\",\"@id\":\"https:\/\/municipales.org.ar\/festram\/companeras-municipales-debaten-8m\/\",\"url\":\"https:\/\/municipales.org.ar\/festram\/companeras-municipales-debaten-8m\/\",\"name\":\"Compa\u00f1eras Municipales debaten en el #8M &#8211; FESTRAM\",\"isPartOf\":{\"@id\":\"https:\/\/municipales.org.ar\/festram\/#website\"},\"primaryImageOfPage\":{\"@id\":\"https:\/\/municipales.org.ar\/festram\/companeras-municipales-debaten-8m\/#primaryimage\"},\"image\":{\"@id\":\"https:\/\/municipales.org.ar\/festram\/companeras-municipales-debaten-8m\/#primaryimage\"},\"thumbnailUrl\":\"https:\/\/municipales.org.ar\/festram\/wp-content\/uploads\/2018\/03\/28685434_1777795265617716_2464537176013012992_o.jpg\",\"datePublished\":\"2018-03-08T21:00:50+00:00\",\"dateModified\":\"2018-03-19T18:01:13+00:00\",\"description\":\"Por un mundo donde seamos socialmente iguales, igualmente diferentes y totalmente libres.\",\"breadcrumb\":{\"@id\":\"https:\/\/municipales.org.ar\/festram\/companeras-municipales-debaten-8m\/#breadcrumb\"},\"inLanguage\":\"es\",\"potentialAction\":[{\"@type\":\"ReadAction\",\"target\":[\"https:\/\/municipales.org.ar\/festram\/companeras-municipales-debaten-8m\/\"]}]},{\"@type\":\"ImageObject\",\"inLanguage\":\"es\",\"@id\":\"https:\/\/municipales.org.ar\/festram\/companeras-municipales-debaten-8m\/#primaryimage\",\"url\":\"https:\/\/municipales.org.ar\/festram\/wp-content\/uploads\/2018\/03\/28685434_1777795265617716_2464537176013012992_o.jpg\",\"contentUrl\":\"https:\/\/municipales.org.ar\/festram\/wp-content\/uploads\/2018\/03\/28685434_1777795265617716_2464537176013012992_o.jpg\",\"width\":1920,\"height\":1282},{\"@type\":\"BreadcrumbList\",\"@id\":\"https:\/\/municipales.org.ar\/festram\/companeras-municipales-debaten-8m\/#breadcrumb\",\"itemListElement\":[{\"@type\":\"ListItem\",\"position\":1,\"name\":\"Portada\",\"item\":\"https:\/\/municipales.org.ar\/festram\/\"},{\"@type\":\"ListItem\",\"position\":2,\"name\":\"Compa\u00f1eras Municipales debaten en el #8M\"}]},{\"@type\":\"WebSite\",\"@id\":\"https:\/\/municipales.org.ar\/festram\/#website\",\"url\":\"https:\/\/municipales.org.ar\/festram\/\",\"name\":\"FESTRAM\",\"description\":\"La web de los trabajadores municipales\",\"publisher\":{\"@id\":\"https:\/\/municipales.org.ar\/festram\/#organization\"},\"potentialAction\":[{\"@type\":\"SearchAction\",\"target\":{\"@type\":\"EntryPoint\",\"urlTemplate\":\"https:\/\/municipales.org.ar\/festram\/?s={search_term_string}\"},\"query-input\":{\"@type\":\"PropertyValueSpecification\",\"valueRequired\":true,\"valueName\":\"search_term_string\"}}],\"inLanguage\":\"es\"},{\"@type\":\"Organization\",\"@id\":\"https:\/\/municipales.org.ar\/festram\/#organization\",\"name\":\"Federaci\u00f3n de Sindicatos de Trabajadores Municipales de la Provincia de Santa Fe\",\"url\":\"https:\/\/municipales.org.ar\/festram\/\",\"logo\":{\"@type\":\"ImageObject\",\"inLanguage\":\"es\",\"@id\":\"https:\/\/municipales.org.ar\/festram\/#\/schema\/logo\/image\/\",\"url\":\"https:\/\/www.municipales.org.ar\/festram\/wp-content\/uploads\/2014\/07\/logo_fes.jpg\",\"contentUrl\":\"https:\/\/www.municipales.org.ar\/festram\/wp-content\/uploads\/2014\/07\/logo_fes.jpg\",\"width\":661,\"height\":673,\"caption\":\"Federaci\u00f3n de Sindicatos de Trabajadores Municipales de la Provincia de Santa Fe\"},\"image\":{\"@id\":\"https:\/\/municipales.org.ar\/festram\/#\/schema\/logo\/image\/\"},\"sameAs\":[\"https:\/\/www.facebook.com\/MunicipalesSF\",\"https:\/\/x.com\/MunicipalesSF\",\"https:\/\/www.youtube.com\/user\/festram\"]},{\"@type\":\"Person\",\"@id\":\"https:\/\/municipales.org.ar\/festram\/#\/schema\/person\/49096a774c48ce9063df4d59ec059f9e\",\"name\":\"mun_admin\"}]}<\/script>\n<!-- \/ Yoast SEO plugin. -->","yoast_head_json":{"title":"Compa\u00f1eras Municipales debaten en el #8M &#8211; FESTRAM","description":"Por un mundo donde seamos socialmente iguales, igualmente diferentes y totalmente libres.","robots":{"index":"index","follow":"follow","max-snippet":"max-snippet:-1","max-image-preview":"max-image-preview:large","max-video-preview":"max-video-preview:-1"},"canonical":"https:\/\/municipales.org.ar\/festram\/companeras-municipales-debaten-8m\/","og_locale":"es_ES","og_type":"article","og_title":"Compa\u00f1eras Municipales debaten en el #8M &#8211; FESTRAM","og_description":"Por un mundo donde seamos socialmente iguales, igualmente diferentes y totalmente libres.","og_url":"https:\/\/municipales.org.ar\/festram\/companeras-municipales-debaten-8m\/","og_site_name":"FESTRAM","article_publisher":"https:\/\/www.facebook.com\/MunicipalesSF","article_published_time":"2018-03-08T21:00:50+00:00","article_modified_time":"2018-03-19T18:01:13+00:00","og_image":[{"width":1920,"height":1282,"url":"https:\/\/municipales.org.ar\/festram\/wp-content\/uploads\/2018\/03\/28685434_1777795265617716_2464537176013012992_o.jpg","type":"image\/jpeg"}],"author":"mun_admin","twitter_card":"summary_large_image","twitter_creator":"@MunicipalesSF","twitter_site":"@MunicipalesSF","twitter_misc":{"Escrito por":"mun_admin","Tiempo de lectura":"3 minutos"},"schema":{"@context":"https:\/\/schema.org","@graph":[{"@type":"Article","@id":"https:\/\/municipales.org.ar\/festram\/companeras-municipales-debaten-8m\/#article","isPartOf":{"@id":"https:\/\/municipales.org.ar\/festram\/companeras-municipales-debaten-8m\/"},"author":{"name":"mun_admin","@id":"https:\/\/municipales.org.ar\/festram\/#\/schema\/person\/49096a774c48ce9063df4d59ec059f9e"},"headline":"Compa\u00f1eras Municipales debaten en el #8M","datePublished":"2018-03-08T21:00:50+00:00","dateModified":"2018-03-19T18:01:13+00:00","mainEntityOfPage":{"@id":"https:\/\/municipales.org.ar\/festram\/companeras-municipales-debaten-8m\/"},"wordCount":683,"publisher":{"@id":"https:\/\/municipales.org.ar\/festram\/#organization"},"image":{"@id":"https:\/\/municipales.org.ar\/festram\/companeras-municipales-debaten-8m\/#primaryimage"},"thumbnailUrl":"https:\/\/municipales.org.ar\/festram\/wp-content\/uploads\/2018\/03\/28685434_1777795265617716_2464537176013012992_o.jpg","keywords":["g\u00e9nero"],"articleSection":["G\u00e9nero"],"inLanguage":"es"},{"@type":"WebPage","@id":"https:\/\/municipales.org.ar\/festram\/companeras-municipales-debaten-8m\/","url":"https:\/\/municipales.org.ar\/festram\/companeras-municipales-debaten-8m\/","name":"Compa\u00f1eras Municipales debaten en el #8M &#8211; FESTRAM","isPartOf":{"@id":"https:\/\/municipales.org.ar\/festram\/#website"},"primaryImageOfPage":{"@id":"https:\/\/municipales.org.ar\/festram\/companeras-municipales-debaten-8m\/#primaryimage"},"image":{"@id":"https:\/\/municipales.org.ar\/festram\/companeras-municipales-debaten-8m\/#primaryimage"},"thumbnailUrl":"https:\/\/municipales.org.ar\/festram\/wp-content\/uploads\/2018\/03\/28685434_1777795265617716_2464537176013012992_o.jpg","datePublished":"2018-03-08T21:00:50+00:00","dateModified":"2018-03-19T18:01:13+00:00","description":"Por un mundo donde seamos socialmente iguales, igualmente diferentes y totalmente libres.","breadcrumb":{"@id":"https:\/\/municipales.org.ar\/festram\/companeras-municipales-debaten-8m\/#breadcrumb"},"inLanguage":"es","potentialAction":[{"@type":"ReadAction","target":["https:\/\/municipales.org.ar\/festram\/companeras-municipales-debaten-8m\/"]}]},{"@type":"ImageObject","inLanguage":"es","@id":"https:\/\/municipales.org.ar\/festram\/companeras-municipales-debaten-8m\/#primaryimage","url":"https:\/\/municipales.org.ar\/festram\/wp-content\/uploads\/2018\/03\/28685434_1777795265617716_2464537176013012992_o.jpg","contentUrl":"https:\/\/municipales.org.ar\/festram\/wp-content\/uploads\/2018\/03\/28685434_1777795265617716_2464537176013012992_o.jpg","width":1920,"height":1282},{"@type":"BreadcrumbList","@id":"https:\/\/municipales.org.ar\/festram\/companeras-municipales-debaten-8m\/#breadcrumb","itemListElement":[{"@type":"ListItem","position":1,"name":"Portada","item":"https:\/\/municipales.org.ar\/festram\/"},{"@type":"ListItem","position":2,"name":"Compa\u00f1eras Municipales debaten en el #8M"}]},{"@type":"WebSite","@id":"https:\/\/municipales.org.ar\/festram\/#website","url":"https:\/\/municipales.org.ar\/festram\/","name":"FESTRAM","description":"La web de los trabajadores municipales","publisher":{"@id":"https:\/\/municipales.org.ar\/festram\/#organization"},"potentialAction":[{"@type":"SearchAction","target":{"@type":"EntryPoint","urlTemplate":"https:\/\/municipales.org.ar\/festram\/?s={search_term_string}"},"query-input":{"@type":"PropertyValueSpecification","valueRequired":true,"valueName":"search_term_string"}}],"inLanguage":"es"},{"@type":"Organization","@id":"https:\/\/municipales.org.ar\/festram\/#organization","name":"Federaci\u00f3n de Sindicatos de Trabajadores Municipales de la Provincia de Santa Fe","url":"https:\/\/municipales.org.ar\/festram\/","logo":{"@type":"ImageObject","inLanguage":"es","@id":"https:\/\/municipales.org.ar\/festram\/#\/schema\/logo\/image\/","url":"https:\/\/www.municipales.org.ar\/festram\/wp-content\/uploads\/2014\/07\/logo_fes.jpg","contentUrl":"https:\/\/www.municipales.org.ar\/festram\/wp-content\/uploads\/2014\/07\/logo_fes.jpg","width":661,"height":673,"caption":"Federaci\u00f3n de Sindicatos de Trabajadores Municipales de la Provincia de Santa Fe"},"image":{"@id":"https:\/\/municipales.org.ar\/festram\/#\/schema\/logo\/image\/"},"sameAs":["https:\/\/www.facebook.com\/MunicipalesSF","https:\/\/x.com\/MunicipalesSF","https:\/\/www.youtube.com\/user\/festram"]},{"@type":"Person","@id":"https:\/\/municipales.org.ar\/festram\/#\/schema\/person\/49096a774c48ce9063df4d59ec059f9e","name":"mun_admin"}]}},"jetpack_publicize_connections":[],"jetpack_featured_media_url":"https:\/\/municipales.org.ar\/festram\/wp-content\/uploads\/2018\/03\/28685434_1777795265617716_2464537176013012992_o.jpg","jetpack_sharing_enabled":true,"jetpack_likes_enabled":false,"jetpack_shortlink":"https:\/\/wp.me\/p7l4x1-3lZ","_links":{"self":[{"href":"https:\/\/municipales.org.ar\/festram\/wp-json\/wp\/v2\/posts\/12895","targetHints":{"allow":["GET"]}}],"collection":[{"href":"https:\/\/municipales.org.ar\/festram\/wp-json\/wp\/v2\/posts"}],"about":[{"href":"https:\/\/municipales.org.ar\/festram\/wp-json\/wp\/v2\/types\/post"}],"author":[{"embeddable":true,"href":"https:\/\/municipales.org.ar\/festram\/wp-json\/wp\/v2\/users\/1"}],"replies":[{"embeddable":true,"href":"https:\/\/municipales.org.ar\/festram\/wp-json\/wp\/v2\/comments?post=12895"}],"version-history":[{"count":4,"href":"https:\/\/municipales.org.ar\/festram\/wp-json\/wp\/v2\/posts\/12895\/revisions"}],"predecessor-version":[{"id":12909,"href":"https:\/\/municipales.org.ar\/festram\/wp-json\/wp\/v2\/posts\/12895\/revisions\/12909"}],"wp:featuredmedia":[{"embeddable":true,"href":"https:\/\/municipales.org.ar\/festram\/wp-json\/wp\/v2\/media\/12900"}],"wp:attachment":[{"href":"https:\/\/municipales.org.ar\/festram\/wp-json\/wp\/v2\/media?parent=12895"}],"wp:term":[{"taxonomy":"category","embeddable":true,"href":"https:\/\/municipales.org.ar\/festram\/wp-json\/wp\/v2\/categories?post=12895"},{"taxonomy":"post_tag","embeddable":true,"href":"https:\/\/municipales.org.ar\/festram\/wp-json\/wp\/v2\/tags?post=12895"}],"curies":[{"name":"wp","href":"https:\/\/api.w.org\/{rel}","templated":true}]}}