{"id":13040,"date":"2018-04-13T11:05:26","date_gmt":"2018-04-13T14:05:26","guid":{"rendered":"http:\/\/www.municipales.org.ar\/festram\/?p=13040"},"modified":"2018-04-17T13:42:19","modified_gmt":"2018-04-17T16:42:19","slug":"encuentro-nacional-de-la-corriente-federal-de-trabajadores","status":"publish","type":"post","link":"https:\/\/municipales.org.ar\/festram\/encuentro-nacional-de-la-corriente-federal-de-trabajadores\/","title":{"rendered":"Encuentro Nacional de la Corriente Federal de Trabajadores"},"content":{"rendered":"<h3>El pr\u00f3ximo s\u00e1bado 14 de abril en FESTRAM.<\/h3>\n<p>Se llevar\u00e1 a cabo en Santa Fe el Encuentro Nacional de la Corriente Federal de Trabajadores que convoca a las organizaciones sindicales de todo el pa\u00eds, identificadas con los principios y objetivos de este movimiento que integra la Confederaci\u00f3n General del Trabajo (CGT).<\/p>\n<p>Bajo la consigna: \u201cLos Trabajadores somos la Esperanza\u201d, \u201cUn Programa para construir la Unidad\u00a0 Sindical\u201d, la Corriente Federal de Trabajadores -CFT &#8211; sesionar\u00e1 en la sede de la Federaci\u00f3n de Sindicatos de Trabajadores Municipales de la Provincia de Santa Fe, el pr\u00f3ximo s\u00e1bado 14 de Abril.\u00a0A partir de las 9:00 hs comenzar\u00e1n las acreditaciones para integrarse a las 4 Comisiones, que abordar\u00e1n el debate sobre Trabajo, Producci\u00f3n y perspectivas Econ\u00f3micas de la Argentina, Econom\u00edas Regionales, Pacto Fiscal y sobre las Reformas Tributaria, Laborales y Previsionales impulsadas por el Gobierno Nacional.<\/p>\n<p>Asimismo, el encuentro tiene como objetivo debatir la articulaci\u00f3n de la Corriente Federal en todo el pa\u00eds\u00a0 y analizar la situaci\u00f3n y el destino de la Confederaci\u00f3n General del Trabajo.<\/p>\n<p><iframe loading=\"lazy\" src=\"https:\/\/www.youtube.com\/embed\/pyITWUw8f6s\" width=\"560\" height=\"315\" frameborder=\"0\" allowfullscreen=\"allowfullscreen\"><\/iframe><\/p>\n<p>A las 16:30 hs est\u00e1 previsto el acto de cierre con la participaci\u00f3n de otros sectores sindicales comprometidos en la resistencia a las pol\u00edticas de ajuste que impactan sobre el conjunto de los trabajadores.<\/p>\n<p>La CFT se inspira en los acontecimientos hist\u00f3ricos que marcaron la lucha del Movimiento Obrero en defensa de la dignidad y\u00a0 los derechos de los trabajadores, de las mayor\u00edas populares y de los leg\u00edtimos intereses de la Patria. Se define como un nucleamiento sindical pluralista que propone y promueve al conjunto del Movimiento Obrero el camino a la unidad sindical en torno a una sola CGT y un nuevo programa de 27 puntos para enfrentar los desaf\u00edos que plantea la restauraci\u00f3n conservadora y el modelo neoliberal que encarna el Gobierno de Macri y los factores del poder econ\u00f3mico concentrados que representa.<\/p>\n<h6>Prensa FESTRAM<\/h6>\n<h6>Contactos:<br \/>\nCarlos Borgna: 342-5999872<br \/>\nAlicia Gajdosik: 3492-419555<\/h6>\n","protected":false},"excerpt":{"rendered":"<p>El pr\u00f3ximo s\u00e1bado 14 de abril en FESTRAM.<\/p>\n","protected":false},"author":1,"featured_media":13041,"comment_status":"closed","ping_status":"closed","sticky":false,"template":"","format":"standard","meta":{"_jetpack_memberships_contains_paid_content":false,"footnotes":"","jetpack_publicize_message":"Encuentro Nacional de la Corriente Federal de Trabajadores","jetpack_publicize_feature_enabled":true,"jetpack_social_post_already_shared":true,"jetpack_social_options":{"image_generator_settings":{"template":"highway","default_image_id":0,"font":"","enabled":false},"version":2}},"categories":[201],"tags":[152,70],"class_list":["post-13040","post","type-post","status-publish","format-standard","has-post-thumbnail","hentry","category-comunicados-2018","tag-cgt","tag-el-pais"],"yoast_head":"<!-- This site is optimized with the Yoast SEO plugin v25.9 - https:\/\/yoast.com\/wordpress\/plugins\/seo\/ -->\n<title>Encuentro Nacional de la Corriente Federal de Trabajadores &#8211; FESTRAM<\/title>\n<meta name=\"description\" content=\"El pr\u00f3ximo s\u00e1bado 14 de abril en FESTRAM.\" \/>\n<meta name=\"robots\" content=\"index, follow, max-snippet:-1, max-image-preview:large, max-video-preview:-1\" \/>\n<link rel=\"canonical\" href=\"https:\/\/municipales.org.ar\/festram\/encuentro-nacional-de-la-corriente-federal-de-trabajadores\/\" \/>\n<meta property=\"og:locale\" content=\"es_ES\" \/>\n<meta property=\"og:type\" content=\"article\" \/>\n<meta property=\"og:title\" content=\"Encuentro Nacional de la Corriente Federal de Trabajadores &#8211; FESTRAM\" \/>\n<meta property=\"og:description\" content=\"El pr\u00f3ximo s\u00e1bado 14 de abril en FESTRAM.\" \/>\n<meta property=\"og:url\" content=\"https:\/\/municipales.org.ar\/festram\/encuentro-nacional-de-la-corriente-federal-de-trabajadores\/\" \/>\n<meta property=\"og:site_name\" content=\"FESTRAM\" \/>\n<meta property=\"article:publisher\" content=\"https:\/\/www.facebook.com\/MunicipalesSF\" \/>\n<meta property=\"article:published_time\" content=\"2018-04-13T14:05:26+00:00\" \/>\n<meta property=\"article:modified_time\" content=\"2018-04-17T16:42:19+00:00\" \/>\n<meta property=\"og:image\" content=\"https:\/\/municipales.org.ar\/festram\/wp-content\/uploads\/2018\/04\/25587142_1696333577097219_7974096925457989648_o.jpg\" \/>\n\t<meta property=\"og:image:width\" content=\"2048\" \/>\n\t<meta property=\"og:image:height\" content=\"1365\" \/>\n\t<meta property=\"og:image:type\" content=\"image\/jpeg\" \/>\n<meta name=\"author\" content=\"mun_admin\" \/>\n<meta name=\"twitter:card\" content=\"summary_large_image\" \/>\n<meta name=\"twitter:creator\" content=\"@MunicipalesSF\" \/>\n<meta name=\"twitter:site\" content=\"@MunicipalesSF\" \/>\n<meta name=\"twitter:label1\" content=\"Escrito por\" \/>\n\t<meta name=\"twitter:data1\" content=\"mun_admin\" \/>\n\t<meta name=\"twitter:label2\" content=\"Tiempo de lectura\" \/>\n\t<meta name=\"twitter:data2\" content=\"2 minutos\" \/>\n<script type=\"application\/ld+json\" class=\"yoast-schema-graph\">{\"@context\":\"https:\/\/schema.org\",\"@graph\":[{\"@type\":\"Article\",\"@id\":\"https:\/\/municipales.org.ar\/festram\/encuentro-nacional-de-la-corriente-federal-de-trabajadores\/#article\",\"isPartOf\":{\"@id\":\"https:\/\/municipales.org.ar\/festram\/encuentro-nacional-de-la-corriente-federal-de-trabajadores\/\"},\"author\":{\"name\":\"mun_admin\",\"@id\":\"https:\/\/municipales.org.ar\/festram\/#\/schema\/person\/49096a774c48ce9063df4d59ec059f9e\"},\"headline\":\"Encuentro Nacional de la Corriente Federal de Trabajadores\",\"datePublished\":\"2018-04-13T14:05:26+00:00\",\"dateModified\":\"2018-04-17T16:42:19+00:00\",\"mainEntityOfPage\":{\"@id\":\"https:\/\/municipales.org.ar\/festram\/encuentro-nacional-de-la-corriente-federal-de-trabajadores\/\"},\"wordCount\":342,\"publisher\":{\"@id\":\"https:\/\/municipales.org.ar\/festram\/#organization\"},\"image\":{\"@id\":\"https:\/\/municipales.org.ar\/festram\/encuentro-nacional-de-la-corriente-federal-de-trabajadores\/#primaryimage\"},\"thumbnailUrl\":\"https:\/\/municipales.org.ar\/festram\/wp-content\/uploads\/2018\/04\/25587142_1696333577097219_7974096925457989648_o.jpg\",\"keywords\":[\"CGT\",\"el pa\u00eds\"],\"articleSection\":[\"Comunicados 2018\"],\"inLanguage\":\"es\"},{\"@type\":\"WebPage\",\"@id\":\"https:\/\/municipales.org.ar\/festram\/encuentro-nacional-de-la-corriente-federal-de-trabajadores\/\",\"url\":\"https:\/\/municipales.org.ar\/festram\/encuentro-nacional-de-la-corriente-federal-de-trabajadores\/\",\"name\":\"Encuentro Nacional de la Corriente Federal de Trabajadores &#8211; FESTRAM\",\"isPartOf\":{\"@id\":\"https:\/\/municipales.org.ar\/festram\/#website\"},\"primaryImageOfPage\":{\"@id\":\"https:\/\/municipales.org.ar\/festram\/encuentro-nacional-de-la-corriente-federal-de-trabajadores\/#primaryimage\"},\"image\":{\"@id\":\"https:\/\/municipales.org.ar\/festram\/encuentro-nacional-de-la-corriente-federal-de-trabajadores\/#primaryimage\"},\"thumbnailUrl\":\"https:\/\/municipales.org.ar\/festram\/wp-content\/uploads\/2018\/04\/25587142_1696333577097219_7974096925457989648_o.jpg\",\"datePublished\":\"2018-04-13T14:05:26+00:00\",\"dateModified\":\"2018-04-17T16:42:19+00:00\",\"description\":\"El pr\u00f3ximo s\u00e1bado 14 de abril en FESTRAM.\",\"breadcrumb\":{\"@id\":\"https:\/\/municipales.org.ar\/festram\/encuentro-nacional-de-la-corriente-federal-de-trabajadores\/#breadcrumb\"},\"inLanguage\":\"es\",\"potentialAction\":[{\"@type\":\"ReadAction\",\"target\":[\"https:\/\/municipales.org.ar\/festram\/encuentro-nacional-de-la-corriente-federal-de-trabajadores\/\"]}]},{\"@type\":\"ImageObject\",\"inLanguage\":\"es\",\"@id\":\"https:\/\/municipales.org.ar\/festram\/encuentro-nacional-de-la-corriente-federal-de-trabajadores\/#primaryimage\",\"url\":\"https:\/\/municipales.org.ar\/festram\/wp-content\/uploads\/2018\/04\/25587142_1696333577097219_7974096925457989648_o.jpg\",\"contentUrl\":\"https:\/\/municipales.org.ar\/festram\/wp-content\/uploads\/2018\/04\/25587142_1696333577097219_7974096925457989648_o.jpg\",\"width\":2048,\"height\":1365},{\"@type\":\"BreadcrumbList\",\"@id\":\"https:\/\/municipales.org.ar\/festram\/encuentro-nacional-de-la-corriente-federal-de-trabajadores\/#breadcrumb\",\"itemListElement\":[{\"@type\":\"ListItem\",\"position\":1,\"name\":\"Portada\",\"item\":\"https:\/\/municipales.org.ar\/festram\/\"},{\"@type\":\"ListItem\",\"position\":2,\"name\":\"Encuentro Nacional de la Corriente Federal de Trabajadores\"}]},{\"@type\":\"WebSite\",\"@id\":\"https:\/\/municipales.org.ar\/festram\/#website\",\"url\":\"https:\/\/municipales.org.ar\/festram\/\",\"name\":\"FESTRAM\",\"description\":\"La web de los trabajadores municipales\",\"publisher\":{\"@id\":\"https:\/\/municipales.org.ar\/festram\/#organization\"},\"potentialAction\":[{\"@type\":\"SearchAction\",\"target\":{\"@type\":\"EntryPoint\",\"urlTemplate\":\"https:\/\/municipales.org.ar\/festram\/?s={search_term_string}\"},\"query-input\":{\"@type\":\"PropertyValueSpecification\",\"valueRequired\":true,\"valueName\":\"search_term_string\"}}],\"inLanguage\":\"es\"},{\"@type\":\"Organization\",\"@id\":\"https:\/\/municipales.org.ar\/festram\/#organization\",\"name\":\"Federaci\u00f3n de Sindicatos de Trabajadores Municipales de la Provincia de Santa Fe\",\"url\":\"https:\/\/municipales.org.ar\/festram\/\",\"logo\":{\"@type\":\"ImageObject\",\"inLanguage\":\"es\",\"@id\":\"https:\/\/municipales.org.ar\/festram\/#\/schema\/logo\/image\/\",\"url\":\"https:\/\/www.municipales.org.ar\/festram\/wp-content\/uploads\/2014\/07\/logo_fes.jpg\",\"contentUrl\":\"https:\/\/www.municipales.org.ar\/festram\/wp-content\/uploads\/2014\/07\/logo_fes.jpg\",\"width\":661,\"height\":673,\"caption\":\"Federaci\u00f3n de Sindicatos de Trabajadores Municipales de la Provincia de Santa Fe\"},\"image\":{\"@id\":\"https:\/\/municipales.org.ar\/festram\/#\/schema\/logo\/image\/\"},\"sameAs\":[\"https:\/\/www.facebook.com\/MunicipalesSF\",\"https:\/\/x.com\/MunicipalesSF\",\"https:\/\/www.youtube.com\/user\/festram\"]},{\"@type\":\"Person\",\"@id\":\"https:\/\/municipales.org.ar\/festram\/#\/schema\/person\/49096a774c48ce9063df4d59ec059f9e\",\"name\":\"mun_admin\"}]}<\/script>\n<!-- \/ Yoast SEO plugin. -->","yoast_head_json":{"title":"Encuentro Nacional de la Corriente Federal de Trabajadores &#8211; FESTRAM","description":"El pr\u00f3ximo s\u00e1bado 14 de abril en FESTRAM.","robots":{"index":"index","follow":"follow","max-snippet":"max-snippet:-1","max-image-preview":"max-image-preview:large","max-video-preview":"max-video-preview:-1"},"canonical":"https:\/\/municipales.org.ar\/festram\/encuentro-nacional-de-la-corriente-federal-de-trabajadores\/","og_locale":"es_ES","og_type":"article","og_title":"Encuentro Nacional de la Corriente Federal de Trabajadores &#8211; FESTRAM","og_description":"El pr\u00f3ximo s\u00e1bado 14 de abril en FESTRAM.","og_url":"https:\/\/municipales.org.ar\/festram\/encuentro-nacional-de-la-corriente-federal-de-trabajadores\/","og_site_name":"FESTRAM","article_publisher":"https:\/\/www.facebook.com\/MunicipalesSF","article_published_time":"2018-04-13T14:05:26+00:00","article_modified_time":"2018-04-17T16:42:19+00:00","og_image":[{"width":2048,"height":1365,"url":"https:\/\/municipales.org.ar\/festram\/wp-content\/uploads\/2018\/04\/25587142_1696333577097219_7974096925457989648_o.jpg","type":"image\/jpeg"}],"author":"mun_admin","twitter_card":"summary_large_image","twitter_creator":"@MunicipalesSF","twitter_site":"@MunicipalesSF","twitter_misc":{"Escrito por":"mun_admin","Tiempo de lectura":"2 minutos"},"schema":{"@context":"https:\/\/schema.org","@graph":[{"@type":"Article","@id":"https:\/\/municipales.org.ar\/festram\/encuentro-nacional-de-la-corriente-federal-de-trabajadores\/#article","isPartOf":{"@id":"https:\/\/municipales.org.ar\/festram\/encuentro-nacional-de-la-corriente-federal-de-trabajadores\/"},"author":{"name":"mun_admin","@id":"https:\/\/municipales.org.ar\/festram\/#\/schema\/person\/49096a774c48ce9063df4d59ec059f9e"},"headline":"Encuentro Nacional de la Corriente Federal de Trabajadores","datePublished":"2018-04-13T14:05:26+00:00","dateModified":"2018-04-17T16:42:19+00:00","mainEntityOfPage":{"@id":"https:\/\/municipales.org.ar\/festram\/encuentro-nacional-de-la-corriente-federal-de-trabajadores\/"},"wordCount":342,"publisher":{"@id":"https:\/\/municipales.org.ar\/festram\/#organization"},"image":{"@id":"https:\/\/municipales.org.ar\/festram\/encuentro-nacional-de-la-corriente-federal-de-trabajadores\/#primaryimage"},"thumbnailUrl":"https:\/\/municipales.org.ar\/festram\/wp-content\/uploads\/2018\/04\/25587142_1696333577097219_7974096925457989648_o.jpg","keywords":["CGT","el pa\u00eds"],"articleSection":["Comunicados 2018"],"inLanguage":"es"},{"@type":"WebPage","@id":"https:\/\/municipales.org.ar\/festram\/encuentro-nacional-de-la-corriente-federal-de-trabajadores\/","url":"https:\/\/municipales.org.ar\/festram\/encuentro-nacional-de-la-corriente-federal-de-trabajadores\/","name":"Encuentro Nacional de la Corriente Federal de Trabajadores &#8211; FESTRAM","isPartOf":{"@id":"https:\/\/municipales.org.ar\/festram\/#website"},"primaryImageOfPage":{"@id":"https:\/\/municipales.org.ar\/festram\/encuentro-nacional-de-la-corriente-federal-de-trabajadores\/#primaryimage"},"image":{"@id":"https:\/\/municipales.org.ar\/festram\/encuentro-nacional-de-la-corriente-federal-de-trabajadores\/#primaryimage"},"thumbnailUrl":"https:\/\/municipales.org.ar\/festram\/wp-content\/uploads\/2018\/04\/25587142_1696333577097219_7974096925457989648_o.jpg","datePublished":"2018-04-13T14:05:26+00:00","dateModified":"2018-04-17T16:42:19+00:00","description":"El pr\u00f3ximo s\u00e1bado 14 de abril en FESTRAM.","breadcrumb":{"@id":"https:\/\/municipales.org.ar\/festram\/encuentro-nacional-de-la-corriente-federal-de-trabajadores\/#breadcrumb"},"inLanguage":"es","potentialAction":[{"@type":"ReadAction","target":["https:\/\/municipales.org.ar\/festram\/encuentro-nacional-de-la-corriente-federal-de-trabajadores\/"]}]},{"@type":"ImageObject","inLanguage":"es","@id":"https:\/\/municipales.org.ar\/festram\/encuentro-nacional-de-la-corriente-federal-de-trabajadores\/#primaryimage","url":"https:\/\/municipales.org.ar\/festram\/wp-content\/uploads\/2018\/04\/25587142_1696333577097219_7974096925457989648_o.jpg","contentUrl":"https:\/\/municipales.org.ar\/festram\/wp-content\/uploads\/2018\/04\/25587142_1696333577097219_7974096925457989648_o.jpg","width":2048,"height":1365},{"@type":"BreadcrumbList","@id":"https:\/\/municipales.org.ar\/festram\/encuentro-nacional-de-la-corriente-federal-de-trabajadores\/#breadcrumb","itemListElement":[{"@type":"ListItem","position":1,"name":"Portada","item":"https:\/\/municipales.org.ar\/festram\/"},{"@type":"ListItem","position":2,"name":"Encuentro Nacional de la Corriente Federal de Trabajadores"}]},{"@type":"WebSite","@id":"https:\/\/municipales.org.ar\/festram\/#website","url":"https:\/\/municipales.org.ar\/festram\/","name":"FESTRAM","description":"La web de los trabajadores municipales","publisher":{"@id":"https:\/\/municipales.org.ar\/festram\/#organization"},"potentialAction":[{"@type":"SearchAction","target":{"@type":"EntryPoint","urlTemplate":"https:\/\/municipales.org.ar\/festram\/?s={search_term_string}"},"query-input":{"@type":"PropertyValueSpecification","valueRequired":true,"valueName":"search_term_string"}}],"inLanguage":"es"},{"@type":"Organization","@id":"https:\/\/municipales.org.ar\/festram\/#organization","name":"Federaci\u00f3n de Sindicatos de Trabajadores Municipales de la Provincia de Santa Fe","url":"https:\/\/municipales.org.ar\/festram\/","logo":{"@type":"ImageObject","inLanguage":"es","@id":"https:\/\/municipales.org.ar\/festram\/#\/schema\/logo\/image\/","url":"https:\/\/www.municipales.org.ar\/festram\/wp-content\/uploads\/2014\/07\/logo_fes.jpg","contentUrl":"https:\/\/www.municipales.org.ar\/festram\/wp-content\/uploads\/2014\/07\/logo_fes.jpg","width":661,"height":673,"caption":"Federaci\u00f3n de Sindicatos de Trabajadores Municipales de la Provincia de Santa Fe"},"image":{"@id":"https:\/\/municipales.org.ar\/festram\/#\/schema\/logo\/image\/"},"sameAs":["https:\/\/www.facebook.com\/MunicipalesSF","https:\/\/x.com\/MunicipalesSF","https:\/\/www.youtube.com\/user\/festram"]},{"@type":"Person","@id":"https:\/\/municipales.org.ar\/festram\/#\/schema\/person\/49096a774c48ce9063df4d59ec059f9e","name":"mun_admin"}]}},"jetpack_publicize_connections":[],"jetpack_featured_media_url":"https:\/\/municipales.org.ar\/festram\/wp-content\/uploads\/2018\/04\/25587142_1696333577097219_7974096925457989648_o.jpg","jetpack_sharing_enabled":true,"jetpack_likes_enabled":false,"jetpack_shortlink":"https:\/\/wp.me\/p7l4x1-3ok","_links":{"self":[{"href":"https:\/\/municipales.org.ar\/festram\/wp-json\/wp\/v2\/posts\/13040","targetHints":{"allow":["GET"]}}],"collection":[{"href":"https:\/\/municipales.org.ar\/festram\/wp-json\/wp\/v2\/posts"}],"about":[{"href":"https:\/\/municipales.org.ar\/festram\/wp-json\/wp\/v2\/types\/post"}],"author":[{"embeddable":true,"href":"https:\/\/municipales.org.ar\/festram\/wp-json\/wp\/v2\/users\/1"}],"replies":[{"embeddable":true,"href":"https:\/\/municipales.org.ar\/festram\/wp-json\/wp\/v2\/comments?post=13040"}],"version-history":[{"count":3,"href":"https:\/\/municipales.org.ar\/festram\/wp-json\/wp\/v2\/posts\/13040\/revisions"}],"predecessor-version":[{"id":13048,"href":"https:\/\/municipales.org.ar\/festram\/wp-json\/wp\/v2\/posts\/13040\/revisions\/13048"}],"wp:featuredmedia":[{"embeddable":true,"href":"https:\/\/municipales.org.ar\/festram\/wp-json\/wp\/v2\/media\/13041"}],"wp:attachment":[{"href":"https:\/\/municipales.org.ar\/festram\/wp-json\/wp\/v2\/media?parent=13040"}],"wp:term":[{"taxonomy":"category","embeddable":true,"href":"https:\/\/municipales.org.ar\/festram\/wp-json\/wp\/v2\/categories?post=13040"},{"taxonomy":"post_tag","embeddable":true,"href":"https:\/\/municipales.org.ar\/festram\/wp-json\/wp\/v2\/tags?post=13040"}],"curies":[{"name":"wp","href":"https:\/\/api.w.org\/{rel}","templated":true}]}}