{"id":13064,"date":"2018-04-26T19:34:21","date_gmt":"2018-04-26T22:34:21","guid":{"rendered":"https:\/\/www.municipales.org.ar\/festram\/?p=13064"},"modified":"2018-04-26T19:38:47","modified_gmt":"2018-04-26T22:38:47","slug":"charla-sobre-incorporacion-de-las-trabajadoras-municipales-y-comunales-a-la-ley-de-licencia-por-violencia-de-genero","status":"publish","type":"post","link":"https:\/\/municipales.org.ar\/festram\/charla-sobre-incorporacion-de-las-trabajadoras-municipales-y-comunales-a-la-ley-de-licencia-por-violencia-de-genero\/","title":{"rendered":"Charla sobre incorporaci\u00f3n de las Trabajadoras Municipales y Comunales a la Ley de Licencia por Violencia de G\u00e9nero"},"content":{"rendered":"<h4>El mi\u00e9rcoles 25 abril nuestra Sede Federativa fue el espacio de encuentro entre la Diputada Provincial Patricia Chialvo y la Red de Mujeres Municipales y Comunales de la Provincia de Santa Fe.<\/h4>\n<p>&nbsp;<\/p>\n<p>Participaron representantes de SOEM G\u00e1lvez, Sitram Reconquista, Adetram San Lorenzo, Asteom Santo Tom\u00e9, Sitram Rufino, Sitram Avellaneda, STM Villa Gdor G\u00e1lvez, Calchaqui, Sitram Ceres, Sitram Coronda, Sitram Laguna Paiva, SEOM Rafaela, Sitram Vera, Sunchales, Villa Minetti, Tostado, Sitram San Carlos, SOEM Capit\u00e1n Berm\u00fadez, Sitram Fray Luis Beltram, Galvez, Comisi\u00f3n Nacional de Agrupaciones Sindicales Agustin Tosco e integrantes de la CTA de los Trabajadores<\/p>\n<p>La jornada informativa se desarroll\u00f3 explicando los alcances del Proyecto de la Ley Provincial N\u00b0 13.696 que prev\u00e9 la incorporaci\u00f3n de las trabajadoras de Municipios y Comunas de esta Provincia al goce de la licencia por violencia de g\u00e9nero. La autora del Proyecto, Diputada Patricia Chialvo, explic\u00f3 -entre otras cosas- la importancia de algunos puntos claves del tratamiento y discusi\u00f3n de la misma, como lo es el tiempo en que se otorga la licencia, el descuento del presentismo y la ya creada ordenanza que establece la licencia en la Ciudad de Santa Fe.<\/p>\n<p>La apertura de la jornada estuvo a cargo de Claudio Leoni, Secretario General de FESTRAM y en representaci\u00f3n de la Red de Mujeres, la Secretaria de Pol\u00edticas de G\u00e9nero Mar\u00eda Jos\u00e9 Barrios, quienes agradecieron la presencia y predisposici\u00f3n de la Diputada en el recinto, qui\u00e9n\u00a0tambi\u00e9n anunci\u00f3 el tratamiento de la Ley de Paridad.<\/p>\n<p>El cierre estuvo a cargo de la Secretaria Adjunta del SEOM Rafaela Anal\u00eda Volz junto a otras compa\u00f1eras de ese Sindicato quienes expusieron acerca del logro de la ordenanza que otorga la licencia laboral por violencia de g\u00e9nero en su localidad, su alcance y tratamiento.<\/p>\n<p>Tambi\u00e9n es de destacar que por iniciativa del Sindicato de Granadero Baigorria se obtuvo este derecho para las trabajadoras de esa jurisdicci\u00f3n, y Sauce Viejo present\u00f3 un proyecto, que a\u00fan est\u00e1 en tr\u00e1mite.<\/p>\n<p>&nbsp;<\/p>\n<p>[srizonfbalbum id=80]<\/p>\n","protected":false},"excerpt":{"rendered":"<p>El mi\u00e9rcoles 25 abril nuestra Sede Federativa fue el espacio de encuentro entre la Diputada Provincial Patricia Chialvo y la Red de Mujeres Municipales y Comunales de la Provincia de Santa Fe.<\/p>\n","protected":false},"author":1,"featured_media":13065,"comment_status":"closed","ping_status":"closed","sticky":false,"template":"","format":"standard","meta":{"_jetpack_memberships_contains_paid_content":false,"footnotes":"","jetpack_publicize_message":"Charla sobre incorporaci\u00f3n de las Trabajadoras Municipales y Comunales a la Ley de Licencia por Violencia de G\u00e9nero","jetpack_publicize_feature_enabled":true,"jetpack_social_post_already_shared":true,"jetpack_social_options":{"image_generator_settings":{"template":"highway","default_image_id":0,"font":"","enabled":false},"version":2}},"categories":[50],"tags":[87],"class_list":["post-13064","post","type-post","status-publish","format-standard","has-post-thumbnail","hentry","category-genero","tag-genero-2"],"yoast_head":"<!-- This site is optimized with the Yoast SEO plugin v25.9 - https:\/\/yoast.com\/wordpress\/plugins\/seo\/ -->\n<title>Charla sobre incorporaci\u00f3n de las Trabajadoras Municipales y Comunales a la Ley de Licencia por Violencia de G\u00e9nero &#8211; FESTRAM<\/title>\n<meta name=\"description\" content=\"El mi\u00e9rcoles 25 abril nuestra Sede Federativa fue el espacio de encuentro entre la Diputada Provincial Patricia Chialvo y la Red de Mujeres Municipales y Comunales de la Provincia de Santa Fe.\" \/>\n<meta name=\"robots\" content=\"index, follow, max-snippet:-1, max-image-preview:large, max-video-preview:-1\" \/>\n<link rel=\"canonical\" href=\"https:\/\/municipales.org.ar\/festram\/charla-sobre-incorporacion-de-las-trabajadoras-municipales-y-comunales-a-la-ley-de-licencia-por-violencia-de-genero\/\" \/>\n<meta property=\"og:locale\" content=\"es_ES\" \/>\n<meta property=\"og:type\" content=\"article\" \/>\n<meta property=\"og:title\" content=\"Charla sobre incorporaci\u00f3n de las Trabajadoras Municipales y Comunales a la Ley de Licencia por Violencia de G\u00e9nero &#8211; FESTRAM\" \/>\n<meta property=\"og:description\" content=\"El mi\u00e9rcoles 25 abril nuestra Sede Federativa fue el espacio de encuentro entre la Diputada Provincial Patricia Chialvo y la Red de Mujeres Municipales y Comunales de la Provincia de Santa Fe.\" \/>\n<meta property=\"og:url\" content=\"https:\/\/municipales.org.ar\/festram\/charla-sobre-incorporacion-de-las-trabajadoras-municipales-y-comunales-a-la-ley-de-licencia-por-violencia-de-genero\/\" \/>\n<meta property=\"og:site_name\" content=\"FESTRAM\" \/>\n<meta property=\"article:publisher\" content=\"https:\/\/www.facebook.com\/MunicipalesSF\" \/>\n<meta property=\"article:published_time\" content=\"2018-04-26T22:34:21+00:00\" \/>\n<meta property=\"article:modified_time\" content=\"2018-04-26T22:38:47+00:00\" \/>\n<meta property=\"og:image\" content=\"https:\/\/municipales.org.ar\/festram\/wp-content\/uploads\/2018\/04\/31357560_1830596240337618_3374516441091932160_o.jpg\" \/>\n\t<meta property=\"og:image:width\" content=\"1920\" \/>\n\t<meta property=\"og:image:height\" content=\"1282\" \/>\n\t<meta property=\"og:image:type\" content=\"image\/jpeg\" \/>\n<meta name=\"author\" content=\"mun_admin\" \/>\n<meta name=\"twitter:card\" content=\"summary_large_image\" \/>\n<meta name=\"twitter:creator\" content=\"@MunicipalesSF\" \/>\n<meta name=\"twitter:site\" content=\"@MunicipalesSF\" \/>\n<meta name=\"twitter:label1\" content=\"Escrito por\" \/>\n\t<meta name=\"twitter:data1\" content=\"mun_admin\" \/>\n\t<meta name=\"twitter:label2\" content=\"Tiempo de lectura\" \/>\n\t<meta name=\"twitter:data2\" content=\"2 minutos\" \/>\n<script type=\"application\/ld+json\" class=\"yoast-schema-graph\">{\"@context\":\"https:\/\/schema.org\",\"@graph\":[{\"@type\":\"Article\",\"@id\":\"https:\/\/municipales.org.ar\/festram\/charla-sobre-incorporacion-de-las-trabajadoras-municipales-y-comunales-a-la-ley-de-licencia-por-violencia-de-genero\/#article\",\"isPartOf\":{\"@id\":\"https:\/\/municipales.org.ar\/festram\/charla-sobre-incorporacion-de-las-trabajadoras-municipales-y-comunales-a-la-ley-de-licencia-por-violencia-de-genero\/\"},\"author\":{\"name\":\"mun_admin\",\"@id\":\"https:\/\/municipales.org.ar\/festram\/#\/schema\/person\/49096a774c48ce9063df4d59ec059f9e\"},\"headline\":\"Charla sobre incorporaci\u00f3n de las Trabajadoras Municipales y Comunales a la Ley de Licencia por Violencia de G\u00e9nero\",\"datePublished\":\"2018-04-26T22:34:21+00:00\",\"dateModified\":\"2018-04-26T22:38:47+00:00\",\"mainEntityOfPage\":{\"@id\":\"https:\/\/municipales.org.ar\/festram\/charla-sobre-incorporacion-de-las-trabajadoras-municipales-y-comunales-a-la-ley-de-licencia-por-violencia-de-genero\/\"},\"wordCount\":365,\"publisher\":{\"@id\":\"https:\/\/municipales.org.ar\/festram\/#organization\"},\"image\":{\"@id\":\"https:\/\/municipales.org.ar\/festram\/charla-sobre-incorporacion-de-las-trabajadoras-municipales-y-comunales-a-la-ley-de-licencia-por-violencia-de-genero\/#primaryimage\"},\"thumbnailUrl\":\"https:\/\/municipales.org.ar\/festram\/wp-content\/uploads\/2018\/04\/31357560_1830596240337618_3374516441091932160_o.jpg\",\"keywords\":[\"g\u00e9nero\"],\"articleSection\":[\"G\u00e9nero\"],\"inLanguage\":\"es\"},{\"@type\":\"WebPage\",\"@id\":\"https:\/\/municipales.org.ar\/festram\/charla-sobre-incorporacion-de-las-trabajadoras-municipales-y-comunales-a-la-ley-de-licencia-por-violencia-de-genero\/\",\"url\":\"https:\/\/municipales.org.ar\/festram\/charla-sobre-incorporacion-de-las-trabajadoras-municipales-y-comunales-a-la-ley-de-licencia-por-violencia-de-genero\/\",\"name\":\"Charla sobre incorporaci\u00f3n de las Trabajadoras Municipales y Comunales a la Ley de Licencia por Violencia de G\u00e9nero &#8211; FESTRAM\",\"isPartOf\":{\"@id\":\"https:\/\/municipales.org.ar\/festram\/#website\"},\"primaryImageOfPage\":{\"@id\":\"https:\/\/municipales.org.ar\/festram\/charla-sobre-incorporacion-de-las-trabajadoras-municipales-y-comunales-a-la-ley-de-licencia-por-violencia-de-genero\/#primaryimage\"},\"image\":{\"@id\":\"https:\/\/municipales.org.ar\/festram\/charla-sobre-incorporacion-de-las-trabajadoras-municipales-y-comunales-a-la-ley-de-licencia-por-violencia-de-genero\/#primaryimage\"},\"thumbnailUrl\":\"https:\/\/municipales.org.ar\/festram\/wp-content\/uploads\/2018\/04\/31357560_1830596240337618_3374516441091932160_o.jpg\",\"datePublished\":\"2018-04-26T22:34:21+00:00\",\"dateModified\":\"2018-04-26T22:38:47+00:00\",\"description\":\"El mi\u00e9rcoles 25 abril nuestra Sede Federativa fue el espacio de encuentro entre la Diputada Provincial Patricia Chialvo y la Red de Mujeres Municipales y Comunales de la Provincia de Santa Fe.\",\"breadcrumb\":{\"@id\":\"https:\/\/municipales.org.ar\/festram\/charla-sobre-incorporacion-de-las-trabajadoras-municipales-y-comunales-a-la-ley-de-licencia-por-violencia-de-genero\/#breadcrumb\"},\"inLanguage\":\"es\",\"potentialAction\":[{\"@type\":\"ReadAction\",\"target\":[\"https:\/\/municipales.org.ar\/festram\/charla-sobre-incorporacion-de-las-trabajadoras-municipales-y-comunales-a-la-ley-de-licencia-por-violencia-de-genero\/\"]}]},{\"@type\":\"ImageObject\",\"inLanguage\":\"es\",\"@id\":\"https:\/\/municipales.org.ar\/festram\/charla-sobre-incorporacion-de-las-trabajadoras-municipales-y-comunales-a-la-ley-de-licencia-por-violencia-de-genero\/#primaryimage\",\"url\":\"https:\/\/municipales.org.ar\/festram\/wp-content\/uploads\/2018\/04\/31357560_1830596240337618_3374516441091932160_o.jpg\",\"contentUrl\":\"https:\/\/municipales.org.ar\/festram\/wp-content\/uploads\/2018\/04\/31357560_1830596240337618_3374516441091932160_o.jpg\",\"width\":1920,\"height\":1282},{\"@type\":\"BreadcrumbList\",\"@id\":\"https:\/\/municipales.org.ar\/festram\/charla-sobre-incorporacion-de-las-trabajadoras-municipales-y-comunales-a-la-ley-de-licencia-por-violencia-de-genero\/#breadcrumb\",\"itemListElement\":[{\"@type\":\"ListItem\",\"position\":1,\"name\":\"Portada\",\"item\":\"https:\/\/municipales.org.ar\/festram\/\"},{\"@type\":\"ListItem\",\"position\":2,\"name\":\"Charla sobre incorporaci\u00f3n de las Trabajadoras Municipales y Comunales a la Ley de Licencia por Violencia de G\u00e9nero\"}]},{\"@type\":\"WebSite\",\"@id\":\"https:\/\/municipales.org.ar\/festram\/#website\",\"url\":\"https:\/\/municipales.org.ar\/festram\/\",\"name\":\"FESTRAM\",\"description\":\"La web de los trabajadores municipales\",\"publisher\":{\"@id\":\"https:\/\/municipales.org.ar\/festram\/#organization\"},\"potentialAction\":[{\"@type\":\"SearchAction\",\"target\":{\"@type\":\"EntryPoint\",\"urlTemplate\":\"https:\/\/municipales.org.ar\/festram\/?s={search_term_string}\"},\"query-input\":{\"@type\":\"PropertyValueSpecification\",\"valueRequired\":true,\"valueName\":\"search_term_string\"}}],\"inLanguage\":\"es\"},{\"@type\":\"Organization\",\"@id\":\"https:\/\/municipales.org.ar\/festram\/#organization\",\"name\":\"Federaci\u00f3n de Sindicatos de Trabajadores Municipales de la Provincia de Santa Fe\",\"url\":\"https:\/\/municipales.org.ar\/festram\/\",\"logo\":{\"@type\":\"ImageObject\",\"inLanguage\":\"es\",\"@id\":\"https:\/\/municipales.org.ar\/festram\/#\/schema\/logo\/image\/\",\"url\":\"https:\/\/www.municipales.org.ar\/festram\/wp-content\/uploads\/2014\/07\/logo_fes.jpg\",\"contentUrl\":\"https:\/\/www.municipales.org.ar\/festram\/wp-content\/uploads\/2014\/07\/logo_fes.jpg\",\"width\":661,\"height\":673,\"caption\":\"Federaci\u00f3n de Sindicatos de Trabajadores Municipales de la Provincia de Santa Fe\"},\"image\":{\"@id\":\"https:\/\/municipales.org.ar\/festram\/#\/schema\/logo\/image\/\"},\"sameAs\":[\"https:\/\/www.facebook.com\/MunicipalesSF\",\"https:\/\/x.com\/MunicipalesSF\",\"https:\/\/www.youtube.com\/user\/festram\"]},{\"@type\":\"Person\",\"@id\":\"https:\/\/municipales.org.ar\/festram\/#\/schema\/person\/49096a774c48ce9063df4d59ec059f9e\",\"name\":\"mun_admin\"}]}<\/script>\n<!-- \/ Yoast SEO plugin. -->","yoast_head_json":{"title":"Charla sobre incorporaci\u00f3n de las Trabajadoras Municipales y Comunales a la Ley de Licencia por Violencia de G\u00e9nero &#8211; FESTRAM","description":"El mi\u00e9rcoles 25 abril nuestra Sede Federativa fue el espacio de encuentro entre la Diputada Provincial Patricia Chialvo y la Red de Mujeres Municipales y Comunales de la Provincia de Santa Fe.","robots":{"index":"index","follow":"follow","max-snippet":"max-snippet:-1","max-image-preview":"max-image-preview:large","max-video-preview":"max-video-preview:-1"},"canonical":"https:\/\/municipales.org.ar\/festram\/charla-sobre-incorporacion-de-las-trabajadoras-municipales-y-comunales-a-la-ley-de-licencia-por-violencia-de-genero\/","og_locale":"es_ES","og_type":"article","og_title":"Charla sobre incorporaci\u00f3n de las Trabajadoras Municipales y Comunales a la Ley de Licencia por Violencia de G\u00e9nero &#8211; FESTRAM","og_description":"El mi\u00e9rcoles 25 abril nuestra Sede Federativa fue el espacio de encuentro entre la Diputada Provincial Patricia Chialvo y la Red de Mujeres Municipales y Comunales de la Provincia de Santa Fe.","og_url":"https:\/\/municipales.org.ar\/festram\/charla-sobre-incorporacion-de-las-trabajadoras-municipales-y-comunales-a-la-ley-de-licencia-por-violencia-de-genero\/","og_site_name":"FESTRAM","article_publisher":"https:\/\/www.facebook.com\/MunicipalesSF","article_published_time":"2018-04-26T22:34:21+00:00","article_modified_time":"2018-04-26T22:38:47+00:00","og_image":[{"width":1920,"height":1282,"url":"https:\/\/municipales.org.ar\/festram\/wp-content\/uploads\/2018\/04\/31357560_1830596240337618_3374516441091932160_o.jpg","type":"image\/jpeg"}],"author":"mun_admin","twitter_card":"summary_large_image","twitter_creator":"@MunicipalesSF","twitter_site":"@MunicipalesSF","twitter_misc":{"Escrito por":"mun_admin","Tiempo de lectura":"2 minutos"},"schema":{"@context":"https:\/\/schema.org","@graph":[{"@type":"Article","@id":"https:\/\/municipales.org.ar\/festram\/charla-sobre-incorporacion-de-las-trabajadoras-municipales-y-comunales-a-la-ley-de-licencia-por-violencia-de-genero\/#article","isPartOf":{"@id":"https:\/\/municipales.org.ar\/festram\/charla-sobre-incorporacion-de-las-trabajadoras-municipales-y-comunales-a-la-ley-de-licencia-por-violencia-de-genero\/"},"author":{"name":"mun_admin","@id":"https:\/\/municipales.org.ar\/festram\/#\/schema\/person\/49096a774c48ce9063df4d59ec059f9e"},"headline":"Charla sobre incorporaci\u00f3n de las Trabajadoras Municipales y Comunales a la Ley de Licencia por Violencia de G\u00e9nero","datePublished":"2018-04-26T22:34:21+00:00","dateModified":"2018-04-26T22:38:47+00:00","mainEntityOfPage":{"@id":"https:\/\/municipales.org.ar\/festram\/charla-sobre-incorporacion-de-las-trabajadoras-municipales-y-comunales-a-la-ley-de-licencia-por-violencia-de-genero\/"},"wordCount":365,"publisher":{"@id":"https:\/\/municipales.org.ar\/festram\/#organization"},"image":{"@id":"https:\/\/municipales.org.ar\/festram\/charla-sobre-incorporacion-de-las-trabajadoras-municipales-y-comunales-a-la-ley-de-licencia-por-violencia-de-genero\/#primaryimage"},"thumbnailUrl":"https:\/\/municipales.org.ar\/festram\/wp-content\/uploads\/2018\/04\/31357560_1830596240337618_3374516441091932160_o.jpg","keywords":["g\u00e9nero"],"articleSection":["G\u00e9nero"],"inLanguage":"es"},{"@type":"WebPage","@id":"https:\/\/municipales.org.ar\/festram\/charla-sobre-incorporacion-de-las-trabajadoras-municipales-y-comunales-a-la-ley-de-licencia-por-violencia-de-genero\/","url":"https:\/\/municipales.org.ar\/festram\/charla-sobre-incorporacion-de-las-trabajadoras-municipales-y-comunales-a-la-ley-de-licencia-por-violencia-de-genero\/","name":"Charla sobre incorporaci\u00f3n de las Trabajadoras Municipales y Comunales a la Ley de Licencia por Violencia de G\u00e9nero &#8211; FESTRAM","isPartOf":{"@id":"https:\/\/municipales.org.ar\/festram\/#website"},"primaryImageOfPage":{"@id":"https:\/\/municipales.org.ar\/festram\/charla-sobre-incorporacion-de-las-trabajadoras-municipales-y-comunales-a-la-ley-de-licencia-por-violencia-de-genero\/#primaryimage"},"image":{"@id":"https:\/\/municipales.org.ar\/festram\/charla-sobre-incorporacion-de-las-trabajadoras-municipales-y-comunales-a-la-ley-de-licencia-por-violencia-de-genero\/#primaryimage"},"thumbnailUrl":"https:\/\/municipales.org.ar\/festram\/wp-content\/uploads\/2018\/04\/31357560_1830596240337618_3374516441091932160_o.jpg","datePublished":"2018-04-26T22:34:21+00:00","dateModified":"2018-04-26T22:38:47+00:00","description":"El mi\u00e9rcoles 25 abril nuestra Sede Federativa fue el espacio de encuentro entre la Diputada Provincial Patricia Chialvo y la Red de Mujeres Municipales y Comunales de la Provincia de Santa Fe.","breadcrumb":{"@id":"https:\/\/municipales.org.ar\/festram\/charla-sobre-incorporacion-de-las-trabajadoras-municipales-y-comunales-a-la-ley-de-licencia-por-violencia-de-genero\/#breadcrumb"},"inLanguage":"es","potentialAction":[{"@type":"ReadAction","target":["https:\/\/municipales.org.ar\/festram\/charla-sobre-incorporacion-de-las-trabajadoras-municipales-y-comunales-a-la-ley-de-licencia-por-violencia-de-genero\/"]}]},{"@type":"ImageObject","inLanguage":"es","@id":"https:\/\/municipales.org.ar\/festram\/charla-sobre-incorporacion-de-las-trabajadoras-municipales-y-comunales-a-la-ley-de-licencia-por-violencia-de-genero\/#primaryimage","url":"https:\/\/municipales.org.ar\/festram\/wp-content\/uploads\/2018\/04\/31357560_1830596240337618_3374516441091932160_o.jpg","contentUrl":"https:\/\/municipales.org.ar\/festram\/wp-content\/uploads\/2018\/04\/31357560_1830596240337618_3374516441091932160_o.jpg","width":1920,"height":1282},{"@type":"BreadcrumbList","@id":"https:\/\/municipales.org.ar\/festram\/charla-sobre-incorporacion-de-las-trabajadoras-municipales-y-comunales-a-la-ley-de-licencia-por-violencia-de-genero\/#breadcrumb","itemListElement":[{"@type":"ListItem","position":1,"name":"Portada","item":"https:\/\/municipales.org.ar\/festram\/"},{"@type":"ListItem","position":2,"name":"Charla sobre incorporaci\u00f3n de las Trabajadoras Municipales y Comunales a la Ley de Licencia por Violencia de G\u00e9nero"}]},{"@type":"WebSite","@id":"https:\/\/municipales.org.ar\/festram\/#website","url":"https:\/\/municipales.org.ar\/festram\/","name":"FESTRAM","description":"La web de los trabajadores municipales","publisher":{"@id":"https:\/\/municipales.org.ar\/festram\/#organization"},"potentialAction":[{"@type":"SearchAction","target":{"@type":"EntryPoint","urlTemplate":"https:\/\/municipales.org.ar\/festram\/?s={search_term_string}"},"query-input":{"@type":"PropertyValueSpecification","valueRequired":true,"valueName":"search_term_string"}}],"inLanguage":"es"},{"@type":"Organization","@id":"https:\/\/municipales.org.ar\/festram\/#organization","name":"Federaci\u00f3n de Sindicatos de Trabajadores Municipales de la Provincia de Santa Fe","url":"https:\/\/municipales.org.ar\/festram\/","logo":{"@type":"ImageObject","inLanguage":"es","@id":"https:\/\/municipales.org.ar\/festram\/#\/schema\/logo\/image\/","url":"https:\/\/www.municipales.org.ar\/festram\/wp-content\/uploads\/2014\/07\/logo_fes.jpg","contentUrl":"https:\/\/www.municipales.org.ar\/festram\/wp-content\/uploads\/2014\/07\/logo_fes.jpg","width":661,"height":673,"caption":"Federaci\u00f3n de Sindicatos de Trabajadores Municipales de la Provincia de Santa Fe"},"image":{"@id":"https:\/\/municipales.org.ar\/festram\/#\/schema\/logo\/image\/"},"sameAs":["https:\/\/www.facebook.com\/MunicipalesSF","https:\/\/x.com\/MunicipalesSF","https:\/\/www.youtube.com\/user\/festram"]},{"@type":"Person","@id":"https:\/\/municipales.org.ar\/festram\/#\/schema\/person\/49096a774c48ce9063df4d59ec059f9e","name":"mun_admin"}]}},"jetpack_publicize_connections":[],"jetpack_featured_media_url":"https:\/\/municipales.org.ar\/festram\/wp-content\/uploads\/2018\/04\/31357560_1830596240337618_3374516441091932160_o.jpg","jetpack_sharing_enabled":true,"jetpack_likes_enabled":false,"jetpack_shortlink":"https:\/\/wp.me\/p7l4x1-3oI","_links":{"self":[{"href":"https:\/\/municipales.org.ar\/festram\/wp-json\/wp\/v2\/posts\/13064","targetHints":{"allow":["GET"]}}],"collection":[{"href":"https:\/\/municipales.org.ar\/festram\/wp-json\/wp\/v2\/posts"}],"about":[{"href":"https:\/\/municipales.org.ar\/festram\/wp-json\/wp\/v2\/types\/post"}],"author":[{"embeddable":true,"href":"https:\/\/municipales.org.ar\/festram\/wp-json\/wp\/v2\/users\/1"}],"replies":[{"embeddable":true,"href":"https:\/\/municipales.org.ar\/festram\/wp-json\/wp\/v2\/comments?post=13064"}],"version-history":[{"count":3,"href":"https:\/\/municipales.org.ar\/festram\/wp-json\/wp\/v2\/posts\/13064\/revisions"}],"predecessor-version":[{"id":13068,"href":"https:\/\/municipales.org.ar\/festram\/wp-json\/wp\/v2\/posts\/13064\/revisions\/13068"}],"wp:featuredmedia":[{"embeddable":true,"href":"https:\/\/municipales.org.ar\/festram\/wp-json\/wp\/v2\/media\/13065"}],"wp:attachment":[{"href":"https:\/\/municipales.org.ar\/festram\/wp-json\/wp\/v2\/media?parent=13064"}],"wp:term":[{"taxonomy":"category","embeddable":true,"href":"https:\/\/municipales.org.ar\/festram\/wp-json\/wp\/v2\/categories?post=13064"},{"taxonomy":"post_tag","embeddable":true,"href":"https:\/\/municipales.org.ar\/festram\/wp-json\/wp\/v2\/tags?post=13064"}],"curies":[{"name":"wp","href":"https:\/\/api.w.org\/{rel}","templated":true}]}}