{"id":13082,"date":"2017-09-10T17:22:47","date_gmt":"2017-09-10T20:22:47","guid":{"rendered":"https:\/\/www.municipales.org.ar\/festram\/?p=13082"},"modified":"2018-05-15T17:27:25","modified_gmt":"2018-05-15T20:27:25","slug":"vi-encuentro-de-nacional-de-estudiantes-y-egresados-de-terapia-ocupacional","status":"publish","type":"post","link":"https:\/\/municipales.org.ar\/festram\/vi-encuentro-de-nacional-de-estudiantes-y-egresados-de-terapia-ocupacional\/","title":{"rendered":"VI Encuentro de Nacional de Estudiantes y Egresados de Terapia Ocupacional"},"content":{"rendered":"<h3>Durante tres jornadas, el cap\u00edtulo Litoral convoc\u00f3 alrededor de 500 personas en la sede de Festram.<\/h3>\n<p>Con modalidades que incluyeron presentaci\u00f3n de trabajos, mesas de debate e intercambio, talleres y actividades recreativas, se desarroll\u00f3 entre el viernes 7 y el domingo 9 de septiembre, la sexta edici\u00f3n del Encuentro de Nacional de Estudiantes y Egresados de Terapia Ocupacional (ENEETO). El evento congreg\u00f3 a estudiantes, docentes y profesionales de diferentes Universidades de Argentina y la regi\u00f3n, as\u00ed como p\u00fablico general.<\/p>\n<p>El programa abarc\u00f3 diversas experiencias, pr\u00e1cticas y programas, vinculados a los derechos humanos; al abordaje de violencias cotidianas; sexualidad en adultos mayores; salud mental; mujeres adultas con c\u00e1ncer de mama; migrantes; cannabis medicinal; ni\u00f1os, ni\u00f1as y adolescentes; y consumo problem\u00e1tico de sustancias, entre otras. Cont\u00f3 adem\u00e1s con instancais recreativas, culturales y art\u00edsticas, con rap y beatbox, baile, pintura en vivo y graffiti, y la presentaci\u00f3n de una obra de teatro comunitario del grupo \u00abDe Tripa Coraz\u00f3n\u00bb, del Centro Cultural y Social El Birri.<\/p>\n<p>El encuentro fue declarado de inter\u00e9s por la Honorable C\u00e1mara de Diputados de la Naci\u00f3n, adem\u00e1s de contar con avales y apoyos de la Asociaci\u00f3n Argentina de Terapistas Ocupacionales (AATO), la Red Nacional de Terapia Ocupacional (Re.Na.TO) y Red de Estudiantes de Am\u00e9rica Latina de Terapia Ocupacional (Real-TO), el Colegio de Terapistas Ocupacionales de la Provincia de Santa Fe (Primera Circunscripci\u00f3n) y el Colegio de Terapistas Ocupacionales de Entre R\u00edos, adem\u00e1s de la Universidad Nacional del Litoral.<\/p>\n<p><strong>Sobre el ENEETO<\/strong><\/p>\n<p>El Encuentro naci\u00f3 en el a\u00f1o 2011 como un sue\u00f1o de un grupo de estudiantes de Terapia Ocupacional que se encontraron en el Congreso de Terapia Ocupacional en la ciudad de La Plata. As\u00ed conformaron un espacio de encuentro democr\u00e1tico, donde las jerarqu\u00edas meritocr\u00e1ticas se dejen de lado para concretar un tiempo distendido de mirarse a los ojos, de compartir mates y reflexiones, de debates transversales e integrales, de transformaci\u00f3n. La sexta edici\u00f3n Litoral, se suma a los encuentros celebrados en Quilmes, Mar del Plata, Villa Mar\u00eda &#8211; C\u00f3rdoba, La Rioja y Buenos Aires.<\/p>\n\n\t\t<style type=\"text\/css\">\n\t\t\t#gallery-1 {\n\t\t\t\tmargin: auto;\n\t\t\t}\n\t\t\t#gallery-1 .gallery-item {\n\t\t\t\tfloat: left;\n\t\t\t\tmargin-top: 10px;\n\t\t\t\ttext-align: center;\n\t\t\t\twidth: 33%;\n\t\t\t}\n\t\t\t#gallery-1 img {\n\t\t\t\tborder: 2px solid #cfcfcf;\n\t\t\t}\n\t\t\t#gallery-1 .gallery-caption {\n\t\t\t\tmargin-left: 0;\n\t\t\t}\n\t\t\t\/* see gallery_shortcode() in wp-includes\/media.php *\/\n\t\t<\/style>\n\t\t<div id='gallery-1' class='gallery galleryid-13082 gallery-columns-3 gallery-size-thumbnail'><dl class='gallery-item'>\n\t\t\t<dt class='gallery-icon landscape'>\n\t\t\t\t<a href='https:\/\/municipales.org.ar\/festram\/vi-encuentro-de-nacional-de-estudiantes-y-egresados-de-terapia-ocupacional\/eneeto_festram02\/'><img loading=\"lazy\" decoding=\"async\" width=\"150\" height=\"150\" src=\"https:\/\/municipales.org.ar\/festram\/wp-content\/uploads\/2018\/05\/ENEETO_Festram02-150x150.jpg\" class=\"attachment-thumbnail size-thumbnail\" alt=\"\" srcset=\"https:\/\/municipales.org.ar\/festram\/wp-content\/uploads\/2018\/05\/ENEETO_Festram02-150x150.jpg 150w, https:\/\/municipales.org.ar\/festram\/wp-content\/uploads\/2018\/05\/ENEETO_Festram02-80x80.jpg 80w\" sizes=\"auto, (max-width: 150px) 100vw, 150px\" \/><\/a>\n\t\t\t<\/dt><\/dl><dl class='gallery-item'>\n\t\t\t<dt class='gallery-icon landscape'>\n\t\t\t\t<a href='https:\/\/municipales.org.ar\/festram\/vi-encuentro-de-nacional-de-estudiantes-y-egresados-de-terapia-ocupacional\/eneeto_festram05\/'><img loading=\"lazy\" decoding=\"async\" width=\"150\" height=\"150\" src=\"https:\/\/municipales.org.ar\/festram\/wp-content\/uploads\/2018\/05\/ENEETO_Festram05-150x150.jpg\" class=\"attachment-thumbnail size-thumbnail\" alt=\"\" srcset=\"https:\/\/municipales.org.ar\/festram\/wp-content\/uploads\/2018\/05\/ENEETO_Festram05-150x150.jpg 150w, https:\/\/municipales.org.ar\/festram\/wp-content\/uploads\/2018\/05\/ENEETO_Festram05-80x80.jpg 80w\" sizes=\"auto, (max-width: 150px) 100vw, 150px\" \/><\/a>\n\t\t\t<\/dt><\/dl><dl class='gallery-item'>\n\t\t\t<dt class='gallery-icon landscape'>\n\t\t\t\t<a href='https:\/\/municipales.org.ar\/festram\/vi-encuentro-de-nacional-de-estudiantes-y-egresados-de-terapia-ocupacional\/eneeto_festram03\/'><img loading=\"lazy\" decoding=\"async\" width=\"150\" height=\"150\" src=\"https:\/\/municipales.org.ar\/festram\/wp-content\/uploads\/2018\/05\/ENEETO_Festram03-150x150.jpg\" class=\"attachment-thumbnail size-thumbnail\" alt=\"\" srcset=\"https:\/\/municipales.org.ar\/festram\/wp-content\/uploads\/2018\/05\/ENEETO_Festram03-150x150.jpg 150w, https:\/\/municipales.org.ar\/festram\/wp-content\/uploads\/2018\/05\/ENEETO_Festram03-80x80.jpg 80w\" sizes=\"auto, (max-width: 150px) 100vw, 150px\" \/><\/a>\n\t\t\t<\/dt><\/dl><br style=\"clear: both\" \/>\n\t\t<\/div>\n\n","protected":false},"excerpt":{"rendered":"<p>Durante tres jornadas, el cap\u00edtulo Litoral convoc\u00f3 alrededor de 500 personas en la sede de Festram. Con modalidades que incluyeron presentaci\u00f3n de trabajos, mesas de debate e intercambio, talleres y actividades recreativas, se desarroll\u00f3 entre el viernes 7 y el domingo 9 de septiembre, la sexta edici\u00f3n del Encuentro de Nacional de Estudiantes y Egresados [&hellip;]<\/p>\n","protected":false},"author":1,"featured_media":13133,"comment_status":"closed","ping_status":"closed","sticky":false,"template":"","format":"standard","meta":{"_jetpack_memberships_contains_paid_content":false,"footnotes":"","jetpack_publicize_message":"","jetpack_publicize_feature_enabled":true,"jetpack_social_post_already_shared":true,"jetpack_social_options":{"image_generator_settings":{"template":"highway","default_image_id":0,"font":"","enabled":false},"version":2}},"categories":[167],"tags":[154],"class_list":["post-13082","post","type-post","status-publish","format-standard","has-post-thumbnail","hentry","category-actividades-en-el-complejo","tag-actividades-complejo"],"yoast_head":"<!-- This site is optimized with the Yoast SEO plugin v25.9 - https:\/\/yoast.com\/wordpress\/plugins\/seo\/ -->\n<title>VI Encuentro de Nacional de Estudiantes y Egresados de Terapia Ocupacional &#8211; FESTRAM<\/title>\n<meta name=\"description\" content=\"Durante tres jornadas, el cap\u00edtulo Litoral convoc\u00f3 alrededor de 500 personas en la sede de Festram. Con modalidades que incluyeron presentaci\u00f3n de\" \/>\n<meta name=\"robots\" content=\"index, follow, max-snippet:-1, max-image-preview:large, max-video-preview:-1\" \/>\n<link rel=\"canonical\" href=\"https:\/\/municipales.org.ar\/festram\/vi-encuentro-de-nacional-de-estudiantes-y-egresados-de-terapia-ocupacional\/\" \/>\n<meta property=\"og:locale\" content=\"es_ES\" \/>\n<meta property=\"og:type\" content=\"article\" \/>\n<meta property=\"og:title\" content=\"VI Encuentro de Nacional de Estudiantes y Egresados de Terapia Ocupacional &#8211; FESTRAM\" \/>\n<meta property=\"og:description\" content=\"Durante tres jornadas, el cap\u00edtulo Litoral convoc\u00f3 alrededor de 500 personas en la sede de Festram. Con modalidades que incluyeron presentaci\u00f3n de\" \/>\n<meta property=\"og:url\" content=\"https:\/\/municipales.org.ar\/festram\/vi-encuentro-de-nacional-de-estudiantes-y-egresados-de-terapia-ocupacional\/\" \/>\n<meta property=\"og:site_name\" content=\"FESTRAM\" \/>\n<meta property=\"article:publisher\" content=\"https:\/\/www.facebook.com\/MunicipalesSF\" \/>\n<meta property=\"article:published_time\" content=\"2017-09-10T20:22:47+00:00\" \/>\n<meta property=\"article:modified_time\" content=\"2018-05-15T20:27:25+00:00\" \/>\n<meta property=\"og:image\" content=\"https:\/\/municipales.org.ar\/festram\/wp-content\/uploads\/2018\/05\/ENEETO_Festram04.jpg\" \/>\n\t<meta property=\"og:image:width\" content=\"960\" \/>\n\t<meta property=\"og:image:height\" content=\"540\" \/>\n\t<meta property=\"og:image:type\" content=\"image\/jpeg\" \/>\n<meta name=\"author\" content=\"mun_admin\" \/>\n<meta name=\"twitter:card\" content=\"summary_large_image\" \/>\n<meta name=\"twitter:creator\" content=\"@MunicipalesSF\" \/>\n<meta name=\"twitter:site\" content=\"@MunicipalesSF\" \/>\n<meta name=\"twitter:label1\" content=\"Escrito por\" \/>\n\t<meta name=\"twitter:data1\" content=\"mun_admin\" \/>\n\t<meta name=\"twitter:label2\" content=\"Tiempo de lectura\" \/>\n\t<meta name=\"twitter:data2\" content=\"2 minutos\" \/>\n<script type=\"application\/ld+json\" class=\"yoast-schema-graph\">{\"@context\":\"https:\/\/schema.org\",\"@graph\":[{\"@type\":\"Article\",\"@id\":\"https:\/\/municipales.org.ar\/festram\/vi-encuentro-de-nacional-de-estudiantes-y-egresados-de-terapia-ocupacional\/#article\",\"isPartOf\":{\"@id\":\"https:\/\/municipales.org.ar\/festram\/vi-encuentro-de-nacional-de-estudiantes-y-egresados-de-terapia-ocupacional\/\"},\"author\":{\"name\":\"mun_admin\",\"@id\":\"https:\/\/municipales.org.ar\/festram\/#\/schema\/person\/49096a774c48ce9063df4d59ec059f9e\"},\"headline\":\"VI Encuentro de Nacional de Estudiantes y Egresados de Terapia Ocupacional\",\"datePublished\":\"2017-09-10T20:22:47+00:00\",\"dateModified\":\"2018-05-15T20:27:25+00:00\",\"mainEntityOfPage\":{\"@id\":\"https:\/\/municipales.org.ar\/festram\/vi-encuentro-de-nacional-de-estudiantes-y-egresados-de-terapia-ocupacional\/\"},\"wordCount\":381,\"publisher\":{\"@id\":\"https:\/\/municipales.org.ar\/festram\/#organization\"},\"image\":{\"@id\":\"https:\/\/municipales.org.ar\/festram\/vi-encuentro-de-nacional-de-estudiantes-y-egresados-de-terapia-ocupacional\/#primaryimage\"},\"thumbnailUrl\":\"https:\/\/municipales.org.ar\/festram\/wp-content\/uploads\/2018\/05\/ENEETO_Festram04.jpg\",\"keywords\":[\"actividades complejo\"],\"articleSection\":[\"actividades en el complejo\"],\"inLanguage\":\"es\"},{\"@type\":\"WebPage\",\"@id\":\"https:\/\/municipales.org.ar\/festram\/vi-encuentro-de-nacional-de-estudiantes-y-egresados-de-terapia-ocupacional\/\",\"url\":\"https:\/\/municipales.org.ar\/festram\/vi-encuentro-de-nacional-de-estudiantes-y-egresados-de-terapia-ocupacional\/\",\"name\":\"VI Encuentro de Nacional de Estudiantes y Egresados de Terapia Ocupacional &#8211; FESTRAM\",\"isPartOf\":{\"@id\":\"https:\/\/municipales.org.ar\/festram\/#website\"},\"primaryImageOfPage\":{\"@id\":\"https:\/\/municipales.org.ar\/festram\/vi-encuentro-de-nacional-de-estudiantes-y-egresados-de-terapia-ocupacional\/#primaryimage\"},\"image\":{\"@id\":\"https:\/\/municipales.org.ar\/festram\/vi-encuentro-de-nacional-de-estudiantes-y-egresados-de-terapia-ocupacional\/#primaryimage\"},\"thumbnailUrl\":\"https:\/\/municipales.org.ar\/festram\/wp-content\/uploads\/2018\/05\/ENEETO_Festram04.jpg\",\"datePublished\":\"2017-09-10T20:22:47+00:00\",\"dateModified\":\"2018-05-15T20:27:25+00:00\",\"description\":\"Durante tres jornadas, el cap\u00edtulo Litoral convoc\u00f3 alrededor de 500 personas en la sede de Festram. Con modalidades que incluyeron presentaci\u00f3n de\",\"breadcrumb\":{\"@id\":\"https:\/\/municipales.org.ar\/festram\/vi-encuentro-de-nacional-de-estudiantes-y-egresados-de-terapia-ocupacional\/#breadcrumb\"},\"inLanguage\":\"es\",\"potentialAction\":[{\"@type\":\"ReadAction\",\"target\":[\"https:\/\/municipales.org.ar\/festram\/vi-encuentro-de-nacional-de-estudiantes-y-egresados-de-terapia-ocupacional\/\"]}]},{\"@type\":\"ImageObject\",\"inLanguage\":\"es\",\"@id\":\"https:\/\/municipales.org.ar\/festram\/vi-encuentro-de-nacional-de-estudiantes-y-egresados-de-terapia-ocupacional\/#primaryimage\",\"url\":\"https:\/\/municipales.org.ar\/festram\/wp-content\/uploads\/2018\/05\/ENEETO_Festram04.jpg\",\"contentUrl\":\"https:\/\/municipales.org.ar\/festram\/wp-content\/uploads\/2018\/05\/ENEETO_Festram04.jpg\",\"width\":960,\"height\":540},{\"@type\":\"BreadcrumbList\",\"@id\":\"https:\/\/municipales.org.ar\/festram\/vi-encuentro-de-nacional-de-estudiantes-y-egresados-de-terapia-ocupacional\/#breadcrumb\",\"itemListElement\":[{\"@type\":\"ListItem\",\"position\":1,\"name\":\"Portada\",\"item\":\"https:\/\/municipales.org.ar\/festram\/\"},{\"@type\":\"ListItem\",\"position\":2,\"name\":\"VI Encuentro de Nacional de Estudiantes y Egresados de Terapia Ocupacional\"}]},{\"@type\":\"WebSite\",\"@id\":\"https:\/\/municipales.org.ar\/festram\/#website\",\"url\":\"https:\/\/municipales.org.ar\/festram\/\",\"name\":\"FESTRAM\",\"description\":\"La web de los trabajadores municipales\",\"publisher\":{\"@id\":\"https:\/\/municipales.org.ar\/festram\/#organization\"},\"potentialAction\":[{\"@type\":\"SearchAction\",\"target\":{\"@type\":\"EntryPoint\",\"urlTemplate\":\"https:\/\/municipales.org.ar\/festram\/?s={search_term_string}\"},\"query-input\":{\"@type\":\"PropertyValueSpecification\",\"valueRequired\":true,\"valueName\":\"search_term_string\"}}],\"inLanguage\":\"es\"},{\"@type\":\"Organization\",\"@id\":\"https:\/\/municipales.org.ar\/festram\/#organization\",\"name\":\"Federaci\u00f3n de Sindicatos de Trabajadores Municipales de la Provincia de Santa Fe\",\"url\":\"https:\/\/municipales.org.ar\/festram\/\",\"logo\":{\"@type\":\"ImageObject\",\"inLanguage\":\"es\",\"@id\":\"https:\/\/municipales.org.ar\/festram\/#\/schema\/logo\/image\/\",\"url\":\"https:\/\/www.municipales.org.ar\/festram\/wp-content\/uploads\/2014\/07\/logo_fes.jpg\",\"contentUrl\":\"https:\/\/www.municipales.org.ar\/festram\/wp-content\/uploads\/2014\/07\/logo_fes.jpg\",\"width\":661,\"height\":673,\"caption\":\"Federaci\u00f3n de Sindicatos de Trabajadores Municipales de la Provincia de Santa Fe\"},\"image\":{\"@id\":\"https:\/\/municipales.org.ar\/festram\/#\/schema\/logo\/image\/\"},\"sameAs\":[\"https:\/\/www.facebook.com\/MunicipalesSF\",\"https:\/\/x.com\/MunicipalesSF\",\"https:\/\/www.youtube.com\/user\/festram\"]},{\"@type\":\"Person\",\"@id\":\"https:\/\/municipales.org.ar\/festram\/#\/schema\/person\/49096a774c48ce9063df4d59ec059f9e\",\"name\":\"mun_admin\"}]}<\/script>\n<!-- \/ Yoast SEO plugin. -->","yoast_head_json":{"title":"VI Encuentro de Nacional de Estudiantes y Egresados de Terapia Ocupacional &#8211; FESTRAM","description":"Durante tres jornadas, el cap\u00edtulo Litoral convoc\u00f3 alrededor de 500 personas en la sede de Festram. Con modalidades que incluyeron presentaci\u00f3n de","robots":{"index":"index","follow":"follow","max-snippet":"max-snippet:-1","max-image-preview":"max-image-preview:large","max-video-preview":"max-video-preview:-1"},"canonical":"https:\/\/municipales.org.ar\/festram\/vi-encuentro-de-nacional-de-estudiantes-y-egresados-de-terapia-ocupacional\/","og_locale":"es_ES","og_type":"article","og_title":"VI Encuentro de Nacional de Estudiantes y Egresados de Terapia Ocupacional &#8211; FESTRAM","og_description":"Durante tres jornadas, el cap\u00edtulo Litoral convoc\u00f3 alrededor de 500 personas en la sede de Festram. Con modalidades que incluyeron presentaci\u00f3n de","og_url":"https:\/\/municipales.org.ar\/festram\/vi-encuentro-de-nacional-de-estudiantes-y-egresados-de-terapia-ocupacional\/","og_site_name":"FESTRAM","article_publisher":"https:\/\/www.facebook.com\/MunicipalesSF","article_published_time":"2017-09-10T20:22:47+00:00","article_modified_time":"2018-05-15T20:27:25+00:00","og_image":[{"width":960,"height":540,"url":"https:\/\/municipales.org.ar\/festram\/wp-content\/uploads\/2018\/05\/ENEETO_Festram04.jpg","type":"image\/jpeg"}],"author":"mun_admin","twitter_card":"summary_large_image","twitter_creator":"@MunicipalesSF","twitter_site":"@MunicipalesSF","twitter_misc":{"Escrito por":"mun_admin","Tiempo de lectura":"2 minutos"},"schema":{"@context":"https:\/\/schema.org","@graph":[{"@type":"Article","@id":"https:\/\/municipales.org.ar\/festram\/vi-encuentro-de-nacional-de-estudiantes-y-egresados-de-terapia-ocupacional\/#article","isPartOf":{"@id":"https:\/\/municipales.org.ar\/festram\/vi-encuentro-de-nacional-de-estudiantes-y-egresados-de-terapia-ocupacional\/"},"author":{"name":"mun_admin","@id":"https:\/\/municipales.org.ar\/festram\/#\/schema\/person\/49096a774c48ce9063df4d59ec059f9e"},"headline":"VI Encuentro de Nacional de Estudiantes y Egresados de Terapia Ocupacional","datePublished":"2017-09-10T20:22:47+00:00","dateModified":"2018-05-15T20:27:25+00:00","mainEntityOfPage":{"@id":"https:\/\/municipales.org.ar\/festram\/vi-encuentro-de-nacional-de-estudiantes-y-egresados-de-terapia-ocupacional\/"},"wordCount":381,"publisher":{"@id":"https:\/\/municipales.org.ar\/festram\/#organization"},"image":{"@id":"https:\/\/municipales.org.ar\/festram\/vi-encuentro-de-nacional-de-estudiantes-y-egresados-de-terapia-ocupacional\/#primaryimage"},"thumbnailUrl":"https:\/\/municipales.org.ar\/festram\/wp-content\/uploads\/2018\/05\/ENEETO_Festram04.jpg","keywords":["actividades complejo"],"articleSection":["actividades en el complejo"],"inLanguage":"es"},{"@type":"WebPage","@id":"https:\/\/municipales.org.ar\/festram\/vi-encuentro-de-nacional-de-estudiantes-y-egresados-de-terapia-ocupacional\/","url":"https:\/\/municipales.org.ar\/festram\/vi-encuentro-de-nacional-de-estudiantes-y-egresados-de-terapia-ocupacional\/","name":"VI Encuentro de Nacional de Estudiantes y Egresados de Terapia Ocupacional &#8211; FESTRAM","isPartOf":{"@id":"https:\/\/municipales.org.ar\/festram\/#website"},"primaryImageOfPage":{"@id":"https:\/\/municipales.org.ar\/festram\/vi-encuentro-de-nacional-de-estudiantes-y-egresados-de-terapia-ocupacional\/#primaryimage"},"image":{"@id":"https:\/\/municipales.org.ar\/festram\/vi-encuentro-de-nacional-de-estudiantes-y-egresados-de-terapia-ocupacional\/#primaryimage"},"thumbnailUrl":"https:\/\/municipales.org.ar\/festram\/wp-content\/uploads\/2018\/05\/ENEETO_Festram04.jpg","datePublished":"2017-09-10T20:22:47+00:00","dateModified":"2018-05-15T20:27:25+00:00","description":"Durante tres jornadas, el cap\u00edtulo Litoral convoc\u00f3 alrededor de 500 personas en la sede de Festram. Con modalidades que incluyeron presentaci\u00f3n de","breadcrumb":{"@id":"https:\/\/municipales.org.ar\/festram\/vi-encuentro-de-nacional-de-estudiantes-y-egresados-de-terapia-ocupacional\/#breadcrumb"},"inLanguage":"es","potentialAction":[{"@type":"ReadAction","target":["https:\/\/municipales.org.ar\/festram\/vi-encuentro-de-nacional-de-estudiantes-y-egresados-de-terapia-ocupacional\/"]}]},{"@type":"ImageObject","inLanguage":"es","@id":"https:\/\/municipales.org.ar\/festram\/vi-encuentro-de-nacional-de-estudiantes-y-egresados-de-terapia-ocupacional\/#primaryimage","url":"https:\/\/municipales.org.ar\/festram\/wp-content\/uploads\/2018\/05\/ENEETO_Festram04.jpg","contentUrl":"https:\/\/municipales.org.ar\/festram\/wp-content\/uploads\/2018\/05\/ENEETO_Festram04.jpg","width":960,"height":540},{"@type":"BreadcrumbList","@id":"https:\/\/municipales.org.ar\/festram\/vi-encuentro-de-nacional-de-estudiantes-y-egresados-de-terapia-ocupacional\/#breadcrumb","itemListElement":[{"@type":"ListItem","position":1,"name":"Portada","item":"https:\/\/municipales.org.ar\/festram\/"},{"@type":"ListItem","position":2,"name":"VI Encuentro de Nacional de Estudiantes y Egresados de Terapia Ocupacional"}]},{"@type":"WebSite","@id":"https:\/\/municipales.org.ar\/festram\/#website","url":"https:\/\/municipales.org.ar\/festram\/","name":"FESTRAM","description":"La web de los trabajadores municipales","publisher":{"@id":"https:\/\/municipales.org.ar\/festram\/#organization"},"potentialAction":[{"@type":"SearchAction","target":{"@type":"EntryPoint","urlTemplate":"https:\/\/municipales.org.ar\/festram\/?s={search_term_string}"},"query-input":{"@type":"PropertyValueSpecification","valueRequired":true,"valueName":"search_term_string"}}],"inLanguage":"es"},{"@type":"Organization","@id":"https:\/\/municipales.org.ar\/festram\/#organization","name":"Federaci\u00f3n de Sindicatos de Trabajadores Municipales de la Provincia de Santa Fe","url":"https:\/\/municipales.org.ar\/festram\/","logo":{"@type":"ImageObject","inLanguage":"es","@id":"https:\/\/municipales.org.ar\/festram\/#\/schema\/logo\/image\/","url":"https:\/\/www.municipales.org.ar\/festram\/wp-content\/uploads\/2014\/07\/logo_fes.jpg","contentUrl":"https:\/\/www.municipales.org.ar\/festram\/wp-content\/uploads\/2014\/07\/logo_fes.jpg","width":661,"height":673,"caption":"Federaci\u00f3n de Sindicatos de Trabajadores Municipales de la Provincia de Santa Fe"},"image":{"@id":"https:\/\/municipales.org.ar\/festram\/#\/schema\/logo\/image\/"},"sameAs":["https:\/\/www.facebook.com\/MunicipalesSF","https:\/\/x.com\/MunicipalesSF","https:\/\/www.youtube.com\/user\/festram"]},{"@type":"Person","@id":"https:\/\/municipales.org.ar\/festram\/#\/schema\/person\/49096a774c48ce9063df4d59ec059f9e","name":"mun_admin"}]}},"jetpack_publicize_connections":[],"jetpack_featured_media_url":"https:\/\/municipales.org.ar\/festram\/wp-content\/uploads\/2018\/05\/ENEETO_Festram04.jpg","jetpack_sharing_enabled":true,"jetpack_likes_enabled":false,"jetpack_shortlink":"https:\/\/wp.me\/p7l4x1-3p0","_links":{"self":[{"href":"https:\/\/municipales.org.ar\/festram\/wp-json\/wp\/v2\/posts\/13082","targetHints":{"allow":["GET"]}}],"collection":[{"href":"https:\/\/municipales.org.ar\/festram\/wp-json\/wp\/v2\/posts"}],"about":[{"href":"https:\/\/municipales.org.ar\/festram\/wp-json\/wp\/v2\/types\/post"}],"author":[{"embeddable":true,"href":"https:\/\/municipales.org.ar\/festram\/wp-json\/wp\/v2\/users\/1"}],"replies":[{"embeddable":true,"href":"https:\/\/municipales.org.ar\/festram\/wp-json\/wp\/v2\/comments?post=13082"}],"version-history":[{"count":4,"href":"https:\/\/municipales.org.ar\/festram\/wp-json\/wp\/v2\/posts\/13082\/revisions"}],"predecessor-version":[{"id":13137,"href":"https:\/\/municipales.org.ar\/festram\/wp-json\/wp\/v2\/posts\/13082\/revisions\/13137"}],"wp:featuredmedia":[{"embeddable":true,"href":"https:\/\/municipales.org.ar\/festram\/wp-json\/wp\/v2\/media\/13133"}],"wp:attachment":[{"href":"https:\/\/municipales.org.ar\/festram\/wp-json\/wp\/v2\/media?parent=13082"}],"wp:term":[{"taxonomy":"category","embeddable":true,"href":"https:\/\/municipales.org.ar\/festram\/wp-json\/wp\/v2\/categories?post=13082"},{"taxonomy":"post_tag","embeddable":true,"href":"https:\/\/municipales.org.ar\/festram\/wp-json\/wp\/v2\/tags?post=13082"}],"curies":[{"name":"wp","href":"https:\/\/api.w.org\/{rel}","templated":true}]}}