{"id":13115,"date":"2018-05-05T17:32:36","date_gmt":"2018-05-05T20:32:36","guid":{"rendered":"https:\/\/www.municipales.org.ar\/festram\/?p=13115"},"modified":"2018-05-23T18:04:50","modified_gmt":"2018-05-23T21:04:50","slug":"se-presento-el-libro-sin-nombre-realizado-en-la-unidad-penal-n-4-de-santa-fe","status":"publish","type":"post","link":"https:\/\/municipales.org.ar\/festram\/se-presento-el-libro-sin-nombre-realizado-en-la-unidad-penal-n-4-de-santa-fe\/","title":{"rendered":"Se present\u00f3 el libro \u00abSin Nombre\u00bb realizado en la Unidad Penal N\u00b0 4 de Santa Fe"},"content":{"rendered":"<h4>La jornada se llev\u00f3 a cabo en el microcine de Festram, con la cordinaci\u00f3n de integrantes del Proyecto \u00abCine, G\u00e9nero y Derechos Humanos\u00bb, del grupo Mujeres por la Libertad.<\/h4>\n<p>El encuentro se inici\u00f3 con la presentaci\u00f3n de una serie de audiovisuales trabajados por internas de la Unidad Penal N\u00b04 de Santa Fe. Sobre esto reflexionaron las coordinadoras del taller.<\/p>\n<p>Asimismo, se habl\u00f3 del taller de escritura y de la funci\u00f3n de la palabra en un contexto de privaci\u00f3n de la libertad, que desemboc\u00f3 en el armado del libro \u00abSin nombre\u00bb. En el pr\u00f3logo del mismo se rese\u00f1a que \u00abfue fruto de una semilla rebelde sembrada en el taller sin nombre de Escritura y G\u00e9nero. Esta semilla germin\u00f3 y al buz\u00f3n irreverente que salta las rejas fueron llegando pedazos de mundo en forma de textos, los cuales muchos brillan aqu\u00ed en aguante de los que duermen a la sombra en miedo a represalias\u00bb.<\/p>\n<p><strong>Sobre Mujeres por la Libertad<\/strong><\/p>\n<p>Es un grupo de mujeres y varones que realizan actividades de construcci\u00f3n colectiva intra carcelaria. El objetivo principal del grupo es intervenir positivamente en la poblaci\u00f3n penal en clave de educaci\u00f3n, arte y perspectiva de g\u00e9nero.<\/p>\n<p>Los trabajos realizados intramuros en el recorrido de los talleres, han saltado las rejas y se han presentado en la ciudad en intervenciones p\u00fablicas, en radios abiertas, en universidades nacionales, en paneles debate, en micros radiales, en ciclos de cine y otros espacios.<\/p>\n<p>Para mayor informaci\u00f3n, se puede consultar la web: www.mujeresporlalibertad.com<\/p>\n<h6>Prensa FESTRAM<\/h6>\n\n\t\t<style type=\"text\/css\">\n\t\t\t#gallery-1 {\n\t\t\t\tmargin: auto;\n\t\t\t}\n\t\t\t#gallery-1 .gallery-item {\n\t\t\t\tfloat: left;\n\t\t\t\tmargin-top: 10px;\n\t\t\t\ttext-align: center;\n\t\t\t\twidth: 33%;\n\t\t\t}\n\t\t\t#gallery-1 img {\n\t\t\t\tborder: 2px solid #cfcfcf;\n\t\t\t}\n\t\t\t#gallery-1 .gallery-caption {\n\t\t\t\tmargin-left: 0;\n\t\t\t}\n\t\t\t\/* see gallery_shortcode() in wp-includes\/media.php *\/\n\t\t<\/style>\n\t\t<div id='gallery-1' class='gallery galleryid-13115 gallery-columns-3 gallery-size-thumbnail'><dl class='gallery-item'>\n\t\t\t<dt class='gallery-icon landscape'>\n\t\t\t\t<a href='https:\/\/municipales.org.ar\/festram\/se-presento-el-libro-sin-nombre-realizado-en-la-unidad-penal-n-4-de-santa-fe\/img_3389\/'><img loading=\"lazy\" decoding=\"async\" width=\"150\" height=\"150\" src=\"https:\/\/municipales.org.ar\/festram\/wp-content\/uploads\/2018\/05\/IMG_3389-150x150.jpg\" class=\"attachment-thumbnail size-thumbnail\" alt=\"\" srcset=\"https:\/\/municipales.org.ar\/festram\/wp-content\/uploads\/2018\/05\/IMG_3389-150x150.jpg 150w, https:\/\/municipales.org.ar\/festram\/wp-content\/uploads\/2018\/05\/IMG_3389-80x80.jpg 80w\" sizes=\"auto, (max-width: 150px) 100vw, 150px\" \/><\/a>\n\t\t\t<\/dt><\/dl><dl class='gallery-item'>\n\t\t\t<dt class='gallery-icon landscape'>\n\t\t\t\t<a href='https:\/\/municipales.org.ar\/festram\/se-presento-el-libro-sin-nombre-realizado-en-la-unidad-penal-n-4-de-santa-fe\/img_3391\/'><img loading=\"lazy\" decoding=\"async\" width=\"150\" height=\"150\" src=\"https:\/\/municipales.org.ar\/festram\/wp-content\/uploads\/2018\/05\/IMG_3391-150x150.jpg\" class=\"attachment-thumbnail size-thumbnail\" alt=\"\" srcset=\"https:\/\/municipales.org.ar\/festram\/wp-content\/uploads\/2018\/05\/IMG_3391-150x150.jpg 150w, https:\/\/municipales.org.ar\/festram\/wp-content\/uploads\/2018\/05\/IMG_3391-80x80.jpg 80w\" sizes=\"auto, (max-width: 150px) 100vw, 150px\" \/><\/a>\n\t\t\t<\/dt><\/dl><dl class='gallery-item'>\n\t\t\t<dt class='gallery-icon landscape'>\n\t\t\t\t<a href='https:\/\/municipales.org.ar\/festram\/se-presento-el-libro-sin-nombre-realizado-en-la-unidad-penal-n-4-de-santa-fe\/img_3397\/'><img loading=\"lazy\" decoding=\"async\" width=\"150\" height=\"150\" src=\"https:\/\/municipales.org.ar\/festram\/wp-content\/uploads\/2018\/05\/IMG_3397-150x150.jpg\" class=\"attachment-thumbnail size-thumbnail\" alt=\"\" srcset=\"https:\/\/municipales.org.ar\/festram\/wp-content\/uploads\/2018\/05\/IMG_3397-150x150.jpg 150w, https:\/\/municipales.org.ar\/festram\/wp-content\/uploads\/2018\/05\/IMG_3397-80x80.jpg 80w\" sizes=\"auto, (max-width: 150px) 100vw, 150px\" \/><\/a>\n\t\t\t<\/dt><\/dl><br style=\"clear: both\" \/><dl class='gallery-item'>\n\t\t\t<dt class='gallery-icon landscape'>\n\t\t\t\t<a href='https:\/\/municipales.org.ar\/festram\/se-presento-el-libro-sin-nombre-realizado-en-la-unidad-penal-n-4-de-santa-fe\/img_3399\/'><img loading=\"lazy\" decoding=\"async\" width=\"150\" height=\"150\" src=\"https:\/\/municipales.org.ar\/festram\/wp-content\/uploads\/2018\/05\/IMG_3399-150x150.jpg\" class=\"attachment-thumbnail size-thumbnail\" alt=\"\" srcset=\"https:\/\/municipales.org.ar\/festram\/wp-content\/uploads\/2018\/05\/IMG_3399-150x150.jpg 150w, https:\/\/municipales.org.ar\/festram\/wp-content\/uploads\/2018\/05\/IMG_3399-80x80.jpg 80w\" sizes=\"auto, (max-width: 150px) 100vw, 150px\" \/><\/a>\n\t\t\t<\/dt><\/dl><dl class='gallery-item'>\n\t\t\t<dt class='gallery-icon landscape'>\n\t\t\t\t<a href='https:\/\/municipales.org.ar\/festram\/se-presento-el-libro-sin-nombre-realizado-en-la-unidad-penal-n-4-de-santa-fe\/img_3400\/'><img loading=\"lazy\" decoding=\"async\" width=\"150\" height=\"150\" src=\"https:\/\/municipales.org.ar\/festram\/wp-content\/uploads\/2018\/05\/IMG_3400-150x150.jpg\" class=\"attachment-thumbnail size-thumbnail\" alt=\"\" srcset=\"https:\/\/municipales.org.ar\/festram\/wp-content\/uploads\/2018\/05\/IMG_3400-150x150.jpg 150w, https:\/\/municipales.org.ar\/festram\/wp-content\/uploads\/2018\/05\/IMG_3400-80x80.jpg 80w\" sizes=\"auto, (max-width: 150px) 100vw, 150px\" \/><\/a>\n\t\t\t<\/dt><\/dl><dl class='gallery-item'>\n\t\t\t<dt class='gallery-icon portrait'>\n\t\t\t\t<a href='https:\/\/municipales.org.ar\/festram\/se-presento-el-libro-sin-nombre-realizado-en-la-unidad-penal-n-4-de-santa-fe\/img_3403\/'><img loading=\"lazy\" decoding=\"async\" width=\"150\" height=\"150\" src=\"https:\/\/municipales.org.ar\/festram\/wp-content\/uploads\/2018\/05\/IMG_3403-150x150.jpg\" class=\"attachment-thumbnail size-thumbnail\" alt=\"\" srcset=\"https:\/\/municipales.org.ar\/festram\/wp-content\/uploads\/2018\/05\/IMG_3403-150x150.jpg 150w, https:\/\/municipales.org.ar\/festram\/wp-content\/uploads\/2018\/05\/IMG_3403-80x80.jpg 80w\" sizes=\"auto, (max-width: 150px) 100vw, 150px\" \/><\/a>\n\t\t\t<\/dt><\/dl><br style=\"clear: both\" \/><dl class='gallery-item'>\n\t\t\t<dt class='gallery-icon landscape'>\n\t\t\t\t<a href='https:\/\/municipales.org.ar\/festram\/se-presento-el-libro-sin-nombre-realizado-en-la-unidad-penal-n-4-de-santa-fe\/img_3404\/'><img loading=\"lazy\" decoding=\"async\" width=\"150\" height=\"150\" src=\"https:\/\/municipales.org.ar\/festram\/wp-content\/uploads\/2018\/05\/IMG_3404-150x150.jpg\" class=\"attachment-thumbnail size-thumbnail\" alt=\"\" srcset=\"https:\/\/municipales.org.ar\/festram\/wp-content\/uploads\/2018\/05\/IMG_3404-150x150.jpg 150w, https:\/\/municipales.org.ar\/festram\/wp-content\/uploads\/2018\/05\/IMG_3404-80x80.jpg 80w\" sizes=\"auto, (max-width: 150px) 100vw, 150px\" \/><\/a>\n\t\t\t<\/dt><\/dl>\n\t\t\t<br style='clear: both' \/>\n\t\t<\/div>\n\n","protected":false},"excerpt":{"rendered":"<p>La jornada se llev\u00f3 a cabo en el microcine de Festram, con la cordinaci\u00f3n de integrantes del Proyecto \u00abCine, G\u00e9nero y Derechos Humanos\u00bb, del grupo Mujeres por la Libertad. El encuentro se inici\u00f3 con la presentaci\u00f3n de una serie de audiovisuales trabajados por internas de la Unidad Penal N\u00b04 de Santa Fe. Sobre esto reflexionaron [&hellip;]<\/p>\n","protected":false},"author":1,"featured_media":13116,"comment_status":"closed","ping_status":"closed","sticky":false,"template":"","format":"standard","meta":{"_jetpack_memberships_contains_paid_content":false,"footnotes":"","jetpack_publicize_message":"","jetpack_publicize_feature_enabled":true,"jetpack_social_post_already_shared":true,"jetpack_social_options":{"image_generator_settings":{"template":"highway","default_image_id":0,"font":"","enabled":false},"version":2}},"categories":[167],"tags":[154],"class_list":["post-13115","post","type-post","status-publish","format-standard","has-post-thumbnail","hentry","category-actividades-en-el-complejo","tag-actividades-complejo"],"yoast_head":"<!-- This site is optimized with the Yoast SEO plugin v25.9 - https:\/\/yoast.com\/wordpress\/plugins\/seo\/ -->\n<title>Se present\u00f3 el libro &quot;Sin Nombre&quot; realizado en la Unidad Penal N\u00b0 4 de Santa Fe &#8211; FESTRAM<\/title>\n<meta name=\"description\" content=\"La jornada se llev\u00f3 a cabo en el microcine de Festram, con la cordinaci\u00f3n de integrantes del Proyecto &quot;Cine, G\u00e9nero y Derechos Humanos&quot;, del grupo Mujeres\" \/>\n<meta name=\"robots\" content=\"index, follow, max-snippet:-1, max-image-preview:large, max-video-preview:-1\" \/>\n<link rel=\"canonical\" href=\"https:\/\/municipales.org.ar\/festram\/se-presento-el-libro-sin-nombre-realizado-en-la-unidad-penal-n-4-de-santa-fe\/\" \/>\n<meta property=\"og:locale\" content=\"es_ES\" \/>\n<meta property=\"og:type\" content=\"article\" \/>\n<meta property=\"og:title\" content=\"Se present\u00f3 el libro &quot;Sin Nombre&quot; realizado en la Unidad Penal N\u00b0 4 de Santa Fe &#8211; FESTRAM\" \/>\n<meta property=\"og:description\" content=\"La jornada se llev\u00f3 a cabo en el microcine de Festram, con la cordinaci\u00f3n de integrantes del Proyecto &quot;Cine, G\u00e9nero y Derechos Humanos&quot;, del grupo Mujeres\" \/>\n<meta property=\"og:url\" content=\"https:\/\/municipales.org.ar\/festram\/se-presento-el-libro-sin-nombre-realizado-en-la-unidad-penal-n-4-de-santa-fe\/\" \/>\n<meta property=\"og:site_name\" content=\"FESTRAM\" \/>\n<meta property=\"article:publisher\" content=\"https:\/\/www.facebook.com\/MunicipalesSF\" \/>\n<meta property=\"article:published_time\" content=\"2018-05-05T20:32:36+00:00\" \/>\n<meta property=\"article:modified_time\" content=\"2018-05-23T21:04:50+00:00\" \/>\n<meta property=\"og:image\" content=\"https:\/\/municipales.org.ar\/festram\/wp-content\/uploads\/2018\/05\/IMG_3381.jpg\" \/>\n\t<meta property=\"og:image:width\" content=\"1000\" \/>\n\t<meta property=\"og:image:height\" content=\"667\" \/>\n\t<meta property=\"og:image:type\" content=\"image\/jpeg\" \/>\n<meta name=\"author\" content=\"mun_admin\" \/>\n<meta name=\"twitter:card\" content=\"summary_large_image\" \/>\n<meta name=\"twitter:creator\" content=\"@MunicipalesSF\" \/>\n<meta name=\"twitter:site\" content=\"@MunicipalesSF\" \/>\n<meta name=\"twitter:label1\" content=\"Escrito por\" \/>\n\t<meta name=\"twitter:data1\" content=\"mun_admin\" \/>\n\t<meta name=\"twitter:label2\" content=\"Tiempo de lectura\" \/>\n\t<meta name=\"twitter:data2\" content=\"1 minuto\" \/>\n<script type=\"application\/ld+json\" class=\"yoast-schema-graph\">{\"@context\":\"https:\/\/schema.org\",\"@graph\":[{\"@type\":\"Article\",\"@id\":\"https:\/\/municipales.org.ar\/festram\/se-presento-el-libro-sin-nombre-realizado-en-la-unidad-penal-n-4-de-santa-fe\/#article\",\"isPartOf\":{\"@id\":\"https:\/\/municipales.org.ar\/festram\/se-presento-el-libro-sin-nombre-realizado-en-la-unidad-penal-n-4-de-santa-fe\/\"},\"author\":{\"name\":\"mun_admin\",\"@id\":\"https:\/\/municipales.org.ar\/festram\/#\/schema\/person\/49096a774c48ce9063df4d59ec059f9e\"},\"headline\":\"Se present\u00f3 el libro \u00abSin Nombre\u00bb realizado en la Unidad Penal N\u00b0 4 de Santa Fe\",\"datePublished\":\"2018-05-05T20:32:36+00:00\",\"dateModified\":\"2018-05-23T21:04:50+00:00\",\"mainEntityOfPage\":{\"@id\":\"https:\/\/municipales.org.ar\/festram\/se-presento-el-libro-sin-nombre-realizado-en-la-unidad-penal-n-4-de-santa-fe\/\"},\"wordCount\":283,\"publisher\":{\"@id\":\"https:\/\/municipales.org.ar\/festram\/#organization\"},\"image\":{\"@id\":\"https:\/\/municipales.org.ar\/festram\/se-presento-el-libro-sin-nombre-realizado-en-la-unidad-penal-n-4-de-santa-fe\/#primaryimage\"},\"thumbnailUrl\":\"https:\/\/municipales.org.ar\/festram\/wp-content\/uploads\/2018\/05\/IMG_3381.jpg\",\"keywords\":[\"actividades complejo\"],\"articleSection\":[\"actividades en el complejo\"],\"inLanguage\":\"es\"},{\"@type\":\"WebPage\",\"@id\":\"https:\/\/municipales.org.ar\/festram\/se-presento-el-libro-sin-nombre-realizado-en-la-unidad-penal-n-4-de-santa-fe\/\",\"url\":\"https:\/\/municipales.org.ar\/festram\/se-presento-el-libro-sin-nombre-realizado-en-la-unidad-penal-n-4-de-santa-fe\/\",\"name\":\"Se present\u00f3 el libro \\\"Sin Nombre\\\" realizado en la Unidad Penal N\u00b0 4 de Santa Fe &#8211; FESTRAM\",\"isPartOf\":{\"@id\":\"https:\/\/municipales.org.ar\/festram\/#website\"},\"primaryImageOfPage\":{\"@id\":\"https:\/\/municipales.org.ar\/festram\/se-presento-el-libro-sin-nombre-realizado-en-la-unidad-penal-n-4-de-santa-fe\/#primaryimage\"},\"image\":{\"@id\":\"https:\/\/municipales.org.ar\/festram\/se-presento-el-libro-sin-nombre-realizado-en-la-unidad-penal-n-4-de-santa-fe\/#primaryimage\"},\"thumbnailUrl\":\"https:\/\/municipales.org.ar\/festram\/wp-content\/uploads\/2018\/05\/IMG_3381.jpg\",\"datePublished\":\"2018-05-05T20:32:36+00:00\",\"dateModified\":\"2018-05-23T21:04:50+00:00\",\"description\":\"La jornada se llev\u00f3 a cabo en el microcine de Festram, con la cordinaci\u00f3n de integrantes del Proyecto \\\"Cine, G\u00e9nero y Derechos Humanos\\\", del grupo Mujeres\",\"breadcrumb\":{\"@id\":\"https:\/\/municipales.org.ar\/festram\/se-presento-el-libro-sin-nombre-realizado-en-la-unidad-penal-n-4-de-santa-fe\/#breadcrumb\"},\"inLanguage\":\"es\",\"potentialAction\":[{\"@type\":\"ReadAction\",\"target\":[\"https:\/\/municipales.org.ar\/festram\/se-presento-el-libro-sin-nombre-realizado-en-la-unidad-penal-n-4-de-santa-fe\/\"]}]},{\"@type\":\"ImageObject\",\"inLanguage\":\"es\",\"@id\":\"https:\/\/municipales.org.ar\/festram\/se-presento-el-libro-sin-nombre-realizado-en-la-unidad-penal-n-4-de-santa-fe\/#primaryimage\",\"url\":\"https:\/\/municipales.org.ar\/festram\/wp-content\/uploads\/2018\/05\/IMG_3381.jpg\",\"contentUrl\":\"https:\/\/municipales.org.ar\/festram\/wp-content\/uploads\/2018\/05\/IMG_3381.jpg\",\"width\":1000,\"height\":667},{\"@type\":\"BreadcrumbList\",\"@id\":\"https:\/\/municipales.org.ar\/festram\/se-presento-el-libro-sin-nombre-realizado-en-la-unidad-penal-n-4-de-santa-fe\/#breadcrumb\",\"itemListElement\":[{\"@type\":\"ListItem\",\"position\":1,\"name\":\"Portada\",\"item\":\"https:\/\/municipales.org.ar\/festram\/\"},{\"@type\":\"ListItem\",\"position\":2,\"name\":\"Se present\u00f3 el libro \u00abSin Nombre\u00bb realizado en la Unidad Penal N\u00b0 4 de Santa Fe\"}]},{\"@type\":\"WebSite\",\"@id\":\"https:\/\/municipales.org.ar\/festram\/#website\",\"url\":\"https:\/\/municipales.org.ar\/festram\/\",\"name\":\"FESTRAM\",\"description\":\"La web de los trabajadores municipales\",\"publisher\":{\"@id\":\"https:\/\/municipales.org.ar\/festram\/#organization\"},\"potentialAction\":[{\"@type\":\"SearchAction\",\"target\":{\"@type\":\"EntryPoint\",\"urlTemplate\":\"https:\/\/municipales.org.ar\/festram\/?s={search_term_string}\"},\"query-input\":{\"@type\":\"PropertyValueSpecification\",\"valueRequired\":true,\"valueName\":\"search_term_string\"}}],\"inLanguage\":\"es\"},{\"@type\":\"Organization\",\"@id\":\"https:\/\/municipales.org.ar\/festram\/#organization\",\"name\":\"Federaci\u00f3n de Sindicatos de Trabajadores Municipales de la Provincia de Santa Fe\",\"url\":\"https:\/\/municipales.org.ar\/festram\/\",\"logo\":{\"@type\":\"ImageObject\",\"inLanguage\":\"es\",\"@id\":\"https:\/\/municipales.org.ar\/festram\/#\/schema\/logo\/image\/\",\"url\":\"https:\/\/www.municipales.org.ar\/festram\/wp-content\/uploads\/2014\/07\/logo_fes.jpg\",\"contentUrl\":\"https:\/\/www.municipales.org.ar\/festram\/wp-content\/uploads\/2014\/07\/logo_fes.jpg\",\"width\":661,\"height\":673,\"caption\":\"Federaci\u00f3n de Sindicatos de Trabajadores Municipales de la Provincia de Santa Fe\"},\"image\":{\"@id\":\"https:\/\/municipales.org.ar\/festram\/#\/schema\/logo\/image\/\"},\"sameAs\":[\"https:\/\/www.facebook.com\/MunicipalesSF\",\"https:\/\/x.com\/MunicipalesSF\",\"https:\/\/www.youtube.com\/user\/festram\"]},{\"@type\":\"Person\",\"@id\":\"https:\/\/municipales.org.ar\/festram\/#\/schema\/person\/49096a774c48ce9063df4d59ec059f9e\",\"name\":\"mun_admin\"}]}<\/script>\n<!-- \/ Yoast SEO plugin. -->","yoast_head_json":{"title":"Se present\u00f3 el libro \"Sin Nombre\" realizado en la Unidad Penal N\u00b0 4 de Santa Fe &#8211; FESTRAM","description":"La jornada se llev\u00f3 a cabo en el microcine de Festram, con la cordinaci\u00f3n de integrantes del Proyecto \"Cine, G\u00e9nero y Derechos Humanos\", del grupo Mujeres","robots":{"index":"index","follow":"follow","max-snippet":"max-snippet:-1","max-image-preview":"max-image-preview:large","max-video-preview":"max-video-preview:-1"},"canonical":"https:\/\/municipales.org.ar\/festram\/se-presento-el-libro-sin-nombre-realizado-en-la-unidad-penal-n-4-de-santa-fe\/","og_locale":"es_ES","og_type":"article","og_title":"Se present\u00f3 el libro \"Sin Nombre\" realizado en la Unidad Penal N\u00b0 4 de Santa Fe &#8211; FESTRAM","og_description":"La jornada se llev\u00f3 a cabo en el microcine de Festram, con la cordinaci\u00f3n de integrantes del Proyecto \"Cine, G\u00e9nero y Derechos Humanos\", del grupo Mujeres","og_url":"https:\/\/municipales.org.ar\/festram\/se-presento-el-libro-sin-nombre-realizado-en-la-unidad-penal-n-4-de-santa-fe\/","og_site_name":"FESTRAM","article_publisher":"https:\/\/www.facebook.com\/MunicipalesSF","article_published_time":"2018-05-05T20:32:36+00:00","article_modified_time":"2018-05-23T21:04:50+00:00","og_image":[{"width":1000,"height":667,"url":"https:\/\/municipales.org.ar\/festram\/wp-content\/uploads\/2018\/05\/IMG_3381.jpg","type":"image\/jpeg"}],"author":"mun_admin","twitter_card":"summary_large_image","twitter_creator":"@MunicipalesSF","twitter_site":"@MunicipalesSF","twitter_misc":{"Escrito por":"mun_admin","Tiempo de lectura":"1 minuto"},"schema":{"@context":"https:\/\/schema.org","@graph":[{"@type":"Article","@id":"https:\/\/municipales.org.ar\/festram\/se-presento-el-libro-sin-nombre-realizado-en-la-unidad-penal-n-4-de-santa-fe\/#article","isPartOf":{"@id":"https:\/\/municipales.org.ar\/festram\/se-presento-el-libro-sin-nombre-realizado-en-la-unidad-penal-n-4-de-santa-fe\/"},"author":{"name":"mun_admin","@id":"https:\/\/municipales.org.ar\/festram\/#\/schema\/person\/49096a774c48ce9063df4d59ec059f9e"},"headline":"Se present\u00f3 el libro \u00abSin Nombre\u00bb realizado en la Unidad Penal N\u00b0 4 de Santa Fe","datePublished":"2018-05-05T20:32:36+00:00","dateModified":"2018-05-23T21:04:50+00:00","mainEntityOfPage":{"@id":"https:\/\/municipales.org.ar\/festram\/se-presento-el-libro-sin-nombre-realizado-en-la-unidad-penal-n-4-de-santa-fe\/"},"wordCount":283,"publisher":{"@id":"https:\/\/municipales.org.ar\/festram\/#organization"},"image":{"@id":"https:\/\/municipales.org.ar\/festram\/se-presento-el-libro-sin-nombre-realizado-en-la-unidad-penal-n-4-de-santa-fe\/#primaryimage"},"thumbnailUrl":"https:\/\/municipales.org.ar\/festram\/wp-content\/uploads\/2018\/05\/IMG_3381.jpg","keywords":["actividades complejo"],"articleSection":["actividades en el complejo"],"inLanguage":"es"},{"@type":"WebPage","@id":"https:\/\/municipales.org.ar\/festram\/se-presento-el-libro-sin-nombre-realizado-en-la-unidad-penal-n-4-de-santa-fe\/","url":"https:\/\/municipales.org.ar\/festram\/se-presento-el-libro-sin-nombre-realizado-en-la-unidad-penal-n-4-de-santa-fe\/","name":"Se present\u00f3 el libro \"Sin Nombre\" realizado en la Unidad Penal N\u00b0 4 de Santa Fe &#8211; FESTRAM","isPartOf":{"@id":"https:\/\/municipales.org.ar\/festram\/#website"},"primaryImageOfPage":{"@id":"https:\/\/municipales.org.ar\/festram\/se-presento-el-libro-sin-nombre-realizado-en-la-unidad-penal-n-4-de-santa-fe\/#primaryimage"},"image":{"@id":"https:\/\/municipales.org.ar\/festram\/se-presento-el-libro-sin-nombre-realizado-en-la-unidad-penal-n-4-de-santa-fe\/#primaryimage"},"thumbnailUrl":"https:\/\/municipales.org.ar\/festram\/wp-content\/uploads\/2018\/05\/IMG_3381.jpg","datePublished":"2018-05-05T20:32:36+00:00","dateModified":"2018-05-23T21:04:50+00:00","description":"La jornada se llev\u00f3 a cabo en el microcine de Festram, con la cordinaci\u00f3n de integrantes del Proyecto \"Cine, G\u00e9nero y Derechos Humanos\", del grupo Mujeres","breadcrumb":{"@id":"https:\/\/municipales.org.ar\/festram\/se-presento-el-libro-sin-nombre-realizado-en-la-unidad-penal-n-4-de-santa-fe\/#breadcrumb"},"inLanguage":"es","potentialAction":[{"@type":"ReadAction","target":["https:\/\/municipales.org.ar\/festram\/se-presento-el-libro-sin-nombre-realizado-en-la-unidad-penal-n-4-de-santa-fe\/"]}]},{"@type":"ImageObject","inLanguage":"es","@id":"https:\/\/municipales.org.ar\/festram\/se-presento-el-libro-sin-nombre-realizado-en-la-unidad-penal-n-4-de-santa-fe\/#primaryimage","url":"https:\/\/municipales.org.ar\/festram\/wp-content\/uploads\/2018\/05\/IMG_3381.jpg","contentUrl":"https:\/\/municipales.org.ar\/festram\/wp-content\/uploads\/2018\/05\/IMG_3381.jpg","width":1000,"height":667},{"@type":"BreadcrumbList","@id":"https:\/\/municipales.org.ar\/festram\/se-presento-el-libro-sin-nombre-realizado-en-la-unidad-penal-n-4-de-santa-fe\/#breadcrumb","itemListElement":[{"@type":"ListItem","position":1,"name":"Portada","item":"https:\/\/municipales.org.ar\/festram\/"},{"@type":"ListItem","position":2,"name":"Se present\u00f3 el libro \u00abSin Nombre\u00bb realizado en la Unidad Penal N\u00b0 4 de Santa Fe"}]},{"@type":"WebSite","@id":"https:\/\/municipales.org.ar\/festram\/#website","url":"https:\/\/municipales.org.ar\/festram\/","name":"FESTRAM","description":"La web de los trabajadores municipales","publisher":{"@id":"https:\/\/municipales.org.ar\/festram\/#organization"},"potentialAction":[{"@type":"SearchAction","target":{"@type":"EntryPoint","urlTemplate":"https:\/\/municipales.org.ar\/festram\/?s={search_term_string}"},"query-input":{"@type":"PropertyValueSpecification","valueRequired":true,"valueName":"search_term_string"}}],"inLanguage":"es"},{"@type":"Organization","@id":"https:\/\/municipales.org.ar\/festram\/#organization","name":"Federaci\u00f3n de Sindicatos de Trabajadores Municipales de la Provincia de Santa Fe","url":"https:\/\/municipales.org.ar\/festram\/","logo":{"@type":"ImageObject","inLanguage":"es","@id":"https:\/\/municipales.org.ar\/festram\/#\/schema\/logo\/image\/","url":"https:\/\/www.municipales.org.ar\/festram\/wp-content\/uploads\/2014\/07\/logo_fes.jpg","contentUrl":"https:\/\/www.municipales.org.ar\/festram\/wp-content\/uploads\/2014\/07\/logo_fes.jpg","width":661,"height":673,"caption":"Federaci\u00f3n de Sindicatos de Trabajadores Municipales de la Provincia de Santa Fe"},"image":{"@id":"https:\/\/municipales.org.ar\/festram\/#\/schema\/logo\/image\/"},"sameAs":["https:\/\/www.facebook.com\/MunicipalesSF","https:\/\/x.com\/MunicipalesSF","https:\/\/www.youtube.com\/user\/festram"]},{"@type":"Person","@id":"https:\/\/municipales.org.ar\/festram\/#\/schema\/person\/49096a774c48ce9063df4d59ec059f9e","name":"mun_admin"}]}},"jetpack_publicize_connections":[],"jetpack_featured_media_url":"https:\/\/municipales.org.ar\/festram\/wp-content\/uploads\/2018\/05\/IMG_3381.jpg","jetpack_sharing_enabled":true,"jetpack_likes_enabled":false,"jetpack_shortlink":"https:\/\/wp.me\/p7l4x1-3px","_links":{"self":[{"href":"https:\/\/municipales.org.ar\/festram\/wp-json\/wp\/v2\/posts\/13115","targetHints":{"allow":["GET"]}}],"collection":[{"href":"https:\/\/municipales.org.ar\/festram\/wp-json\/wp\/v2\/posts"}],"about":[{"href":"https:\/\/municipales.org.ar\/festram\/wp-json\/wp\/v2\/types\/post"}],"author":[{"embeddable":true,"href":"https:\/\/municipales.org.ar\/festram\/wp-json\/wp\/v2\/users\/1"}],"replies":[{"embeddable":true,"href":"https:\/\/municipales.org.ar\/festram\/wp-json\/wp\/v2\/comments?post=13115"}],"version-history":[{"count":1,"href":"https:\/\/municipales.org.ar\/festram\/wp-json\/wp\/v2\/posts\/13115\/revisions"}],"predecessor-version":[{"id":13124,"href":"https:\/\/municipales.org.ar\/festram\/wp-json\/wp\/v2\/posts\/13115\/revisions\/13124"}],"wp:featuredmedia":[{"embeddable":true,"href":"https:\/\/municipales.org.ar\/festram\/wp-json\/wp\/v2\/media\/13116"}],"wp:attachment":[{"href":"https:\/\/municipales.org.ar\/festram\/wp-json\/wp\/v2\/media?parent=13115"}],"wp:term":[{"taxonomy":"category","embeddable":true,"href":"https:\/\/municipales.org.ar\/festram\/wp-json\/wp\/v2\/categories?post=13115"},{"taxonomy":"post_tag","embeddable":true,"href":"https:\/\/municipales.org.ar\/festram\/wp-json\/wp\/v2\/tags?post=13115"}],"curies":[{"name":"wp","href":"https:\/\/api.w.org\/{rel}","templated":true}]}}