{"id":13205,"date":"2018-06-13T18:20:24","date_gmt":"2018-06-13T21:20:24","guid":{"rendered":"https:\/\/www.municipales.org.ar\/festram\/?p=13205"},"modified":"2018-06-13T18:20:24","modified_gmt":"2018-06-13T21:20:24","slug":"san-carlos-centro-la-justicia-ordeno-reincorporar-a-una-trabajadora-victima-de-violencia-laboral-institucional-y-de-genero","status":"publish","type":"post","link":"https:\/\/municipales.org.ar\/festram\/san-carlos-centro-la-justicia-ordeno-reincorporar-a-una-trabajadora-victima-de-violencia-laboral-institucional-y-de-genero\/","title":{"rendered":"San Carlos Centro: La Justicia orden\u00f3 reincorporar a una trabajadora v\u00edctima de violencia laboral, institucional y de g\u00e9nero."},"content":{"rendered":"<h4>El d\u00eda 12 de junio pasado se efectiviz\u00f3 la Resoluci\u00f3n de la C\u00e1mara en lo Contencioso Administrativo de la ciudad de Santa Fe por la que hizo lugar a una medida cautelar contra un despido dispuesto por el Intendente Municipal Jorge Placenzotti, siendo esta la segunda decisi\u00f3n de la C\u00e1mara en favor de la trabajadora.<\/h4>\n<p><a href=\"https:\/\/www.municipales.org.ar\/festram\/la-municipalidad-san-carlos-despidieron-la-trabajadora-victima-violencia\/\">Como fuera denunciado oportunamente por FESTRAM<\/a>, el presente caso se enmarca en un episodio de violencia laboral, institucional y de g\u00e9nero contra la trabajadora, practicado por las autoridades del Ejecutivo Municipal de dicha localidad.<\/p>\n<p>FESTRAM contin\u00faa con el seguimiento de este caso, atento a que persisten pr\u00e1cticas de hostigamiento hacia la trabajadora, quien al reincorporarse vio modificadas sus condiciones laborales, impidi\u00e9ndosele la atenci\u00f3n al p\u00fablico, y modific\u00e1ndosele su horario de trabajo sin causa alguna.<\/p>\n<p>En el mismo sentido se colocaron c\u00e1maras de vigilancia en el lugar d\u00edas antes de su reincorporaci\u00f3n, debe registrar su ingreso en una ficha adicional y de manera diferente a todos los trabajadores del municipio, incluso el lugar que se le asign\u00f3 no ten\u00eda luz el\u00e9ctrica al momento de retomar sus labores.<\/p>\n<p>Todo ello muestra a las claras que persisten las acciones de violencia por parte de la administraci\u00f3n Placenzotti contra la trabajadora. Por tanto FESTRAM adoptar\u00e1 todas las acciones pertinentes para que este tipo de pr\u00e1cticas se terminen, trasladando todos estos antecedentes a la Justicia.<\/p>\n<h6>Prensa FESTRAM<\/h6>\n","protected":false},"excerpt":{"rendered":"<p>El d\u00eda 12 de junio pasado se efectiviz\u00f3 la Resoluci\u00f3n de la C\u00e1mara en lo Contencioso Administrativo de la ciudad de Santa Fe por la que hizo lugar a una medida cautelar contra un despido dispuesto por el Intendente Municipal Jorge Placenzotti, siendo esta la segunda decisi\u00f3n de la C\u00e1mara en favor de la trabajadora. [&hellip;]<\/p>\n","protected":false},"author":1,"featured_media":13206,"comment_status":"closed","ping_status":"closed","sticky":false,"template":"","format":"standard","meta":{"_jetpack_memberships_contains_paid_content":false,"footnotes":"","jetpack_publicize_message":"","jetpack_publicize_feature_enabled":true,"jetpack_social_post_already_shared":true,"jetpack_social_options":{"image_generator_settings":{"template":"highway","default_image_id":0,"font":"","enabled":false},"version":2}},"categories":[50],"tags":[87,138],"class_list":["post-13205","post","type-post","status-publish","format-standard","has-post-thumbnail","hentry","category-genero","tag-genero-2","tag-san-carlos-centro"],"yoast_head":"<!-- This site is optimized with the Yoast SEO plugin v25.9 - https:\/\/yoast.com\/wordpress\/plugins\/seo\/ -->\n<title>San Carlos Centro: La Justicia orden\u00f3 reincorporar a una trabajadora v\u00edctima de violencia laboral, institucional y de g\u00e9nero. &#8211; FESTRAM<\/title>\n<meta name=\"description\" content=\"El d\u00eda 12 de junio pasado se efectiviz\u00f3 la Resoluci\u00f3n de la C\u00e1mara en lo Contencioso Administrativo de la ciudad de Santa Fe por la que hizo lugar a una\" \/>\n<meta name=\"robots\" content=\"index, follow, max-snippet:-1, max-image-preview:large, max-video-preview:-1\" \/>\n<link rel=\"canonical\" href=\"https:\/\/municipales.org.ar\/festram\/san-carlos-centro-la-justicia-ordeno-reincorporar-a-una-trabajadora-victima-de-violencia-laboral-institucional-y-de-genero\/\" \/>\n<meta property=\"og:locale\" content=\"es_ES\" \/>\n<meta property=\"og:type\" content=\"article\" \/>\n<meta property=\"og:title\" content=\"San Carlos Centro: La Justicia orden\u00f3 reincorporar a una trabajadora v\u00edctima de violencia laboral, institucional y de g\u00e9nero. &#8211; FESTRAM\" \/>\n<meta property=\"og:description\" content=\"El d\u00eda 12 de junio pasado se efectiviz\u00f3 la Resoluci\u00f3n de la C\u00e1mara en lo Contencioso Administrativo de la ciudad de Santa Fe por la que hizo lugar a una\" \/>\n<meta property=\"og:url\" content=\"https:\/\/municipales.org.ar\/festram\/san-carlos-centro-la-justicia-ordeno-reincorporar-a-una-trabajadora-victima-de-violencia-laboral-institucional-y-de-genero\/\" \/>\n<meta property=\"og:site_name\" content=\"FESTRAM\" \/>\n<meta property=\"article:publisher\" content=\"https:\/\/www.facebook.com\/MunicipalesSF\" \/>\n<meta property=\"article:published_time\" content=\"2018-06-13T21:20:24+00:00\" \/>\n<meta property=\"og:image\" content=\"https:\/\/municipales.org.ar\/festram\/wp-content\/uploads\/2018\/06\/WhatsApp-Image-2018-06-13-at-18.05.19.jpeg\" \/>\n\t<meta property=\"og:image:width\" content=\"1032\" \/>\n\t<meta property=\"og:image:height\" content=\"774\" \/>\n\t<meta property=\"og:image:type\" content=\"image\/jpeg\" \/>\n<meta name=\"author\" content=\"mun_admin\" \/>\n<meta name=\"twitter:card\" content=\"summary_large_image\" \/>\n<meta name=\"twitter:creator\" content=\"@MunicipalesSF\" \/>\n<meta name=\"twitter:site\" content=\"@MunicipalesSF\" \/>\n<meta name=\"twitter:label1\" content=\"Escrito por\" \/>\n\t<meta name=\"twitter:data1\" content=\"mun_admin\" \/>\n\t<meta name=\"twitter:label2\" content=\"Tiempo de lectura\" \/>\n\t<meta name=\"twitter:data2\" content=\"1 minuto\" \/>\n<script type=\"application\/ld+json\" class=\"yoast-schema-graph\">{\"@context\":\"https:\/\/schema.org\",\"@graph\":[{\"@type\":\"Article\",\"@id\":\"https:\/\/municipales.org.ar\/festram\/san-carlos-centro-la-justicia-ordeno-reincorporar-a-una-trabajadora-victima-de-violencia-laboral-institucional-y-de-genero\/#article\",\"isPartOf\":{\"@id\":\"https:\/\/municipales.org.ar\/festram\/san-carlos-centro-la-justicia-ordeno-reincorporar-a-una-trabajadora-victima-de-violencia-laboral-institucional-y-de-genero\/\"},\"author\":{\"name\":\"mun_admin\",\"@id\":\"https:\/\/municipales.org.ar\/festram\/#\/schema\/person\/49096a774c48ce9063df4d59ec059f9e\"},\"headline\":\"San Carlos Centro: La Justicia orden\u00f3 reincorporar a una trabajadora v\u00edctima de violencia laboral, institucional y de g\u00e9nero.\",\"datePublished\":\"2018-06-13T21:20:24+00:00\",\"mainEntityOfPage\":{\"@id\":\"https:\/\/municipales.org.ar\/festram\/san-carlos-centro-la-justicia-ordeno-reincorporar-a-una-trabajadora-victima-de-violencia-laboral-institucional-y-de-genero\/\"},\"wordCount\":265,\"publisher\":{\"@id\":\"https:\/\/municipales.org.ar\/festram\/#organization\"},\"image\":{\"@id\":\"https:\/\/municipales.org.ar\/festram\/san-carlos-centro-la-justicia-ordeno-reincorporar-a-una-trabajadora-victima-de-violencia-laboral-institucional-y-de-genero\/#primaryimage\"},\"thumbnailUrl\":\"https:\/\/municipales.org.ar\/festram\/wp-content\/uploads\/2018\/06\/WhatsApp-Image-2018-06-13-at-18.05.19.jpeg\",\"keywords\":[\"g\u00e9nero\",\"san carlos centro\"],\"articleSection\":[\"G\u00e9nero\"],\"inLanguage\":\"es\"},{\"@type\":\"WebPage\",\"@id\":\"https:\/\/municipales.org.ar\/festram\/san-carlos-centro-la-justicia-ordeno-reincorporar-a-una-trabajadora-victima-de-violencia-laboral-institucional-y-de-genero\/\",\"url\":\"https:\/\/municipales.org.ar\/festram\/san-carlos-centro-la-justicia-ordeno-reincorporar-a-una-trabajadora-victima-de-violencia-laboral-institucional-y-de-genero\/\",\"name\":\"San Carlos Centro: La Justicia orden\u00f3 reincorporar a una trabajadora v\u00edctima de violencia laboral, institucional y de g\u00e9nero. &#8211; FESTRAM\",\"isPartOf\":{\"@id\":\"https:\/\/municipales.org.ar\/festram\/#website\"},\"primaryImageOfPage\":{\"@id\":\"https:\/\/municipales.org.ar\/festram\/san-carlos-centro-la-justicia-ordeno-reincorporar-a-una-trabajadora-victima-de-violencia-laboral-institucional-y-de-genero\/#primaryimage\"},\"image\":{\"@id\":\"https:\/\/municipales.org.ar\/festram\/san-carlos-centro-la-justicia-ordeno-reincorporar-a-una-trabajadora-victima-de-violencia-laboral-institucional-y-de-genero\/#primaryimage\"},\"thumbnailUrl\":\"https:\/\/municipales.org.ar\/festram\/wp-content\/uploads\/2018\/06\/WhatsApp-Image-2018-06-13-at-18.05.19.jpeg\",\"datePublished\":\"2018-06-13T21:20:24+00:00\",\"description\":\"El d\u00eda 12 de junio pasado se efectiviz\u00f3 la Resoluci\u00f3n de la C\u00e1mara en lo Contencioso Administrativo de la ciudad de Santa Fe por la que hizo lugar a una\",\"breadcrumb\":{\"@id\":\"https:\/\/municipales.org.ar\/festram\/san-carlos-centro-la-justicia-ordeno-reincorporar-a-una-trabajadora-victima-de-violencia-laboral-institucional-y-de-genero\/#breadcrumb\"},\"inLanguage\":\"es\",\"potentialAction\":[{\"@type\":\"ReadAction\",\"target\":[\"https:\/\/municipales.org.ar\/festram\/san-carlos-centro-la-justicia-ordeno-reincorporar-a-una-trabajadora-victima-de-violencia-laboral-institucional-y-de-genero\/\"]}]},{\"@type\":\"ImageObject\",\"inLanguage\":\"es\",\"@id\":\"https:\/\/municipales.org.ar\/festram\/san-carlos-centro-la-justicia-ordeno-reincorporar-a-una-trabajadora-victima-de-violencia-laboral-institucional-y-de-genero\/#primaryimage\",\"url\":\"https:\/\/municipales.org.ar\/festram\/wp-content\/uploads\/2018\/06\/WhatsApp-Image-2018-06-13-at-18.05.19.jpeg\",\"contentUrl\":\"https:\/\/municipales.org.ar\/festram\/wp-content\/uploads\/2018\/06\/WhatsApp-Image-2018-06-13-at-18.05.19.jpeg\",\"width\":1032,\"height\":774},{\"@type\":\"BreadcrumbList\",\"@id\":\"https:\/\/municipales.org.ar\/festram\/san-carlos-centro-la-justicia-ordeno-reincorporar-a-una-trabajadora-victima-de-violencia-laboral-institucional-y-de-genero\/#breadcrumb\",\"itemListElement\":[{\"@type\":\"ListItem\",\"position\":1,\"name\":\"Portada\",\"item\":\"https:\/\/municipales.org.ar\/festram\/\"},{\"@type\":\"ListItem\",\"position\":2,\"name\":\"San Carlos Centro: La Justicia orden\u00f3 reincorporar a una trabajadora v\u00edctima de violencia laboral, institucional y de g\u00e9nero.\"}]},{\"@type\":\"WebSite\",\"@id\":\"https:\/\/municipales.org.ar\/festram\/#website\",\"url\":\"https:\/\/municipales.org.ar\/festram\/\",\"name\":\"FESTRAM\",\"description\":\"La web de los trabajadores municipales\",\"publisher\":{\"@id\":\"https:\/\/municipales.org.ar\/festram\/#organization\"},\"potentialAction\":[{\"@type\":\"SearchAction\",\"target\":{\"@type\":\"EntryPoint\",\"urlTemplate\":\"https:\/\/municipales.org.ar\/festram\/?s={search_term_string}\"},\"query-input\":{\"@type\":\"PropertyValueSpecification\",\"valueRequired\":true,\"valueName\":\"search_term_string\"}}],\"inLanguage\":\"es\"},{\"@type\":\"Organization\",\"@id\":\"https:\/\/municipales.org.ar\/festram\/#organization\",\"name\":\"Federaci\u00f3n de Sindicatos de Trabajadores Municipales de la Provincia de Santa Fe\",\"url\":\"https:\/\/municipales.org.ar\/festram\/\",\"logo\":{\"@type\":\"ImageObject\",\"inLanguage\":\"es\",\"@id\":\"https:\/\/municipales.org.ar\/festram\/#\/schema\/logo\/image\/\",\"url\":\"https:\/\/www.municipales.org.ar\/festram\/wp-content\/uploads\/2014\/07\/logo_fes.jpg\",\"contentUrl\":\"https:\/\/www.municipales.org.ar\/festram\/wp-content\/uploads\/2014\/07\/logo_fes.jpg\",\"width\":661,\"height\":673,\"caption\":\"Federaci\u00f3n de Sindicatos de Trabajadores Municipales de la Provincia de Santa Fe\"},\"image\":{\"@id\":\"https:\/\/municipales.org.ar\/festram\/#\/schema\/logo\/image\/\"},\"sameAs\":[\"https:\/\/www.facebook.com\/MunicipalesSF\",\"https:\/\/x.com\/MunicipalesSF\",\"https:\/\/www.youtube.com\/user\/festram\"]},{\"@type\":\"Person\",\"@id\":\"https:\/\/municipales.org.ar\/festram\/#\/schema\/person\/49096a774c48ce9063df4d59ec059f9e\",\"name\":\"mun_admin\"}]}<\/script>\n<!-- \/ Yoast SEO plugin. -->","yoast_head_json":{"title":"San Carlos Centro: La Justicia orden\u00f3 reincorporar a una trabajadora v\u00edctima de violencia laboral, institucional y de g\u00e9nero. &#8211; FESTRAM","description":"El d\u00eda 12 de junio pasado se efectiviz\u00f3 la Resoluci\u00f3n de la C\u00e1mara en lo Contencioso Administrativo de la ciudad de Santa Fe por la que hizo lugar a una","robots":{"index":"index","follow":"follow","max-snippet":"max-snippet:-1","max-image-preview":"max-image-preview:large","max-video-preview":"max-video-preview:-1"},"canonical":"https:\/\/municipales.org.ar\/festram\/san-carlos-centro-la-justicia-ordeno-reincorporar-a-una-trabajadora-victima-de-violencia-laboral-institucional-y-de-genero\/","og_locale":"es_ES","og_type":"article","og_title":"San Carlos Centro: La Justicia orden\u00f3 reincorporar a una trabajadora v\u00edctima de violencia laboral, institucional y de g\u00e9nero. &#8211; FESTRAM","og_description":"El d\u00eda 12 de junio pasado se efectiviz\u00f3 la Resoluci\u00f3n de la C\u00e1mara en lo Contencioso Administrativo de la ciudad de Santa Fe por la que hizo lugar a una","og_url":"https:\/\/municipales.org.ar\/festram\/san-carlos-centro-la-justicia-ordeno-reincorporar-a-una-trabajadora-victima-de-violencia-laboral-institucional-y-de-genero\/","og_site_name":"FESTRAM","article_publisher":"https:\/\/www.facebook.com\/MunicipalesSF","article_published_time":"2018-06-13T21:20:24+00:00","og_image":[{"width":1032,"height":774,"url":"https:\/\/municipales.org.ar\/festram\/wp-content\/uploads\/2018\/06\/WhatsApp-Image-2018-06-13-at-18.05.19.jpeg","type":"image\/jpeg"}],"author":"mun_admin","twitter_card":"summary_large_image","twitter_creator":"@MunicipalesSF","twitter_site":"@MunicipalesSF","twitter_misc":{"Escrito por":"mun_admin","Tiempo de lectura":"1 minuto"},"schema":{"@context":"https:\/\/schema.org","@graph":[{"@type":"Article","@id":"https:\/\/municipales.org.ar\/festram\/san-carlos-centro-la-justicia-ordeno-reincorporar-a-una-trabajadora-victima-de-violencia-laboral-institucional-y-de-genero\/#article","isPartOf":{"@id":"https:\/\/municipales.org.ar\/festram\/san-carlos-centro-la-justicia-ordeno-reincorporar-a-una-trabajadora-victima-de-violencia-laboral-institucional-y-de-genero\/"},"author":{"name":"mun_admin","@id":"https:\/\/municipales.org.ar\/festram\/#\/schema\/person\/49096a774c48ce9063df4d59ec059f9e"},"headline":"San Carlos Centro: La Justicia orden\u00f3 reincorporar a una trabajadora v\u00edctima de violencia laboral, institucional y de g\u00e9nero.","datePublished":"2018-06-13T21:20:24+00:00","mainEntityOfPage":{"@id":"https:\/\/municipales.org.ar\/festram\/san-carlos-centro-la-justicia-ordeno-reincorporar-a-una-trabajadora-victima-de-violencia-laboral-institucional-y-de-genero\/"},"wordCount":265,"publisher":{"@id":"https:\/\/municipales.org.ar\/festram\/#organization"},"image":{"@id":"https:\/\/municipales.org.ar\/festram\/san-carlos-centro-la-justicia-ordeno-reincorporar-a-una-trabajadora-victima-de-violencia-laboral-institucional-y-de-genero\/#primaryimage"},"thumbnailUrl":"https:\/\/municipales.org.ar\/festram\/wp-content\/uploads\/2018\/06\/WhatsApp-Image-2018-06-13-at-18.05.19.jpeg","keywords":["g\u00e9nero","san carlos centro"],"articleSection":["G\u00e9nero"],"inLanguage":"es"},{"@type":"WebPage","@id":"https:\/\/municipales.org.ar\/festram\/san-carlos-centro-la-justicia-ordeno-reincorporar-a-una-trabajadora-victima-de-violencia-laboral-institucional-y-de-genero\/","url":"https:\/\/municipales.org.ar\/festram\/san-carlos-centro-la-justicia-ordeno-reincorporar-a-una-trabajadora-victima-de-violencia-laboral-institucional-y-de-genero\/","name":"San Carlos Centro: La Justicia orden\u00f3 reincorporar a una trabajadora v\u00edctima de violencia laboral, institucional y de g\u00e9nero. &#8211; FESTRAM","isPartOf":{"@id":"https:\/\/municipales.org.ar\/festram\/#website"},"primaryImageOfPage":{"@id":"https:\/\/municipales.org.ar\/festram\/san-carlos-centro-la-justicia-ordeno-reincorporar-a-una-trabajadora-victima-de-violencia-laboral-institucional-y-de-genero\/#primaryimage"},"image":{"@id":"https:\/\/municipales.org.ar\/festram\/san-carlos-centro-la-justicia-ordeno-reincorporar-a-una-trabajadora-victima-de-violencia-laboral-institucional-y-de-genero\/#primaryimage"},"thumbnailUrl":"https:\/\/municipales.org.ar\/festram\/wp-content\/uploads\/2018\/06\/WhatsApp-Image-2018-06-13-at-18.05.19.jpeg","datePublished":"2018-06-13T21:20:24+00:00","description":"El d\u00eda 12 de junio pasado se efectiviz\u00f3 la Resoluci\u00f3n de la C\u00e1mara en lo Contencioso Administrativo de la ciudad de Santa Fe por la que hizo lugar a una","breadcrumb":{"@id":"https:\/\/municipales.org.ar\/festram\/san-carlos-centro-la-justicia-ordeno-reincorporar-a-una-trabajadora-victima-de-violencia-laboral-institucional-y-de-genero\/#breadcrumb"},"inLanguage":"es","potentialAction":[{"@type":"ReadAction","target":["https:\/\/municipales.org.ar\/festram\/san-carlos-centro-la-justicia-ordeno-reincorporar-a-una-trabajadora-victima-de-violencia-laboral-institucional-y-de-genero\/"]}]},{"@type":"ImageObject","inLanguage":"es","@id":"https:\/\/municipales.org.ar\/festram\/san-carlos-centro-la-justicia-ordeno-reincorporar-a-una-trabajadora-victima-de-violencia-laboral-institucional-y-de-genero\/#primaryimage","url":"https:\/\/municipales.org.ar\/festram\/wp-content\/uploads\/2018\/06\/WhatsApp-Image-2018-06-13-at-18.05.19.jpeg","contentUrl":"https:\/\/municipales.org.ar\/festram\/wp-content\/uploads\/2018\/06\/WhatsApp-Image-2018-06-13-at-18.05.19.jpeg","width":1032,"height":774},{"@type":"BreadcrumbList","@id":"https:\/\/municipales.org.ar\/festram\/san-carlos-centro-la-justicia-ordeno-reincorporar-a-una-trabajadora-victima-de-violencia-laboral-institucional-y-de-genero\/#breadcrumb","itemListElement":[{"@type":"ListItem","position":1,"name":"Portada","item":"https:\/\/municipales.org.ar\/festram\/"},{"@type":"ListItem","position":2,"name":"San Carlos Centro: La Justicia orden\u00f3 reincorporar a una trabajadora v\u00edctima de violencia laboral, institucional y de g\u00e9nero."}]},{"@type":"WebSite","@id":"https:\/\/municipales.org.ar\/festram\/#website","url":"https:\/\/municipales.org.ar\/festram\/","name":"FESTRAM","description":"La web de los trabajadores municipales","publisher":{"@id":"https:\/\/municipales.org.ar\/festram\/#organization"},"potentialAction":[{"@type":"SearchAction","target":{"@type":"EntryPoint","urlTemplate":"https:\/\/municipales.org.ar\/festram\/?s={search_term_string}"},"query-input":{"@type":"PropertyValueSpecification","valueRequired":true,"valueName":"search_term_string"}}],"inLanguage":"es"},{"@type":"Organization","@id":"https:\/\/municipales.org.ar\/festram\/#organization","name":"Federaci\u00f3n de Sindicatos de Trabajadores Municipales de la Provincia de Santa Fe","url":"https:\/\/municipales.org.ar\/festram\/","logo":{"@type":"ImageObject","inLanguage":"es","@id":"https:\/\/municipales.org.ar\/festram\/#\/schema\/logo\/image\/","url":"https:\/\/www.municipales.org.ar\/festram\/wp-content\/uploads\/2014\/07\/logo_fes.jpg","contentUrl":"https:\/\/www.municipales.org.ar\/festram\/wp-content\/uploads\/2014\/07\/logo_fes.jpg","width":661,"height":673,"caption":"Federaci\u00f3n de Sindicatos de Trabajadores Municipales de la Provincia de Santa Fe"},"image":{"@id":"https:\/\/municipales.org.ar\/festram\/#\/schema\/logo\/image\/"},"sameAs":["https:\/\/www.facebook.com\/MunicipalesSF","https:\/\/x.com\/MunicipalesSF","https:\/\/www.youtube.com\/user\/festram"]},{"@type":"Person","@id":"https:\/\/municipales.org.ar\/festram\/#\/schema\/person\/49096a774c48ce9063df4d59ec059f9e","name":"mun_admin"}]}},"jetpack_publicize_connections":[],"jetpack_featured_media_url":"https:\/\/municipales.org.ar\/festram\/wp-content\/uploads\/2018\/06\/WhatsApp-Image-2018-06-13-at-18.05.19.jpeg","jetpack_sharing_enabled":true,"jetpack_likes_enabled":false,"jetpack_shortlink":"https:\/\/wp.me\/p7l4x1-3qZ","_links":{"self":[{"href":"https:\/\/municipales.org.ar\/festram\/wp-json\/wp\/v2\/posts\/13205","targetHints":{"allow":["GET"]}}],"collection":[{"href":"https:\/\/municipales.org.ar\/festram\/wp-json\/wp\/v2\/posts"}],"about":[{"href":"https:\/\/municipales.org.ar\/festram\/wp-json\/wp\/v2\/types\/post"}],"author":[{"embeddable":true,"href":"https:\/\/municipales.org.ar\/festram\/wp-json\/wp\/v2\/users\/1"}],"replies":[{"embeddable":true,"href":"https:\/\/municipales.org.ar\/festram\/wp-json\/wp\/v2\/comments?post=13205"}],"version-history":[{"count":1,"href":"https:\/\/municipales.org.ar\/festram\/wp-json\/wp\/v2\/posts\/13205\/revisions"}],"predecessor-version":[{"id":13207,"href":"https:\/\/municipales.org.ar\/festram\/wp-json\/wp\/v2\/posts\/13205\/revisions\/13207"}],"wp:featuredmedia":[{"embeddable":true,"href":"https:\/\/municipales.org.ar\/festram\/wp-json\/wp\/v2\/media\/13206"}],"wp:attachment":[{"href":"https:\/\/municipales.org.ar\/festram\/wp-json\/wp\/v2\/media?parent=13205"}],"wp:term":[{"taxonomy":"category","embeddable":true,"href":"https:\/\/municipales.org.ar\/festram\/wp-json\/wp\/v2\/categories?post=13205"},{"taxonomy":"post_tag","embeddable":true,"href":"https:\/\/municipales.org.ar\/festram\/wp-json\/wp\/v2\/tags?post=13205"}],"curies":[{"name":"wp","href":"https:\/\/api.w.org\/{rel}","templated":true}]}}