{"id":13211,"date":"2018-06-15T15:01:55","date_gmt":"2018-06-15T18:01:55","guid":{"rendered":"https:\/\/www.municipales.org.ar\/festram\/?p=13211"},"modified":"2018-06-15T15:01:55","modified_gmt":"2018-06-15T18:01:55","slug":"la-licencia-por-violencia-de-genero-obtuvo-media-sancion","status":"publish","type":"post","link":"https:\/\/municipales.org.ar\/festram\/la-licencia-por-violencia-de-genero-obtuvo-media-sancion\/","title":{"rendered":"La licencia por violencia de g\u00e9nero obtuvo media sanci\u00f3n."},"content":{"rendered":"<h3>Diputados dio media sanci\u00f3n para incluir a las trabajadoras municipales.<\/h3>\n<p>El pasado jueves 14 de Junio la C\u00e1mara de Diputados de la Provincia de Santa Fe dio media sanci\u00f3n al <a href=\"https:\/\/www.municipales.org.ar\/festram\/charla-sobre-incorporacion-de-las-trabajadoras-municipales-y-comunales-a-la-ley-de-licencia-por-violencia-de-genero\/\">Proyecto presentado<\/a> por las\/os Diputadas\/os Patricia Chialvo, Silvia Simoncini, Roberto Mirabella y Germ\u00e1n Bacarella, que prev\u00e9 el goce de la licencia por violencia de g\u00e9nero para las trabajadoras de Municipios y Comunas modificando el art\u00edculo 3\u00b0 de la Ley Provincial 13696.<\/p>\n<p>En su parte resolutiva establece: \u201c\u2026Cr\u00e9ase como causal de licencia laboral la \u00abViolencia de G\u00e9nero\u00bb para las trabajadoras del Estado Provincial en sus tres (3) Poderes, Organismos Aut\u00e1rquicos, Descentralizados y Empresas del Estado y para las trabajadoras pertenecientes al personal de Municipios y Comunas de la Provincia\u2026\u201d<\/p>\n<p>Esta iniciativa plantea en sus fundamentos que \u201c&#8230;la violencia de g\u00e9nero no s\u00f3lo es una preocupaci\u00f3n generalizada sino que constituye un problema real. Entendemos que las mujeres aquejadas por esta problem\u00e1tica precisan que el Estado Provincial desarrolle y provea mecanismos y herramientas que las empoderen y garanticen su seguridad y la de sus familias\u2026\u201d.<\/p>\n<p>FESTRAM considera que esta importante iniciativa debe ser tratada a la mayor brevedad posible por la C\u00e1mara de Senadores para as\u00ed seguir avanzando en la consolidaci\u00f3n de derechos para todas las compa\u00f1eras en un marco nacional de movilizaci\u00f3n y lucha.<\/p>\n<h6>Prensa FESTRAM<\/h6>\n","protected":false},"excerpt":{"rendered":"<p>Diputados dio media sanci\u00f3n para incluir a las trabajadoras municipales. El pasado jueves 14 de Junio la C\u00e1mara de Diputados de la Provincia de Santa Fe dio media sanci\u00f3n al Proyecto presentado por las\/os Diputadas\/os Patricia Chialvo, Silvia Simoncini, Roberto Mirabella y Germ\u00e1n Bacarella, que prev\u00e9 el goce de la licencia por violencia de g\u00e9nero [&hellip;]<\/p>\n","protected":false},"author":1,"featured_media":13212,"comment_status":"closed","ping_status":"closed","sticky":false,"template":"","format":"standard","meta":{"_jetpack_memberships_contains_paid_content":false,"footnotes":"","jetpack_publicize_message":"","jetpack_publicize_feature_enabled":true,"jetpack_social_post_already_shared":true,"jetpack_social_options":{"image_generator_settings":{"template":"highway","default_image_id":0,"font":"","enabled":false},"version":2}},"categories":[50],"tags":[87,109,111],"class_list":["post-13211","post","type-post","status-publish","format-standard","has-post-thumbnail","hentry","category-genero","tag-genero-2","tag-la-provincia","tag-legislacion"],"yoast_head":"<!-- This site is optimized with the Yoast SEO plugin v25.9 - https:\/\/yoast.com\/wordpress\/plugins\/seo\/ -->\n<title>La licencia por violencia de g\u00e9nero obtuvo media sanci\u00f3n. &#8211; FESTRAM<\/title>\n<meta name=\"description\" content=\"Diputados dio media sanci\u00f3n para incluir a las trabajadoras municipales. El pasado jueves 14 de Junio la C\u00e1mara de Diputados de la Provincia de Santa Fe\" \/>\n<meta name=\"robots\" content=\"index, follow, max-snippet:-1, max-image-preview:large, max-video-preview:-1\" \/>\n<link rel=\"canonical\" href=\"https:\/\/municipales.org.ar\/festram\/la-licencia-por-violencia-de-genero-obtuvo-media-sancion\/\" \/>\n<meta property=\"og:locale\" content=\"es_ES\" \/>\n<meta property=\"og:type\" content=\"article\" \/>\n<meta property=\"og:title\" content=\"La licencia por violencia de g\u00e9nero obtuvo media sanci\u00f3n. &#8211; FESTRAM\" \/>\n<meta property=\"og:description\" content=\"Diputados dio media sanci\u00f3n para incluir a las trabajadoras municipales. El pasado jueves 14 de Junio la C\u00e1mara de Diputados de la Provincia de Santa Fe\" \/>\n<meta property=\"og:url\" content=\"https:\/\/municipales.org.ar\/festram\/la-licencia-por-violencia-de-genero-obtuvo-media-sancion\/\" \/>\n<meta property=\"og:site_name\" content=\"FESTRAM\" \/>\n<meta property=\"article:publisher\" content=\"https:\/\/www.facebook.com\/MunicipalesSF\" \/>\n<meta property=\"article:published_time\" content=\"2018-06-15T18:01:55+00:00\" \/>\n<meta property=\"og:image\" content=\"https:\/\/municipales.org.ar\/festram\/wp-content\/uploads\/2018\/06\/photo_2018-06-15_14-54-22-e1529085657141.jpg\" \/>\n\t<meta property=\"og:image:width\" content=\"1270\" \/>\n\t<meta property=\"og:image:height\" content=\"793\" \/>\n\t<meta property=\"og:image:type\" content=\"image\/jpeg\" \/>\n<meta name=\"author\" content=\"mun_admin\" \/>\n<meta name=\"twitter:card\" content=\"summary_large_image\" \/>\n<meta name=\"twitter:creator\" content=\"@MunicipalesSF\" \/>\n<meta name=\"twitter:site\" content=\"@MunicipalesSF\" \/>\n<meta name=\"twitter:label1\" content=\"Escrito por\" \/>\n\t<meta name=\"twitter:data1\" content=\"mun_admin\" \/>\n\t<meta name=\"twitter:label2\" content=\"Tiempo de lectura\" \/>\n\t<meta name=\"twitter:data2\" content=\"1 minuto\" \/>\n<script type=\"application\/ld+json\" class=\"yoast-schema-graph\">{\"@context\":\"https:\/\/schema.org\",\"@graph\":[{\"@type\":\"Article\",\"@id\":\"https:\/\/municipales.org.ar\/festram\/la-licencia-por-violencia-de-genero-obtuvo-media-sancion\/#article\",\"isPartOf\":{\"@id\":\"https:\/\/municipales.org.ar\/festram\/la-licencia-por-violencia-de-genero-obtuvo-media-sancion\/\"},\"author\":{\"name\":\"mun_admin\",\"@id\":\"https:\/\/municipales.org.ar\/festram\/#\/schema\/person\/49096a774c48ce9063df4d59ec059f9e\"},\"headline\":\"La licencia por violencia de g\u00e9nero obtuvo media sanci\u00f3n.\",\"datePublished\":\"2018-06-15T18:01:55+00:00\",\"mainEntityOfPage\":{\"@id\":\"https:\/\/municipales.org.ar\/festram\/la-licencia-por-violencia-de-genero-obtuvo-media-sancion\/\"},\"wordCount\":240,\"publisher\":{\"@id\":\"https:\/\/municipales.org.ar\/festram\/#organization\"},\"image\":{\"@id\":\"https:\/\/municipales.org.ar\/festram\/la-licencia-por-violencia-de-genero-obtuvo-media-sancion\/#primaryimage\"},\"thumbnailUrl\":\"https:\/\/municipales.org.ar\/festram\/wp-content\/uploads\/2018\/06\/photo_2018-06-15_14-54-22-e1529085657141.jpg\",\"keywords\":[\"g\u00e9nero\",\"la provincia\",\"Legislaci\u00f3n\"],\"articleSection\":[\"G\u00e9nero\"],\"inLanguage\":\"es\"},{\"@type\":\"WebPage\",\"@id\":\"https:\/\/municipales.org.ar\/festram\/la-licencia-por-violencia-de-genero-obtuvo-media-sancion\/\",\"url\":\"https:\/\/municipales.org.ar\/festram\/la-licencia-por-violencia-de-genero-obtuvo-media-sancion\/\",\"name\":\"La licencia por violencia de g\u00e9nero obtuvo media sanci\u00f3n. &#8211; FESTRAM\",\"isPartOf\":{\"@id\":\"https:\/\/municipales.org.ar\/festram\/#website\"},\"primaryImageOfPage\":{\"@id\":\"https:\/\/municipales.org.ar\/festram\/la-licencia-por-violencia-de-genero-obtuvo-media-sancion\/#primaryimage\"},\"image\":{\"@id\":\"https:\/\/municipales.org.ar\/festram\/la-licencia-por-violencia-de-genero-obtuvo-media-sancion\/#primaryimage\"},\"thumbnailUrl\":\"https:\/\/municipales.org.ar\/festram\/wp-content\/uploads\/2018\/06\/photo_2018-06-15_14-54-22-e1529085657141.jpg\",\"datePublished\":\"2018-06-15T18:01:55+00:00\",\"description\":\"Diputados dio media sanci\u00f3n para incluir a las trabajadoras municipales. El pasado jueves 14 de Junio la C\u00e1mara de Diputados de la Provincia de Santa Fe\",\"breadcrumb\":{\"@id\":\"https:\/\/municipales.org.ar\/festram\/la-licencia-por-violencia-de-genero-obtuvo-media-sancion\/#breadcrumb\"},\"inLanguage\":\"es\",\"potentialAction\":[{\"@type\":\"ReadAction\",\"target\":[\"https:\/\/municipales.org.ar\/festram\/la-licencia-por-violencia-de-genero-obtuvo-media-sancion\/\"]}]},{\"@type\":\"ImageObject\",\"inLanguage\":\"es\",\"@id\":\"https:\/\/municipales.org.ar\/festram\/la-licencia-por-violencia-de-genero-obtuvo-media-sancion\/#primaryimage\",\"url\":\"https:\/\/municipales.org.ar\/festram\/wp-content\/uploads\/2018\/06\/photo_2018-06-15_14-54-22-e1529085657141.jpg\",\"contentUrl\":\"https:\/\/municipales.org.ar\/festram\/wp-content\/uploads\/2018\/06\/photo_2018-06-15_14-54-22-e1529085657141.jpg\",\"width\":1270,\"height\":793},{\"@type\":\"BreadcrumbList\",\"@id\":\"https:\/\/municipales.org.ar\/festram\/la-licencia-por-violencia-de-genero-obtuvo-media-sancion\/#breadcrumb\",\"itemListElement\":[{\"@type\":\"ListItem\",\"position\":1,\"name\":\"Portada\",\"item\":\"https:\/\/municipales.org.ar\/festram\/\"},{\"@type\":\"ListItem\",\"position\":2,\"name\":\"La licencia por violencia de g\u00e9nero obtuvo media sanci\u00f3n.\"}]},{\"@type\":\"WebSite\",\"@id\":\"https:\/\/municipales.org.ar\/festram\/#website\",\"url\":\"https:\/\/municipales.org.ar\/festram\/\",\"name\":\"FESTRAM\",\"description\":\"La web de los trabajadores municipales\",\"publisher\":{\"@id\":\"https:\/\/municipales.org.ar\/festram\/#organization\"},\"potentialAction\":[{\"@type\":\"SearchAction\",\"target\":{\"@type\":\"EntryPoint\",\"urlTemplate\":\"https:\/\/municipales.org.ar\/festram\/?s={search_term_string}\"},\"query-input\":{\"@type\":\"PropertyValueSpecification\",\"valueRequired\":true,\"valueName\":\"search_term_string\"}}],\"inLanguage\":\"es\"},{\"@type\":\"Organization\",\"@id\":\"https:\/\/municipales.org.ar\/festram\/#organization\",\"name\":\"Federaci\u00f3n de Sindicatos de Trabajadores Municipales de la Provincia de Santa Fe\",\"url\":\"https:\/\/municipales.org.ar\/festram\/\",\"logo\":{\"@type\":\"ImageObject\",\"inLanguage\":\"es\",\"@id\":\"https:\/\/municipales.org.ar\/festram\/#\/schema\/logo\/image\/\",\"url\":\"https:\/\/www.municipales.org.ar\/festram\/wp-content\/uploads\/2014\/07\/logo_fes.jpg\",\"contentUrl\":\"https:\/\/www.municipales.org.ar\/festram\/wp-content\/uploads\/2014\/07\/logo_fes.jpg\",\"width\":661,\"height\":673,\"caption\":\"Federaci\u00f3n de Sindicatos de Trabajadores Municipales de la Provincia de Santa Fe\"},\"image\":{\"@id\":\"https:\/\/municipales.org.ar\/festram\/#\/schema\/logo\/image\/\"},\"sameAs\":[\"https:\/\/www.facebook.com\/MunicipalesSF\",\"https:\/\/x.com\/MunicipalesSF\",\"https:\/\/www.youtube.com\/user\/festram\"]},{\"@type\":\"Person\",\"@id\":\"https:\/\/municipales.org.ar\/festram\/#\/schema\/person\/49096a774c48ce9063df4d59ec059f9e\",\"name\":\"mun_admin\"}]}<\/script>\n<!-- \/ Yoast SEO plugin. -->","yoast_head_json":{"title":"La licencia por violencia de g\u00e9nero obtuvo media sanci\u00f3n. &#8211; FESTRAM","description":"Diputados dio media sanci\u00f3n para incluir a las trabajadoras municipales. El pasado jueves 14 de Junio la C\u00e1mara de Diputados de la Provincia de Santa Fe","robots":{"index":"index","follow":"follow","max-snippet":"max-snippet:-1","max-image-preview":"max-image-preview:large","max-video-preview":"max-video-preview:-1"},"canonical":"https:\/\/municipales.org.ar\/festram\/la-licencia-por-violencia-de-genero-obtuvo-media-sancion\/","og_locale":"es_ES","og_type":"article","og_title":"La licencia por violencia de g\u00e9nero obtuvo media sanci\u00f3n. &#8211; FESTRAM","og_description":"Diputados dio media sanci\u00f3n para incluir a las trabajadoras municipales. El pasado jueves 14 de Junio la C\u00e1mara de Diputados de la Provincia de Santa Fe","og_url":"https:\/\/municipales.org.ar\/festram\/la-licencia-por-violencia-de-genero-obtuvo-media-sancion\/","og_site_name":"FESTRAM","article_publisher":"https:\/\/www.facebook.com\/MunicipalesSF","article_published_time":"2018-06-15T18:01:55+00:00","og_image":[{"width":1270,"height":793,"url":"https:\/\/municipales.org.ar\/festram\/wp-content\/uploads\/2018\/06\/photo_2018-06-15_14-54-22-e1529085657141.jpg","type":"image\/jpeg"}],"author":"mun_admin","twitter_card":"summary_large_image","twitter_creator":"@MunicipalesSF","twitter_site":"@MunicipalesSF","twitter_misc":{"Escrito por":"mun_admin","Tiempo de lectura":"1 minuto"},"schema":{"@context":"https:\/\/schema.org","@graph":[{"@type":"Article","@id":"https:\/\/municipales.org.ar\/festram\/la-licencia-por-violencia-de-genero-obtuvo-media-sancion\/#article","isPartOf":{"@id":"https:\/\/municipales.org.ar\/festram\/la-licencia-por-violencia-de-genero-obtuvo-media-sancion\/"},"author":{"name":"mun_admin","@id":"https:\/\/municipales.org.ar\/festram\/#\/schema\/person\/49096a774c48ce9063df4d59ec059f9e"},"headline":"La licencia por violencia de g\u00e9nero obtuvo media sanci\u00f3n.","datePublished":"2018-06-15T18:01:55+00:00","mainEntityOfPage":{"@id":"https:\/\/municipales.org.ar\/festram\/la-licencia-por-violencia-de-genero-obtuvo-media-sancion\/"},"wordCount":240,"publisher":{"@id":"https:\/\/municipales.org.ar\/festram\/#organization"},"image":{"@id":"https:\/\/municipales.org.ar\/festram\/la-licencia-por-violencia-de-genero-obtuvo-media-sancion\/#primaryimage"},"thumbnailUrl":"https:\/\/municipales.org.ar\/festram\/wp-content\/uploads\/2018\/06\/photo_2018-06-15_14-54-22-e1529085657141.jpg","keywords":["g\u00e9nero","la provincia","Legislaci\u00f3n"],"articleSection":["G\u00e9nero"],"inLanguage":"es"},{"@type":"WebPage","@id":"https:\/\/municipales.org.ar\/festram\/la-licencia-por-violencia-de-genero-obtuvo-media-sancion\/","url":"https:\/\/municipales.org.ar\/festram\/la-licencia-por-violencia-de-genero-obtuvo-media-sancion\/","name":"La licencia por violencia de g\u00e9nero obtuvo media sanci\u00f3n. &#8211; FESTRAM","isPartOf":{"@id":"https:\/\/municipales.org.ar\/festram\/#website"},"primaryImageOfPage":{"@id":"https:\/\/municipales.org.ar\/festram\/la-licencia-por-violencia-de-genero-obtuvo-media-sancion\/#primaryimage"},"image":{"@id":"https:\/\/municipales.org.ar\/festram\/la-licencia-por-violencia-de-genero-obtuvo-media-sancion\/#primaryimage"},"thumbnailUrl":"https:\/\/municipales.org.ar\/festram\/wp-content\/uploads\/2018\/06\/photo_2018-06-15_14-54-22-e1529085657141.jpg","datePublished":"2018-06-15T18:01:55+00:00","description":"Diputados dio media sanci\u00f3n para incluir a las trabajadoras municipales. El pasado jueves 14 de Junio la C\u00e1mara de Diputados de la Provincia de Santa Fe","breadcrumb":{"@id":"https:\/\/municipales.org.ar\/festram\/la-licencia-por-violencia-de-genero-obtuvo-media-sancion\/#breadcrumb"},"inLanguage":"es","potentialAction":[{"@type":"ReadAction","target":["https:\/\/municipales.org.ar\/festram\/la-licencia-por-violencia-de-genero-obtuvo-media-sancion\/"]}]},{"@type":"ImageObject","inLanguage":"es","@id":"https:\/\/municipales.org.ar\/festram\/la-licencia-por-violencia-de-genero-obtuvo-media-sancion\/#primaryimage","url":"https:\/\/municipales.org.ar\/festram\/wp-content\/uploads\/2018\/06\/photo_2018-06-15_14-54-22-e1529085657141.jpg","contentUrl":"https:\/\/municipales.org.ar\/festram\/wp-content\/uploads\/2018\/06\/photo_2018-06-15_14-54-22-e1529085657141.jpg","width":1270,"height":793},{"@type":"BreadcrumbList","@id":"https:\/\/municipales.org.ar\/festram\/la-licencia-por-violencia-de-genero-obtuvo-media-sancion\/#breadcrumb","itemListElement":[{"@type":"ListItem","position":1,"name":"Portada","item":"https:\/\/municipales.org.ar\/festram\/"},{"@type":"ListItem","position":2,"name":"La licencia por violencia de g\u00e9nero obtuvo media sanci\u00f3n."}]},{"@type":"WebSite","@id":"https:\/\/municipales.org.ar\/festram\/#website","url":"https:\/\/municipales.org.ar\/festram\/","name":"FESTRAM","description":"La web de los trabajadores municipales","publisher":{"@id":"https:\/\/municipales.org.ar\/festram\/#organization"},"potentialAction":[{"@type":"SearchAction","target":{"@type":"EntryPoint","urlTemplate":"https:\/\/municipales.org.ar\/festram\/?s={search_term_string}"},"query-input":{"@type":"PropertyValueSpecification","valueRequired":true,"valueName":"search_term_string"}}],"inLanguage":"es"},{"@type":"Organization","@id":"https:\/\/municipales.org.ar\/festram\/#organization","name":"Federaci\u00f3n de Sindicatos de Trabajadores Municipales de la Provincia de Santa Fe","url":"https:\/\/municipales.org.ar\/festram\/","logo":{"@type":"ImageObject","inLanguage":"es","@id":"https:\/\/municipales.org.ar\/festram\/#\/schema\/logo\/image\/","url":"https:\/\/www.municipales.org.ar\/festram\/wp-content\/uploads\/2014\/07\/logo_fes.jpg","contentUrl":"https:\/\/www.municipales.org.ar\/festram\/wp-content\/uploads\/2014\/07\/logo_fes.jpg","width":661,"height":673,"caption":"Federaci\u00f3n de Sindicatos de Trabajadores Municipales de la Provincia de Santa Fe"},"image":{"@id":"https:\/\/municipales.org.ar\/festram\/#\/schema\/logo\/image\/"},"sameAs":["https:\/\/www.facebook.com\/MunicipalesSF","https:\/\/x.com\/MunicipalesSF","https:\/\/www.youtube.com\/user\/festram"]},{"@type":"Person","@id":"https:\/\/municipales.org.ar\/festram\/#\/schema\/person\/49096a774c48ce9063df4d59ec059f9e","name":"mun_admin"}]}},"jetpack_publicize_connections":[],"jetpack_featured_media_url":"https:\/\/municipales.org.ar\/festram\/wp-content\/uploads\/2018\/06\/photo_2018-06-15_14-54-22-e1529085657141.jpg","jetpack_sharing_enabled":true,"jetpack_likes_enabled":false,"jetpack_shortlink":"https:\/\/wp.me\/p7l4x1-3r5","_links":{"self":[{"href":"https:\/\/municipales.org.ar\/festram\/wp-json\/wp\/v2\/posts\/13211","targetHints":{"allow":["GET"]}}],"collection":[{"href":"https:\/\/municipales.org.ar\/festram\/wp-json\/wp\/v2\/posts"}],"about":[{"href":"https:\/\/municipales.org.ar\/festram\/wp-json\/wp\/v2\/types\/post"}],"author":[{"embeddable":true,"href":"https:\/\/municipales.org.ar\/festram\/wp-json\/wp\/v2\/users\/1"}],"replies":[{"embeddable":true,"href":"https:\/\/municipales.org.ar\/festram\/wp-json\/wp\/v2\/comments?post=13211"}],"version-history":[{"count":1,"href":"https:\/\/municipales.org.ar\/festram\/wp-json\/wp\/v2\/posts\/13211\/revisions"}],"predecessor-version":[{"id":13213,"href":"https:\/\/municipales.org.ar\/festram\/wp-json\/wp\/v2\/posts\/13211\/revisions\/13213"}],"wp:featuredmedia":[{"embeddable":true,"href":"https:\/\/municipales.org.ar\/festram\/wp-json\/wp\/v2\/media\/13212"}],"wp:attachment":[{"href":"https:\/\/municipales.org.ar\/festram\/wp-json\/wp\/v2\/media?parent=13211"}],"wp:term":[{"taxonomy":"category","embeddable":true,"href":"https:\/\/municipales.org.ar\/festram\/wp-json\/wp\/v2\/categories?post=13211"},{"taxonomy":"post_tag","embeddable":true,"href":"https:\/\/municipales.org.ar\/festram\/wp-json\/wp\/v2\/tags?post=13211"}],"curies":[{"name":"wp","href":"https:\/\/api.w.org\/{rel}","templated":true}]}}