{"id":13218,"date":"2018-06-27T20:01:37","date_gmt":"2018-06-27T23:01:37","guid":{"rendered":"https:\/\/www.municipales.org.ar\/festram\/?p=13218"},"modified":"2018-07-24T11:00:09","modified_gmt":"2018-07-24T14:00:09","slug":"endeudados-devaluados-y-ajustados","status":"publish","type":"post","link":"https:\/\/municipales.org.ar\/festram\/endeudados-devaluados-y-ajustados\/","title":{"rendered":"Endeudados, devaluados y ajustados"},"content":{"rendered":"<h3>La magnitud e intensidad del actual proceso de redistribuci\u00f3n regresiva es la caracter\u00edstica diferencial de esta etapa.<\/h3>\n<p>&nbsp;<\/p>\n<p>A treinta meses de la asunci\u00f3n del gobierno de Cambiemos es posible y necesario repasar sus acciones, describir los desaf\u00edos que se abren para la sociedad civil e imaginar los escenarios posibles de aqu\u00ed al final del mandato presidencial. Todo intento de repaso de las acciones, descansa sobre aquello que cada relator considere relevante, significativo, de alto impacto, siempre desde una perspectiva particular.<\/p>\n<p>La sociedad argentina a\u00fan discute sobre las acciones elegidas por este gobierno, acerca de su pertinencia o de su inconveniencia. La proposici\u00f3n es correr el \u00e1ngulo de mira y concentrarse en los efectos incontrastables derivados de las acciones desarrolladas. En otras palabras: puede ser discutible si hab\u00eda atraso en las tarifas o no, si el d\u00e9ficit del Estado era o no un problema y de qu\u00e9 intensidad, si el cepo era o no una buena medida. De hecho, tengo una opini\u00f3n sobre varios de estos aspectos. Sin embargo eso desv\u00eda la atenci\u00f3n de lo que considero imprescindible ver y que es el conjunto de consecuencias que ha tenido todo lo que el gobierno nacional ha hecho.<\/p>\n<p>Para eso elijo un eje que estimo puede asociarse con una figura: intensa transferencia de recursos monetarios. En cualquier econom\u00eda, las velocidades a las que marchan las ventas y ganancias de las empresas, los salarios, los precios, la moneda extranjera, las tasas de los impuestos, pueden ser diferentes. El capitalismo como sistema social sostiene su din\u00e1mica en base a la producci\u00f3n permanente de desigualaciones. Un comportamiento desigual de un precio con respecto a los dem\u00e1s no es una rareza, sino la forma natural en la que se desenvuelve el sistema en el que vivimos. Es ni m\u00e1s ni menos que el resultado de la puja por la distribuci\u00f3n en la cual participan todos los jugadores que ocupan un lugar en la cancha y donde se pelea por una porci\u00f3n de la torta social. La cuesti\u00f3n que diferencia el presente proceso de desigualaci\u00f3n con lo ocurrido en un pasado no tan lejano, es la intensidad, el determinante papel del Estado en su creaci\u00f3n y propagaci\u00f3n y la \u00fanica direcci\u00f3n hacia la cual van las transferencias.<\/p>\n<p>Un ensayo parcial sobre este punto podr\u00eda sostener que las transferencias de recursos monetarios han ocurrido y lo est\u00e1n haciendo en varias dimensiones, tales como las siguientes:<\/p>\n<ul>\n<li><strong>a.\u00a0Del trabajo al capital:<\/strong> en estos treinta meses hubo un compromiso deliberado por parte del gobierno nacional para que el poder de compra de los salarios, las jubilaciones, las pensiones, las asignaciones familiares y la asignaci\u00f3n universal por hijo marche a un ritmo inferior al \u00edndice de precios que calculan los organismos oficiales y que sabemos subestiman su crecimiento real. Para eso fijaron topes m\u00e1ximos en las negociaciones paritarias, en la mayor\u00eda de los casos doblegando la demanda de los trabajadores no sin ciertas complicidades por parte de las dirigencias. Modificaron el coeficiente de actualizaci\u00f3n de la movilidad jubilatoria y la cobertura del grupo familiar, redujeron la planta en sensibles sectores de la administraci\u00f3n p\u00fablica nacional y en algunas provincias. El desempleo y la precarizaci\u00f3n contractual no hicieron m\u00e1s que crecer. El presidente Macri vet\u00f3 la llamada ley antidespidos votada mayoritariamente por el Congreso de la Naci\u00f3n hace casi dos a\u00f1os. El tama\u00f1o de la transferencia del trabajo al capital es indisimulable: la p\u00e9rdida promedio equivale a un salario cada doce meses. La masa de dinero transferida en los primeros veintiocho meses alcanza 745 mil millones de pesos.<\/li>\n<li><strong>b.\u00a0Del Estado nacional a los complejos exportadores:<\/strong> entre las primeras medidas de gobierno hubo una reducci\u00f3n de las tasas que gravan las exportaciones (conocidas como retenciones) para el complejo sojero y la reducci\u00f3n a 0 por ciento para la mayor\u00eda de las exportaciones que genera Argentina. A partir del 1\u00ba de enero de este a\u00f1o ello fue complementado con una nueva reducci\u00f3n consistente en medio por ciento por mes, es decir 6 por ciento en todo el a\u00f1o. Si se agrega a esto la devaluaci\u00f3n del peso, el aumento de los precios internacionales y las libertades de las cuales goza el complejo exportador, todo ha producido y lo sigue haciendo, una enorme transferencia que como contrapartida ha lesionado seriamente el financiamiento del Estado nacional y en consecuencia es uno de los factores de aumento del d\u00e9ficit. El tama\u00f1o de la renuncia estatal de recursos, a su vez ingreso extraordinario del complejo exportador, ha sido de $269 mil millones.<\/li>\n<li><strong>c.\u00a0Ha ocupado un lugar relevante y lo sigue siendo, el uso de las letras emitidas por el Banco Central para desalentar la fuga hacia la moneda extranjera.<\/strong> Entre diciembre de 2015 y la \u00faltima licitaci\u00f3n de Lebacs, autoridad monetaria deveng\u00f3, s\u00f3lo en concepto de intereses a favor de los tenedores de esos t\u00edtulos, 497 mil millones de pesos.<\/li>\n<li><strong>d.\u00a0El incremento de las tarifas de los servicios de gas natural y energ\u00eda el\u00e9ctrica fue central para la explicaci\u00f3n del proceso descripto.<\/strong> El rubro \u00abservicios de la vivienda\u00bb fue el que lider\u00f3 el incremento de los \u00edndices de precios. En los dos primeros a\u00f1os de gobierno este rubro creci\u00f3 entre 130 por ciento y 160 por ciento seg\u00fan el \u00edndice que se tome, en tanto que el resto de los art\u00edculos creci\u00f3 entre 62 por ciento y 68 por ciento. En el caso de las tarifas de gas, su incremento implic\u00f3 que se pasara de una factura promedio de $116 en septiembre de 2016 a una de $814 en abril de 2018 (o de $536 en el caso de tarifa social). La transferencia total por el incremento de tarifa de gas natural por red desde los hogares hacia las empresas energ\u00e9ticas suma 25 mil millones de pesos. En 2015 las distribuidoras de electricidad facturaban 50 mil millones de pesos. Un a\u00f1o despu\u00e9s, en 2016, facturaron 110 mil millones y en el a\u00f1o 2017 la facturaci\u00f3n super\u00f3 los 175 mil millones de pesos. Contra un escenario hipot\u00e9tico de variaci\u00f3n del costo de la energ\u00eda equivalente a la variaci\u00f3n del salario promedio de los trabajadores registrados de la econom\u00eda, la transferencia desde los diferentes tipos de usuarios hacia las el\u00e9ctricas en 2016 y 2017 fue de 137 mil millones de pesos.<\/li>\n<\/ul>\n<p>La enumeraci\u00f3n puede siempre ser completada, mejorada y puntualizada. Lo relevante es que este proceso de transferencias no es novedoso en Argentina pero s\u00ed lo es la magnitud y la multidimensionalidad, los muchos planos que abarca. La pregunta es qu\u00e9 sigue a esto. Porque estos procesos redistributivos siempre precedieron a nuevos ciclos de acumulaci\u00f3n del capital que permitieron gobernabilidad a\u00fan contra los intereses de las mayor\u00edas. Por ahora no se ve nada de eso y en cambio asistimos a la vuelta al Fondo Monetario Internacional. Un camino fallido cuyo desenlace conoce sobradamente nuestra sociedad.<\/p>\n<h5>Fuente: Diario La Capital de Rosario<\/h5>\n","protected":false},"excerpt":{"rendered":"<p>La magnitud e intensidad del actual proceso de redistribuci\u00f3n regresiva es la caracter\u00edstica diferencial de esta etapa.<\/p>\n","protected":false},"author":1,"featured_media":13219,"comment_status":"closed","ping_status":"closed","sticky":false,"template":"","format":"standard","meta":{"_jetpack_memberships_contains_paid_content":false,"footnotes":"","jetpack_publicize_message":"","jetpack_publicize_feature_enabled":true,"jetpack_social_post_already_shared":true,"jetpack_social_options":{"image_generator_settings":{"template":"highway","default_image_id":0,"font":"","enabled":false},"version":2}},"categories":[56],"tags":[70,95],"class_list":["post-13218","post","type-post","status-publish","format-standard","has-post-thumbnail","hentry","category-notas-varias","tag-el-pais","tag-opinion-2"],"yoast_head":"<!-- This site is optimized with the Yoast SEO plugin v25.9 - https:\/\/yoast.com\/wordpress\/plugins\/seo\/ -->\n<title>Endeudados, devaluados y ajustados &#8211; FESTRAM<\/title>\n<meta name=\"description\" content=\"La magnitud e intensidad del actual proceso de redistribuci\u00f3n regresiva es la caracter\u00edstica diferencial de esta etapa.\" \/>\n<meta name=\"robots\" content=\"index, follow, max-snippet:-1, max-image-preview:large, max-video-preview:-1\" \/>\n<link rel=\"canonical\" href=\"https:\/\/municipales.org.ar\/festram\/endeudados-devaluados-y-ajustados\/\" \/>\n<meta property=\"og:locale\" content=\"es_ES\" \/>\n<meta property=\"og:type\" content=\"article\" \/>\n<meta property=\"og:title\" content=\"Endeudados, devaluados y ajustados &#8211; FESTRAM\" \/>\n<meta property=\"og:description\" content=\"La magnitud e intensidad del actual proceso de redistribuci\u00f3n regresiva es la caracter\u00edstica diferencial de esta etapa.\" \/>\n<meta property=\"og:url\" content=\"https:\/\/municipales.org.ar\/festram\/endeudados-devaluados-y-ajustados\/\" \/>\n<meta property=\"og:site_name\" content=\"FESTRAM\" \/>\n<meta property=\"article:publisher\" content=\"https:\/\/www.facebook.com\/MunicipalesSF\" \/>\n<meta property=\"article:published_time\" content=\"2018-06-27T23:01:37+00:00\" \/>\n<meta property=\"article:modified_time\" content=\"2018-07-24T14:00:09+00:00\" \/>\n<meta property=\"og:image\" content=\"https:\/\/municipales.org.ar\/festram\/wp-content\/uploads\/2018\/06\/fmi-arg.jpg\" \/>\n\t<meta property=\"og:image:width\" content=\"1140\" \/>\n\t<meta property=\"og:image:height\" content=\"640\" \/>\n\t<meta property=\"og:image:type\" content=\"image\/jpeg\" \/>\n<meta name=\"author\" content=\"mun_admin\" \/>\n<meta name=\"twitter:card\" content=\"summary_large_image\" \/>\n<meta name=\"twitter:creator\" content=\"@MunicipalesSF\" \/>\n<meta name=\"twitter:site\" content=\"@MunicipalesSF\" \/>\n<meta name=\"twitter:label1\" content=\"Escrito por\" \/>\n\t<meta name=\"twitter:data1\" content=\"mun_admin\" \/>\n\t<meta name=\"twitter:label2\" content=\"Tiempo de lectura\" \/>\n\t<meta name=\"twitter:data2\" content=\"6 minutos\" \/>\n<script type=\"application\/ld+json\" class=\"yoast-schema-graph\">{\"@context\":\"https:\/\/schema.org\",\"@graph\":[{\"@type\":\"Article\",\"@id\":\"https:\/\/municipales.org.ar\/festram\/endeudados-devaluados-y-ajustados\/#article\",\"isPartOf\":{\"@id\":\"https:\/\/municipales.org.ar\/festram\/endeudados-devaluados-y-ajustados\/\"},\"author\":{\"name\":\"mun_admin\",\"@id\":\"https:\/\/municipales.org.ar\/festram\/#\/schema\/person\/49096a774c48ce9063df4d59ec059f9e\"},\"headline\":\"Endeudados, devaluados y ajustados\",\"datePublished\":\"2018-06-27T23:01:37+00:00\",\"dateModified\":\"2018-07-24T14:00:09+00:00\",\"mainEntityOfPage\":{\"@id\":\"https:\/\/municipales.org.ar\/festram\/endeudados-devaluados-y-ajustados\/\"},\"wordCount\":1183,\"publisher\":{\"@id\":\"https:\/\/municipales.org.ar\/festram\/#organization\"},\"image\":{\"@id\":\"https:\/\/municipales.org.ar\/festram\/endeudados-devaluados-y-ajustados\/#primaryimage\"},\"thumbnailUrl\":\"https:\/\/municipales.org.ar\/festram\/wp-content\/uploads\/2018\/06\/fmi-arg.jpg\",\"keywords\":[\"el pa\u00eds\",\"opinion\"],\"articleSection\":[\"Notas Varias\"],\"inLanguage\":\"es\"},{\"@type\":\"WebPage\",\"@id\":\"https:\/\/municipales.org.ar\/festram\/endeudados-devaluados-y-ajustados\/\",\"url\":\"https:\/\/municipales.org.ar\/festram\/endeudados-devaluados-y-ajustados\/\",\"name\":\"Endeudados, devaluados y ajustados &#8211; FESTRAM\",\"isPartOf\":{\"@id\":\"https:\/\/municipales.org.ar\/festram\/#website\"},\"primaryImageOfPage\":{\"@id\":\"https:\/\/municipales.org.ar\/festram\/endeudados-devaluados-y-ajustados\/#primaryimage\"},\"image\":{\"@id\":\"https:\/\/municipales.org.ar\/festram\/endeudados-devaluados-y-ajustados\/#primaryimage\"},\"thumbnailUrl\":\"https:\/\/municipales.org.ar\/festram\/wp-content\/uploads\/2018\/06\/fmi-arg.jpg\",\"datePublished\":\"2018-06-27T23:01:37+00:00\",\"dateModified\":\"2018-07-24T14:00:09+00:00\",\"description\":\"La magnitud e intensidad del actual proceso de redistribuci\u00f3n regresiva es la caracter\u00edstica diferencial de esta etapa.\",\"breadcrumb\":{\"@id\":\"https:\/\/municipales.org.ar\/festram\/endeudados-devaluados-y-ajustados\/#breadcrumb\"},\"inLanguage\":\"es\",\"potentialAction\":[{\"@type\":\"ReadAction\",\"target\":[\"https:\/\/municipales.org.ar\/festram\/endeudados-devaluados-y-ajustados\/\"]}]},{\"@type\":\"ImageObject\",\"inLanguage\":\"es\",\"@id\":\"https:\/\/municipales.org.ar\/festram\/endeudados-devaluados-y-ajustados\/#primaryimage\",\"url\":\"https:\/\/municipales.org.ar\/festram\/wp-content\/uploads\/2018\/06\/fmi-arg.jpg\",\"contentUrl\":\"https:\/\/municipales.org.ar\/festram\/wp-content\/uploads\/2018\/06\/fmi-arg.jpg\",\"width\":1140,\"height\":640},{\"@type\":\"BreadcrumbList\",\"@id\":\"https:\/\/municipales.org.ar\/festram\/endeudados-devaluados-y-ajustados\/#breadcrumb\",\"itemListElement\":[{\"@type\":\"ListItem\",\"position\":1,\"name\":\"Portada\",\"item\":\"https:\/\/municipales.org.ar\/festram\/\"},{\"@type\":\"ListItem\",\"position\":2,\"name\":\"Endeudados, devaluados y ajustados\"}]},{\"@type\":\"WebSite\",\"@id\":\"https:\/\/municipales.org.ar\/festram\/#website\",\"url\":\"https:\/\/municipales.org.ar\/festram\/\",\"name\":\"FESTRAM\",\"description\":\"La web de los trabajadores municipales\",\"publisher\":{\"@id\":\"https:\/\/municipales.org.ar\/festram\/#organization\"},\"potentialAction\":[{\"@type\":\"SearchAction\",\"target\":{\"@type\":\"EntryPoint\",\"urlTemplate\":\"https:\/\/municipales.org.ar\/festram\/?s={search_term_string}\"},\"query-input\":{\"@type\":\"PropertyValueSpecification\",\"valueRequired\":true,\"valueName\":\"search_term_string\"}}],\"inLanguage\":\"es\"},{\"@type\":\"Organization\",\"@id\":\"https:\/\/municipales.org.ar\/festram\/#organization\",\"name\":\"Federaci\u00f3n de Sindicatos de Trabajadores Municipales de la Provincia de Santa Fe\",\"url\":\"https:\/\/municipales.org.ar\/festram\/\",\"logo\":{\"@type\":\"ImageObject\",\"inLanguage\":\"es\",\"@id\":\"https:\/\/municipales.org.ar\/festram\/#\/schema\/logo\/image\/\",\"url\":\"https:\/\/www.municipales.org.ar\/festram\/wp-content\/uploads\/2014\/07\/logo_fes.jpg\",\"contentUrl\":\"https:\/\/www.municipales.org.ar\/festram\/wp-content\/uploads\/2014\/07\/logo_fes.jpg\",\"width\":661,\"height\":673,\"caption\":\"Federaci\u00f3n de Sindicatos de Trabajadores Municipales de la Provincia de Santa Fe\"},\"image\":{\"@id\":\"https:\/\/municipales.org.ar\/festram\/#\/schema\/logo\/image\/\"},\"sameAs\":[\"https:\/\/www.facebook.com\/MunicipalesSF\",\"https:\/\/x.com\/MunicipalesSF\",\"https:\/\/www.youtube.com\/user\/festram\"]},{\"@type\":\"Person\",\"@id\":\"https:\/\/municipales.org.ar\/festram\/#\/schema\/person\/49096a774c48ce9063df4d59ec059f9e\",\"name\":\"mun_admin\"}]}<\/script>\n<!-- \/ Yoast SEO plugin. -->","yoast_head_json":{"title":"Endeudados, devaluados y ajustados &#8211; FESTRAM","description":"La magnitud e intensidad del actual proceso de redistribuci\u00f3n regresiva es la caracter\u00edstica diferencial de esta etapa.","robots":{"index":"index","follow":"follow","max-snippet":"max-snippet:-1","max-image-preview":"max-image-preview:large","max-video-preview":"max-video-preview:-1"},"canonical":"https:\/\/municipales.org.ar\/festram\/endeudados-devaluados-y-ajustados\/","og_locale":"es_ES","og_type":"article","og_title":"Endeudados, devaluados y ajustados &#8211; FESTRAM","og_description":"La magnitud e intensidad del actual proceso de redistribuci\u00f3n regresiva es la caracter\u00edstica diferencial de esta etapa.","og_url":"https:\/\/municipales.org.ar\/festram\/endeudados-devaluados-y-ajustados\/","og_site_name":"FESTRAM","article_publisher":"https:\/\/www.facebook.com\/MunicipalesSF","article_published_time":"2018-06-27T23:01:37+00:00","article_modified_time":"2018-07-24T14:00:09+00:00","og_image":[{"width":1140,"height":640,"url":"https:\/\/municipales.org.ar\/festram\/wp-content\/uploads\/2018\/06\/fmi-arg.jpg","type":"image\/jpeg"}],"author":"mun_admin","twitter_card":"summary_large_image","twitter_creator":"@MunicipalesSF","twitter_site":"@MunicipalesSF","twitter_misc":{"Escrito por":"mun_admin","Tiempo de lectura":"6 minutos"},"schema":{"@context":"https:\/\/schema.org","@graph":[{"@type":"Article","@id":"https:\/\/municipales.org.ar\/festram\/endeudados-devaluados-y-ajustados\/#article","isPartOf":{"@id":"https:\/\/municipales.org.ar\/festram\/endeudados-devaluados-y-ajustados\/"},"author":{"name":"mun_admin","@id":"https:\/\/municipales.org.ar\/festram\/#\/schema\/person\/49096a774c48ce9063df4d59ec059f9e"},"headline":"Endeudados, devaluados y ajustados","datePublished":"2018-06-27T23:01:37+00:00","dateModified":"2018-07-24T14:00:09+00:00","mainEntityOfPage":{"@id":"https:\/\/municipales.org.ar\/festram\/endeudados-devaluados-y-ajustados\/"},"wordCount":1183,"publisher":{"@id":"https:\/\/municipales.org.ar\/festram\/#organization"},"image":{"@id":"https:\/\/municipales.org.ar\/festram\/endeudados-devaluados-y-ajustados\/#primaryimage"},"thumbnailUrl":"https:\/\/municipales.org.ar\/festram\/wp-content\/uploads\/2018\/06\/fmi-arg.jpg","keywords":["el pa\u00eds","opinion"],"articleSection":["Notas Varias"],"inLanguage":"es"},{"@type":"WebPage","@id":"https:\/\/municipales.org.ar\/festram\/endeudados-devaluados-y-ajustados\/","url":"https:\/\/municipales.org.ar\/festram\/endeudados-devaluados-y-ajustados\/","name":"Endeudados, devaluados y ajustados &#8211; FESTRAM","isPartOf":{"@id":"https:\/\/municipales.org.ar\/festram\/#website"},"primaryImageOfPage":{"@id":"https:\/\/municipales.org.ar\/festram\/endeudados-devaluados-y-ajustados\/#primaryimage"},"image":{"@id":"https:\/\/municipales.org.ar\/festram\/endeudados-devaluados-y-ajustados\/#primaryimage"},"thumbnailUrl":"https:\/\/municipales.org.ar\/festram\/wp-content\/uploads\/2018\/06\/fmi-arg.jpg","datePublished":"2018-06-27T23:01:37+00:00","dateModified":"2018-07-24T14:00:09+00:00","description":"La magnitud e intensidad del actual proceso de redistribuci\u00f3n regresiva es la caracter\u00edstica diferencial de esta etapa.","breadcrumb":{"@id":"https:\/\/municipales.org.ar\/festram\/endeudados-devaluados-y-ajustados\/#breadcrumb"},"inLanguage":"es","potentialAction":[{"@type":"ReadAction","target":["https:\/\/municipales.org.ar\/festram\/endeudados-devaluados-y-ajustados\/"]}]},{"@type":"ImageObject","inLanguage":"es","@id":"https:\/\/municipales.org.ar\/festram\/endeudados-devaluados-y-ajustados\/#primaryimage","url":"https:\/\/municipales.org.ar\/festram\/wp-content\/uploads\/2018\/06\/fmi-arg.jpg","contentUrl":"https:\/\/municipales.org.ar\/festram\/wp-content\/uploads\/2018\/06\/fmi-arg.jpg","width":1140,"height":640},{"@type":"BreadcrumbList","@id":"https:\/\/municipales.org.ar\/festram\/endeudados-devaluados-y-ajustados\/#breadcrumb","itemListElement":[{"@type":"ListItem","position":1,"name":"Portada","item":"https:\/\/municipales.org.ar\/festram\/"},{"@type":"ListItem","position":2,"name":"Endeudados, devaluados y ajustados"}]},{"@type":"WebSite","@id":"https:\/\/municipales.org.ar\/festram\/#website","url":"https:\/\/municipales.org.ar\/festram\/","name":"FESTRAM","description":"La web de los trabajadores municipales","publisher":{"@id":"https:\/\/municipales.org.ar\/festram\/#organization"},"potentialAction":[{"@type":"SearchAction","target":{"@type":"EntryPoint","urlTemplate":"https:\/\/municipales.org.ar\/festram\/?s={search_term_string}"},"query-input":{"@type":"PropertyValueSpecification","valueRequired":true,"valueName":"search_term_string"}}],"inLanguage":"es"},{"@type":"Organization","@id":"https:\/\/municipales.org.ar\/festram\/#organization","name":"Federaci\u00f3n de Sindicatos de Trabajadores Municipales de la Provincia de Santa Fe","url":"https:\/\/municipales.org.ar\/festram\/","logo":{"@type":"ImageObject","inLanguage":"es","@id":"https:\/\/municipales.org.ar\/festram\/#\/schema\/logo\/image\/","url":"https:\/\/www.municipales.org.ar\/festram\/wp-content\/uploads\/2014\/07\/logo_fes.jpg","contentUrl":"https:\/\/www.municipales.org.ar\/festram\/wp-content\/uploads\/2014\/07\/logo_fes.jpg","width":661,"height":673,"caption":"Federaci\u00f3n de Sindicatos de Trabajadores Municipales de la Provincia de Santa Fe"},"image":{"@id":"https:\/\/municipales.org.ar\/festram\/#\/schema\/logo\/image\/"},"sameAs":["https:\/\/www.facebook.com\/MunicipalesSF","https:\/\/x.com\/MunicipalesSF","https:\/\/www.youtube.com\/user\/festram"]},{"@type":"Person","@id":"https:\/\/municipales.org.ar\/festram\/#\/schema\/person\/49096a774c48ce9063df4d59ec059f9e","name":"mun_admin"}]}},"jetpack_publicize_connections":[],"jetpack_featured_media_url":"https:\/\/municipales.org.ar\/festram\/wp-content\/uploads\/2018\/06\/fmi-arg.jpg","jetpack_sharing_enabled":true,"jetpack_likes_enabled":false,"jetpack_shortlink":"https:\/\/wp.me\/p7l4x1-3rc","_links":{"self":[{"href":"https:\/\/municipales.org.ar\/festram\/wp-json\/wp\/v2\/posts\/13218","targetHints":{"allow":["GET"]}}],"collection":[{"href":"https:\/\/municipales.org.ar\/festram\/wp-json\/wp\/v2\/posts"}],"about":[{"href":"https:\/\/municipales.org.ar\/festram\/wp-json\/wp\/v2\/types\/post"}],"author":[{"embeddable":true,"href":"https:\/\/municipales.org.ar\/festram\/wp-json\/wp\/v2\/users\/1"}],"replies":[{"embeddable":true,"href":"https:\/\/municipales.org.ar\/festram\/wp-json\/wp\/v2\/comments?post=13218"}],"version-history":[{"count":3,"href":"https:\/\/municipales.org.ar\/festram\/wp-json\/wp\/v2\/posts\/13218\/revisions"}],"predecessor-version":[{"id":13222,"href":"https:\/\/municipales.org.ar\/festram\/wp-json\/wp\/v2\/posts\/13218\/revisions\/13222"}],"wp:featuredmedia":[{"embeddable":true,"href":"https:\/\/municipales.org.ar\/festram\/wp-json\/wp\/v2\/media\/13219"}],"wp:attachment":[{"href":"https:\/\/municipales.org.ar\/festram\/wp-json\/wp\/v2\/media?parent=13218"}],"wp:term":[{"taxonomy":"category","embeddable":true,"href":"https:\/\/municipales.org.ar\/festram\/wp-json\/wp\/v2\/categories?post=13218"},{"taxonomy":"post_tag","embeddable":true,"href":"https:\/\/municipales.org.ar\/festram\/wp-json\/wp\/v2\/tags?post=13218"}],"curies":[{"name":"wp","href":"https:\/\/api.w.org\/{rel}","templated":true}]}}