{"id":13228,"date":"2018-07-01T10:52:48","date_gmt":"2018-07-01T13:52:48","guid":{"rendered":"https:\/\/www.municipales.org.ar\/festram\/?p=13228"},"modified":"2018-07-24T11:01:01","modified_gmt":"2018-07-24T14:01:01","slug":"paro-despidos-y-represion-una-crisis-que-se-generaliza","status":"publish","type":"post","link":"https:\/\/municipales.org.ar\/festram\/paro-despidos-y-represion-una-crisis-que-se-generaliza\/","title":{"rendered":"Paro, despidos y represi\u00f3n: una crisis que se generaliza"},"content":{"rendered":"<h4>La respuesta de Macri a la contundente medida de fuerza en todo el pa\u00eds fue el brutal despido masivo de trabajadores en la agencia de noticias T\u00e9lam y el apaleo feroz que uno de sus virreyes provinciales propin\u00f3 a los docentes de Chubut.<\/h4>\n<p>&nbsp;<\/p>\n<p>\u00abEl gobierno no va a retroceder, por eso hay que enfrentarlo con m\u00e1s fuerza, unidad y organizaci\u00f3n\u00bb. La advertencia de Sonia Alesso, secretaria general de Ctera frente a la multitudinaria movillizaci\u00f3n que coron\u00f3 el paro nacional del lunes en Rosario, revel\u00f3 r\u00e1pidamente toda su precisi\u00f3n. La respuesta del presidente Mauricio Macri a la contundente medida de fuerza en todo el pa\u00eds fue el brutal despido masivo de trabajadores en la agencia de noticias T\u00e9lam y el apaleo feroz que uno de sus virreyes provinciales propin\u00f3 a los docentes de Chubut.<\/p>\n<p>La naturaleza del gobierno nacional, los intereses que representa y el aislamiento pol\u00edtico, parece conducirlo a redoblar la apuesta para convencer al \u00abaliado de \u00faltima instancia\u00bb que sum\u00f3 Cambiemos para atravesar la crisis: el Fondo Monetario Internacional (FMI).<\/p>\n<p>Mientras rifa en el mercado los d\u00f3lares del organismo monetario internacional, Macri despliega su fuerza de choque como garant\u00eda de llevar a las \u00faltimas consecuencias su programa de reducir el salario real, asegurar la fuga de capitales y desmontar el poder de control y regulaci\u00f3n del Estado.<\/p>\n<p>La verdad es que esos puntos del examen los est\u00e1 cumpliendo. El \u00faltimo dato del desempleo revel\u00f3 un fuerte deterioro del mercado laboral respecto de fines del a\u00f1o pasado. Ese deterioro del mercado laboral, acompa\u00f1ado por la disparada inflacionaria, tuvo un efecto demoledor en la ca\u00edda del salario real: 20% medido en d\u00f3lares. Un reciente informe de Idesa lo resume: 1.285 d\u00f3lares en 2015 contra 900 d\u00f3lares de mayo, en t\u00e9rminos promedio. La libertad para fugar capitales, a trav\u00e9s del desmantelamiento de las regulaciones estatales, y el endeudamiento p\u00fablico para financiarla, completaron el formulario de los objetivos de pol\u00edtica econ\u00f3mica. En mayo, el balance cambiario volvi\u00f3 a mostrar atesoramiento r\u00e9cord, mientras que la balanza de pagos del primer trimestre exhibi\u00f3 un aumento sustancial de la deuda y d\u00e9ficit r\u00e9cord de cuenta corriente: 9 mil millones de d\u00f3lares.<\/p>\n<p>La proyecci\u00f3n anual de este \u00faltimo dato asusta. El ajuste no corrige desequilibrios sino que los agrava. El Fondo es la \u00faltima carta para atenderlo, toda vez que la falla del modelo imaginado por los estrategas oficialistas est\u00e1 en el compromiso pol\u00edtico de sus aliados. Las corporaciones del agro elevaron su protesta contra la posibilidad de moderar el ritmo de baja de las retenciones. Incluso con arengas que contradicen la propia ideolog\u00eda econ\u00f3mica: \u00abQue traiga la plata que tiene afuera\u00bb, le espet\u00f3 el jefe de CRA al ministro de Hacienda, Nicol\u00e1s Dujovne. Los colegas de Luis Caputo y del equipo de traders que tom\u00f3 el Banco Central se muestran dispuestos a llevarse hasta el \u00faltimo d\u00f3lar que prest\u00f3 el Fondo. Tras un breve per\u00edodo de calma, y a pesar del festival de bonos y letras que ofreci\u00f3 a tasas r\u00e9cord, el d\u00f3lar trep\u00f3 a mitad de semana y la autoridad monetaria debi\u00f3 ampliar las licitaciones diarias de divisas. La palmada del Morgan Stanley ascendiendo a la econom\u00eda argentina a la categor\u00eda de mercado emergente dur\u00f3 poco: la Bolsa se derrumb\u00f3, la divisas subi\u00f3, el gobierno pag\u00f3 tasas r\u00e9cord por las nuevas Letes y el riesgo pa\u00eds est\u00e1 en su nivel m\u00e1ximo desde 2015.<\/p>\n<p>La inestabilidad cambiaria y tambi\u00e9n financiera se siente en la econom\u00eda real y el propio Indec comienza a poner en n\u00fameros la experiencia que desde hace tiempo se vive en la calle. La actividad econ\u00f3mica cort\u00f3 en abril su racha de recuperaci\u00f3n, de por s\u00ed basada en d\u00e9biles fundamentos, las estimaciones privadas acusaron ca\u00eddas en la industria, la construcci\u00f3n se fren\u00f3 por la obra p\u00fablica y la propia autoridad monetaria reconoci\u00f3, al mantener intacta la tasa de pol\u00edtica monetaria,que la inflaci\u00f3n acelera. Todas estas variables conspiran contra la fantas\u00eda ideol\u00f3gica de equilibrar el modelo econ\u00f3mico por v\u00eda de un ajuste. M\u00e1s bien, como qued\u00f3 demostrado hist\u00f3ricamente, la pol\u00edtica econ\u00f3mica que ensaya el gobierno profundiza los desequilibrios.<\/p>\n<p>En este contexto, no fue extra\u00f1a la contundencia del tercer paro general de la CGT. Fue clave, adem\u00e1s del activismo que acompa\u00f1a la protesta social desde hace a\u00f1os, el compromiso que esta vez tuvieron organizaciones sindicales que hasta ahora le hab\u00edan esquivado a la jeringa. Una muestra de que, al menos en esta coyuntura, el n\u00facleo del universo pol\u00edtico del presidente, est\u00e1 en proceso expulsivo. Un escenario que eleva los riesgos de virulencia en la respuesta oficial.<\/p>\n<h6>Fuente: Diario La Capital de Rosario<\/h6>\n","protected":false},"excerpt":{"rendered":"<p>La respuesta de Macri a la contundente medida de fuerza en todo el pa\u00eds fue el brutal despido masivo de trabajadores en la agencia de noticias T\u00e9lam y el apaleo feroz que uno de sus virreyes provinciales propin\u00f3 a los docentes de Chubut.<\/p>\n","protected":false},"author":1,"featured_media":13229,"comment_status":"closed","ping_status":"closed","sticky":false,"template":"","format":"standard","meta":{"_jetpack_memberships_contains_paid_content":false,"footnotes":"","jetpack_publicize_message":"","jetpack_publicize_feature_enabled":true,"jetpack_social_post_already_shared":true,"jetpack_social_options":{"image_generator_settings":{"template":"highway","default_image_id":0,"font":"","enabled":false},"version":2}},"categories":[56],"tags":[70,95],"class_list":["post-13228","post","type-post","status-publish","format-standard","has-post-thumbnail","hentry","category-notas-varias","tag-el-pais","tag-opinion-2"],"yoast_head":"<!-- This site is optimized with the Yoast SEO plugin v25.9 - https:\/\/yoast.com\/wordpress\/plugins\/seo\/ -->\n<title>Paro, despidos y represi\u00f3n: una crisis que se generaliza &#8211; FESTRAM<\/title>\n<meta name=\"description\" content=\"La respuesta de Macri a la contundente medida de fuerza en todo el pa\u00eds fue el brutal despido masivo de trabajadores en la agencia de noticias T\u00e9lam y el apaleo feroz que uno de sus virreyes provinciales propin\u00f3 a los docentes de Chubut.\" \/>\n<meta name=\"robots\" content=\"index, follow, max-snippet:-1, max-image-preview:large, max-video-preview:-1\" \/>\n<link rel=\"canonical\" href=\"https:\/\/municipales.org.ar\/festram\/paro-despidos-y-represion-una-crisis-que-se-generaliza\/\" \/>\n<meta property=\"og:locale\" content=\"es_ES\" \/>\n<meta property=\"og:type\" content=\"article\" \/>\n<meta property=\"og:title\" content=\"Paro, despidos y represi\u00f3n: una crisis que se generaliza &#8211; FESTRAM\" \/>\n<meta property=\"og:description\" content=\"La respuesta de Macri a la contundente medida de fuerza en todo el pa\u00eds fue el brutal despido masivo de trabajadores en la agencia de noticias T\u00e9lam y el apaleo feroz que uno de sus virreyes provinciales propin\u00f3 a los docentes de Chubut.\" \/>\n<meta property=\"og:url\" content=\"https:\/\/municipales.org.ar\/festram\/paro-despidos-y-represion-una-crisis-que-se-generaliza\/\" \/>\n<meta property=\"og:site_name\" content=\"FESTRAM\" \/>\n<meta property=\"article:publisher\" content=\"https:\/\/www.facebook.com\/MunicipalesSF\" \/>\n<meta property=\"article:published_time\" content=\"2018-07-01T13:52:48+00:00\" \/>\n<meta property=\"article:modified_time\" content=\"2018-07-24T14:01:01+00:00\" \/>\n<meta property=\"og:image\" content=\"https:\/\/municipales.org.ar\/festram\/wp-content\/uploads\/2018\/07\/0023404547.jpg\" \/>\n\t<meta property=\"og:image:width\" content=\"642\" \/>\n\t<meta property=\"og:image:height\" content=\"427\" \/>\n\t<meta property=\"og:image:type\" content=\"image\/jpeg\" \/>\n<meta name=\"author\" content=\"mun_admin\" \/>\n<meta name=\"twitter:card\" content=\"summary_large_image\" \/>\n<meta name=\"twitter:creator\" content=\"@MunicipalesSF\" \/>\n<meta name=\"twitter:site\" content=\"@MunicipalesSF\" \/>\n<meta name=\"twitter:label1\" content=\"Escrito por\" \/>\n\t<meta name=\"twitter:data1\" content=\"mun_admin\" \/>\n\t<meta name=\"twitter:label2\" content=\"Tiempo de lectura\" \/>\n\t<meta name=\"twitter:data2\" content=\"4 minutos\" \/>\n<script type=\"application\/ld+json\" class=\"yoast-schema-graph\">{\"@context\":\"https:\/\/schema.org\",\"@graph\":[{\"@type\":\"Article\",\"@id\":\"https:\/\/municipales.org.ar\/festram\/paro-despidos-y-represion-una-crisis-que-se-generaliza\/#article\",\"isPartOf\":{\"@id\":\"https:\/\/municipales.org.ar\/festram\/paro-despidos-y-represion-una-crisis-que-se-generaliza\/\"},\"author\":{\"name\":\"mun_admin\",\"@id\":\"https:\/\/municipales.org.ar\/festram\/#\/schema\/person\/49096a774c48ce9063df4d59ec059f9e\"},\"headline\":\"Paro, despidos y represi\u00f3n: una crisis que se generaliza\",\"datePublished\":\"2018-07-01T13:52:48+00:00\",\"dateModified\":\"2018-07-24T14:01:01+00:00\",\"mainEntityOfPage\":{\"@id\":\"https:\/\/municipales.org.ar\/festram\/paro-despidos-y-represion-una-crisis-que-se-generaliza\/\"},\"wordCount\":831,\"publisher\":{\"@id\":\"https:\/\/municipales.org.ar\/festram\/#organization\"},\"image\":{\"@id\":\"https:\/\/municipales.org.ar\/festram\/paro-despidos-y-represion-una-crisis-que-se-generaliza\/#primaryimage\"},\"thumbnailUrl\":\"https:\/\/municipales.org.ar\/festram\/wp-content\/uploads\/2018\/07\/0023404547.jpg\",\"keywords\":[\"el pa\u00eds\",\"opinion\"],\"articleSection\":[\"Notas Varias\"],\"inLanguage\":\"es\"},{\"@type\":\"WebPage\",\"@id\":\"https:\/\/municipales.org.ar\/festram\/paro-despidos-y-represion-una-crisis-que-se-generaliza\/\",\"url\":\"https:\/\/municipales.org.ar\/festram\/paro-despidos-y-represion-una-crisis-que-se-generaliza\/\",\"name\":\"Paro, despidos y represi\u00f3n: una crisis que se generaliza &#8211; FESTRAM\",\"isPartOf\":{\"@id\":\"https:\/\/municipales.org.ar\/festram\/#website\"},\"primaryImageOfPage\":{\"@id\":\"https:\/\/municipales.org.ar\/festram\/paro-despidos-y-represion-una-crisis-que-se-generaliza\/#primaryimage\"},\"image\":{\"@id\":\"https:\/\/municipales.org.ar\/festram\/paro-despidos-y-represion-una-crisis-que-se-generaliza\/#primaryimage\"},\"thumbnailUrl\":\"https:\/\/municipales.org.ar\/festram\/wp-content\/uploads\/2018\/07\/0023404547.jpg\",\"datePublished\":\"2018-07-01T13:52:48+00:00\",\"dateModified\":\"2018-07-24T14:01:01+00:00\",\"description\":\"La respuesta de Macri a la contundente medida de fuerza en todo el pa\u00eds fue el brutal despido masivo de trabajadores en la agencia de noticias T\u00e9lam y el apaleo feroz que uno de sus virreyes provinciales propin\u00f3 a los docentes de Chubut.\",\"breadcrumb\":{\"@id\":\"https:\/\/municipales.org.ar\/festram\/paro-despidos-y-represion-una-crisis-que-se-generaliza\/#breadcrumb\"},\"inLanguage\":\"es\",\"potentialAction\":[{\"@type\":\"ReadAction\",\"target\":[\"https:\/\/municipales.org.ar\/festram\/paro-despidos-y-represion-una-crisis-que-se-generaliza\/\"]}]},{\"@type\":\"ImageObject\",\"inLanguage\":\"es\",\"@id\":\"https:\/\/municipales.org.ar\/festram\/paro-despidos-y-represion-una-crisis-que-se-generaliza\/#primaryimage\",\"url\":\"https:\/\/municipales.org.ar\/festram\/wp-content\/uploads\/2018\/07\/0023404547.jpg\",\"contentUrl\":\"https:\/\/municipales.org.ar\/festram\/wp-content\/uploads\/2018\/07\/0023404547.jpg\",\"width\":642,\"height\":427},{\"@type\":\"BreadcrumbList\",\"@id\":\"https:\/\/municipales.org.ar\/festram\/paro-despidos-y-represion-una-crisis-que-se-generaliza\/#breadcrumb\",\"itemListElement\":[{\"@type\":\"ListItem\",\"position\":1,\"name\":\"Portada\",\"item\":\"https:\/\/municipales.org.ar\/festram\/\"},{\"@type\":\"ListItem\",\"position\":2,\"name\":\"Paro, despidos y represi\u00f3n: una crisis que se generaliza\"}]},{\"@type\":\"WebSite\",\"@id\":\"https:\/\/municipales.org.ar\/festram\/#website\",\"url\":\"https:\/\/municipales.org.ar\/festram\/\",\"name\":\"FESTRAM\",\"description\":\"La web de los trabajadores municipales\",\"publisher\":{\"@id\":\"https:\/\/municipales.org.ar\/festram\/#organization\"},\"potentialAction\":[{\"@type\":\"SearchAction\",\"target\":{\"@type\":\"EntryPoint\",\"urlTemplate\":\"https:\/\/municipales.org.ar\/festram\/?s={search_term_string}\"},\"query-input\":{\"@type\":\"PropertyValueSpecification\",\"valueRequired\":true,\"valueName\":\"search_term_string\"}}],\"inLanguage\":\"es\"},{\"@type\":\"Organization\",\"@id\":\"https:\/\/municipales.org.ar\/festram\/#organization\",\"name\":\"Federaci\u00f3n de Sindicatos de Trabajadores Municipales de la Provincia de Santa Fe\",\"url\":\"https:\/\/municipales.org.ar\/festram\/\",\"logo\":{\"@type\":\"ImageObject\",\"inLanguage\":\"es\",\"@id\":\"https:\/\/municipales.org.ar\/festram\/#\/schema\/logo\/image\/\",\"url\":\"https:\/\/www.municipales.org.ar\/festram\/wp-content\/uploads\/2014\/07\/logo_fes.jpg\",\"contentUrl\":\"https:\/\/www.municipales.org.ar\/festram\/wp-content\/uploads\/2014\/07\/logo_fes.jpg\",\"width\":661,\"height\":673,\"caption\":\"Federaci\u00f3n de Sindicatos de Trabajadores Municipales de la Provincia de Santa Fe\"},\"image\":{\"@id\":\"https:\/\/municipales.org.ar\/festram\/#\/schema\/logo\/image\/\"},\"sameAs\":[\"https:\/\/www.facebook.com\/MunicipalesSF\",\"https:\/\/x.com\/MunicipalesSF\",\"https:\/\/www.youtube.com\/user\/festram\"]},{\"@type\":\"Person\",\"@id\":\"https:\/\/municipales.org.ar\/festram\/#\/schema\/person\/49096a774c48ce9063df4d59ec059f9e\",\"name\":\"mun_admin\"}]}<\/script>\n<!-- \/ Yoast SEO plugin. -->","yoast_head_json":{"title":"Paro, despidos y represi\u00f3n: una crisis que se generaliza &#8211; FESTRAM","description":"La respuesta de Macri a la contundente medida de fuerza en todo el pa\u00eds fue el brutal despido masivo de trabajadores en la agencia de noticias T\u00e9lam y el apaleo feroz que uno de sus virreyes provinciales propin\u00f3 a los docentes de Chubut.","robots":{"index":"index","follow":"follow","max-snippet":"max-snippet:-1","max-image-preview":"max-image-preview:large","max-video-preview":"max-video-preview:-1"},"canonical":"https:\/\/municipales.org.ar\/festram\/paro-despidos-y-represion-una-crisis-que-se-generaliza\/","og_locale":"es_ES","og_type":"article","og_title":"Paro, despidos y represi\u00f3n: una crisis que se generaliza &#8211; FESTRAM","og_description":"La respuesta de Macri a la contundente medida de fuerza en todo el pa\u00eds fue el brutal despido masivo de trabajadores en la agencia de noticias T\u00e9lam y el apaleo feroz que uno de sus virreyes provinciales propin\u00f3 a los docentes de Chubut.","og_url":"https:\/\/municipales.org.ar\/festram\/paro-despidos-y-represion-una-crisis-que-se-generaliza\/","og_site_name":"FESTRAM","article_publisher":"https:\/\/www.facebook.com\/MunicipalesSF","article_published_time":"2018-07-01T13:52:48+00:00","article_modified_time":"2018-07-24T14:01:01+00:00","og_image":[{"width":642,"height":427,"url":"https:\/\/municipales.org.ar\/festram\/wp-content\/uploads\/2018\/07\/0023404547.jpg","type":"image\/jpeg"}],"author":"mun_admin","twitter_card":"summary_large_image","twitter_creator":"@MunicipalesSF","twitter_site":"@MunicipalesSF","twitter_misc":{"Escrito por":"mun_admin","Tiempo de lectura":"4 minutos"},"schema":{"@context":"https:\/\/schema.org","@graph":[{"@type":"Article","@id":"https:\/\/municipales.org.ar\/festram\/paro-despidos-y-represion-una-crisis-que-se-generaliza\/#article","isPartOf":{"@id":"https:\/\/municipales.org.ar\/festram\/paro-despidos-y-represion-una-crisis-que-se-generaliza\/"},"author":{"name":"mun_admin","@id":"https:\/\/municipales.org.ar\/festram\/#\/schema\/person\/49096a774c48ce9063df4d59ec059f9e"},"headline":"Paro, despidos y represi\u00f3n: una crisis que se generaliza","datePublished":"2018-07-01T13:52:48+00:00","dateModified":"2018-07-24T14:01:01+00:00","mainEntityOfPage":{"@id":"https:\/\/municipales.org.ar\/festram\/paro-despidos-y-represion-una-crisis-que-se-generaliza\/"},"wordCount":831,"publisher":{"@id":"https:\/\/municipales.org.ar\/festram\/#organization"},"image":{"@id":"https:\/\/municipales.org.ar\/festram\/paro-despidos-y-represion-una-crisis-que-se-generaliza\/#primaryimage"},"thumbnailUrl":"https:\/\/municipales.org.ar\/festram\/wp-content\/uploads\/2018\/07\/0023404547.jpg","keywords":["el pa\u00eds","opinion"],"articleSection":["Notas Varias"],"inLanguage":"es"},{"@type":"WebPage","@id":"https:\/\/municipales.org.ar\/festram\/paro-despidos-y-represion-una-crisis-que-se-generaliza\/","url":"https:\/\/municipales.org.ar\/festram\/paro-despidos-y-represion-una-crisis-que-se-generaliza\/","name":"Paro, despidos y represi\u00f3n: una crisis que se generaliza &#8211; FESTRAM","isPartOf":{"@id":"https:\/\/municipales.org.ar\/festram\/#website"},"primaryImageOfPage":{"@id":"https:\/\/municipales.org.ar\/festram\/paro-despidos-y-represion-una-crisis-que-se-generaliza\/#primaryimage"},"image":{"@id":"https:\/\/municipales.org.ar\/festram\/paro-despidos-y-represion-una-crisis-que-se-generaliza\/#primaryimage"},"thumbnailUrl":"https:\/\/municipales.org.ar\/festram\/wp-content\/uploads\/2018\/07\/0023404547.jpg","datePublished":"2018-07-01T13:52:48+00:00","dateModified":"2018-07-24T14:01:01+00:00","description":"La respuesta de Macri a la contundente medida de fuerza en todo el pa\u00eds fue el brutal despido masivo de trabajadores en la agencia de noticias T\u00e9lam y el apaleo feroz que uno de sus virreyes provinciales propin\u00f3 a los docentes de Chubut.","breadcrumb":{"@id":"https:\/\/municipales.org.ar\/festram\/paro-despidos-y-represion-una-crisis-que-se-generaliza\/#breadcrumb"},"inLanguage":"es","potentialAction":[{"@type":"ReadAction","target":["https:\/\/municipales.org.ar\/festram\/paro-despidos-y-represion-una-crisis-que-se-generaliza\/"]}]},{"@type":"ImageObject","inLanguage":"es","@id":"https:\/\/municipales.org.ar\/festram\/paro-despidos-y-represion-una-crisis-que-se-generaliza\/#primaryimage","url":"https:\/\/municipales.org.ar\/festram\/wp-content\/uploads\/2018\/07\/0023404547.jpg","contentUrl":"https:\/\/municipales.org.ar\/festram\/wp-content\/uploads\/2018\/07\/0023404547.jpg","width":642,"height":427},{"@type":"BreadcrumbList","@id":"https:\/\/municipales.org.ar\/festram\/paro-despidos-y-represion-una-crisis-que-se-generaliza\/#breadcrumb","itemListElement":[{"@type":"ListItem","position":1,"name":"Portada","item":"https:\/\/municipales.org.ar\/festram\/"},{"@type":"ListItem","position":2,"name":"Paro, despidos y represi\u00f3n: una crisis que se generaliza"}]},{"@type":"WebSite","@id":"https:\/\/municipales.org.ar\/festram\/#website","url":"https:\/\/municipales.org.ar\/festram\/","name":"FESTRAM","description":"La web de los trabajadores municipales","publisher":{"@id":"https:\/\/municipales.org.ar\/festram\/#organization"},"potentialAction":[{"@type":"SearchAction","target":{"@type":"EntryPoint","urlTemplate":"https:\/\/municipales.org.ar\/festram\/?s={search_term_string}"},"query-input":{"@type":"PropertyValueSpecification","valueRequired":true,"valueName":"search_term_string"}}],"inLanguage":"es"},{"@type":"Organization","@id":"https:\/\/municipales.org.ar\/festram\/#organization","name":"Federaci\u00f3n de Sindicatos de Trabajadores Municipales de la Provincia de Santa Fe","url":"https:\/\/municipales.org.ar\/festram\/","logo":{"@type":"ImageObject","inLanguage":"es","@id":"https:\/\/municipales.org.ar\/festram\/#\/schema\/logo\/image\/","url":"https:\/\/www.municipales.org.ar\/festram\/wp-content\/uploads\/2014\/07\/logo_fes.jpg","contentUrl":"https:\/\/www.municipales.org.ar\/festram\/wp-content\/uploads\/2014\/07\/logo_fes.jpg","width":661,"height":673,"caption":"Federaci\u00f3n de Sindicatos de Trabajadores Municipales de la Provincia de Santa Fe"},"image":{"@id":"https:\/\/municipales.org.ar\/festram\/#\/schema\/logo\/image\/"},"sameAs":["https:\/\/www.facebook.com\/MunicipalesSF","https:\/\/x.com\/MunicipalesSF","https:\/\/www.youtube.com\/user\/festram"]},{"@type":"Person","@id":"https:\/\/municipales.org.ar\/festram\/#\/schema\/person\/49096a774c48ce9063df4d59ec059f9e","name":"mun_admin"}]}},"jetpack_publicize_connections":[],"jetpack_featured_media_url":"https:\/\/municipales.org.ar\/festram\/wp-content\/uploads\/2018\/07\/0023404547.jpg","jetpack_sharing_enabled":true,"jetpack_likes_enabled":false,"jetpack_shortlink":"https:\/\/wp.me\/p7l4x1-3rm","_links":{"self":[{"href":"https:\/\/municipales.org.ar\/festram\/wp-json\/wp\/v2\/posts\/13228","targetHints":{"allow":["GET"]}}],"collection":[{"href":"https:\/\/municipales.org.ar\/festram\/wp-json\/wp\/v2\/posts"}],"about":[{"href":"https:\/\/municipales.org.ar\/festram\/wp-json\/wp\/v2\/types\/post"}],"author":[{"embeddable":true,"href":"https:\/\/municipales.org.ar\/festram\/wp-json\/wp\/v2\/users\/1"}],"replies":[{"embeddable":true,"href":"https:\/\/municipales.org.ar\/festram\/wp-json\/wp\/v2\/comments?post=13228"}],"version-history":[{"count":1,"href":"https:\/\/municipales.org.ar\/festram\/wp-json\/wp\/v2\/posts\/13228\/revisions"}],"predecessor-version":[{"id":13230,"href":"https:\/\/municipales.org.ar\/festram\/wp-json\/wp\/v2\/posts\/13228\/revisions\/13230"}],"wp:featuredmedia":[{"embeddable":true,"href":"https:\/\/municipales.org.ar\/festram\/wp-json\/wp\/v2\/media\/13229"}],"wp:attachment":[{"href":"https:\/\/municipales.org.ar\/festram\/wp-json\/wp\/v2\/media?parent=13228"}],"wp:term":[{"taxonomy":"category","embeddable":true,"href":"https:\/\/municipales.org.ar\/festram\/wp-json\/wp\/v2\/categories?post=13228"},{"taxonomy":"post_tag","embeddable":true,"href":"https:\/\/municipales.org.ar\/festram\/wp-json\/wp\/v2\/tags?post=13228"}],"curies":[{"name":"wp","href":"https:\/\/api.w.org\/{rel}","templated":true}]}}