{"id":13301,"date":"2018-07-23T16:43:25","date_gmt":"2018-07-23T19:43:25","guid":{"rendered":"https:\/\/www.municipales.org.ar\/festram\/?p=13301"},"modified":"2018-07-23T16:48:25","modified_gmt":"2018-07-23T19:48:25","slug":"ii-torneo-de-ajedrez-rotas-cadenas","status":"publish","type":"post","link":"https:\/\/municipales.org.ar\/festram\/ii-torneo-de-ajedrez-rotas-cadenas\/","title":{"rendered":"II Torneo de Ajedrez \u201cRotas Cadenas\u201d"},"content":{"rendered":"<h3>El evento se llev\u00f3 a cabo el D\u00eda de la Independencia.<\/h3>\n<p>\u00abLa casa de los trabajadores municipales se abri\u00f3 tal cual el nueve de julio de 1816. En ese espacio se oy\u00f3 un ruido de rotas cadenas. Te vi revolotear sobre la armon\u00eda del lugar, entre los rostros ensimismados de los jugadores, entre tableros rojos y amarillos, tratando de ser lo que una vez fuiste, Independencia\u00bb; referencia la organizaci\u00f3n.<\/p>\n<p>El torneo impulsado por la <a href=\"https:\/\/www.facebook.com\/pg\/ajedrezsocialsantafe\/\">Federaci\u00f3n Santafesina de Ajedrez Social<\/a> estuvo pautado para realizarse desde la ma\u00f1ana del 9 de julio. En uno de los salones del Complejo Institucional \u00abPresidente N\u00e9stor Kirchner\u00bb se desplegaron tablones con una veintena de tableros, a la vez que al aire libre se despleg\u00f3 un ajedr\u00e9z gigante.<\/p>\n<p>Participaron jugadores y jugadoras de las siguientes instituciones: Lugar Barrial de Ajedrez, Escuela de ajedrez de Villa Oculta, Escuela de ajedrez de la V\u00eda Muerta (Colastin\u00e9 &#8211; CAF El Sauce), C\u00edrculo de ajedrez Pe\u00f3n Torre (de Recreo), Centro Paranaense de Ajedrez, Biblioteca Jos\u00e9 Hern\u00e1ndez (de Santo Tom\u00e9); SUM Madre Teresa de Calcuta (de Santo Tom\u00e9), Escuela N\u00ba 1 Sarmiento; as\u00ed como participantes \u00ablibres\u00bb.<\/p>\n<p>Al momento de la premiaci\u00f3n, pudieron observarse ni\u00f1os, ni\u00f1as, j\u00f3venes y adultos, participantes de todas las edades con sus trofeos y medallas con forma de escarapela.<\/p>\n<h6>Prensa Festram<\/h6>\n\t\t<div id=\"fb-root\"><\/div> <script>(function(d, s, id) { var js, fjs = d.getElementsByTagName(s)[0]; if (d.getElementById(id)) return; js = d.createElement(s); js.id = id; js.src = \"\/\/connect.facebook.net\/en_US\/all.js#xfbml=1\"; fjs.parentNode.insertBefore(js, fjs); }(document, 'script', 'facebook-jssdk'));<\/script>\n\t\t<fb:post href=\"https:\/\/www.facebook.com\/media\/set\/?set=a.626925731011891.1073741853.296043220766812&amp;type=1&amp;l=fb80a9df61\/\" width=\"550\"><\/fb:post>\n\t\t\n","protected":false},"excerpt":{"rendered":"<p>El evento se llev\u00f3 a cabo el D\u00eda de la Independencia. \u00abLa casa de los trabajadores municipales se abri\u00f3 tal cual el nueve de julio de 1816. En ese espacio se oy\u00f3 un ruido de rotas cadenas. Te vi revolotear sobre la armon\u00eda del lugar, entre los rostros ensimismados de los jugadores, entre tableros rojos [&hellip;]<\/p>\n","protected":false},"author":1,"featured_media":13302,"comment_status":"closed","ping_status":"closed","sticky":false,"template":"","format":"standard","meta":{"_jetpack_memberships_contains_paid_content":false,"footnotes":"","jetpack_publicize_message":"","jetpack_publicize_feature_enabled":true,"jetpack_social_post_already_shared":true,"jetpack_social_options":{"image_generator_settings":{"template":"highway","default_image_id":0,"font":"","enabled":false},"version":2}},"categories":[167],"tags":[154],"class_list":["post-13301","post","type-post","status-publish","format-standard","has-post-thumbnail","hentry","category-actividades-en-el-complejo","tag-actividades-complejo"],"yoast_head":"<!-- This site is optimized with the Yoast SEO plugin v25.9 - https:\/\/yoast.com\/wordpress\/plugins\/seo\/ -->\n<title>II Torneo de Ajedrez \u201cRotas Cadenas\u201d &#8211; FESTRAM<\/title>\n<meta name=\"description\" content=\"El evento se llev\u00f3 a cabo el D\u00eda de la Independencia. &quot;La casa de los trabajadores municipales se abri\u00f3 tal cual el nueve de julio de 1816. En ese espacioEl torneo impulsado por la Federaci\u00f3n Santafesina de Ajedrez Social estuvo pautado para realizarse desde la ma\u00f1ana del 9 de julio.\" \/>\n<meta name=\"robots\" content=\"index, follow, max-snippet:-1, max-image-preview:large, max-video-preview:-1\" \/>\n<link rel=\"canonical\" href=\"https:\/\/municipales.org.ar\/festram\/ii-torneo-de-ajedrez-rotas-cadenas\/\" \/>\n<meta property=\"og:locale\" content=\"es_ES\" \/>\n<meta property=\"og:type\" content=\"article\" \/>\n<meta property=\"og:title\" content=\"II Torneo de Ajedrez \u201cRotas Cadenas\u201d &#8211; FESTRAM\" \/>\n<meta property=\"og:description\" content=\"El evento se llev\u00f3 a cabo el D\u00eda de la Independencia. &quot;La casa de los trabajadores municipales se abri\u00f3 tal cual el nueve de julio de 1816. En ese espacioEl torneo impulsado por la Federaci\u00f3n Santafesina de Ajedrez Social estuvo pautado para realizarse desde la ma\u00f1ana del 9 de julio.\" \/>\n<meta property=\"og:url\" content=\"https:\/\/municipales.org.ar\/festram\/ii-torneo-de-ajedrez-rotas-cadenas\/\" \/>\n<meta property=\"og:site_name\" content=\"FESTRAM\" \/>\n<meta property=\"article:publisher\" content=\"https:\/\/www.facebook.com\/MunicipalesSF\" \/>\n<meta property=\"article:published_time\" content=\"2018-07-23T19:43:25+00:00\" \/>\n<meta property=\"article:modified_time\" content=\"2018-07-23T19:48:25+00:00\" \/>\n<meta property=\"og:image\" content=\"https:\/\/municipales.org.ar\/festram\/wp-content\/uploads\/2018\/07\/36968083_624865251217939_7554402819994812416_o.jpg\" \/>\n\t<meta property=\"og:image:width\" content=\"2048\" \/>\n\t<meta property=\"og:image:height\" content=\"1365\" \/>\n\t<meta property=\"og:image:type\" content=\"image\/jpeg\" \/>\n<meta name=\"author\" content=\"mun_admin\" \/>\n<meta name=\"twitter:card\" content=\"summary_large_image\" \/>\n<meta name=\"twitter:creator\" content=\"@MunicipalesSF\" \/>\n<meta name=\"twitter:site\" content=\"@MunicipalesSF\" \/>\n<meta name=\"twitter:label1\" content=\"Escrito por\" \/>\n\t<meta name=\"twitter:data1\" content=\"mun_admin\" \/>\n\t<meta name=\"twitter:label2\" content=\"Tiempo de lectura\" \/>\n\t<meta name=\"twitter:data2\" content=\"1 minuto\" \/>\n<script type=\"application\/ld+json\" class=\"yoast-schema-graph\">{\"@context\":\"https:\/\/schema.org\",\"@graph\":[{\"@type\":\"Article\",\"@id\":\"https:\/\/municipales.org.ar\/festram\/ii-torneo-de-ajedrez-rotas-cadenas\/#article\",\"isPartOf\":{\"@id\":\"https:\/\/municipales.org.ar\/festram\/ii-torneo-de-ajedrez-rotas-cadenas\/\"},\"author\":{\"name\":\"mun_admin\",\"@id\":\"https:\/\/municipales.org.ar\/festram\/#\/schema\/person\/49096a774c48ce9063df4d59ec059f9e\"},\"headline\":\"II Torneo de Ajedrez \u201cRotas Cadenas\u201d\",\"datePublished\":\"2018-07-23T19:43:25+00:00\",\"dateModified\":\"2018-07-23T19:48:25+00:00\",\"mainEntityOfPage\":{\"@id\":\"https:\/\/municipales.org.ar\/festram\/ii-torneo-de-ajedrez-rotas-cadenas\/\"},\"wordCount\":250,\"publisher\":{\"@id\":\"https:\/\/municipales.org.ar\/festram\/#organization\"},\"image\":{\"@id\":\"https:\/\/municipales.org.ar\/festram\/ii-torneo-de-ajedrez-rotas-cadenas\/#primaryimage\"},\"thumbnailUrl\":\"https:\/\/municipales.org.ar\/festram\/wp-content\/uploads\/2018\/07\/36968083_624865251217939_7554402819994812416_o.jpg\",\"keywords\":[\"actividades complejo\"],\"articleSection\":[\"actividades en el complejo\"],\"inLanguage\":\"es\"},{\"@type\":\"WebPage\",\"@id\":\"https:\/\/municipales.org.ar\/festram\/ii-torneo-de-ajedrez-rotas-cadenas\/\",\"url\":\"https:\/\/municipales.org.ar\/festram\/ii-torneo-de-ajedrez-rotas-cadenas\/\",\"name\":\"II Torneo de Ajedrez \u201cRotas Cadenas\u201d &#8211; FESTRAM\",\"isPartOf\":{\"@id\":\"https:\/\/municipales.org.ar\/festram\/#website\"},\"primaryImageOfPage\":{\"@id\":\"https:\/\/municipales.org.ar\/festram\/ii-torneo-de-ajedrez-rotas-cadenas\/#primaryimage\"},\"image\":{\"@id\":\"https:\/\/municipales.org.ar\/festram\/ii-torneo-de-ajedrez-rotas-cadenas\/#primaryimage\"},\"thumbnailUrl\":\"https:\/\/municipales.org.ar\/festram\/wp-content\/uploads\/2018\/07\/36968083_624865251217939_7554402819994812416_o.jpg\",\"datePublished\":\"2018-07-23T19:43:25+00:00\",\"dateModified\":\"2018-07-23T19:48:25+00:00\",\"description\":\"El evento se llev\u00f3 a cabo el D\u00eda de la Independencia. \\\"La casa de los trabajadores municipales se abri\u00f3 tal cual el nueve de julio de 1816. En ese espacioEl torneo impulsado por la Federaci\u00f3n Santafesina de Ajedrez Social estuvo pautado para realizarse desde la ma\u00f1ana del 9 de julio.\",\"breadcrumb\":{\"@id\":\"https:\/\/municipales.org.ar\/festram\/ii-torneo-de-ajedrez-rotas-cadenas\/#breadcrumb\"},\"inLanguage\":\"es\",\"potentialAction\":[{\"@type\":\"ReadAction\",\"target\":[\"https:\/\/municipales.org.ar\/festram\/ii-torneo-de-ajedrez-rotas-cadenas\/\"]}]},{\"@type\":\"ImageObject\",\"inLanguage\":\"es\",\"@id\":\"https:\/\/municipales.org.ar\/festram\/ii-torneo-de-ajedrez-rotas-cadenas\/#primaryimage\",\"url\":\"https:\/\/municipales.org.ar\/festram\/wp-content\/uploads\/2018\/07\/36968083_624865251217939_7554402819994812416_o.jpg\",\"contentUrl\":\"https:\/\/municipales.org.ar\/festram\/wp-content\/uploads\/2018\/07\/36968083_624865251217939_7554402819994812416_o.jpg\",\"width\":2048,\"height\":1365},{\"@type\":\"BreadcrumbList\",\"@id\":\"https:\/\/municipales.org.ar\/festram\/ii-torneo-de-ajedrez-rotas-cadenas\/#breadcrumb\",\"itemListElement\":[{\"@type\":\"ListItem\",\"position\":1,\"name\":\"Portada\",\"item\":\"https:\/\/municipales.org.ar\/festram\/\"},{\"@type\":\"ListItem\",\"position\":2,\"name\":\"II Torneo de Ajedrez \u201cRotas Cadenas\u201d\"}]},{\"@type\":\"WebSite\",\"@id\":\"https:\/\/municipales.org.ar\/festram\/#website\",\"url\":\"https:\/\/municipales.org.ar\/festram\/\",\"name\":\"FESTRAM\",\"description\":\"La web de los trabajadores municipales\",\"publisher\":{\"@id\":\"https:\/\/municipales.org.ar\/festram\/#organization\"},\"potentialAction\":[{\"@type\":\"SearchAction\",\"target\":{\"@type\":\"EntryPoint\",\"urlTemplate\":\"https:\/\/municipales.org.ar\/festram\/?s={search_term_string}\"},\"query-input\":{\"@type\":\"PropertyValueSpecification\",\"valueRequired\":true,\"valueName\":\"search_term_string\"}}],\"inLanguage\":\"es\"},{\"@type\":\"Organization\",\"@id\":\"https:\/\/municipales.org.ar\/festram\/#organization\",\"name\":\"Federaci\u00f3n de Sindicatos de Trabajadores Municipales de la Provincia de Santa Fe\",\"url\":\"https:\/\/municipales.org.ar\/festram\/\",\"logo\":{\"@type\":\"ImageObject\",\"inLanguage\":\"es\",\"@id\":\"https:\/\/municipales.org.ar\/festram\/#\/schema\/logo\/image\/\",\"url\":\"https:\/\/www.municipales.org.ar\/festram\/wp-content\/uploads\/2014\/07\/logo_fes.jpg\",\"contentUrl\":\"https:\/\/www.municipales.org.ar\/festram\/wp-content\/uploads\/2014\/07\/logo_fes.jpg\",\"width\":661,\"height\":673,\"caption\":\"Federaci\u00f3n de Sindicatos de Trabajadores Municipales de la Provincia de Santa Fe\"},\"image\":{\"@id\":\"https:\/\/municipales.org.ar\/festram\/#\/schema\/logo\/image\/\"},\"sameAs\":[\"https:\/\/www.facebook.com\/MunicipalesSF\",\"https:\/\/x.com\/MunicipalesSF\",\"https:\/\/www.youtube.com\/user\/festram\"]},{\"@type\":\"Person\",\"@id\":\"https:\/\/municipales.org.ar\/festram\/#\/schema\/person\/49096a774c48ce9063df4d59ec059f9e\",\"name\":\"mun_admin\"}]}<\/script>\n<!-- \/ Yoast SEO plugin. -->","yoast_head_json":{"title":"II Torneo de Ajedrez \u201cRotas Cadenas\u201d &#8211; FESTRAM","description":"El evento se llev\u00f3 a cabo el D\u00eda de la Independencia. \"La casa de los trabajadores municipales se abri\u00f3 tal cual el nueve de julio de 1816. En ese espacioEl torneo impulsado por la Federaci\u00f3n Santafesina de Ajedrez Social estuvo pautado para realizarse desde la ma\u00f1ana del 9 de julio.","robots":{"index":"index","follow":"follow","max-snippet":"max-snippet:-1","max-image-preview":"max-image-preview:large","max-video-preview":"max-video-preview:-1"},"canonical":"https:\/\/municipales.org.ar\/festram\/ii-torneo-de-ajedrez-rotas-cadenas\/","og_locale":"es_ES","og_type":"article","og_title":"II Torneo de Ajedrez \u201cRotas Cadenas\u201d &#8211; FESTRAM","og_description":"El evento se llev\u00f3 a cabo el D\u00eda de la Independencia. \"La casa de los trabajadores municipales se abri\u00f3 tal cual el nueve de julio de 1816. En ese espacioEl torneo impulsado por la Federaci\u00f3n Santafesina de Ajedrez Social estuvo pautado para realizarse desde la ma\u00f1ana del 9 de julio.","og_url":"https:\/\/municipales.org.ar\/festram\/ii-torneo-de-ajedrez-rotas-cadenas\/","og_site_name":"FESTRAM","article_publisher":"https:\/\/www.facebook.com\/MunicipalesSF","article_published_time":"2018-07-23T19:43:25+00:00","article_modified_time":"2018-07-23T19:48:25+00:00","og_image":[{"width":2048,"height":1365,"url":"https:\/\/municipales.org.ar\/festram\/wp-content\/uploads\/2018\/07\/36968083_624865251217939_7554402819994812416_o.jpg","type":"image\/jpeg"}],"author":"mun_admin","twitter_card":"summary_large_image","twitter_creator":"@MunicipalesSF","twitter_site":"@MunicipalesSF","twitter_misc":{"Escrito por":"mun_admin","Tiempo de lectura":"1 minuto"},"schema":{"@context":"https:\/\/schema.org","@graph":[{"@type":"Article","@id":"https:\/\/municipales.org.ar\/festram\/ii-torneo-de-ajedrez-rotas-cadenas\/#article","isPartOf":{"@id":"https:\/\/municipales.org.ar\/festram\/ii-torneo-de-ajedrez-rotas-cadenas\/"},"author":{"name":"mun_admin","@id":"https:\/\/municipales.org.ar\/festram\/#\/schema\/person\/49096a774c48ce9063df4d59ec059f9e"},"headline":"II Torneo de Ajedrez \u201cRotas Cadenas\u201d","datePublished":"2018-07-23T19:43:25+00:00","dateModified":"2018-07-23T19:48:25+00:00","mainEntityOfPage":{"@id":"https:\/\/municipales.org.ar\/festram\/ii-torneo-de-ajedrez-rotas-cadenas\/"},"wordCount":250,"publisher":{"@id":"https:\/\/municipales.org.ar\/festram\/#organization"},"image":{"@id":"https:\/\/municipales.org.ar\/festram\/ii-torneo-de-ajedrez-rotas-cadenas\/#primaryimage"},"thumbnailUrl":"https:\/\/municipales.org.ar\/festram\/wp-content\/uploads\/2018\/07\/36968083_624865251217939_7554402819994812416_o.jpg","keywords":["actividades complejo"],"articleSection":["actividades en el complejo"],"inLanguage":"es"},{"@type":"WebPage","@id":"https:\/\/municipales.org.ar\/festram\/ii-torneo-de-ajedrez-rotas-cadenas\/","url":"https:\/\/municipales.org.ar\/festram\/ii-torneo-de-ajedrez-rotas-cadenas\/","name":"II Torneo de Ajedrez \u201cRotas Cadenas\u201d &#8211; FESTRAM","isPartOf":{"@id":"https:\/\/municipales.org.ar\/festram\/#website"},"primaryImageOfPage":{"@id":"https:\/\/municipales.org.ar\/festram\/ii-torneo-de-ajedrez-rotas-cadenas\/#primaryimage"},"image":{"@id":"https:\/\/municipales.org.ar\/festram\/ii-torneo-de-ajedrez-rotas-cadenas\/#primaryimage"},"thumbnailUrl":"https:\/\/municipales.org.ar\/festram\/wp-content\/uploads\/2018\/07\/36968083_624865251217939_7554402819994812416_o.jpg","datePublished":"2018-07-23T19:43:25+00:00","dateModified":"2018-07-23T19:48:25+00:00","description":"El evento se llev\u00f3 a cabo el D\u00eda de la Independencia. \"La casa de los trabajadores municipales se abri\u00f3 tal cual el nueve de julio de 1816. En ese espacioEl torneo impulsado por la Federaci\u00f3n Santafesina de Ajedrez Social estuvo pautado para realizarse desde la ma\u00f1ana del 9 de julio.","breadcrumb":{"@id":"https:\/\/municipales.org.ar\/festram\/ii-torneo-de-ajedrez-rotas-cadenas\/#breadcrumb"},"inLanguage":"es","potentialAction":[{"@type":"ReadAction","target":["https:\/\/municipales.org.ar\/festram\/ii-torneo-de-ajedrez-rotas-cadenas\/"]}]},{"@type":"ImageObject","inLanguage":"es","@id":"https:\/\/municipales.org.ar\/festram\/ii-torneo-de-ajedrez-rotas-cadenas\/#primaryimage","url":"https:\/\/municipales.org.ar\/festram\/wp-content\/uploads\/2018\/07\/36968083_624865251217939_7554402819994812416_o.jpg","contentUrl":"https:\/\/municipales.org.ar\/festram\/wp-content\/uploads\/2018\/07\/36968083_624865251217939_7554402819994812416_o.jpg","width":2048,"height":1365},{"@type":"BreadcrumbList","@id":"https:\/\/municipales.org.ar\/festram\/ii-torneo-de-ajedrez-rotas-cadenas\/#breadcrumb","itemListElement":[{"@type":"ListItem","position":1,"name":"Portada","item":"https:\/\/municipales.org.ar\/festram\/"},{"@type":"ListItem","position":2,"name":"II Torneo de Ajedrez \u201cRotas Cadenas\u201d"}]},{"@type":"WebSite","@id":"https:\/\/municipales.org.ar\/festram\/#website","url":"https:\/\/municipales.org.ar\/festram\/","name":"FESTRAM","description":"La web de los trabajadores municipales","publisher":{"@id":"https:\/\/municipales.org.ar\/festram\/#organization"},"potentialAction":[{"@type":"SearchAction","target":{"@type":"EntryPoint","urlTemplate":"https:\/\/municipales.org.ar\/festram\/?s={search_term_string}"},"query-input":{"@type":"PropertyValueSpecification","valueRequired":true,"valueName":"search_term_string"}}],"inLanguage":"es"},{"@type":"Organization","@id":"https:\/\/municipales.org.ar\/festram\/#organization","name":"Federaci\u00f3n de Sindicatos de Trabajadores Municipales de la Provincia de Santa Fe","url":"https:\/\/municipales.org.ar\/festram\/","logo":{"@type":"ImageObject","inLanguage":"es","@id":"https:\/\/municipales.org.ar\/festram\/#\/schema\/logo\/image\/","url":"https:\/\/www.municipales.org.ar\/festram\/wp-content\/uploads\/2014\/07\/logo_fes.jpg","contentUrl":"https:\/\/www.municipales.org.ar\/festram\/wp-content\/uploads\/2014\/07\/logo_fes.jpg","width":661,"height":673,"caption":"Federaci\u00f3n de Sindicatos de Trabajadores Municipales de la Provincia de Santa Fe"},"image":{"@id":"https:\/\/municipales.org.ar\/festram\/#\/schema\/logo\/image\/"},"sameAs":["https:\/\/www.facebook.com\/MunicipalesSF","https:\/\/x.com\/MunicipalesSF","https:\/\/www.youtube.com\/user\/festram"]},{"@type":"Person","@id":"https:\/\/municipales.org.ar\/festram\/#\/schema\/person\/49096a774c48ce9063df4d59ec059f9e","name":"mun_admin"}]}},"jetpack_publicize_connections":[],"jetpack_featured_media_url":"https:\/\/municipales.org.ar\/festram\/wp-content\/uploads\/2018\/07\/36968083_624865251217939_7554402819994812416_o.jpg","jetpack_sharing_enabled":true,"jetpack_likes_enabled":false,"jetpack_shortlink":"https:\/\/wp.me\/p7l4x1-3sx","_links":{"self":[{"href":"https:\/\/municipales.org.ar\/festram\/wp-json\/wp\/v2\/posts\/13301","targetHints":{"allow":["GET"]}}],"collection":[{"href":"https:\/\/municipales.org.ar\/festram\/wp-json\/wp\/v2\/posts"}],"about":[{"href":"https:\/\/municipales.org.ar\/festram\/wp-json\/wp\/v2\/types\/post"}],"author":[{"embeddable":true,"href":"https:\/\/municipales.org.ar\/festram\/wp-json\/wp\/v2\/users\/1"}],"replies":[{"embeddable":true,"href":"https:\/\/municipales.org.ar\/festram\/wp-json\/wp\/v2\/comments?post=13301"}],"version-history":[{"count":3,"href":"https:\/\/municipales.org.ar\/festram\/wp-json\/wp\/v2\/posts\/13301\/revisions"}],"predecessor-version":[{"id":13305,"href":"https:\/\/municipales.org.ar\/festram\/wp-json\/wp\/v2\/posts\/13301\/revisions\/13305"}],"wp:featuredmedia":[{"embeddable":true,"href":"https:\/\/municipales.org.ar\/festram\/wp-json\/wp\/v2\/media\/13302"}],"wp:attachment":[{"href":"https:\/\/municipales.org.ar\/festram\/wp-json\/wp\/v2\/media?parent=13301"}],"wp:term":[{"taxonomy":"category","embeddable":true,"href":"https:\/\/municipales.org.ar\/festram\/wp-json\/wp\/v2\/categories?post=13301"},{"taxonomy":"post_tag","embeddable":true,"href":"https:\/\/municipales.org.ar\/festram\/wp-json\/wp\/v2\/tags?post=13301"}],"curies":[{"name":"wp","href":"https:\/\/api.w.org\/{rel}","templated":true}]}}