{"id":13323,"date":"2018-08-06T17:47:30","date_gmt":"2018-08-06T20:47:30","guid":{"rendered":"https:\/\/www.municipales.org.ar\/festram\/?p=13323"},"modified":"2018-08-10T13:41:47","modified_gmt":"2018-08-10T16:41:47","slug":"se-llevo-a-cabo-el-encuentro-de-mujeres-municipales-y-comunales-en-tiempos-de-reformas","status":"publish","type":"post","link":"https:\/\/municipales.org.ar\/festram\/se-llevo-a-cabo-el-encuentro-de-mujeres-municipales-y-comunales-en-tiempos-de-reformas\/","title":{"rendered":"Se llev\u00f3 a cabo el Encuentro de Mujeres Municipales y Comunales en Tiempos de Reformas"},"content":{"rendered":"<h3>El d\u00eda 2 de agosto pasado, se realiz\u00f3 en el Complejo Institucional de FESTRAM, en la ciudad de Santa Fe, el \u201cEncuentro de Mujeres Municipales y Comunales en Tiempos de Reforma\u201d.<\/h3>\n<p>&nbsp;<\/p>\n<p>Participaron del mismo doscientas veinte (220) compa\u00f1eras de todo el territorio provincial, pertenecientes a los Sindicatos nucleados en la Federaci\u00f3n, que se dividieron en ocho (8) Comisiones que debatieron sobre dos ejes disparadores: Brecha Salarial y Reforma Laboral y, por otro lado, Participaci\u00f3n Sindical de las Mujeres, para luego en Plenario dar lectura a las conclusiones de cada una de ellas.<\/p>\n<p>La actividad se desarroll\u00f3 conjuntamente con una exposici\u00f3n fotogr\u00e1fica que finaliz\u00f3 con la selecci\u00f3n de la fotograf\u00eda m\u00e1s votada y un reconocimiento al Sindicato autor de la misma. Distintos retratos de compa\u00f1eras en lucha, fueron el atractivo de la jornada y motiv\u00f3 que estallara la emoci\u00f3n al cierre.<\/p>\n<p>La imagen seleccionada, fue la de dos compa\u00f1eras en la toma de la Municipalidad de San Javier por incumplimiento de salario -en el a\u00f1o 1973- lo cual dio lugar a la creaci\u00f3n del Sindicato de esa Ciudad. Las compa\u00f1eras que estuvieron presentes en la jornada, relataron c\u00f3mo sucedieron estos hechos hist\u00f3ricos dentro del sindicalismo municipal.<\/p>\n<p>Participaron de la actividad Ana Cubilla, Secretaria General del Sindicato de Obreros Rurales de Misiones y Antonella Scappini, integrante de la Comisi\u00f3n Directiva de dicho gremio.<\/p>\n<p>El Cierre estuvo a cargo del Secretario General de FESTRAM Claudio Leoni, y la Secretaria de Pol\u00edticas de G\u00e9nero, Ni\u00f1ez, Familia y Medio Ambiente de FESTRAM Mar\u00eda Jos\u00e9 Barrios, junto a la dirigente misionera.<\/p>\n<p>Claudio Leoni hizo una referencia espec\u00edfica al rol de las mujeres en este momento, a su capacidad de movilizaci\u00f3n y de instalar temas en la sociedad y que ellas \u201c\u2026son protagonistas de cambios revolucionarios\u2026\u201d<\/p>\n<p>A su turno Mar\u00eda Jos\u00e9 Barrios evalu\u00f3: \u201c\u2026.este encuentro ha permitido generar herramientas para avanzar en la concreci\u00f3n de pol\u00edticas de g\u00e9nero que atraviesen no s\u00f3lo al mundo sindical sino a toda la sociedad.<\/p>\n<p>Con la presencia de Macumb\u00e9 (Mujeres Candomberas) las mujeres cerraron una productiva jornada, al ritmo de los tambores y el movimiento de sus cuerpos.<\/p>\n<p>&nbsp;<\/p>\n<p>[srizonfbalbum id=84]<br \/>\n<a href=\"https:\/\/www.facebook.com\/media\/set\/?set=a.1966392366758004.1073741962.117916918272234&amp;type=1&amp;l=9f0ba7b7ef\" target=\"_blank\" rel=\"noopener\">M\u00e1s fotos en la P\u00e1gina de FESTRAM en Facebook<\/a><\/p>\n","protected":false},"excerpt":{"rendered":"<p>El d\u00eda 2 de agosto pasado, se realiz\u00f3 en el Complejo Institucional de FESTRAM, en la ciudad de Santa Fe, el \u201cEncuentro de Mujeres Municipales y Comunales en Tiempos de Reforma\u201d.<\/p>\n","protected":false},"author":1,"featured_media":13327,"comment_status":"closed","ping_status":"closed","sticky":false,"template":"","format":"video","meta":{"_jetpack_memberships_contains_paid_content":false,"footnotes":"","jetpack_publicize_message":"","jetpack_publicize_feature_enabled":true,"jetpack_social_post_already_shared":true,"jetpack_social_options":{"image_generator_settings":{"template":"highway","default_image_id":0,"font":"","enabled":false},"version":2}},"categories":[50],"tags":[87],"class_list":["post-13323","post","type-post","status-publish","format-video","has-post-thumbnail","hentry","category-genero","tag-genero-2","post_format-post-format-video"],"yoast_head":"<!-- This site is optimized with the Yoast SEO plugin v25.9 - https:\/\/yoast.com\/wordpress\/plugins\/seo\/ -->\n<title>Se llev\u00f3 a cabo el Encuentro de Mujeres Municipales y Comunales en Tiempos de Reformas &#8211; FESTRAM<\/title>\n<meta name=\"description\" content=\"El d\u00eda 2 de agosto pasado, se realiz\u00f3 en el Complejo Institucional de FESTRAM, en la ciudad de Santa Fe, el \u201cEncuentro de Mujeres Municipales y Comunales en Tiempos de Reforma\u201d.\" \/>\n<meta name=\"robots\" content=\"index, follow, max-snippet:-1, max-image-preview:large, max-video-preview:-1\" \/>\n<link rel=\"canonical\" href=\"https:\/\/municipales.org.ar\/festram\/se-llevo-a-cabo-el-encuentro-de-mujeres-municipales-y-comunales-en-tiempos-de-reformas\/\" \/>\n<meta property=\"og:locale\" content=\"es_ES\" \/>\n<meta property=\"og:type\" content=\"article\" \/>\n<meta property=\"og:title\" content=\"Se llev\u00f3 a cabo el Encuentro de Mujeres Municipales y Comunales en Tiempos de Reformas &#8211; FESTRAM\" \/>\n<meta property=\"og:description\" content=\"El d\u00eda 2 de agosto pasado, se realiz\u00f3 en el Complejo Institucional de FESTRAM, en la ciudad de Santa Fe, el \u201cEncuentro de Mujeres Municipales y Comunales en Tiempos de Reforma\u201d.\" \/>\n<meta property=\"og:url\" content=\"https:\/\/municipales.org.ar\/festram\/se-llevo-a-cabo-el-encuentro-de-mujeres-municipales-y-comunales-en-tiempos-de-reformas\/\" \/>\n<meta property=\"og:site_name\" content=\"FESTRAM\" \/>\n<meta property=\"article:publisher\" content=\"https:\/\/www.facebook.com\/MunicipalesSF\" \/>\n<meta property=\"article:published_time\" content=\"2018-08-06T20:47:30+00:00\" \/>\n<meta property=\"article:modified_time\" content=\"2018-08-10T16:41:47+00:00\" \/>\n<meta property=\"og:image\" content=\"https:\/\/municipales.org.ar\/festram\/wp-content\/uploads\/2018\/08\/38637430_1966405403423367_6537671391154536448_o.jpg\" \/>\n\t<meta property=\"og:image:width\" content=\"800\" \/>\n\t<meta property=\"og:image:height\" content=\"389\" \/>\n\t<meta property=\"og:image:type\" content=\"image\/jpeg\" \/>\n<meta name=\"author\" content=\"mun_admin\" \/>\n<meta name=\"twitter:card\" content=\"summary_large_image\" \/>\n<meta name=\"twitter:creator\" content=\"@MunicipalesSF\" \/>\n<meta name=\"twitter:site\" content=\"@MunicipalesSF\" \/>\n<meta name=\"twitter:label1\" content=\"Escrito por\" \/>\n\t<meta name=\"twitter:data1\" content=\"mun_admin\" \/>\n\t<meta name=\"twitter:label2\" content=\"Tiempo de lectura\" \/>\n\t<meta name=\"twitter:data2\" content=\"2 minutos\" \/>\n<script type=\"application\/ld+json\" class=\"yoast-schema-graph\">{\"@context\":\"https:\/\/schema.org\",\"@graph\":[{\"@type\":\"Article\",\"@id\":\"https:\/\/municipales.org.ar\/festram\/se-llevo-a-cabo-el-encuentro-de-mujeres-municipales-y-comunales-en-tiempos-de-reformas\/#article\",\"isPartOf\":{\"@id\":\"https:\/\/municipales.org.ar\/festram\/se-llevo-a-cabo-el-encuentro-de-mujeres-municipales-y-comunales-en-tiempos-de-reformas\/\"},\"author\":{\"name\":\"mun_admin\",\"@id\":\"https:\/\/municipales.org.ar\/festram\/#\/schema\/person\/49096a774c48ce9063df4d59ec059f9e\"},\"headline\":\"Se llev\u00f3 a cabo el Encuentro de Mujeres Municipales y Comunales en Tiempos de Reformas\",\"datePublished\":\"2018-08-06T20:47:30+00:00\",\"dateModified\":\"2018-08-10T16:41:47+00:00\",\"mainEntityOfPage\":{\"@id\":\"https:\/\/municipales.org.ar\/festram\/se-llevo-a-cabo-el-encuentro-de-mujeres-municipales-y-comunales-en-tiempos-de-reformas\/\"},\"wordCount\":403,\"publisher\":{\"@id\":\"https:\/\/municipales.org.ar\/festram\/#organization\"},\"image\":{\"@id\":\"https:\/\/municipales.org.ar\/festram\/se-llevo-a-cabo-el-encuentro-de-mujeres-municipales-y-comunales-en-tiempos-de-reformas\/#primaryimage\"},\"thumbnailUrl\":\"https:\/\/municipales.org.ar\/festram\/wp-content\/uploads\/2018\/08\/38637430_1966405403423367_6537671391154536448_o.jpg\",\"keywords\":[\"g\u00e9nero\"],\"articleSection\":[\"G\u00e9nero\"],\"inLanguage\":\"es\"},{\"@type\":\"WebPage\",\"@id\":\"https:\/\/municipales.org.ar\/festram\/se-llevo-a-cabo-el-encuentro-de-mujeres-municipales-y-comunales-en-tiempos-de-reformas\/\",\"url\":\"https:\/\/municipales.org.ar\/festram\/se-llevo-a-cabo-el-encuentro-de-mujeres-municipales-y-comunales-en-tiempos-de-reformas\/\",\"name\":\"Se llev\u00f3 a cabo el Encuentro de Mujeres Municipales y Comunales en Tiempos de Reformas &#8211; FESTRAM\",\"isPartOf\":{\"@id\":\"https:\/\/municipales.org.ar\/festram\/#website\"},\"primaryImageOfPage\":{\"@id\":\"https:\/\/municipales.org.ar\/festram\/se-llevo-a-cabo-el-encuentro-de-mujeres-municipales-y-comunales-en-tiempos-de-reformas\/#primaryimage\"},\"image\":{\"@id\":\"https:\/\/municipales.org.ar\/festram\/se-llevo-a-cabo-el-encuentro-de-mujeres-municipales-y-comunales-en-tiempos-de-reformas\/#primaryimage\"},\"thumbnailUrl\":\"https:\/\/municipales.org.ar\/festram\/wp-content\/uploads\/2018\/08\/38637430_1966405403423367_6537671391154536448_o.jpg\",\"datePublished\":\"2018-08-06T20:47:30+00:00\",\"dateModified\":\"2018-08-10T16:41:47+00:00\",\"description\":\"El d\u00eda 2 de agosto pasado, se realiz\u00f3 en el Complejo Institucional de FESTRAM, en la ciudad de Santa Fe, el \u201cEncuentro de Mujeres Municipales y Comunales en Tiempos de Reforma\u201d.\",\"breadcrumb\":{\"@id\":\"https:\/\/municipales.org.ar\/festram\/se-llevo-a-cabo-el-encuentro-de-mujeres-municipales-y-comunales-en-tiempos-de-reformas\/#breadcrumb\"},\"inLanguage\":\"es\",\"potentialAction\":[{\"@type\":\"ReadAction\",\"target\":[\"https:\/\/municipales.org.ar\/festram\/se-llevo-a-cabo-el-encuentro-de-mujeres-municipales-y-comunales-en-tiempos-de-reformas\/\"]}]},{\"@type\":\"ImageObject\",\"inLanguage\":\"es\",\"@id\":\"https:\/\/municipales.org.ar\/festram\/se-llevo-a-cabo-el-encuentro-de-mujeres-municipales-y-comunales-en-tiempos-de-reformas\/#primaryimage\",\"url\":\"https:\/\/municipales.org.ar\/festram\/wp-content\/uploads\/2018\/08\/38637430_1966405403423367_6537671391154536448_o.jpg\",\"contentUrl\":\"https:\/\/municipales.org.ar\/festram\/wp-content\/uploads\/2018\/08\/38637430_1966405403423367_6537671391154536448_o.jpg\",\"width\":800,\"height\":389},{\"@type\":\"BreadcrumbList\",\"@id\":\"https:\/\/municipales.org.ar\/festram\/se-llevo-a-cabo-el-encuentro-de-mujeres-municipales-y-comunales-en-tiempos-de-reformas\/#breadcrumb\",\"itemListElement\":[{\"@type\":\"ListItem\",\"position\":1,\"name\":\"Portada\",\"item\":\"https:\/\/municipales.org.ar\/festram\/\"},{\"@type\":\"ListItem\",\"position\":2,\"name\":\"Se llev\u00f3 a cabo el Encuentro de Mujeres Municipales y Comunales en Tiempos de Reformas\"}]},{\"@type\":\"WebSite\",\"@id\":\"https:\/\/municipales.org.ar\/festram\/#website\",\"url\":\"https:\/\/municipales.org.ar\/festram\/\",\"name\":\"FESTRAM\",\"description\":\"La web de los trabajadores municipales\",\"publisher\":{\"@id\":\"https:\/\/municipales.org.ar\/festram\/#organization\"},\"potentialAction\":[{\"@type\":\"SearchAction\",\"target\":{\"@type\":\"EntryPoint\",\"urlTemplate\":\"https:\/\/municipales.org.ar\/festram\/?s={search_term_string}\"},\"query-input\":{\"@type\":\"PropertyValueSpecification\",\"valueRequired\":true,\"valueName\":\"search_term_string\"}}],\"inLanguage\":\"es\"},{\"@type\":\"Organization\",\"@id\":\"https:\/\/municipales.org.ar\/festram\/#organization\",\"name\":\"Federaci\u00f3n de Sindicatos de Trabajadores Municipales de la Provincia de Santa Fe\",\"url\":\"https:\/\/municipales.org.ar\/festram\/\",\"logo\":{\"@type\":\"ImageObject\",\"inLanguage\":\"es\",\"@id\":\"https:\/\/municipales.org.ar\/festram\/#\/schema\/logo\/image\/\",\"url\":\"https:\/\/www.municipales.org.ar\/festram\/wp-content\/uploads\/2014\/07\/logo_fes.jpg\",\"contentUrl\":\"https:\/\/www.municipales.org.ar\/festram\/wp-content\/uploads\/2014\/07\/logo_fes.jpg\",\"width\":661,\"height\":673,\"caption\":\"Federaci\u00f3n de Sindicatos de Trabajadores Municipales de la Provincia de Santa Fe\"},\"image\":{\"@id\":\"https:\/\/municipales.org.ar\/festram\/#\/schema\/logo\/image\/\"},\"sameAs\":[\"https:\/\/www.facebook.com\/MunicipalesSF\",\"https:\/\/x.com\/MunicipalesSF\",\"https:\/\/www.youtube.com\/user\/festram\"]},{\"@type\":\"Person\",\"@id\":\"https:\/\/municipales.org.ar\/festram\/#\/schema\/person\/49096a774c48ce9063df4d59ec059f9e\",\"name\":\"mun_admin\"}]}<\/script>\n<!-- \/ Yoast SEO plugin. -->","yoast_head_json":{"title":"Se llev\u00f3 a cabo el Encuentro de Mujeres Municipales y Comunales en Tiempos de Reformas &#8211; FESTRAM","description":"El d\u00eda 2 de agosto pasado, se realiz\u00f3 en el Complejo Institucional de FESTRAM, en la ciudad de Santa Fe, el \u201cEncuentro de Mujeres Municipales y Comunales en Tiempos de Reforma\u201d.","robots":{"index":"index","follow":"follow","max-snippet":"max-snippet:-1","max-image-preview":"max-image-preview:large","max-video-preview":"max-video-preview:-1"},"canonical":"https:\/\/municipales.org.ar\/festram\/se-llevo-a-cabo-el-encuentro-de-mujeres-municipales-y-comunales-en-tiempos-de-reformas\/","og_locale":"es_ES","og_type":"article","og_title":"Se llev\u00f3 a cabo el Encuentro de Mujeres Municipales y Comunales en Tiempos de Reformas &#8211; FESTRAM","og_description":"El d\u00eda 2 de agosto pasado, se realiz\u00f3 en el Complejo Institucional de FESTRAM, en la ciudad de Santa Fe, el \u201cEncuentro de Mujeres Municipales y Comunales en Tiempos de Reforma\u201d.","og_url":"https:\/\/municipales.org.ar\/festram\/se-llevo-a-cabo-el-encuentro-de-mujeres-municipales-y-comunales-en-tiempos-de-reformas\/","og_site_name":"FESTRAM","article_publisher":"https:\/\/www.facebook.com\/MunicipalesSF","article_published_time":"2018-08-06T20:47:30+00:00","article_modified_time":"2018-08-10T16:41:47+00:00","og_image":[{"width":800,"height":389,"url":"https:\/\/municipales.org.ar\/festram\/wp-content\/uploads\/2018\/08\/38637430_1966405403423367_6537671391154536448_o.jpg","type":"image\/jpeg"}],"author":"mun_admin","twitter_card":"summary_large_image","twitter_creator":"@MunicipalesSF","twitter_site":"@MunicipalesSF","twitter_misc":{"Escrito por":"mun_admin","Tiempo de lectura":"2 minutos"},"schema":{"@context":"https:\/\/schema.org","@graph":[{"@type":"Article","@id":"https:\/\/municipales.org.ar\/festram\/se-llevo-a-cabo-el-encuentro-de-mujeres-municipales-y-comunales-en-tiempos-de-reformas\/#article","isPartOf":{"@id":"https:\/\/municipales.org.ar\/festram\/se-llevo-a-cabo-el-encuentro-de-mujeres-municipales-y-comunales-en-tiempos-de-reformas\/"},"author":{"name":"mun_admin","@id":"https:\/\/municipales.org.ar\/festram\/#\/schema\/person\/49096a774c48ce9063df4d59ec059f9e"},"headline":"Se llev\u00f3 a cabo el Encuentro de Mujeres Municipales y Comunales en Tiempos de Reformas","datePublished":"2018-08-06T20:47:30+00:00","dateModified":"2018-08-10T16:41:47+00:00","mainEntityOfPage":{"@id":"https:\/\/municipales.org.ar\/festram\/se-llevo-a-cabo-el-encuentro-de-mujeres-municipales-y-comunales-en-tiempos-de-reformas\/"},"wordCount":403,"publisher":{"@id":"https:\/\/municipales.org.ar\/festram\/#organization"},"image":{"@id":"https:\/\/municipales.org.ar\/festram\/se-llevo-a-cabo-el-encuentro-de-mujeres-municipales-y-comunales-en-tiempos-de-reformas\/#primaryimage"},"thumbnailUrl":"https:\/\/municipales.org.ar\/festram\/wp-content\/uploads\/2018\/08\/38637430_1966405403423367_6537671391154536448_o.jpg","keywords":["g\u00e9nero"],"articleSection":["G\u00e9nero"],"inLanguage":"es"},{"@type":"WebPage","@id":"https:\/\/municipales.org.ar\/festram\/se-llevo-a-cabo-el-encuentro-de-mujeres-municipales-y-comunales-en-tiempos-de-reformas\/","url":"https:\/\/municipales.org.ar\/festram\/se-llevo-a-cabo-el-encuentro-de-mujeres-municipales-y-comunales-en-tiempos-de-reformas\/","name":"Se llev\u00f3 a cabo el Encuentro de Mujeres Municipales y Comunales en Tiempos de Reformas &#8211; FESTRAM","isPartOf":{"@id":"https:\/\/municipales.org.ar\/festram\/#website"},"primaryImageOfPage":{"@id":"https:\/\/municipales.org.ar\/festram\/se-llevo-a-cabo-el-encuentro-de-mujeres-municipales-y-comunales-en-tiempos-de-reformas\/#primaryimage"},"image":{"@id":"https:\/\/municipales.org.ar\/festram\/se-llevo-a-cabo-el-encuentro-de-mujeres-municipales-y-comunales-en-tiempos-de-reformas\/#primaryimage"},"thumbnailUrl":"https:\/\/municipales.org.ar\/festram\/wp-content\/uploads\/2018\/08\/38637430_1966405403423367_6537671391154536448_o.jpg","datePublished":"2018-08-06T20:47:30+00:00","dateModified":"2018-08-10T16:41:47+00:00","description":"El d\u00eda 2 de agosto pasado, se realiz\u00f3 en el Complejo Institucional de FESTRAM, en la ciudad de Santa Fe, el \u201cEncuentro de Mujeres Municipales y Comunales en Tiempos de Reforma\u201d.","breadcrumb":{"@id":"https:\/\/municipales.org.ar\/festram\/se-llevo-a-cabo-el-encuentro-de-mujeres-municipales-y-comunales-en-tiempos-de-reformas\/#breadcrumb"},"inLanguage":"es","potentialAction":[{"@type":"ReadAction","target":["https:\/\/municipales.org.ar\/festram\/se-llevo-a-cabo-el-encuentro-de-mujeres-municipales-y-comunales-en-tiempos-de-reformas\/"]}]},{"@type":"ImageObject","inLanguage":"es","@id":"https:\/\/municipales.org.ar\/festram\/se-llevo-a-cabo-el-encuentro-de-mujeres-municipales-y-comunales-en-tiempos-de-reformas\/#primaryimage","url":"https:\/\/municipales.org.ar\/festram\/wp-content\/uploads\/2018\/08\/38637430_1966405403423367_6537671391154536448_o.jpg","contentUrl":"https:\/\/municipales.org.ar\/festram\/wp-content\/uploads\/2018\/08\/38637430_1966405403423367_6537671391154536448_o.jpg","width":800,"height":389},{"@type":"BreadcrumbList","@id":"https:\/\/municipales.org.ar\/festram\/se-llevo-a-cabo-el-encuentro-de-mujeres-municipales-y-comunales-en-tiempos-de-reformas\/#breadcrumb","itemListElement":[{"@type":"ListItem","position":1,"name":"Portada","item":"https:\/\/municipales.org.ar\/festram\/"},{"@type":"ListItem","position":2,"name":"Se llev\u00f3 a cabo el Encuentro de Mujeres Municipales y Comunales en Tiempos de Reformas"}]},{"@type":"WebSite","@id":"https:\/\/municipales.org.ar\/festram\/#website","url":"https:\/\/municipales.org.ar\/festram\/","name":"FESTRAM","description":"La web de los trabajadores municipales","publisher":{"@id":"https:\/\/municipales.org.ar\/festram\/#organization"},"potentialAction":[{"@type":"SearchAction","target":{"@type":"EntryPoint","urlTemplate":"https:\/\/municipales.org.ar\/festram\/?s={search_term_string}"},"query-input":{"@type":"PropertyValueSpecification","valueRequired":true,"valueName":"search_term_string"}}],"inLanguage":"es"},{"@type":"Organization","@id":"https:\/\/municipales.org.ar\/festram\/#organization","name":"Federaci\u00f3n de Sindicatos de Trabajadores Municipales de la Provincia de Santa Fe","url":"https:\/\/municipales.org.ar\/festram\/","logo":{"@type":"ImageObject","inLanguage":"es","@id":"https:\/\/municipales.org.ar\/festram\/#\/schema\/logo\/image\/","url":"https:\/\/www.municipales.org.ar\/festram\/wp-content\/uploads\/2014\/07\/logo_fes.jpg","contentUrl":"https:\/\/www.municipales.org.ar\/festram\/wp-content\/uploads\/2014\/07\/logo_fes.jpg","width":661,"height":673,"caption":"Federaci\u00f3n de Sindicatos de Trabajadores Municipales de la Provincia de Santa Fe"},"image":{"@id":"https:\/\/municipales.org.ar\/festram\/#\/schema\/logo\/image\/"},"sameAs":["https:\/\/www.facebook.com\/MunicipalesSF","https:\/\/x.com\/MunicipalesSF","https:\/\/www.youtube.com\/user\/festram"]},{"@type":"Person","@id":"https:\/\/municipales.org.ar\/festram\/#\/schema\/person\/49096a774c48ce9063df4d59ec059f9e","name":"mun_admin"}]}},"jetpack_publicize_connections":[],"jetpack_featured_media_url":"https:\/\/municipales.org.ar\/festram\/wp-content\/uploads\/2018\/08\/38637430_1966405403423367_6537671391154536448_o.jpg","jetpack_sharing_enabled":true,"jetpack_likes_enabled":false,"jetpack_shortlink":"https:\/\/wp.me\/p7l4x1-3sT","_links":{"self":[{"href":"https:\/\/municipales.org.ar\/festram\/wp-json\/wp\/v2\/posts\/13323","targetHints":{"allow":["GET"]}}],"collection":[{"href":"https:\/\/municipales.org.ar\/festram\/wp-json\/wp\/v2\/posts"}],"about":[{"href":"https:\/\/municipales.org.ar\/festram\/wp-json\/wp\/v2\/types\/post"}],"author":[{"embeddable":true,"href":"https:\/\/municipales.org.ar\/festram\/wp-json\/wp\/v2\/users\/1"}],"replies":[{"embeddable":true,"href":"https:\/\/municipales.org.ar\/festram\/wp-json\/wp\/v2\/comments?post=13323"}],"version-history":[{"count":2,"href":"https:\/\/municipales.org.ar\/festram\/wp-json\/wp\/v2\/posts\/13323\/revisions"}],"predecessor-version":[{"id":13326,"href":"https:\/\/municipales.org.ar\/festram\/wp-json\/wp\/v2\/posts\/13323\/revisions\/13326"}],"wp:featuredmedia":[{"embeddable":true,"href":"https:\/\/municipales.org.ar\/festram\/wp-json\/wp\/v2\/media\/13327"}],"wp:attachment":[{"href":"https:\/\/municipales.org.ar\/festram\/wp-json\/wp\/v2\/media?parent=13323"}],"wp:term":[{"taxonomy":"category","embeddable":true,"href":"https:\/\/municipales.org.ar\/festram\/wp-json\/wp\/v2\/categories?post=13323"},{"taxonomy":"post_tag","embeddable":true,"href":"https:\/\/municipales.org.ar\/festram\/wp-json\/wp\/v2\/tags?post=13323"}],"curies":[{"name":"wp","href":"https:\/\/api.w.org\/{rel}","templated":true}]}}