{"id":13391,"date":"2018-09-12T12:31:24","date_gmt":"2018-09-12T15:31:24","guid":{"rendered":"https:\/\/www.municipales.org.ar\/festram\/?p=13391"},"modified":"2018-09-21T13:31:51","modified_gmt":"2018-09-21T16:31:51","slug":"reunion-del-frente-sindical-para-el-modelo-nacional-y-la-fam","status":"publish","type":"post","link":"https:\/\/municipales.org.ar\/festram\/reunion-del-frente-sindical-para-el-modelo-nacional-y-la-fam\/","title":{"rendered":"Reuni\u00f3n del Frente Sindical para el Modelo Nacional y la FAM"},"content":{"rendered":"<h3 id=\"ydp699829e1yiv6429879239yui_3_16_0_ym19_1_1536322286616_86079\"><span id=\"ydp699829e1yiv6429879239yui_3_16_0_ym19_1_1536322286616_86080\">Activa Participaci\u00f3n de FESTRAM<\/span><\/h3>\n<div id=\"ydp699829e1yiv6429879239yui_3_16_0_ym19_1_1536322286616_86079\"><\/div>\n<div id=\"ydp699829e1yiv6429879239yui_3_16_0_ym19_1_1536322286616_86082\"><span id=\"ydp699829e1yiv6429879239yui_3_16_0_ym19_1_1536322286616_86083\">En la Mutual del Gremio de Camioneros en Buenos Aires, se realiz\u00f3 el Encuentro del Frente Sindical para el Modelo Nacional integrado por la Corriente Federal de Trabajadores, el Moyanismo, SMATA y otras organizaciones sindicales, con la Federaci\u00f3n Argentina de Municipios (FAM) que estuvo representada por la Intendenta de La Matanza, Ver\u00f3nica Magario, e intendentes\/as del conurbano bonaerense y de distintas localidades del interior del pa\u00eds.<\/span><\/div>\n<div><\/div>\n<div id=\"ydp699829e1yiv6429879239yui_3_16_0_ym19_1_1536322286616_86082\"><\/div>\n<div id=\"ydp699829e1yiv6429879239yui_3_16_0_ym19_1_1536322286616_86085\"><span id=\"ydp699829e1yiv6429879239yui_3_16_0_ym19_1_1536322286616_86086\">Esta actividad que se desarroll\u00f3 el pasado jueves 6 de septiembre, cont\u00f3 con la participaci\u00f3n de Jes\u00fas Monz\u00f3n, Secretario General del Sindicato Municipal de Capit\u00e1n Berm\u00fadez y titular de la CGT San Lorenzo y de Dar\u00edo Cocco Secretario General del SEOM Rafaela y responsable de Relaciones Internacionales y Derechos Humanos de FESTRAM, quienes adem\u00e1s entregaron material de trabajo y propuestas sobre el tema central de la convocatoria que fue el impacto que el Pacto Fiscal y la eliminaci\u00f3n del Fondo Sojero est\u00e1 teniendo y como, directamente, se ver\u00e1n afectadas las distintas \u00a0gestiones \u00a0municipales y la vida de los argentinos en particular.<\/span><\/div>\n<div id=\"ydp699829e1yiv6429879239yui_3_16_0_ym19_1_1536322286616_86085\"><\/div>\n<div id=\"ydp699829e1yiv6429879239yui_3_16_0_ym19_1_1536322286616_86088\"><span id=\"ydp699829e1yiv6429879239yui_3_16_0_ym19_1_1536322286616_86089\">Se analizaron, tambi\u00e9n, las consecuencias que va a tener la aprobaci\u00f3n del Presupuesto 2019 enunciado por el Gobierno Nacional que sustancialmente plantea el feroz ajuste acordado con el Fondo Monetario Internacional.<\/span><\/div>\n<div><\/div>\n<blockquote class=\"twitter-tweet\" data-lang=\"es\">\n<p dir=\"ltr\" lang=\"es\"><a href=\"https:\/\/twitter.com\/hashtag\/Ahora?src=hash&amp;ref_src=twsrc%5Etfw\">#Ahora<\/a> la <a href=\"https:\/\/twitter.com\/CFTArgentina?ref_src=twsrc%5Etfw\">@CFTArgentina<\/a> de la CGT como parte del Frente Sindical para el Modelo Nacional junto a la Federaci\u00f3n Argentina de Municipios. <a href=\"https:\/\/t.co\/WAWN4FHAt5\">pic.twitter.com\/WAWN4FHAt5<\/a><\/p>\n<p>\u2014 La Corriente Federal (@CFTArgentina) <a href=\"https:\/\/twitter.com\/CFTArgentina\/status\/1037719676422373378?ref_src=twsrc%5Etfw\">6 de septiembre de 2018<\/a><\/p><\/blockquote>\n<p><script async src=\"https:\/\/platform.twitter.com\/widgets.js\" charset=\"utf-8\"><\/script><\/p>\n<div><\/div>\n<div id=\"ydp699829e1yiv6429879239yui_3_16_0_ym19_1_1536322286616_86091\"><span id=\"ydp699829e1yiv6429879239yui_3_16_0_ym19_1_1536322286616_86092\">El Encuentro de Intendentes y dirigentes sindicales fue sumamente fruct\u00edfero pues permiti\u00f3 encontrar muchas coincidencias y analizar posibles cursos de acci\u00f3n comunes frente a las pol\u00edticas econ\u00f3micas y sociales del Gobierno Nacional. <\/span><\/div>\n<div id=\"ydp699829e1yiv6429879239yui_3_16_0_ym19_1_1536322286616_86091\"><\/div>\n<div id=\"ydp699829e1yiv6429879239yui_3_16_0_ym19_1_1536322286616_86094\" dir=\"ltr\"><span id=\"ydp699829e1yiv6429879239yui_3_16_0_ym19_1_1536322286616_86095\">Se destac\u00f3, a su vez, la necesidad de transmitir estas demandas a los legisladores nacionales de cada Provincia y solicitar audiencias a los Gobernadores en virtud a la gravedad de la situaci\u00f3n.<\/span><\/div>\n<div dir=\"ltr\"><\/div>\n<h6 dir=\"ltr\">Prensa FESTRAM<\/h6>\n<p><a href=\"https:\/\/www.municipales.org.ar\/festram\/wp-content\/uploads\/2018\/09\/20180906_112319small.jpg\"><img loading=\"lazy\" decoding=\"async\" class=\"aligncenter size-full wp-image-13395\" src=\"https:\/\/www.municipales.org.ar\/festram\/wp-content\/uploads\/2018\/09\/20180906_112319small.jpg\" alt=\"\" width=\"1000\" height=\"611\" srcset=\"https:\/\/municipales.org.ar\/festram\/wp-content\/uploads\/2018\/09\/20180906_112319small.jpg 1000w, https:\/\/municipales.org.ar\/festram\/wp-content\/uploads\/2018\/09\/20180906_112319small-300x183.jpg 300w, https:\/\/municipales.org.ar\/festram\/wp-content\/uploads\/2018\/09\/20180906_112319small-768x469.jpg 768w\" sizes=\"auto, (max-width: 1000px) 100vw, 1000px\" \/><\/a><\/p>\n","protected":false},"excerpt":{"rendered":"<p>Activa Participaci\u00f3n de FESTRAM<\/p>\n","protected":false},"author":1,"featured_media":13394,"comment_status":"closed","ping_status":"closed","sticky":false,"template":"","format":"standard","meta":{"_jetpack_memberships_contains_paid_content":false,"footnotes":"","jetpack_publicize_message":"","jetpack_publicize_feature_enabled":true,"jetpack_social_post_already_shared":true,"jetpack_social_options":{"image_generator_settings":{"template":"highway","default_image_id":0,"font":"","enabled":false},"version":2}},"categories":[201],"tags":[212,203,70],"class_list":["post-13391","post","type-post","status-publish","format-standard","has-post-thumbnail","hentry","category-comunicados-2018","tag-cft","tag-el-ajuste","tag-el-pais"],"yoast_head":"<!-- This site is optimized with the Yoast SEO plugin v25.9 - https:\/\/yoast.com\/wordpress\/plugins\/seo\/ -->\n<title>Reuni\u00f3n del Frente Sindical para el Modelo Nacional y la FAM &#8211; FESTRAM<\/title>\n<meta name=\"description\" content=\"Activa Participaci\u00f3n de FESTRAM\" \/>\n<meta name=\"robots\" content=\"index, follow, max-snippet:-1, max-image-preview:large, max-video-preview:-1\" \/>\n<link rel=\"canonical\" href=\"https:\/\/municipales.org.ar\/festram\/reunion-del-frente-sindical-para-el-modelo-nacional-y-la-fam\/\" \/>\n<meta property=\"og:locale\" content=\"es_ES\" \/>\n<meta property=\"og:type\" content=\"article\" \/>\n<meta property=\"og:title\" content=\"Reuni\u00f3n del Frente Sindical para el Modelo Nacional y la FAM &#8211; FESTRAM\" \/>\n<meta property=\"og:description\" content=\"Activa Participaci\u00f3n de FESTRAM\" \/>\n<meta property=\"og:url\" content=\"https:\/\/municipales.org.ar\/festram\/reunion-del-frente-sindical-para-el-modelo-nacional-y-la-fam\/\" \/>\n<meta property=\"og:site_name\" content=\"FESTRAM\" \/>\n<meta property=\"article:publisher\" content=\"https:\/\/www.facebook.com\/MunicipalesSF\" \/>\n<meta property=\"article:published_time\" content=\"2018-09-12T15:31:24+00:00\" \/>\n<meta property=\"article:modified_time\" content=\"2018-09-21T16:31:51+00:00\" \/>\n<meta property=\"og:image\" content=\"https:\/\/municipales.org.ar\/festram\/wp-content\/uploads\/2018\/09\/IMG-20180906-WA0025.jpg\" \/>\n\t<meta property=\"og:image:width\" content=\"1280\" \/>\n\t<meta property=\"og:image:height\" content=\"540\" \/>\n\t<meta property=\"og:image:type\" content=\"image\/jpeg\" \/>\n<meta name=\"author\" content=\"mun_admin\" \/>\n<meta name=\"twitter:card\" content=\"summary_large_image\" \/>\n<meta name=\"twitter:creator\" content=\"@MunicipalesSF\" \/>\n<meta name=\"twitter:site\" content=\"@MunicipalesSF\" \/>\n<meta name=\"twitter:label1\" content=\"Escrito por\" \/>\n\t<meta name=\"twitter:data1\" content=\"mun_admin\" \/>\n\t<meta name=\"twitter:label2\" content=\"Tiempo de lectura\" \/>\n\t<meta name=\"twitter:data2\" content=\"2 minutos\" \/>\n<script type=\"application\/ld+json\" class=\"yoast-schema-graph\">{\"@context\":\"https:\/\/schema.org\",\"@graph\":[{\"@type\":\"Article\",\"@id\":\"https:\/\/municipales.org.ar\/festram\/reunion-del-frente-sindical-para-el-modelo-nacional-y-la-fam\/#article\",\"isPartOf\":{\"@id\":\"https:\/\/municipales.org.ar\/festram\/reunion-del-frente-sindical-para-el-modelo-nacional-y-la-fam\/\"},\"author\":{\"name\":\"mun_admin\",\"@id\":\"https:\/\/municipales.org.ar\/festram\/#\/schema\/person\/49096a774c48ce9063df4d59ec059f9e\"},\"headline\":\"Reuni\u00f3n del Frente Sindical para el Modelo Nacional y la FAM\",\"datePublished\":\"2018-09-12T15:31:24+00:00\",\"dateModified\":\"2018-09-21T16:31:51+00:00\",\"mainEntityOfPage\":{\"@id\":\"https:\/\/municipales.org.ar\/festram\/reunion-del-frente-sindical-para-el-modelo-nacional-y-la-fam\/\"},\"wordCount\":334,\"publisher\":{\"@id\":\"https:\/\/municipales.org.ar\/festram\/#organization\"},\"image\":{\"@id\":\"https:\/\/municipales.org.ar\/festram\/reunion-del-frente-sindical-para-el-modelo-nacional-y-la-fam\/#primaryimage\"},\"thumbnailUrl\":\"https:\/\/municipales.org.ar\/festram\/wp-content\/uploads\/2018\/09\/IMG-20180906-WA0025.jpg\",\"keywords\":[\"CFT\",\"el ajuste\",\"el pa\u00eds\"],\"articleSection\":[\"Comunicados 2018\"],\"inLanguage\":\"es\"},{\"@type\":\"WebPage\",\"@id\":\"https:\/\/municipales.org.ar\/festram\/reunion-del-frente-sindical-para-el-modelo-nacional-y-la-fam\/\",\"url\":\"https:\/\/municipales.org.ar\/festram\/reunion-del-frente-sindical-para-el-modelo-nacional-y-la-fam\/\",\"name\":\"Reuni\u00f3n del Frente Sindical para el Modelo Nacional y la FAM &#8211; FESTRAM\",\"isPartOf\":{\"@id\":\"https:\/\/municipales.org.ar\/festram\/#website\"},\"primaryImageOfPage\":{\"@id\":\"https:\/\/municipales.org.ar\/festram\/reunion-del-frente-sindical-para-el-modelo-nacional-y-la-fam\/#primaryimage\"},\"image\":{\"@id\":\"https:\/\/municipales.org.ar\/festram\/reunion-del-frente-sindical-para-el-modelo-nacional-y-la-fam\/#primaryimage\"},\"thumbnailUrl\":\"https:\/\/municipales.org.ar\/festram\/wp-content\/uploads\/2018\/09\/IMG-20180906-WA0025.jpg\",\"datePublished\":\"2018-09-12T15:31:24+00:00\",\"dateModified\":\"2018-09-21T16:31:51+00:00\",\"description\":\"Activa Participaci\u00f3n de FESTRAM\",\"breadcrumb\":{\"@id\":\"https:\/\/municipales.org.ar\/festram\/reunion-del-frente-sindical-para-el-modelo-nacional-y-la-fam\/#breadcrumb\"},\"inLanguage\":\"es\",\"potentialAction\":[{\"@type\":\"ReadAction\",\"target\":[\"https:\/\/municipales.org.ar\/festram\/reunion-del-frente-sindical-para-el-modelo-nacional-y-la-fam\/\"]}]},{\"@type\":\"ImageObject\",\"inLanguage\":\"es\",\"@id\":\"https:\/\/municipales.org.ar\/festram\/reunion-del-frente-sindical-para-el-modelo-nacional-y-la-fam\/#primaryimage\",\"url\":\"https:\/\/municipales.org.ar\/festram\/wp-content\/uploads\/2018\/09\/IMG-20180906-WA0025.jpg\",\"contentUrl\":\"https:\/\/municipales.org.ar\/festram\/wp-content\/uploads\/2018\/09\/IMG-20180906-WA0025.jpg\",\"width\":1280,\"height\":540},{\"@type\":\"BreadcrumbList\",\"@id\":\"https:\/\/municipales.org.ar\/festram\/reunion-del-frente-sindical-para-el-modelo-nacional-y-la-fam\/#breadcrumb\",\"itemListElement\":[{\"@type\":\"ListItem\",\"position\":1,\"name\":\"Portada\",\"item\":\"https:\/\/municipales.org.ar\/festram\/\"},{\"@type\":\"ListItem\",\"position\":2,\"name\":\"Reuni\u00f3n del Frente Sindical para el Modelo Nacional y la FAM\"}]},{\"@type\":\"WebSite\",\"@id\":\"https:\/\/municipales.org.ar\/festram\/#website\",\"url\":\"https:\/\/municipales.org.ar\/festram\/\",\"name\":\"FESTRAM\",\"description\":\"La web de los trabajadores municipales\",\"publisher\":{\"@id\":\"https:\/\/municipales.org.ar\/festram\/#organization\"},\"potentialAction\":[{\"@type\":\"SearchAction\",\"target\":{\"@type\":\"EntryPoint\",\"urlTemplate\":\"https:\/\/municipales.org.ar\/festram\/?s={search_term_string}\"},\"query-input\":{\"@type\":\"PropertyValueSpecification\",\"valueRequired\":true,\"valueName\":\"search_term_string\"}}],\"inLanguage\":\"es\"},{\"@type\":\"Organization\",\"@id\":\"https:\/\/municipales.org.ar\/festram\/#organization\",\"name\":\"Federaci\u00f3n de Sindicatos de Trabajadores Municipales de la Provincia de Santa Fe\",\"url\":\"https:\/\/municipales.org.ar\/festram\/\",\"logo\":{\"@type\":\"ImageObject\",\"inLanguage\":\"es\",\"@id\":\"https:\/\/municipales.org.ar\/festram\/#\/schema\/logo\/image\/\",\"url\":\"https:\/\/www.municipales.org.ar\/festram\/wp-content\/uploads\/2014\/07\/logo_fes.jpg\",\"contentUrl\":\"https:\/\/www.municipales.org.ar\/festram\/wp-content\/uploads\/2014\/07\/logo_fes.jpg\",\"width\":661,\"height\":673,\"caption\":\"Federaci\u00f3n de Sindicatos de Trabajadores Municipales de la Provincia de Santa Fe\"},\"image\":{\"@id\":\"https:\/\/municipales.org.ar\/festram\/#\/schema\/logo\/image\/\"},\"sameAs\":[\"https:\/\/www.facebook.com\/MunicipalesSF\",\"https:\/\/x.com\/MunicipalesSF\",\"https:\/\/www.youtube.com\/user\/festram\"]},{\"@type\":\"Person\",\"@id\":\"https:\/\/municipales.org.ar\/festram\/#\/schema\/person\/49096a774c48ce9063df4d59ec059f9e\",\"name\":\"mun_admin\"}]}<\/script>\n<!-- \/ Yoast SEO plugin. -->","yoast_head_json":{"title":"Reuni\u00f3n del Frente Sindical para el Modelo Nacional y la FAM &#8211; FESTRAM","description":"Activa Participaci\u00f3n de FESTRAM","robots":{"index":"index","follow":"follow","max-snippet":"max-snippet:-1","max-image-preview":"max-image-preview:large","max-video-preview":"max-video-preview:-1"},"canonical":"https:\/\/municipales.org.ar\/festram\/reunion-del-frente-sindical-para-el-modelo-nacional-y-la-fam\/","og_locale":"es_ES","og_type":"article","og_title":"Reuni\u00f3n del Frente Sindical para el Modelo Nacional y la FAM &#8211; FESTRAM","og_description":"Activa Participaci\u00f3n de FESTRAM","og_url":"https:\/\/municipales.org.ar\/festram\/reunion-del-frente-sindical-para-el-modelo-nacional-y-la-fam\/","og_site_name":"FESTRAM","article_publisher":"https:\/\/www.facebook.com\/MunicipalesSF","article_published_time":"2018-09-12T15:31:24+00:00","article_modified_time":"2018-09-21T16:31:51+00:00","og_image":[{"width":1280,"height":540,"url":"https:\/\/municipales.org.ar\/festram\/wp-content\/uploads\/2018\/09\/IMG-20180906-WA0025.jpg","type":"image\/jpeg"}],"author":"mun_admin","twitter_card":"summary_large_image","twitter_creator":"@MunicipalesSF","twitter_site":"@MunicipalesSF","twitter_misc":{"Escrito por":"mun_admin","Tiempo de lectura":"2 minutos"},"schema":{"@context":"https:\/\/schema.org","@graph":[{"@type":"Article","@id":"https:\/\/municipales.org.ar\/festram\/reunion-del-frente-sindical-para-el-modelo-nacional-y-la-fam\/#article","isPartOf":{"@id":"https:\/\/municipales.org.ar\/festram\/reunion-del-frente-sindical-para-el-modelo-nacional-y-la-fam\/"},"author":{"name":"mun_admin","@id":"https:\/\/municipales.org.ar\/festram\/#\/schema\/person\/49096a774c48ce9063df4d59ec059f9e"},"headline":"Reuni\u00f3n del Frente Sindical para el Modelo Nacional y la FAM","datePublished":"2018-09-12T15:31:24+00:00","dateModified":"2018-09-21T16:31:51+00:00","mainEntityOfPage":{"@id":"https:\/\/municipales.org.ar\/festram\/reunion-del-frente-sindical-para-el-modelo-nacional-y-la-fam\/"},"wordCount":334,"publisher":{"@id":"https:\/\/municipales.org.ar\/festram\/#organization"},"image":{"@id":"https:\/\/municipales.org.ar\/festram\/reunion-del-frente-sindical-para-el-modelo-nacional-y-la-fam\/#primaryimage"},"thumbnailUrl":"https:\/\/municipales.org.ar\/festram\/wp-content\/uploads\/2018\/09\/IMG-20180906-WA0025.jpg","keywords":["CFT","el ajuste","el pa\u00eds"],"articleSection":["Comunicados 2018"],"inLanguage":"es"},{"@type":"WebPage","@id":"https:\/\/municipales.org.ar\/festram\/reunion-del-frente-sindical-para-el-modelo-nacional-y-la-fam\/","url":"https:\/\/municipales.org.ar\/festram\/reunion-del-frente-sindical-para-el-modelo-nacional-y-la-fam\/","name":"Reuni\u00f3n del Frente Sindical para el Modelo Nacional y la FAM &#8211; FESTRAM","isPartOf":{"@id":"https:\/\/municipales.org.ar\/festram\/#website"},"primaryImageOfPage":{"@id":"https:\/\/municipales.org.ar\/festram\/reunion-del-frente-sindical-para-el-modelo-nacional-y-la-fam\/#primaryimage"},"image":{"@id":"https:\/\/municipales.org.ar\/festram\/reunion-del-frente-sindical-para-el-modelo-nacional-y-la-fam\/#primaryimage"},"thumbnailUrl":"https:\/\/municipales.org.ar\/festram\/wp-content\/uploads\/2018\/09\/IMG-20180906-WA0025.jpg","datePublished":"2018-09-12T15:31:24+00:00","dateModified":"2018-09-21T16:31:51+00:00","description":"Activa Participaci\u00f3n de FESTRAM","breadcrumb":{"@id":"https:\/\/municipales.org.ar\/festram\/reunion-del-frente-sindical-para-el-modelo-nacional-y-la-fam\/#breadcrumb"},"inLanguage":"es","potentialAction":[{"@type":"ReadAction","target":["https:\/\/municipales.org.ar\/festram\/reunion-del-frente-sindical-para-el-modelo-nacional-y-la-fam\/"]}]},{"@type":"ImageObject","inLanguage":"es","@id":"https:\/\/municipales.org.ar\/festram\/reunion-del-frente-sindical-para-el-modelo-nacional-y-la-fam\/#primaryimage","url":"https:\/\/municipales.org.ar\/festram\/wp-content\/uploads\/2018\/09\/IMG-20180906-WA0025.jpg","contentUrl":"https:\/\/municipales.org.ar\/festram\/wp-content\/uploads\/2018\/09\/IMG-20180906-WA0025.jpg","width":1280,"height":540},{"@type":"BreadcrumbList","@id":"https:\/\/municipales.org.ar\/festram\/reunion-del-frente-sindical-para-el-modelo-nacional-y-la-fam\/#breadcrumb","itemListElement":[{"@type":"ListItem","position":1,"name":"Portada","item":"https:\/\/municipales.org.ar\/festram\/"},{"@type":"ListItem","position":2,"name":"Reuni\u00f3n del Frente Sindical para el Modelo Nacional y la FAM"}]},{"@type":"WebSite","@id":"https:\/\/municipales.org.ar\/festram\/#website","url":"https:\/\/municipales.org.ar\/festram\/","name":"FESTRAM","description":"La web de los trabajadores municipales","publisher":{"@id":"https:\/\/municipales.org.ar\/festram\/#organization"},"potentialAction":[{"@type":"SearchAction","target":{"@type":"EntryPoint","urlTemplate":"https:\/\/municipales.org.ar\/festram\/?s={search_term_string}"},"query-input":{"@type":"PropertyValueSpecification","valueRequired":true,"valueName":"search_term_string"}}],"inLanguage":"es"},{"@type":"Organization","@id":"https:\/\/municipales.org.ar\/festram\/#organization","name":"Federaci\u00f3n de Sindicatos de Trabajadores Municipales de la Provincia de Santa Fe","url":"https:\/\/municipales.org.ar\/festram\/","logo":{"@type":"ImageObject","inLanguage":"es","@id":"https:\/\/municipales.org.ar\/festram\/#\/schema\/logo\/image\/","url":"https:\/\/www.municipales.org.ar\/festram\/wp-content\/uploads\/2014\/07\/logo_fes.jpg","contentUrl":"https:\/\/www.municipales.org.ar\/festram\/wp-content\/uploads\/2014\/07\/logo_fes.jpg","width":661,"height":673,"caption":"Federaci\u00f3n de Sindicatos de Trabajadores Municipales de la Provincia de Santa Fe"},"image":{"@id":"https:\/\/municipales.org.ar\/festram\/#\/schema\/logo\/image\/"},"sameAs":["https:\/\/www.facebook.com\/MunicipalesSF","https:\/\/x.com\/MunicipalesSF","https:\/\/www.youtube.com\/user\/festram"]},{"@type":"Person","@id":"https:\/\/municipales.org.ar\/festram\/#\/schema\/person\/49096a774c48ce9063df4d59ec059f9e","name":"mun_admin"}]}},"jetpack_publicize_connections":[],"jetpack_featured_media_url":"https:\/\/municipales.org.ar\/festram\/wp-content\/uploads\/2018\/09\/IMG-20180906-WA0025.jpg","jetpack_sharing_enabled":true,"jetpack_likes_enabled":false,"jetpack_shortlink":"https:\/\/wp.me\/p7l4x1-3tZ","_links":{"self":[{"href":"https:\/\/municipales.org.ar\/festram\/wp-json\/wp\/v2\/posts\/13391","targetHints":{"allow":["GET"]}}],"collection":[{"href":"https:\/\/municipales.org.ar\/festram\/wp-json\/wp\/v2\/posts"}],"about":[{"href":"https:\/\/municipales.org.ar\/festram\/wp-json\/wp\/v2\/types\/post"}],"author":[{"embeddable":true,"href":"https:\/\/municipales.org.ar\/festram\/wp-json\/wp\/v2\/users\/1"}],"replies":[{"embeddable":true,"href":"https:\/\/municipales.org.ar\/festram\/wp-json\/wp\/v2\/comments?post=13391"}],"version-history":[{"count":3,"href":"https:\/\/municipales.org.ar\/festram\/wp-json\/wp\/v2\/posts\/13391\/revisions"}],"predecessor-version":[{"id":13396,"href":"https:\/\/municipales.org.ar\/festram\/wp-json\/wp\/v2\/posts\/13391\/revisions\/13396"}],"wp:featuredmedia":[{"embeddable":true,"href":"https:\/\/municipales.org.ar\/festram\/wp-json\/wp\/v2\/media\/13394"}],"wp:attachment":[{"href":"https:\/\/municipales.org.ar\/festram\/wp-json\/wp\/v2\/media?parent=13391"}],"wp:term":[{"taxonomy":"category","embeddable":true,"href":"https:\/\/municipales.org.ar\/festram\/wp-json\/wp\/v2\/categories?post=13391"},{"taxonomy":"post_tag","embeddable":true,"href":"https:\/\/municipales.org.ar\/festram\/wp-json\/wp\/v2\/tags?post=13391"}],"curies":[{"name":"wp","href":"https:\/\/api.w.org\/{rel}","templated":true}]}}