{"id":13454,"date":"2018-10-10T10:43:11","date_gmt":"2018-10-10T13:43:11","guid":{"rendered":"https:\/\/www.municipales.org.ar\/festram\/?p=13454"},"modified":"2018-11-06T12:38:13","modified_gmt":"2018-11-06T15:38:13","slug":"activa-participacion-de-municipales-contra-el-presupuesto-del-fmi","status":"publish","type":"post","link":"https:\/\/municipales.org.ar\/festram\/activa-participacion-de-municipales-contra-el-presupuesto-del-fmi\/","title":{"rendered":"Activa participaci\u00f3n de Municipales contra el presupuesto del FMI"},"content":{"rendered":"<h3 id=\"m_5122201924080923933ydp75c50f63yiv9400677379yui_3_16_0_ym19_1_1539125927290_9161\"><span id=\"m_5122201924080923933ydp75c50f63yiv9400677379yui_3_16_0_ym19_1_1539125927290_9162\">FESTRAM impulsa acciones de unidad pol\u00edtica y sindical para frenar la profundidad del ajuste.<\/span><\/h3>\n<p>Desde que se conocen las consecuencias alarmantes y los efectos adversos en t\u00e9rminos fiscales, econ\u00f3micos y sociales que implicar\u00e1 la aprobaci\u00f3n del Presupuesto Nacional 2019 enviado al Parlamento por el gobierno de Macri, desde FESTRAM se vienen desarrollando intensas actividades para evitar su aprobaci\u00f3n.<\/p>\n<p>La \u00faltima semana la ciudad de Rosario fue el epicentro de reuniones y encuentros entre representantes de distintos gremios, diputados nacionales, provinciales, concejales y organizaciones sociales e intermedias, entre ellas Monse\u00f1or H\u00e9ctor Cardelli, a cargo de la Pastoral Social del Obispado local.<\/p>\n<p>El motivo central de estas convocatorias fue analizar las consecuencias que el Proyecto del Presupuesto 2019, planteado por el Gobierno Nacional, va a tener sobre la vida y la gesti\u00f3n de la propia Provincia, pero en particular el impacto en los Municipios y Comunas, como as\u00ed tambi\u00e9n para el conjunto del pueblo santafesino.<\/p>\n<p>En estos espacios, que permitieron a los sindicatos dar a conocer sus propias realidades sectoriales, participaron el Secretario General de FESTRAM, Claudio Leoni, el Secretario General del Sindicato Municipal de Rosario, Antonio Ratner, Dar\u00edo Cocco Secretario General del SEOM e integrante CGT Rafaela, y Jes\u00fas Monz\u00f3n, Secretario General del Sindicato Municipal de Capit\u00e1n Berm\u00fadez y titular de la CGT de San Lorenzo.<\/p>\n<h6>Prensa FESTRAM<\/h6>\n","protected":false},"excerpt":{"rendered":"<p>FESTRAM impulsa acciones de unidad pol\u00edtica y sindical para frenar la profundidad del ajuste. Desde que se conocen las consecuencias alarmantes y los efectos adversos en t\u00e9rminos fiscales, econ\u00f3micos y sociales que implicar\u00e1 la aprobaci\u00f3n del Presupuesto Nacional 2019 enviado al Parlamento por el gobierno de Macri, desde FESTRAM se vienen desarrollando intensas actividades para [&hellip;]<\/p>\n","protected":false},"author":1,"featured_media":13455,"comment_status":"closed","ping_status":"closed","sticky":false,"template":"","format":"standard","meta":{"_jetpack_memberships_contains_paid_content":false,"footnotes":"","jetpack_publicize_message":"","jetpack_publicize_feature_enabled":true,"jetpack_social_post_already_shared":true,"jetpack_social_options":{"image_generator_settings":{"template":"highway","default_image_id":0,"font":"","enabled":false},"version":2}},"categories":[201],"tags":[68,203,70,109,204],"class_list":["post-13454","post","type-post","status-publish","format-standard","has-post-thumbnail","hentry","category-comunicados-2018","tag-economia-provincial","tag-el-ajuste","tag-el-pais","tag-la-provincia","tag-mos"],"yoast_head":"<!-- This site is optimized with the Yoast SEO plugin v25.9 - https:\/\/yoast.com\/wordpress\/plugins\/seo\/ -->\n<title>Activa participaci\u00f3n de Municipales contra el presupuesto del FMI &#8211; FESTRAM<\/title>\n<meta name=\"description\" content=\"FESTRAM impulsa acciones de unidad pol\u00edtica y sindical para frenar la profundidad del ajuste. Desde que se conocen las consecuencias alarmantes y los\" \/>\n<meta name=\"robots\" content=\"index, follow, max-snippet:-1, max-image-preview:large, max-video-preview:-1\" \/>\n<link rel=\"canonical\" href=\"https:\/\/municipales.org.ar\/festram\/activa-participacion-de-municipales-contra-el-presupuesto-del-fmi\/\" \/>\n<meta property=\"og:locale\" content=\"es_ES\" \/>\n<meta property=\"og:type\" content=\"article\" \/>\n<meta property=\"og:title\" content=\"Activa participaci\u00f3n de Municipales contra el presupuesto del FMI &#8211; FESTRAM\" \/>\n<meta property=\"og:description\" content=\"FESTRAM impulsa acciones de unidad pol\u00edtica y sindical para frenar la profundidad del ajuste. Desde que se conocen las consecuencias alarmantes y los\" \/>\n<meta property=\"og:url\" content=\"https:\/\/municipales.org.ar\/festram\/activa-participacion-de-municipales-contra-el-presupuesto-del-fmi\/\" \/>\n<meta property=\"og:site_name\" content=\"FESTRAM\" \/>\n<meta property=\"article:publisher\" content=\"https:\/\/www.facebook.com\/MunicipalesSF\" \/>\n<meta property=\"article:published_time\" content=\"2018-10-10T13:43:11+00:00\" \/>\n<meta property=\"article:modified_time\" content=\"2018-11-06T15:38:13+00:00\" \/>\n<meta property=\"og:image\" content=\"https:\/\/municipales.org.ar\/festram\/wp-content\/uploads\/2018\/10\/cae54c8d-b8b0-4d91-94ab-22fc618ac0c9.jpg\" \/>\n\t<meta property=\"og:image:width\" content=\"1040\" \/>\n\t<meta property=\"og:image:height\" content=\"780\" \/>\n\t<meta property=\"og:image:type\" content=\"image\/jpeg\" \/>\n<meta name=\"author\" content=\"mun_admin\" \/>\n<meta name=\"twitter:card\" content=\"summary_large_image\" \/>\n<meta name=\"twitter:creator\" content=\"@MunicipalesSF\" \/>\n<meta name=\"twitter:site\" content=\"@MunicipalesSF\" \/>\n<meta name=\"twitter:label1\" content=\"Escrito por\" \/>\n\t<meta name=\"twitter:data1\" content=\"mun_admin\" \/>\n\t<meta name=\"twitter:label2\" content=\"Tiempo de lectura\" \/>\n\t<meta name=\"twitter:data2\" content=\"1 minuto\" \/>\n<script type=\"application\/ld+json\" class=\"yoast-schema-graph\">{\"@context\":\"https:\/\/schema.org\",\"@graph\":[{\"@type\":\"Article\",\"@id\":\"https:\/\/municipales.org.ar\/festram\/activa-participacion-de-municipales-contra-el-presupuesto-del-fmi\/#article\",\"isPartOf\":{\"@id\":\"https:\/\/municipales.org.ar\/festram\/activa-participacion-de-municipales-contra-el-presupuesto-del-fmi\/\"},\"author\":{\"name\":\"mun_admin\",\"@id\":\"https:\/\/municipales.org.ar\/festram\/#\/schema\/person\/49096a774c48ce9063df4d59ec059f9e\"},\"headline\":\"Activa participaci\u00f3n de Municipales contra el presupuesto del FMI\",\"datePublished\":\"2018-10-10T13:43:11+00:00\",\"dateModified\":\"2018-11-06T15:38:13+00:00\",\"mainEntityOfPage\":{\"@id\":\"https:\/\/municipales.org.ar\/festram\/activa-participacion-de-municipales-contra-el-presupuesto-del-fmi\/\"},\"wordCount\":239,\"publisher\":{\"@id\":\"https:\/\/municipales.org.ar\/festram\/#organization\"},\"image\":{\"@id\":\"https:\/\/municipales.org.ar\/festram\/activa-participacion-de-municipales-contra-el-presupuesto-del-fmi\/#primaryimage\"},\"thumbnailUrl\":\"https:\/\/municipales.org.ar\/festram\/wp-content\/uploads\/2018\/10\/cae54c8d-b8b0-4d91-94ab-22fc618ac0c9.jpg\",\"keywords\":[\"econom\u00eda provincial\",\"el ajuste\",\"el pa\u00eds\",\"la provincia\",\"MOS\"],\"articleSection\":[\"Comunicados 2018\"],\"inLanguage\":\"es\"},{\"@type\":\"WebPage\",\"@id\":\"https:\/\/municipales.org.ar\/festram\/activa-participacion-de-municipales-contra-el-presupuesto-del-fmi\/\",\"url\":\"https:\/\/municipales.org.ar\/festram\/activa-participacion-de-municipales-contra-el-presupuesto-del-fmi\/\",\"name\":\"Activa participaci\u00f3n de Municipales contra el presupuesto del FMI &#8211; FESTRAM\",\"isPartOf\":{\"@id\":\"https:\/\/municipales.org.ar\/festram\/#website\"},\"primaryImageOfPage\":{\"@id\":\"https:\/\/municipales.org.ar\/festram\/activa-participacion-de-municipales-contra-el-presupuesto-del-fmi\/#primaryimage\"},\"image\":{\"@id\":\"https:\/\/municipales.org.ar\/festram\/activa-participacion-de-municipales-contra-el-presupuesto-del-fmi\/#primaryimage\"},\"thumbnailUrl\":\"https:\/\/municipales.org.ar\/festram\/wp-content\/uploads\/2018\/10\/cae54c8d-b8b0-4d91-94ab-22fc618ac0c9.jpg\",\"datePublished\":\"2018-10-10T13:43:11+00:00\",\"dateModified\":\"2018-11-06T15:38:13+00:00\",\"description\":\"FESTRAM impulsa acciones de unidad pol\u00edtica y sindical para frenar la profundidad del ajuste. Desde que se conocen las consecuencias alarmantes y los\",\"breadcrumb\":{\"@id\":\"https:\/\/municipales.org.ar\/festram\/activa-participacion-de-municipales-contra-el-presupuesto-del-fmi\/#breadcrumb\"},\"inLanguage\":\"es\",\"potentialAction\":[{\"@type\":\"ReadAction\",\"target\":[\"https:\/\/municipales.org.ar\/festram\/activa-participacion-de-municipales-contra-el-presupuesto-del-fmi\/\"]}]},{\"@type\":\"ImageObject\",\"inLanguage\":\"es\",\"@id\":\"https:\/\/municipales.org.ar\/festram\/activa-participacion-de-municipales-contra-el-presupuesto-del-fmi\/#primaryimage\",\"url\":\"https:\/\/municipales.org.ar\/festram\/wp-content\/uploads\/2018\/10\/cae54c8d-b8b0-4d91-94ab-22fc618ac0c9.jpg\",\"contentUrl\":\"https:\/\/municipales.org.ar\/festram\/wp-content\/uploads\/2018\/10\/cae54c8d-b8b0-4d91-94ab-22fc618ac0c9.jpg\",\"width\":1040,\"height\":780,\"caption\":\"Acciones de unidad ante el FMI\"},{\"@type\":\"BreadcrumbList\",\"@id\":\"https:\/\/municipales.org.ar\/festram\/activa-participacion-de-municipales-contra-el-presupuesto-del-fmi\/#breadcrumb\",\"itemListElement\":[{\"@type\":\"ListItem\",\"position\":1,\"name\":\"Portada\",\"item\":\"https:\/\/municipales.org.ar\/festram\/\"},{\"@type\":\"ListItem\",\"position\":2,\"name\":\"Activa participaci\u00f3n de Municipales contra el presupuesto del FMI\"}]},{\"@type\":\"WebSite\",\"@id\":\"https:\/\/municipales.org.ar\/festram\/#website\",\"url\":\"https:\/\/municipales.org.ar\/festram\/\",\"name\":\"FESTRAM\",\"description\":\"La web de los trabajadores municipales\",\"publisher\":{\"@id\":\"https:\/\/municipales.org.ar\/festram\/#organization\"},\"potentialAction\":[{\"@type\":\"SearchAction\",\"target\":{\"@type\":\"EntryPoint\",\"urlTemplate\":\"https:\/\/municipales.org.ar\/festram\/?s={search_term_string}\"},\"query-input\":{\"@type\":\"PropertyValueSpecification\",\"valueRequired\":true,\"valueName\":\"search_term_string\"}}],\"inLanguage\":\"es\"},{\"@type\":\"Organization\",\"@id\":\"https:\/\/municipales.org.ar\/festram\/#organization\",\"name\":\"Federaci\u00f3n de Sindicatos de Trabajadores Municipales de la Provincia de Santa Fe\",\"url\":\"https:\/\/municipales.org.ar\/festram\/\",\"logo\":{\"@type\":\"ImageObject\",\"inLanguage\":\"es\",\"@id\":\"https:\/\/municipales.org.ar\/festram\/#\/schema\/logo\/image\/\",\"url\":\"https:\/\/www.municipales.org.ar\/festram\/wp-content\/uploads\/2014\/07\/logo_fes.jpg\",\"contentUrl\":\"https:\/\/www.municipales.org.ar\/festram\/wp-content\/uploads\/2014\/07\/logo_fes.jpg\",\"width\":661,\"height\":673,\"caption\":\"Federaci\u00f3n de Sindicatos de Trabajadores Municipales de la Provincia de Santa Fe\"},\"image\":{\"@id\":\"https:\/\/municipales.org.ar\/festram\/#\/schema\/logo\/image\/\"},\"sameAs\":[\"https:\/\/www.facebook.com\/MunicipalesSF\",\"https:\/\/x.com\/MunicipalesSF\",\"https:\/\/www.youtube.com\/user\/festram\"]},{\"@type\":\"Person\",\"@id\":\"https:\/\/municipales.org.ar\/festram\/#\/schema\/person\/49096a774c48ce9063df4d59ec059f9e\",\"name\":\"mun_admin\"}]}<\/script>\n<!-- \/ Yoast SEO plugin. -->","yoast_head_json":{"title":"Activa participaci\u00f3n de Municipales contra el presupuesto del FMI &#8211; FESTRAM","description":"FESTRAM impulsa acciones de unidad pol\u00edtica y sindical para frenar la profundidad del ajuste. Desde que se conocen las consecuencias alarmantes y los","robots":{"index":"index","follow":"follow","max-snippet":"max-snippet:-1","max-image-preview":"max-image-preview:large","max-video-preview":"max-video-preview:-1"},"canonical":"https:\/\/municipales.org.ar\/festram\/activa-participacion-de-municipales-contra-el-presupuesto-del-fmi\/","og_locale":"es_ES","og_type":"article","og_title":"Activa participaci\u00f3n de Municipales contra el presupuesto del FMI &#8211; FESTRAM","og_description":"FESTRAM impulsa acciones de unidad pol\u00edtica y sindical para frenar la profundidad del ajuste. Desde que se conocen las consecuencias alarmantes y los","og_url":"https:\/\/municipales.org.ar\/festram\/activa-participacion-de-municipales-contra-el-presupuesto-del-fmi\/","og_site_name":"FESTRAM","article_publisher":"https:\/\/www.facebook.com\/MunicipalesSF","article_published_time":"2018-10-10T13:43:11+00:00","article_modified_time":"2018-11-06T15:38:13+00:00","og_image":[{"width":1040,"height":780,"url":"https:\/\/municipales.org.ar\/festram\/wp-content\/uploads\/2018\/10\/cae54c8d-b8b0-4d91-94ab-22fc618ac0c9.jpg","type":"image\/jpeg"}],"author":"mun_admin","twitter_card":"summary_large_image","twitter_creator":"@MunicipalesSF","twitter_site":"@MunicipalesSF","twitter_misc":{"Escrito por":"mun_admin","Tiempo de lectura":"1 minuto"},"schema":{"@context":"https:\/\/schema.org","@graph":[{"@type":"Article","@id":"https:\/\/municipales.org.ar\/festram\/activa-participacion-de-municipales-contra-el-presupuesto-del-fmi\/#article","isPartOf":{"@id":"https:\/\/municipales.org.ar\/festram\/activa-participacion-de-municipales-contra-el-presupuesto-del-fmi\/"},"author":{"name":"mun_admin","@id":"https:\/\/municipales.org.ar\/festram\/#\/schema\/person\/49096a774c48ce9063df4d59ec059f9e"},"headline":"Activa participaci\u00f3n de Municipales contra el presupuesto del FMI","datePublished":"2018-10-10T13:43:11+00:00","dateModified":"2018-11-06T15:38:13+00:00","mainEntityOfPage":{"@id":"https:\/\/municipales.org.ar\/festram\/activa-participacion-de-municipales-contra-el-presupuesto-del-fmi\/"},"wordCount":239,"publisher":{"@id":"https:\/\/municipales.org.ar\/festram\/#organization"},"image":{"@id":"https:\/\/municipales.org.ar\/festram\/activa-participacion-de-municipales-contra-el-presupuesto-del-fmi\/#primaryimage"},"thumbnailUrl":"https:\/\/municipales.org.ar\/festram\/wp-content\/uploads\/2018\/10\/cae54c8d-b8b0-4d91-94ab-22fc618ac0c9.jpg","keywords":["econom\u00eda provincial","el ajuste","el pa\u00eds","la provincia","MOS"],"articleSection":["Comunicados 2018"],"inLanguage":"es"},{"@type":"WebPage","@id":"https:\/\/municipales.org.ar\/festram\/activa-participacion-de-municipales-contra-el-presupuesto-del-fmi\/","url":"https:\/\/municipales.org.ar\/festram\/activa-participacion-de-municipales-contra-el-presupuesto-del-fmi\/","name":"Activa participaci\u00f3n de Municipales contra el presupuesto del FMI &#8211; FESTRAM","isPartOf":{"@id":"https:\/\/municipales.org.ar\/festram\/#website"},"primaryImageOfPage":{"@id":"https:\/\/municipales.org.ar\/festram\/activa-participacion-de-municipales-contra-el-presupuesto-del-fmi\/#primaryimage"},"image":{"@id":"https:\/\/municipales.org.ar\/festram\/activa-participacion-de-municipales-contra-el-presupuesto-del-fmi\/#primaryimage"},"thumbnailUrl":"https:\/\/municipales.org.ar\/festram\/wp-content\/uploads\/2018\/10\/cae54c8d-b8b0-4d91-94ab-22fc618ac0c9.jpg","datePublished":"2018-10-10T13:43:11+00:00","dateModified":"2018-11-06T15:38:13+00:00","description":"FESTRAM impulsa acciones de unidad pol\u00edtica y sindical para frenar la profundidad del ajuste. Desde que se conocen las consecuencias alarmantes y los","breadcrumb":{"@id":"https:\/\/municipales.org.ar\/festram\/activa-participacion-de-municipales-contra-el-presupuesto-del-fmi\/#breadcrumb"},"inLanguage":"es","potentialAction":[{"@type":"ReadAction","target":["https:\/\/municipales.org.ar\/festram\/activa-participacion-de-municipales-contra-el-presupuesto-del-fmi\/"]}]},{"@type":"ImageObject","inLanguage":"es","@id":"https:\/\/municipales.org.ar\/festram\/activa-participacion-de-municipales-contra-el-presupuesto-del-fmi\/#primaryimage","url":"https:\/\/municipales.org.ar\/festram\/wp-content\/uploads\/2018\/10\/cae54c8d-b8b0-4d91-94ab-22fc618ac0c9.jpg","contentUrl":"https:\/\/municipales.org.ar\/festram\/wp-content\/uploads\/2018\/10\/cae54c8d-b8b0-4d91-94ab-22fc618ac0c9.jpg","width":1040,"height":780,"caption":"Acciones de unidad ante el FMI"},{"@type":"BreadcrumbList","@id":"https:\/\/municipales.org.ar\/festram\/activa-participacion-de-municipales-contra-el-presupuesto-del-fmi\/#breadcrumb","itemListElement":[{"@type":"ListItem","position":1,"name":"Portada","item":"https:\/\/municipales.org.ar\/festram\/"},{"@type":"ListItem","position":2,"name":"Activa participaci\u00f3n de Municipales contra el presupuesto del FMI"}]},{"@type":"WebSite","@id":"https:\/\/municipales.org.ar\/festram\/#website","url":"https:\/\/municipales.org.ar\/festram\/","name":"FESTRAM","description":"La web de los trabajadores municipales","publisher":{"@id":"https:\/\/municipales.org.ar\/festram\/#organization"},"potentialAction":[{"@type":"SearchAction","target":{"@type":"EntryPoint","urlTemplate":"https:\/\/municipales.org.ar\/festram\/?s={search_term_string}"},"query-input":{"@type":"PropertyValueSpecification","valueRequired":true,"valueName":"search_term_string"}}],"inLanguage":"es"},{"@type":"Organization","@id":"https:\/\/municipales.org.ar\/festram\/#organization","name":"Federaci\u00f3n de Sindicatos de Trabajadores Municipales de la Provincia de Santa Fe","url":"https:\/\/municipales.org.ar\/festram\/","logo":{"@type":"ImageObject","inLanguage":"es","@id":"https:\/\/municipales.org.ar\/festram\/#\/schema\/logo\/image\/","url":"https:\/\/www.municipales.org.ar\/festram\/wp-content\/uploads\/2014\/07\/logo_fes.jpg","contentUrl":"https:\/\/www.municipales.org.ar\/festram\/wp-content\/uploads\/2014\/07\/logo_fes.jpg","width":661,"height":673,"caption":"Federaci\u00f3n de Sindicatos de Trabajadores Municipales de la Provincia de Santa Fe"},"image":{"@id":"https:\/\/municipales.org.ar\/festram\/#\/schema\/logo\/image\/"},"sameAs":["https:\/\/www.facebook.com\/MunicipalesSF","https:\/\/x.com\/MunicipalesSF","https:\/\/www.youtube.com\/user\/festram"]},{"@type":"Person","@id":"https:\/\/municipales.org.ar\/festram\/#\/schema\/person\/49096a774c48ce9063df4d59ec059f9e","name":"mun_admin"}]}},"jetpack_publicize_connections":[],"jetpack_featured_media_url":"https:\/\/municipales.org.ar\/festram\/wp-content\/uploads\/2018\/10\/cae54c8d-b8b0-4d91-94ab-22fc618ac0c9.jpg","jetpack_sharing_enabled":true,"jetpack_likes_enabled":false,"jetpack_shortlink":"https:\/\/wp.me\/p7l4x1-3v0","_links":{"self":[{"href":"https:\/\/municipales.org.ar\/festram\/wp-json\/wp\/v2\/posts\/13454","targetHints":{"allow":["GET"]}}],"collection":[{"href":"https:\/\/municipales.org.ar\/festram\/wp-json\/wp\/v2\/posts"}],"about":[{"href":"https:\/\/municipales.org.ar\/festram\/wp-json\/wp\/v2\/types\/post"}],"author":[{"embeddable":true,"href":"https:\/\/municipales.org.ar\/festram\/wp-json\/wp\/v2\/users\/1"}],"replies":[{"embeddable":true,"href":"https:\/\/municipales.org.ar\/festram\/wp-json\/wp\/v2\/comments?post=13454"}],"version-history":[{"count":4,"href":"https:\/\/municipales.org.ar\/festram\/wp-json\/wp\/v2\/posts\/13454\/revisions"}],"predecessor-version":[{"id":13459,"href":"https:\/\/municipales.org.ar\/festram\/wp-json\/wp\/v2\/posts\/13454\/revisions\/13459"}],"wp:featuredmedia":[{"embeddable":true,"href":"https:\/\/municipales.org.ar\/festram\/wp-json\/wp\/v2\/media\/13455"}],"wp:attachment":[{"href":"https:\/\/municipales.org.ar\/festram\/wp-json\/wp\/v2\/media?parent=13454"}],"wp:term":[{"taxonomy":"category","embeddable":true,"href":"https:\/\/municipales.org.ar\/festram\/wp-json\/wp\/v2\/categories?post=13454"},{"taxonomy":"post_tag","embeddable":true,"href":"https:\/\/municipales.org.ar\/festram\/wp-json\/wp\/v2\/tags?post=13454"}],"curies":[{"name":"wp","href":"https:\/\/api.w.org\/{rel}","templated":true}]}}