{"id":13482,"date":"2018-10-23T10:31:29","date_gmt":"2018-10-23T13:31:29","guid":{"rendered":"https:\/\/www.municipales.org.ar\/festram\/?p=13482"},"modified":"2018-11-13T21:16:02","modified_gmt":"2018-11-14T00:16:02","slug":"no-al-presupuesto-del-fmi","status":"publish","type":"post","link":"https:\/\/municipales.org.ar\/festram\/no-al-presupuesto-del-fmi\/","title":{"rendered":"No al presupuesto del FMI"},"content":{"rendered":"<p>Luego de la participaci\u00f3n de FESTRAM &#8211; donde estuvieron presentes los Sindicatos de Rufino, Granadero Baigorria, Fray Luis Beltr\u00e1n, Capit\u00e1n Berm\u00fadez, Puerto General San Mart\u00edn, San Lorenzo, Rafaela, Firmat, Santo Tom\u00e9, Coronda, Ceres e integrantes de la Red de Mujeres y J\u00f3venes Municipales &#8211; en la gran movilizaci\u00f3n por Paz, Pan y Trabajo en Luj\u00e1n que congreg\u00f3 a decenas de miles de trabajadores y trabajadoras argentinos\/as, los Sindicatos Municipales de la Provincia de Santa Fe nos convocamos nuevamente con la Corriente Federal de Trabajadores y el Frente Sindical para el Modelo Nacional a Buenos Aires para rechazar el Presupuesto del FMI que impulsa Mauricio Macri.<\/p>\n","protected":false},"excerpt":{"rendered":"<p>Luego de la participaci\u00f3n de FESTRAM &#8211; donde estuvieron presentes los Sindicatos de Rufino, Granadero Baigorria, Fray Luis Beltr\u00e1n, Capit\u00e1n Berm\u00fadez, Puerto General San Mart\u00edn, San Lorenzo, Rafaela, Firmat, Santo Tom\u00e9, Coronda, Ceres e integrantes de la Red de Mujeres y J\u00f3venes Municipales &#8211; en la gran movilizaci\u00f3n por Paz, Pan y Trabajo en Luj\u00e1n [&hellip;]<\/p>\n","protected":false},"author":1,"featured_media":13484,"comment_status":"closed","ping_status":"closed","sticky":false,"template":"","format":"standard","meta":{"_jetpack_memberships_contains_paid_content":false,"footnotes":"","jetpack_publicize_message":"","jetpack_publicize_feature_enabled":true,"jetpack_social_post_already_shared":true,"jetpack_social_options":{"image_generator_settings":{"template":"highway","default_image_id":0,"font":"","enabled":false},"version":2}},"categories":[201],"tags":[68,203,70,109],"class_list":["post-13482","post","type-post","status-publish","format-standard","has-post-thumbnail","hentry","category-comunicados-2018","tag-economia-provincial","tag-el-ajuste","tag-el-pais","tag-la-provincia"],"yoast_head":"<!-- This site is optimized with the Yoast SEO plugin v25.9 - https:\/\/yoast.com\/wordpress\/plugins\/seo\/ -->\n<title>No al presupuesto del FMI &#8211; FESTRAM<\/title>\n<meta name=\"description\" content=\"Luego de la participaci\u00f3n de FESTRAM - donde estuvieron presentes los Sindicatos de Rufino, Granadero Baigorria, Fray Luis Beltr\u00e1n, Capit\u00e1n Berm\u00fadez,\" \/>\n<meta name=\"robots\" content=\"index, follow, max-snippet:-1, max-image-preview:large, max-video-preview:-1\" \/>\n<link rel=\"canonical\" href=\"https:\/\/municipales.org.ar\/festram\/no-al-presupuesto-del-fmi\/\" \/>\n<meta property=\"og:locale\" content=\"es_ES\" \/>\n<meta property=\"og:type\" content=\"article\" \/>\n<meta property=\"og:title\" content=\"No al presupuesto del FMI &#8211; FESTRAM\" \/>\n<meta property=\"og:description\" content=\"Luego de la participaci\u00f3n de FESTRAM - donde estuvieron presentes los Sindicatos de Rufino, Granadero Baigorria, Fray Luis Beltr\u00e1n, Capit\u00e1n Berm\u00fadez,\" \/>\n<meta property=\"og:url\" content=\"https:\/\/municipales.org.ar\/festram\/no-al-presupuesto-del-fmi\/\" \/>\n<meta property=\"og:site_name\" content=\"FESTRAM\" \/>\n<meta property=\"article:publisher\" content=\"https:\/\/www.facebook.com\/MunicipalesSF\" \/>\n<meta property=\"article:published_time\" content=\"2018-10-23T13:31:29+00:00\" \/>\n<meta property=\"article:modified_time\" content=\"2018-11-14T00:16:02+00:00\" \/>\n<meta property=\"og:image\" content=\"https:\/\/municipales.org.ar\/festram\/wp-content\/uploads\/2018\/10\/nofmi.jpg\" \/>\n\t<meta property=\"og:image:width\" content=\"1200\" \/>\n\t<meta property=\"og:image:height\" content=\"800\" \/>\n\t<meta property=\"og:image:type\" content=\"image\/jpeg\" \/>\n<meta name=\"author\" content=\"mun_admin\" \/>\n<meta name=\"twitter:card\" content=\"summary_large_image\" \/>\n<meta name=\"twitter:creator\" content=\"@MunicipalesSF\" \/>\n<meta name=\"twitter:site\" content=\"@MunicipalesSF\" \/>\n<meta name=\"twitter:label1\" content=\"Escrito por\" \/>\n\t<meta name=\"twitter:data1\" content=\"mun_admin\" \/>\n\t<meta name=\"twitter:label2\" content=\"Tiempo de lectura\" \/>\n\t<meta name=\"twitter:data2\" content=\"1 minuto\" \/>\n<script type=\"application\/ld+json\" class=\"yoast-schema-graph\">{\"@context\":\"https:\/\/schema.org\",\"@graph\":[{\"@type\":\"Article\",\"@id\":\"https:\/\/municipales.org.ar\/festram\/no-al-presupuesto-del-fmi\/#article\",\"isPartOf\":{\"@id\":\"https:\/\/municipales.org.ar\/festram\/no-al-presupuesto-del-fmi\/\"},\"author\":{\"name\":\"mun_admin\",\"@id\":\"https:\/\/municipales.org.ar\/festram\/#\/schema\/person\/49096a774c48ce9063df4d59ec059f9e\"},\"headline\":\"No al presupuesto del FMI\",\"datePublished\":\"2018-10-23T13:31:29+00:00\",\"dateModified\":\"2018-11-14T00:16:02+00:00\",\"mainEntityOfPage\":{\"@id\":\"https:\/\/municipales.org.ar\/festram\/no-al-presupuesto-del-fmi\/\"},\"wordCount\":119,\"publisher\":{\"@id\":\"https:\/\/municipales.org.ar\/festram\/#organization\"},\"image\":{\"@id\":\"https:\/\/municipales.org.ar\/festram\/no-al-presupuesto-del-fmi\/#primaryimage\"},\"thumbnailUrl\":\"https:\/\/municipales.org.ar\/festram\/wp-content\/uploads\/2018\/10\/nofmi.jpg\",\"keywords\":[\"econom\u00eda provincial\",\"el ajuste\",\"el pa\u00eds\",\"la provincia\"],\"articleSection\":[\"Comunicados 2018\"],\"inLanguage\":\"es\"},{\"@type\":\"WebPage\",\"@id\":\"https:\/\/municipales.org.ar\/festram\/no-al-presupuesto-del-fmi\/\",\"url\":\"https:\/\/municipales.org.ar\/festram\/no-al-presupuesto-del-fmi\/\",\"name\":\"No al presupuesto del FMI &#8211; FESTRAM\",\"isPartOf\":{\"@id\":\"https:\/\/municipales.org.ar\/festram\/#website\"},\"primaryImageOfPage\":{\"@id\":\"https:\/\/municipales.org.ar\/festram\/no-al-presupuesto-del-fmi\/#primaryimage\"},\"image\":{\"@id\":\"https:\/\/municipales.org.ar\/festram\/no-al-presupuesto-del-fmi\/#primaryimage\"},\"thumbnailUrl\":\"https:\/\/municipales.org.ar\/festram\/wp-content\/uploads\/2018\/10\/nofmi.jpg\",\"datePublished\":\"2018-10-23T13:31:29+00:00\",\"dateModified\":\"2018-11-14T00:16:02+00:00\",\"description\":\"Luego de la participaci\u00f3n de FESTRAM - donde estuvieron presentes los Sindicatos de Rufino, Granadero Baigorria, Fray Luis Beltr\u00e1n, Capit\u00e1n Berm\u00fadez,\",\"breadcrumb\":{\"@id\":\"https:\/\/municipales.org.ar\/festram\/no-al-presupuesto-del-fmi\/#breadcrumb\"},\"inLanguage\":\"es\",\"potentialAction\":[{\"@type\":\"ReadAction\",\"target\":[\"https:\/\/municipales.org.ar\/festram\/no-al-presupuesto-del-fmi\/\"]}]},{\"@type\":\"ImageObject\",\"inLanguage\":\"es\",\"@id\":\"https:\/\/municipales.org.ar\/festram\/no-al-presupuesto-del-fmi\/#primaryimage\",\"url\":\"https:\/\/municipales.org.ar\/festram\/wp-content\/uploads\/2018\/10\/nofmi.jpg\",\"contentUrl\":\"https:\/\/municipales.org.ar\/festram\/wp-content\/uploads\/2018\/10\/nofmi.jpg\",\"width\":1200,\"height\":800,\"caption\":\"no al fmi\"},{\"@type\":\"BreadcrumbList\",\"@id\":\"https:\/\/municipales.org.ar\/festram\/no-al-presupuesto-del-fmi\/#breadcrumb\",\"itemListElement\":[{\"@type\":\"ListItem\",\"position\":1,\"name\":\"Portada\",\"item\":\"https:\/\/municipales.org.ar\/festram\/\"},{\"@type\":\"ListItem\",\"position\":2,\"name\":\"No al presupuesto del FMI\"}]},{\"@type\":\"WebSite\",\"@id\":\"https:\/\/municipales.org.ar\/festram\/#website\",\"url\":\"https:\/\/municipales.org.ar\/festram\/\",\"name\":\"FESTRAM\",\"description\":\"La web de los trabajadores municipales\",\"publisher\":{\"@id\":\"https:\/\/municipales.org.ar\/festram\/#organization\"},\"potentialAction\":[{\"@type\":\"SearchAction\",\"target\":{\"@type\":\"EntryPoint\",\"urlTemplate\":\"https:\/\/municipales.org.ar\/festram\/?s={search_term_string}\"},\"query-input\":{\"@type\":\"PropertyValueSpecification\",\"valueRequired\":true,\"valueName\":\"search_term_string\"}}],\"inLanguage\":\"es\"},{\"@type\":\"Organization\",\"@id\":\"https:\/\/municipales.org.ar\/festram\/#organization\",\"name\":\"Federaci\u00f3n de Sindicatos de Trabajadores Municipales de la Provincia de Santa Fe\",\"url\":\"https:\/\/municipales.org.ar\/festram\/\",\"logo\":{\"@type\":\"ImageObject\",\"inLanguage\":\"es\",\"@id\":\"https:\/\/municipales.org.ar\/festram\/#\/schema\/logo\/image\/\",\"url\":\"https:\/\/www.municipales.org.ar\/festram\/wp-content\/uploads\/2014\/07\/logo_fes.jpg\",\"contentUrl\":\"https:\/\/www.municipales.org.ar\/festram\/wp-content\/uploads\/2014\/07\/logo_fes.jpg\",\"width\":661,\"height\":673,\"caption\":\"Federaci\u00f3n de Sindicatos de Trabajadores Municipales de la Provincia de Santa Fe\"},\"image\":{\"@id\":\"https:\/\/municipales.org.ar\/festram\/#\/schema\/logo\/image\/\"},\"sameAs\":[\"https:\/\/www.facebook.com\/MunicipalesSF\",\"https:\/\/x.com\/MunicipalesSF\",\"https:\/\/www.youtube.com\/user\/festram\"]},{\"@type\":\"Person\",\"@id\":\"https:\/\/municipales.org.ar\/festram\/#\/schema\/person\/49096a774c48ce9063df4d59ec059f9e\",\"name\":\"mun_admin\"}]}<\/script>\n<!-- \/ Yoast SEO plugin. -->","yoast_head_json":{"title":"No al presupuesto del FMI &#8211; FESTRAM","description":"Luego de la participaci\u00f3n de FESTRAM - donde estuvieron presentes los Sindicatos de Rufino, Granadero Baigorria, Fray Luis Beltr\u00e1n, Capit\u00e1n Berm\u00fadez,","robots":{"index":"index","follow":"follow","max-snippet":"max-snippet:-1","max-image-preview":"max-image-preview:large","max-video-preview":"max-video-preview:-1"},"canonical":"https:\/\/municipales.org.ar\/festram\/no-al-presupuesto-del-fmi\/","og_locale":"es_ES","og_type":"article","og_title":"No al presupuesto del FMI &#8211; FESTRAM","og_description":"Luego de la participaci\u00f3n de FESTRAM - donde estuvieron presentes los Sindicatos de Rufino, Granadero Baigorria, Fray Luis Beltr\u00e1n, Capit\u00e1n Berm\u00fadez,","og_url":"https:\/\/municipales.org.ar\/festram\/no-al-presupuesto-del-fmi\/","og_site_name":"FESTRAM","article_publisher":"https:\/\/www.facebook.com\/MunicipalesSF","article_published_time":"2018-10-23T13:31:29+00:00","article_modified_time":"2018-11-14T00:16:02+00:00","og_image":[{"width":1200,"height":800,"url":"https:\/\/municipales.org.ar\/festram\/wp-content\/uploads\/2018\/10\/nofmi.jpg","type":"image\/jpeg"}],"author":"mun_admin","twitter_card":"summary_large_image","twitter_creator":"@MunicipalesSF","twitter_site":"@MunicipalesSF","twitter_misc":{"Escrito por":"mun_admin","Tiempo de lectura":"1 minuto"},"schema":{"@context":"https:\/\/schema.org","@graph":[{"@type":"Article","@id":"https:\/\/municipales.org.ar\/festram\/no-al-presupuesto-del-fmi\/#article","isPartOf":{"@id":"https:\/\/municipales.org.ar\/festram\/no-al-presupuesto-del-fmi\/"},"author":{"name":"mun_admin","@id":"https:\/\/municipales.org.ar\/festram\/#\/schema\/person\/49096a774c48ce9063df4d59ec059f9e"},"headline":"No al presupuesto del FMI","datePublished":"2018-10-23T13:31:29+00:00","dateModified":"2018-11-14T00:16:02+00:00","mainEntityOfPage":{"@id":"https:\/\/municipales.org.ar\/festram\/no-al-presupuesto-del-fmi\/"},"wordCount":119,"publisher":{"@id":"https:\/\/municipales.org.ar\/festram\/#organization"},"image":{"@id":"https:\/\/municipales.org.ar\/festram\/no-al-presupuesto-del-fmi\/#primaryimage"},"thumbnailUrl":"https:\/\/municipales.org.ar\/festram\/wp-content\/uploads\/2018\/10\/nofmi.jpg","keywords":["econom\u00eda provincial","el ajuste","el pa\u00eds","la provincia"],"articleSection":["Comunicados 2018"],"inLanguage":"es"},{"@type":"WebPage","@id":"https:\/\/municipales.org.ar\/festram\/no-al-presupuesto-del-fmi\/","url":"https:\/\/municipales.org.ar\/festram\/no-al-presupuesto-del-fmi\/","name":"No al presupuesto del FMI &#8211; FESTRAM","isPartOf":{"@id":"https:\/\/municipales.org.ar\/festram\/#website"},"primaryImageOfPage":{"@id":"https:\/\/municipales.org.ar\/festram\/no-al-presupuesto-del-fmi\/#primaryimage"},"image":{"@id":"https:\/\/municipales.org.ar\/festram\/no-al-presupuesto-del-fmi\/#primaryimage"},"thumbnailUrl":"https:\/\/municipales.org.ar\/festram\/wp-content\/uploads\/2018\/10\/nofmi.jpg","datePublished":"2018-10-23T13:31:29+00:00","dateModified":"2018-11-14T00:16:02+00:00","description":"Luego de la participaci\u00f3n de FESTRAM - donde estuvieron presentes los Sindicatos de Rufino, Granadero Baigorria, Fray Luis Beltr\u00e1n, Capit\u00e1n Berm\u00fadez,","breadcrumb":{"@id":"https:\/\/municipales.org.ar\/festram\/no-al-presupuesto-del-fmi\/#breadcrumb"},"inLanguage":"es","potentialAction":[{"@type":"ReadAction","target":["https:\/\/municipales.org.ar\/festram\/no-al-presupuesto-del-fmi\/"]}]},{"@type":"ImageObject","inLanguage":"es","@id":"https:\/\/municipales.org.ar\/festram\/no-al-presupuesto-del-fmi\/#primaryimage","url":"https:\/\/municipales.org.ar\/festram\/wp-content\/uploads\/2018\/10\/nofmi.jpg","contentUrl":"https:\/\/municipales.org.ar\/festram\/wp-content\/uploads\/2018\/10\/nofmi.jpg","width":1200,"height":800,"caption":"no al fmi"},{"@type":"BreadcrumbList","@id":"https:\/\/municipales.org.ar\/festram\/no-al-presupuesto-del-fmi\/#breadcrumb","itemListElement":[{"@type":"ListItem","position":1,"name":"Portada","item":"https:\/\/municipales.org.ar\/festram\/"},{"@type":"ListItem","position":2,"name":"No al presupuesto del FMI"}]},{"@type":"WebSite","@id":"https:\/\/municipales.org.ar\/festram\/#website","url":"https:\/\/municipales.org.ar\/festram\/","name":"FESTRAM","description":"La web de los trabajadores municipales","publisher":{"@id":"https:\/\/municipales.org.ar\/festram\/#organization"},"potentialAction":[{"@type":"SearchAction","target":{"@type":"EntryPoint","urlTemplate":"https:\/\/municipales.org.ar\/festram\/?s={search_term_string}"},"query-input":{"@type":"PropertyValueSpecification","valueRequired":true,"valueName":"search_term_string"}}],"inLanguage":"es"},{"@type":"Organization","@id":"https:\/\/municipales.org.ar\/festram\/#organization","name":"Federaci\u00f3n de Sindicatos de Trabajadores Municipales de la Provincia de Santa Fe","url":"https:\/\/municipales.org.ar\/festram\/","logo":{"@type":"ImageObject","inLanguage":"es","@id":"https:\/\/municipales.org.ar\/festram\/#\/schema\/logo\/image\/","url":"https:\/\/www.municipales.org.ar\/festram\/wp-content\/uploads\/2014\/07\/logo_fes.jpg","contentUrl":"https:\/\/www.municipales.org.ar\/festram\/wp-content\/uploads\/2014\/07\/logo_fes.jpg","width":661,"height":673,"caption":"Federaci\u00f3n de Sindicatos de Trabajadores Municipales de la Provincia de Santa Fe"},"image":{"@id":"https:\/\/municipales.org.ar\/festram\/#\/schema\/logo\/image\/"},"sameAs":["https:\/\/www.facebook.com\/MunicipalesSF","https:\/\/x.com\/MunicipalesSF","https:\/\/www.youtube.com\/user\/festram"]},{"@type":"Person","@id":"https:\/\/municipales.org.ar\/festram\/#\/schema\/person\/49096a774c48ce9063df4d59ec059f9e","name":"mun_admin"}]}},"jetpack_publicize_connections":[],"jetpack_featured_media_url":"https:\/\/municipales.org.ar\/festram\/wp-content\/uploads\/2018\/10\/nofmi.jpg","jetpack_sharing_enabled":true,"jetpack_likes_enabled":false,"jetpack_shortlink":"https:\/\/wp.me\/p7l4x1-3vs","_links":{"self":[{"href":"https:\/\/municipales.org.ar\/festram\/wp-json\/wp\/v2\/posts\/13482","targetHints":{"allow":["GET"]}}],"collection":[{"href":"https:\/\/municipales.org.ar\/festram\/wp-json\/wp\/v2\/posts"}],"about":[{"href":"https:\/\/municipales.org.ar\/festram\/wp-json\/wp\/v2\/types\/post"}],"author":[{"embeddable":true,"href":"https:\/\/municipales.org.ar\/festram\/wp-json\/wp\/v2\/users\/1"}],"replies":[{"embeddable":true,"href":"https:\/\/municipales.org.ar\/festram\/wp-json\/wp\/v2\/comments?post=13482"}],"version-history":[{"count":2,"href":"https:\/\/municipales.org.ar\/festram\/wp-json\/wp\/v2\/posts\/13482\/revisions"}],"predecessor-version":[{"id":13486,"href":"https:\/\/municipales.org.ar\/festram\/wp-json\/wp\/v2\/posts\/13482\/revisions\/13486"}],"wp:featuredmedia":[{"embeddable":true,"href":"https:\/\/municipales.org.ar\/festram\/wp-json\/wp\/v2\/media\/13484"}],"wp:attachment":[{"href":"https:\/\/municipales.org.ar\/festram\/wp-json\/wp\/v2\/media?parent=13482"}],"wp:term":[{"taxonomy":"category","embeddable":true,"href":"https:\/\/municipales.org.ar\/festram\/wp-json\/wp\/v2\/categories?post=13482"},{"taxonomy":"post_tag","embeddable":true,"href":"https:\/\/municipales.org.ar\/festram\/wp-json\/wp\/v2\/tags?post=13482"}],"curies":[{"name":"wp","href":"https:\/\/api.w.org\/{rel}","templated":true}]}}