{"id":13505,"date":"2018-11-12T17:22:33","date_gmt":"2018-11-12T20:22:33","guid":{"rendered":"https:\/\/www.municipales.org.ar\/festram\/?p=13505"},"modified":"2018-11-13T10:26:15","modified_gmt":"2018-11-13T13:26:15","slug":"formacion-unidad-y-sororidad-para-combatir-el-patriarcado","status":"publish","type":"post","link":"https:\/\/municipales.org.ar\/festram\/formacion-unidad-y-sororidad-para-combatir-el-patriarcado\/","title":{"rendered":"\u201cFormaci\u00f3n, Unidad y Sororidad para Combatir el Patriarcado\u201d"},"content":{"rendered":"<h4>A trav\u00e9s de la Secretaria de Pol\u00edticas de G\u00e9nero, Ni\u00f1ez, Familia y Medio Ambiente de FESTRAM, se organiz\u00f3 una Jornada de Capacitaci\u00f3n en la localidad de Capit\u00e1n Berm\u00fadez sobre \u201cPol\u00edticas de G\u00e9nero\u201d. La cita fue el martes 6 y mi\u00e9rcoles en el Sindicato de Obreros y Empleados Municipales de Capit\u00e1n Berm\u00fadez (SOEM).<\/h4>\n<p>&nbsp;<\/p>\n<p>A los encuentros asistieron m\u00e1s de treinta (30) compa\u00f1eras y compa\u00f1eros de las localidades de Fray Luis Beltr\u00e1n, Granadero Baigorria y Capit\u00e1n Berm\u00fadez. El taller, declarado de inter\u00e9s por el Municipio local, fue dictado por \u00a0Mar\u00eda Jos\u00e9 Barrios y Marcela Rolfi y en esta oportunidad, tambi\u00e9n se cont\u00f3 con la presencia de la Red de J\u00f3venes Municipales de la Federaci\u00f3n. En tanto la propuesta hizo hincapi\u00e9 en la deconstrucci\u00f3n del patriarcado, la Ley Nacional 26.485 y Reglamentaci\u00f3n Provincial 13.348 ya que es un desaf\u00edo de FESTRAM abordar la problem\u00e1tica de las desigualdades de g\u00e9nero.<\/p>\n<p>Const\u00f3 de dos etapas, durante la primera se comenz\u00f3 con una actividad participativa para \u00abromper el hielo\u00bb, luego se denosta la fuerza de la ley especificando tipos, modos y \u00e1mbitos; y en la segunda parte se expone lo trabajado durante la actividad de inicio y se tratan algunos t\u00e9rminos que conforman los estereotipos de g\u00e9neros. Asimismo, toda la actividad requiere de la participaci\u00f3n de los asistentes, se cierra con un video alusivo y la finalizaci\u00f3n del ciclo cuenta con la entrega de los certificados.<\/p>\n\n\t\t<style type=\"text\/css\">\n\t\t\t#gallery-1 {\n\t\t\t\tmargin: auto;\n\t\t\t}\n\t\t\t#gallery-1 .gallery-item {\n\t\t\t\tfloat: left;\n\t\t\t\tmargin-top: 10px;\n\t\t\t\ttext-align: center;\n\t\t\t\twidth: 33%;\n\t\t\t}\n\t\t\t#gallery-1 img {\n\t\t\t\tborder: 2px solid #cfcfcf;\n\t\t\t}\n\t\t\t#gallery-1 .gallery-caption {\n\t\t\t\tmargin-left: 0;\n\t\t\t}\n\t\t\t\/* see gallery_shortcode() in wp-includes\/media.php *\/\n\t\t<\/style>\n\t\t<div id='gallery-1' class='gallery galleryid-13505 gallery-columns-3 gallery-size-thumbnail'><dl class='gallery-item'>\n\t\t\t<dt class='gallery-icon landscape'>\n\t\t\t\t<a href='https:\/\/municipales.org.ar\/festram\/formacion-unidad-y-sororidad-para-combatir-el-patriarcado\/polit-gen-5small\/'><img loading=\"lazy\" decoding=\"async\" width=\"150\" height=\"150\" src=\"https:\/\/municipales.org.ar\/festram\/wp-content\/uploads\/2018\/11\/polit-gen-5small-150x150.jpg\" class=\"attachment-thumbnail size-thumbnail\" alt=\"\" srcset=\"https:\/\/municipales.org.ar\/festram\/wp-content\/uploads\/2018\/11\/polit-gen-5small-150x150.jpg 150w, https:\/\/municipales.org.ar\/festram\/wp-content\/uploads\/2018\/11\/polit-gen-5small-80x80.jpg 80w\" sizes=\"auto, (max-width: 150px) 100vw, 150px\" \/><\/a>\n\t\t\t<\/dt><\/dl><dl class='gallery-item'>\n\t\t\t<dt class='gallery-icon portrait'>\n\t\t\t\t<a href='https:\/\/municipales.org.ar\/festram\/formacion-unidad-y-sororidad-para-combatir-el-patriarcado\/polit-gen-1\/'><img loading=\"lazy\" decoding=\"async\" width=\"150\" height=\"150\" src=\"https:\/\/municipales.org.ar\/festram\/wp-content\/uploads\/2018\/11\/polit-gen-1-150x150.jpg\" class=\"attachment-thumbnail size-thumbnail\" alt=\"\" srcset=\"https:\/\/municipales.org.ar\/festram\/wp-content\/uploads\/2018\/11\/polit-gen-1-150x150.jpg 150w, https:\/\/municipales.org.ar\/festram\/wp-content\/uploads\/2018\/11\/polit-gen-1-80x80.jpg 80w\" sizes=\"auto, (max-width: 150px) 100vw, 150px\" \/><\/a>\n\t\t\t<\/dt><\/dl><dl class='gallery-item'>\n\t\t\t<dt class='gallery-icon portrait'>\n\t\t\t\t<a href='https:\/\/municipales.org.ar\/festram\/formacion-unidad-y-sororidad-para-combatir-el-patriarcado\/polit-gen-3\/'><img loading=\"lazy\" decoding=\"async\" width=\"150\" height=\"150\" src=\"https:\/\/municipales.org.ar\/festram\/wp-content\/uploads\/2018\/11\/polit-gen-3-150x150.jpg\" class=\"attachment-thumbnail size-thumbnail\" alt=\"\" srcset=\"https:\/\/municipales.org.ar\/festram\/wp-content\/uploads\/2018\/11\/polit-gen-3-150x150.jpg 150w, https:\/\/municipales.org.ar\/festram\/wp-content\/uploads\/2018\/11\/polit-gen-3-80x80.jpg 80w\" sizes=\"auto, (max-width: 150px) 100vw, 150px\" \/><\/a>\n\t\t\t<\/dt><\/dl><br style=\"clear: both\" \/><dl class='gallery-item'>\n\t\t\t<dt class='gallery-icon landscape'>\n\t\t\t\t<a href='https:\/\/municipales.org.ar\/festram\/formacion-unidad-y-sororidad-para-combatir-el-patriarcado\/polit-gen-2\/'><img loading=\"lazy\" decoding=\"async\" width=\"150\" height=\"150\" src=\"https:\/\/municipales.org.ar\/festram\/wp-content\/uploads\/2018\/11\/polit-gen-2-150x150.jpg\" class=\"attachment-thumbnail size-thumbnail\" alt=\"\" srcset=\"https:\/\/municipales.org.ar\/festram\/wp-content\/uploads\/2018\/11\/polit-gen-2-150x150.jpg 150w, https:\/\/municipales.org.ar\/festram\/wp-content\/uploads\/2018\/11\/polit-gen-2-80x80.jpg 80w\" sizes=\"auto, (max-width: 150px) 100vw, 150px\" \/><\/a>\n\t\t\t<\/dt><\/dl><dl class='gallery-item'>\n\t\t\t<dt class='gallery-icon landscape'>\n\t\t\t\t<a href='https:\/\/municipales.org.ar\/festram\/formacion-unidad-y-sororidad-para-combatir-el-patriarcado\/polit-gen-4\/'><img loading=\"lazy\" decoding=\"async\" width=\"150\" height=\"150\" src=\"https:\/\/municipales.org.ar\/festram\/wp-content\/uploads\/2018\/11\/polit-gen-4-150x150.jpg\" class=\"attachment-thumbnail size-thumbnail\" alt=\"\" srcset=\"https:\/\/municipales.org.ar\/festram\/wp-content\/uploads\/2018\/11\/polit-gen-4-150x150.jpg 150w, https:\/\/municipales.org.ar\/festram\/wp-content\/uploads\/2018\/11\/polit-gen-4-80x80.jpg 80w\" sizes=\"auto, (max-width: 150px) 100vw, 150px\" \/><\/a>\n\t\t\t<\/dt><\/dl><dl class='gallery-item'>\n\t\t\t<dt class='gallery-icon portrait'>\n\t\t\t\t<a href='https:\/\/municipales.org.ar\/festram\/formacion-unidad-y-sororidad-para-combatir-el-patriarcado\/polit-gen-7\/'><img loading=\"lazy\" decoding=\"async\" width=\"150\" height=\"150\" src=\"https:\/\/municipales.org.ar\/festram\/wp-content\/uploads\/2018\/11\/polit-gen-7-150x150.jpg\" class=\"attachment-thumbnail size-thumbnail\" alt=\"\" srcset=\"https:\/\/municipales.org.ar\/festram\/wp-content\/uploads\/2018\/11\/polit-gen-7-150x150.jpg 150w, https:\/\/municipales.org.ar\/festram\/wp-content\/uploads\/2018\/11\/polit-gen-7-80x80.jpg 80w\" sizes=\"auto, (max-width: 150px) 100vw, 150px\" \/><\/a>\n\t\t\t<\/dt><\/dl><br style=\"clear: both\" \/><dl class='gallery-item'>\n\t\t\t<dt class='gallery-icon landscape'>\n\t\t\t\t<a href='https:\/\/municipales.org.ar\/festram\/formacion-unidad-y-sororidad-para-combatir-el-patriarcado\/polit-gen-8small\/'><img loading=\"lazy\" decoding=\"async\" width=\"150\" height=\"150\" src=\"https:\/\/municipales.org.ar\/festram\/wp-content\/uploads\/2018\/11\/polit-gen-8small-150x150.jpg\" class=\"attachment-thumbnail size-thumbnail\" alt=\"\" srcset=\"https:\/\/municipales.org.ar\/festram\/wp-content\/uploads\/2018\/11\/polit-gen-8small-150x150.jpg 150w, https:\/\/municipales.org.ar\/festram\/wp-content\/uploads\/2018\/11\/polit-gen-8small-80x80.jpg 80w\" sizes=\"auto, (max-width: 150px) 100vw, 150px\" \/><\/a>\n\t\t\t<\/dt><\/dl><dl class='gallery-item'>\n\t\t\t<dt class='gallery-icon portrait'>\n\t\t\t\t<a href='https:\/\/municipales.org.ar\/festram\/formacion-unidad-y-sororidad-para-combatir-el-patriarcado\/polit-gen-10small\/'><img loading=\"lazy\" decoding=\"async\" width=\"150\" height=\"150\" src=\"https:\/\/municipales.org.ar\/festram\/wp-content\/uploads\/2018\/11\/polit-gen-10small-150x150.jpg\" class=\"attachment-thumbnail size-thumbnail\" alt=\"\" srcset=\"https:\/\/municipales.org.ar\/festram\/wp-content\/uploads\/2018\/11\/polit-gen-10small-150x150.jpg 150w, https:\/\/municipales.org.ar\/festram\/wp-content\/uploads\/2018\/11\/polit-gen-10small-80x80.jpg 80w\" sizes=\"auto, (max-width: 150px) 100vw, 150px\" \/><\/a>\n\t\t\t<\/dt><\/dl><dl class='gallery-item'>\n\t\t\t<dt class='gallery-icon landscape'>\n\t\t\t\t<a href='https:\/\/municipales.org.ar\/festram\/formacion-unidad-y-sororidad-para-combatir-el-patriarcado\/polit-gen-11\/'><img loading=\"lazy\" decoding=\"async\" width=\"150\" height=\"150\" src=\"https:\/\/municipales.org.ar\/festram\/wp-content\/uploads\/2018\/11\/polit-gen-11-150x150.jpg\" class=\"attachment-thumbnail size-thumbnail\" alt=\"\" srcset=\"https:\/\/municipales.org.ar\/festram\/wp-content\/uploads\/2018\/11\/polit-gen-11-150x150.jpg 150w, https:\/\/municipales.org.ar\/festram\/wp-content\/uploads\/2018\/11\/polit-gen-11-80x80.jpg 80w\" sizes=\"auto, (max-width: 150px) 100vw, 150px\" \/><\/a>\n\t\t\t<\/dt><\/dl><br style=\"clear: both\" \/>\n\t\t<\/div>\n\n<p>En este sentido, desde la Secretar\u00eda respectiva de FESTRAM se sostiene que hay que contribuir a modificar los patrones socioculturales que impone el tan arraigado patriarcado y que esta iniciativa es posible difundiendo los derechos de las mujeres, reconociendo que la discriminaci\u00f3n contras las mismas no es una pr\u00e1ctica aislada de algunas personas, sino que forma parte de la cultura, que se manifiesta en diferentes \u00e1mbitos y que se sostiene mediante prejuicios totalmente naturalizados.<\/p>\n<p>As\u00ed tambi\u00e9n se busc\u00f3 \u00a0visualizar que en la interacci\u00f3n entre los g\u00e9neros y en las relaciones sociales, interviene la cuesti\u00f3n del poder, generando relaciones asim\u00e9tricas entre el hombre y la mujer desde donde se construye un discurso hegem\u00f3nico que reproduce dicha desigualdad y da cuenta al conflicto social existente.<\/p>\n<p>El objetivo principal es avanzar hacia la equidad entre mujeres y varones, la igualdad de trato y oportunidades. Se pretende desnaturalizar pr\u00e1cticas violentas, aportar al empoderamiento de las mujeres, facilitar la informaci\u00f3n sobre las instituciones estatales que deben actuar ante estos hechos. Los destinatarios de esta actividad son las trabajadoras y trabajadores de todos los \u00e1mbitos municipales como as\u00ed tambi\u00e9n los funcionarios.<\/p>\n","protected":false},"excerpt":{"rendered":"<p>A trav\u00e9s de la Secretaria de Pol\u00edticas de G\u00e9nero, Ni\u00f1ez, Familia y Medio Ambiente de FESTRAM, se organiz\u00f3 una Jornada de Capacitaci\u00f3n en la localidad de Capit\u00e1n Berm\u00fadez sobre \u201cPol\u00edticas de G\u00e9nero\u201d. La cita fue el martes 6 y mi\u00e9rcoles en el Sindicato de Obreros y Empleados Municipales de Capit\u00e1n Berm\u00fadez (SOEM). &nbsp; A los [&hellip;]<\/p>\n","protected":false},"author":1,"featured_media":13511,"comment_status":"closed","ping_status":"closed","sticky":false,"template":"","format":"standard","meta":{"_jetpack_memberships_contains_paid_content":false,"footnotes":"","jetpack_publicize_message":"","jetpack_publicize_feature_enabled":true,"jetpack_social_post_already_shared":true,"jetpack_social_options":{"image_generator_settings":{"template":"highway","default_image_id":0,"font":"","enabled":false},"version":2}},"categories":[50],"tags":[191,87],"class_list":["post-13505","post","type-post","status-publish","format-standard","has-post-thumbnail","hentry","category-genero","tag-capitan-bermudez","tag-genero-2"],"yoast_head":"<!-- This site is optimized with the Yoast SEO plugin v25.9 - https:\/\/yoast.com\/wordpress\/plugins\/seo\/ -->\n<title>\u201cFormaci\u00f3n, Unidad y Sororidad para Combatir el Patriarcado\u201d &#8211; FESTRAM<\/title>\n<meta name=\"description\" content=\"A trav\u00e9s de la Secretaria de Pol\u00edticas de G\u00e9nero, Ni\u00f1ez, Familia y Medio Ambiente de FESTRAM, se organiz\u00f3 una Jornada de Capacitaci\u00f3n en la localidad de\" \/>\n<meta name=\"robots\" content=\"index, follow, max-snippet:-1, max-image-preview:large, max-video-preview:-1\" \/>\n<link rel=\"canonical\" href=\"https:\/\/municipales.org.ar\/festram\/formacion-unidad-y-sororidad-para-combatir-el-patriarcado\/\" \/>\n<meta property=\"og:locale\" content=\"es_ES\" \/>\n<meta property=\"og:type\" content=\"article\" \/>\n<meta property=\"og:title\" content=\"\u201cFormaci\u00f3n, Unidad y Sororidad para Combatir el Patriarcado\u201d &#8211; FESTRAM\" \/>\n<meta property=\"og:description\" content=\"A trav\u00e9s de la Secretaria de Pol\u00edticas de G\u00e9nero, Ni\u00f1ez, Familia y Medio Ambiente de FESTRAM, se organiz\u00f3 una Jornada de Capacitaci\u00f3n en la localidad de\" \/>\n<meta property=\"og:url\" content=\"https:\/\/municipales.org.ar\/festram\/formacion-unidad-y-sororidad-para-combatir-el-patriarcado\/\" \/>\n<meta property=\"og:site_name\" content=\"FESTRAM\" \/>\n<meta property=\"article:publisher\" content=\"https:\/\/www.facebook.com\/MunicipalesSF\" \/>\n<meta property=\"article:published_time\" content=\"2018-11-12T20:22:33+00:00\" \/>\n<meta property=\"article:modified_time\" content=\"2018-11-13T13:26:15+00:00\" \/>\n<meta property=\"og:image\" content=\"https:\/\/municipales.org.ar\/festram\/wp-content\/uploads\/2018\/11\/polit-gen-6.jpg\" \/>\n\t<meta property=\"og:image:width\" content=\"1152\" \/>\n\t<meta property=\"og:image:height\" content=\"864\" \/>\n\t<meta property=\"og:image:type\" content=\"image\/jpeg\" \/>\n<meta name=\"author\" content=\"mun_admin\" \/>\n<meta name=\"twitter:card\" content=\"summary_large_image\" \/>\n<meta name=\"twitter:creator\" content=\"@MunicipalesSF\" \/>\n<meta name=\"twitter:site\" content=\"@MunicipalesSF\" \/>\n<meta name=\"twitter:label1\" content=\"Escrito por\" \/>\n\t<meta name=\"twitter:data1\" content=\"mun_admin\" \/>\n\t<meta name=\"twitter:label2\" content=\"Tiempo de lectura\" \/>\n\t<meta name=\"twitter:data2\" content=\"2 minutos\" \/>\n<script type=\"application\/ld+json\" class=\"yoast-schema-graph\">{\"@context\":\"https:\/\/schema.org\",\"@graph\":[{\"@type\":\"Article\",\"@id\":\"https:\/\/municipales.org.ar\/festram\/formacion-unidad-y-sororidad-para-combatir-el-patriarcado\/#article\",\"isPartOf\":{\"@id\":\"https:\/\/municipales.org.ar\/festram\/formacion-unidad-y-sororidad-para-combatir-el-patriarcado\/\"},\"author\":{\"name\":\"mun_admin\",\"@id\":\"https:\/\/municipales.org.ar\/festram\/#\/schema\/person\/49096a774c48ce9063df4d59ec059f9e\"},\"headline\":\"\u201cFormaci\u00f3n, Unidad y Sororidad para Combatir el Patriarcado\u201d\",\"datePublished\":\"2018-11-12T20:22:33+00:00\",\"dateModified\":\"2018-11-13T13:26:15+00:00\",\"mainEntityOfPage\":{\"@id\":\"https:\/\/municipales.org.ar\/festram\/formacion-unidad-y-sororidad-para-combatir-el-patriarcado\/\"},\"wordCount\":469,\"publisher\":{\"@id\":\"https:\/\/municipales.org.ar\/festram\/#organization\"},\"image\":{\"@id\":\"https:\/\/municipales.org.ar\/festram\/formacion-unidad-y-sororidad-para-combatir-el-patriarcado\/#primaryimage\"},\"thumbnailUrl\":\"https:\/\/municipales.org.ar\/festram\/wp-content\/uploads\/2018\/11\/polit-gen-6.jpg\",\"keywords\":[\"capit\u00e1n berm\u00fadez\",\"g\u00e9nero\"],\"articleSection\":[\"G\u00e9nero\"],\"inLanguage\":\"es\"},{\"@type\":\"WebPage\",\"@id\":\"https:\/\/municipales.org.ar\/festram\/formacion-unidad-y-sororidad-para-combatir-el-patriarcado\/\",\"url\":\"https:\/\/municipales.org.ar\/festram\/formacion-unidad-y-sororidad-para-combatir-el-patriarcado\/\",\"name\":\"\u201cFormaci\u00f3n, Unidad y Sororidad para Combatir el Patriarcado\u201d &#8211; FESTRAM\",\"isPartOf\":{\"@id\":\"https:\/\/municipales.org.ar\/festram\/#website\"},\"primaryImageOfPage\":{\"@id\":\"https:\/\/municipales.org.ar\/festram\/formacion-unidad-y-sororidad-para-combatir-el-patriarcado\/#primaryimage\"},\"image\":{\"@id\":\"https:\/\/municipales.org.ar\/festram\/formacion-unidad-y-sororidad-para-combatir-el-patriarcado\/#primaryimage\"},\"thumbnailUrl\":\"https:\/\/municipales.org.ar\/festram\/wp-content\/uploads\/2018\/11\/polit-gen-6.jpg\",\"datePublished\":\"2018-11-12T20:22:33+00:00\",\"dateModified\":\"2018-11-13T13:26:15+00:00\",\"description\":\"A trav\u00e9s de la Secretaria de Pol\u00edticas de G\u00e9nero, Ni\u00f1ez, Familia y Medio Ambiente de FESTRAM, se organiz\u00f3 una Jornada de Capacitaci\u00f3n en la localidad de\",\"breadcrumb\":{\"@id\":\"https:\/\/municipales.org.ar\/festram\/formacion-unidad-y-sororidad-para-combatir-el-patriarcado\/#breadcrumb\"},\"inLanguage\":\"es\",\"potentialAction\":[{\"@type\":\"ReadAction\",\"target\":[\"https:\/\/municipales.org.ar\/festram\/formacion-unidad-y-sororidad-para-combatir-el-patriarcado\/\"]}]},{\"@type\":\"ImageObject\",\"inLanguage\":\"es\",\"@id\":\"https:\/\/municipales.org.ar\/festram\/formacion-unidad-y-sororidad-para-combatir-el-patriarcado\/#primaryimage\",\"url\":\"https:\/\/municipales.org.ar\/festram\/wp-content\/uploads\/2018\/11\/polit-gen-6.jpg\",\"contentUrl\":\"https:\/\/municipales.org.ar\/festram\/wp-content\/uploads\/2018\/11\/polit-gen-6.jpg\",\"width\":1152,\"height\":864},{\"@type\":\"BreadcrumbList\",\"@id\":\"https:\/\/municipales.org.ar\/festram\/formacion-unidad-y-sororidad-para-combatir-el-patriarcado\/#breadcrumb\",\"itemListElement\":[{\"@type\":\"ListItem\",\"position\":1,\"name\":\"Portada\",\"item\":\"https:\/\/municipales.org.ar\/festram\/\"},{\"@type\":\"ListItem\",\"position\":2,\"name\":\"\u201cFormaci\u00f3n, Unidad y Sororidad para Combatir el Patriarcado\u201d\"}]},{\"@type\":\"WebSite\",\"@id\":\"https:\/\/municipales.org.ar\/festram\/#website\",\"url\":\"https:\/\/municipales.org.ar\/festram\/\",\"name\":\"FESTRAM\",\"description\":\"La web de los trabajadores municipales\",\"publisher\":{\"@id\":\"https:\/\/municipales.org.ar\/festram\/#organization\"},\"potentialAction\":[{\"@type\":\"SearchAction\",\"target\":{\"@type\":\"EntryPoint\",\"urlTemplate\":\"https:\/\/municipales.org.ar\/festram\/?s={search_term_string}\"},\"query-input\":{\"@type\":\"PropertyValueSpecification\",\"valueRequired\":true,\"valueName\":\"search_term_string\"}}],\"inLanguage\":\"es\"},{\"@type\":\"Organization\",\"@id\":\"https:\/\/municipales.org.ar\/festram\/#organization\",\"name\":\"Federaci\u00f3n de Sindicatos de Trabajadores Municipales de la Provincia de Santa Fe\",\"url\":\"https:\/\/municipales.org.ar\/festram\/\",\"logo\":{\"@type\":\"ImageObject\",\"inLanguage\":\"es\",\"@id\":\"https:\/\/municipales.org.ar\/festram\/#\/schema\/logo\/image\/\",\"url\":\"https:\/\/www.municipales.org.ar\/festram\/wp-content\/uploads\/2014\/07\/logo_fes.jpg\",\"contentUrl\":\"https:\/\/www.municipales.org.ar\/festram\/wp-content\/uploads\/2014\/07\/logo_fes.jpg\",\"width\":661,\"height\":673,\"caption\":\"Federaci\u00f3n de Sindicatos de Trabajadores Municipales de la Provincia de Santa Fe\"},\"image\":{\"@id\":\"https:\/\/municipales.org.ar\/festram\/#\/schema\/logo\/image\/\"},\"sameAs\":[\"https:\/\/www.facebook.com\/MunicipalesSF\",\"https:\/\/x.com\/MunicipalesSF\",\"https:\/\/www.youtube.com\/user\/festram\"]},{\"@type\":\"Person\",\"@id\":\"https:\/\/municipales.org.ar\/festram\/#\/schema\/person\/49096a774c48ce9063df4d59ec059f9e\",\"name\":\"mun_admin\"}]}<\/script>\n<!-- \/ Yoast SEO plugin. -->","yoast_head_json":{"title":"\u201cFormaci\u00f3n, Unidad y Sororidad para Combatir el Patriarcado\u201d &#8211; FESTRAM","description":"A trav\u00e9s de la Secretaria de Pol\u00edticas de G\u00e9nero, Ni\u00f1ez, Familia y Medio Ambiente de FESTRAM, se organiz\u00f3 una Jornada de Capacitaci\u00f3n en la localidad de","robots":{"index":"index","follow":"follow","max-snippet":"max-snippet:-1","max-image-preview":"max-image-preview:large","max-video-preview":"max-video-preview:-1"},"canonical":"https:\/\/municipales.org.ar\/festram\/formacion-unidad-y-sororidad-para-combatir-el-patriarcado\/","og_locale":"es_ES","og_type":"article","og_title":"\u201cFormaci\u00f3n, Unidad y Sororidad para Combatir el Patriarcado\u201d &#8211; FESTRAM","og_description":"A trav\u00e9s de la Secretaria de Pol\u00edticas de G\u00e9nero, Ni\u00f1ez, Familia y Medio Ambiente de FESTRAM, se organiz\u00f3 una Jornada de Capacitaci\u00f3n en la localidad de","og_url":"https:\/\/municipales.org.ar\/festram\/formacion-unidad-y-sororidad-para-combatir-el-patriarcado\/","og_site_name":"FESTRAM","article_publisher":"https:\/\/www.facebook.com\/MunicipalesSF","article_published_time":"2018-11-12T20:22:33+00:00","article_modified_time":"2018-11-13T13:26:15+00:00","og_image":[{"width":1152,"height":864,"url":"https:\/\/municipales.org.ar\/festram\/wp-content\/uploads\/2018\/11\/polit-gen-6.jpg","type":"image\/jpeg"}],"author":"mun_admin","twitter_card":"summary_large_image","twitter_creator":"@MunicipalesSF","twitter_site":"@MunicipalesSF","twitter_misc":{"Escrito por":"mun_admin","Tiempo de lectura":"2 minutos"},"schema":{"@context":"https:\/\/schema.org","@graph":[{"@type":"Article","@id":"https:\/\/municipales.org.ar\/festram\/formacion-unidad-y-sororidad-para-combatir-el-patriarcado\/#article","isPartOf":{"@id":"https:\/\/municipales.org.ar\/festram\/formacion-unidad-y-sororidad-para-combatir-el-patriarcado\/"},"author":{"name":"mun_admin","@id":"https:\/\/municipales.org.ar\/festram\/#\/schema\/person\/49096a774c48ce9063df4d59ec059f9e"},"headline":"\u201cFormaci\u00f3n, Unidad y Sororidad para Combatir el Patriarcado\u201d","datePublished":"2018-11-12T20:22:33+00:00","dateModified":"2018-11-13T13:26:15+00:00","mainEntityOfPage":{"@id":"https:\/\/municipales.org.ar\/festram\/formacion-unidad-y-sororidad-para-combatir-el-patriarcado\/"},"wordCount":469,"publisher":{"@id":"https:\/\/municipales.org.ar\/festram\/#organization"},"image":{"@id":"https:\/\/municipales.org.ar\/festram\/formacion-unidad-y-sororidad-para-combatir-el-patriarcado\/#primaryimage"},"thumbnailUrl":"https:\/\/municipales.org.ar\/festram\/wp-content\/uploads\/2018\/11\/polit-gen-6.jpg","keywords":["capit\u00e1n berm\u00fadez","g\u00e9nero"],"articleSection":["G\u00e9nero"],"inLanguage":"es"},{"@type":"WebPage","@id":"https:\/\/municipales.org.ar\/festram\/formacion-unidad-y-sororidad-para-combatir-el-patriarcado\/","url":"https:\/\/municipales.org.ar\/festram\/formacion-unidad-y-sororidad-para-combatir-el-patriarcado\/","name":"\u201cFormaci\u00f3n, Unidad y Sororidad para Combatir el Patriarcado\u201d &#8211; FESTRAM","isPartOf":{"@id":"https:\/\/municipales.org.ar\/festram\/#website"},"primaryImageOfPage":{"@id":"https:\/\/municipales.org.ar\/festram\/formacion-unidad-y-sororidad-para-combatir-el-patriarcado\/#primaryimage"},"image":{"@id":"https:\/\/municipales.org.ar\/festram\/formacion-unidad-y-sororidad-para-combatir-el-patriarcado\/#primaryimage"},"thumbnailUrl":"https:\/\/municipales.org.ar\/festram\/wp-content\/uploads\/2018\/11\/polit-gen-6.jpg","datePublished":"2018-11-12T20:22:33+00:00","dateModified":"2018-11-13T13:26:15+00:00","description":"A trav\u00e9s de la Secretaria de Pol\u00edticas de G\u00e9nero, Ni\u00f1ez, Familia y Medio Ambiente de FESTRAM, se organiz\u00f3 una Jornada de Capacitaci\u00f3n en la localidad de","breadcrumb":{"@id":"https:\/\/municipales.org.ar\/festram\/formacion-unidad-y-sororidad-para-combatir-el-patriarcado\/#breadcrumb"},"inLanguage":"es","potentialAction":[{"@type":"ReadAction","target":["https:\/\/municipales.org.ar\/festram\/formacion-unidad-y-sororidad-para-combatir-el-patriarcado\/"]}]},{"@type":"ImageObject","inLanguage":"es","@id":"https:\/\/municipales.org.ar\/festram\/formacion-unidad-y-sororidad-para-combatir-el-patriarcado\/#primaryimage","url":"https:\/\/municipales.org.ar\/festram\/wp-content\/uploads\/2018\/11\/polit-gen-6.jpg","contentUrl":"https:\/\/municipales.org.ar\/festram\/wp-content\/uploads\/2018\/11\/polit-gen-6.jpg","width":1152,"height":864},{"@type":"BreadcrumbList","@id":"https:\/\/municipales.org.ar\/festram\/formacion-unidad-y-sororidad-para-combatir-el-patriarcado\/#breadcrumb","itemListElement":[{"@type":"ListItem","position":1,"name":"Portada","item":"https:\/\/municipales.org.ar\/festram\/"},{"@type":"ListItem","position":2,"name":"\u201cFormaci\u00f3n, Unidad y Sororidad para Combatir el Patriarcado\u201d"}]},{"@type":"WebSite","@id":"https:\/\/municipales.org.ar\/festram\/#website","url":"https:\/\/municipales.org.ar\/festram\/","name":"FESTRAM","description":"La web de los trabajadores municipales","publisher":{"@id":"https:\/\/municipales.org.ar\/festram\/#organization"},"potentialAction":[{"@type":"SearchAction","target":{"@type":"EntryPoint","urlTemplate":"https:\/\/municipales.org.ar\/festram\/?s={search_term_string}"},"query-input":{"@type":"PropertyValueSpecification","valueRequired":true,"valueName":"search_term_string"}}],"inLanguage":"es"},{"@type":"Organization","@id":"https:\/\/municipales.org.ar\/festram\/#organization","name":"Federaci\u00f3n de Sindicatos de Trabajadores Municipales de la Provincia de Santa Fe","url":"https:\/\/municipales.org.ar\/festram\/","logo":{"@type":"ImageObject","inLanguage":"es","@id":"https:\/\/municipales.org.ar\/festram\/#\/schema\/logo\/image\/","url":"https:\/\/www.municipales.org.ar\/festram\/wp-content\/uploads\/2014\/07\/logo_fes.jpg","contentUrl":"https:\/\/www.municipales.org.ar\/festram\/wp-content\/uploads\/2014\/07\/logo_fes.jpg","width":661,"height":673,"caption":"Federaci\u00f3n de Sindicatos de Trabajadores Municipales de la Provincia de Santa Fe"},"image":{"@id":"https:\/\/municipales.org.ar\/festram\/#\/schema\/logo\/image\/"},"sameAs":["https:\/\/www.facebook.com\/MunicipalesSF","https:\/\/x.com\/MunicipalesSF","https:\/\/www.youtube.com\/user\/festram"]},{"@type":"Person","@id":"https:\/\/municipales.org.ar\/festram\/#\/schema\/person\/49096a774c48ce9063df4d59ec059f9e","name":"mun_admin"}]}},"jetpack_publicize_connections":[],"jetpack_featured_media_url":"https:\/\/municipales.org.ar\/festram\/wp-content\/uploads\/2018\/11\/polit-gen-6.jpg","jetpack_sharing_enabled":true,"jetpack_likes_enabled":false,"jetpack_shortlink":"https:\/\/wp.me\/p7l4x1-3vP","_links":{"self":[{"href":"https:\/\/municipales.org.ar\/festram\/wp-json\/wp\/v2\/posts\/13505","targetHints":{"allow":["GET"]}}],"collection":[{"href":"https:\/\/municipales.org.ar\/festram\/wp-json\/wp\/v2\/posts"}],"about":[{"href":"https:\/\/municipales.org.ar\/festram\/wp-json\/wp\/v2\/types\/post"}],"author":[{"embeddable":true,"href":"https:\/\/municipales.org.ar\/festram\/wp-json\/wp\/v2\/users\/1"}],"replies":[{"embeddable":true,"href":"https:\/\/municipales.org.ar\/festram\/wp-json\/wp\/v2\/comments?post=13505"}],"version-history":[{"count":3,"href":"https:\/\/municipales.org.ar\/festram\/wp-json\/wp\/v2\/posts\/13505\/revisions"}],"predecessor-version":[{"id":13538,"href":"https:\/\/municipales.org.ar\/festram\/wp-json\/wp\/v2\/posts\/13505\/revisions\/13538"}],"wp:featuredmedia":[{"embeddable":true,"href":"https:\/\/municipales.org.ar\/festram\/wp-json\/wp\/v2\/media\/13511"}],"wp:attachment":[{"href":"https:\/\/municipales.org.ar\/festram\/wp-json\/wp\/v2\/media?parent=13505"}],"wp:term":[{"taxonomy":"category","embeddable":true,"href":"https:\/\/municipales.org.ar\/festram\/wp-json\/wp\/v2\/categories?post=13505"},{"taxonomy":"post_tag","embeddable":true,"href":"https:\/\/municipales.org.ar\/festram\/wp-json\/wp\/v2\/tags?post=13505"}],"curies":[{"name":"wp","href":"https:\/\/api.w.org\/{rel}","templated":true}]}}