{"id":13520,"date":"2018-11-12T19:48:28","date_gmt":"2018-11-12T22:48:28","guid":{"rendered":"https:\/\/www.municipales.org.ar\/festram\/?p=13520"},"modified":"2018-11-12T19:48:28","modified_gmt":"2018-11-12T22:48:28","slug":"jovenes-municipales-en-el-5o-congreso-de-la-juventud-trabajadora-del-cono-sur","status":"publish","type":"post","link":"https:\/\/municipales.org.ar\/festram\/jovenes-municipales-en-el-5o-congreso-de-la-juventud-trabajadora-del-cono-sur\/","title":{"rendered":"J\u00f3venes Municipales en el 5\u00ba Congreso de la Juventud Trabajadora del Cono Sur"},"content":{"rendered":"<h3>Por una\u00a0Juventud obrera unida, organizada, solidaria y latinoamericana<\/h3>\n<p>Se llev\u00f3 a cabo en Caracas, Venezuela, entre el 26 al 29 de septiembre el 5\u00b0 Congreso de la Juventud Trabajadora del Cono Sur organizado por la Federaci\u00f3n Sindical Mundial, que es la continuaci\u00f3n del efectuado en Exaltaci\u00f3n de la Cruz (Buenos Aires) en el a\u00f1o 2017.-<\/p>\n<p>FESTRAM estuvo representado en este evento por los integrantes de la Red de J\u00f3venes: Luis Cruz, Ignacio Donna, Emiliano Castelli y Marianela Pettite.<\/p>\n<p>Adem\u00e1s de la delegaci\u00f3n argentina que incluy\u00f3 varios gremios (Gr\u00e1ficos, ATE, SATSAID, Curtidores, entre otros) fueron parte del mismo representantes de Chile, Panam\u00e1, Brasil, El Salvador, Honduras y Nicaragua, los que junto a los anfitriones totalizaron doscientos cincuenta concurrentes.<\/p>\n\n\t\t<style type=\"text\/css\">\n\t\t\t#gallery-1 {\n\t\t\t\tmargin: auto;\n\t\t\t}\n\t\t\t#gallery-1 .gallery-item {\n\t\t\t\tfloat: left;\n\t\t\t\tmargin-top: 10px;\n\t\t\t\ttext-align: center;\n\t\t\t\twidth: 33%;\n\t\t\t}\n\t\t\t#gallery-1 img {\n\t\t\t\tborder: 2px solid #cfcfcf;\n\t\t\t}\n\t\t\t#gallery-1 .gallery-caption {\n\t\t\t\tmargin-left: 0;\n\t\t\t}\n\t\t\t\/* see gallery_shortcode() in wp-includes\/media.php *\/\n\t\t<\/style>\n\t\t<div id='gallery-1' class='gallery galleryid-13520 gallery-columns-3 gallery-size-thumbnail'><dl class='gallery-item'>\n\t\t\t<dt class='gallery-icon landscape'>\n\t\t\t\t<a href='https:\/\/municipales.org.ar\/festram\/jovenes-municipales-en-el-5o-congreso-de-la-juventud-trabajadora-del-cono-sur\/attachment\/1\/'><img loading=\"lazy\" decoding=\"async\" width=\"150\" height=\"150\" src=\"https:\/\/municipales.org.ar\/festram\/wp-content\/uploads\/2018\/11\/1-150x150.jpg\" class=\"attachment-thumbnail size-thumbnail\" alt=\"\" srcset=\"https:\/\/municipales.org.ar\/festram\/wp-content\/uploads\/2018\/11\/1-150x150.jpg 150w, https:\/\/municipales.org.ar\/festram\/wp-content\/uploads\/2018\/11\/1-80x80.jpg 80w\" sizes=\"auto, (max-width: 150px) 100vw, 150px\" \/><\/a>\n\t\t\t<\/dt><\/dl><dl class='gallery-item'>\n\t\t\t<dt class='gallery-icon landscape'>\n\t\t\t\t<a href='https:\/\/municipales.org.ar\/festram\/jovenes-municipales-en-el-5o-congreso-de-la-juventud-trabajadora-del-cono-sur\/2-cuartel-de-la-montan%cc%83a\/'><img loading=\"lazy\" decoding=\"async\" width=\"150\" height=\"150\" src=\"https:\/\/municipales.org.ar\/festram\/wp-content\/uploads\/2018\/11\/2-cuartel-de-la-montan\u0303a-150x150.jpeg\" class=\"attachment-thumbnail size-thumbnail\" alt=\"\" srcset=\"https:\/\/municipales.org.ar\/festram\/wp-content\/uploads\/2018\/11\/2-cuartel-de-la-montan\u0303a-150x150.jpeg 150w, https:\/\/municipales.org.ar\/festram\/wp-content\/uploads\/2018\/11\/2-cuartel-de-la-montan\u0303a-80x80.jpeg 80w\" sizes=\"auto, (max-width: 150px) 100vw, 150px\" \/><\/a>\n\t\t\t<\/dt><\/dl><dl class='gallery-item'>\n\t\t\t<dt class='gallery-icon landscape'>\n\t\t\t\t<a href='https:\/\/municipales.org.ar\/festram\/jovenes-municipales-en-el-5o-congreso-de-la-juventud-trabajadora-del-cono-sur\/attachment\/3\/'><img loading=\"lazy\" decoding=\"async\" width=\"150\" height=\"150\" src=\"https:\/\/municipales.org.ar\/festram\/wp-content\/uploads\/2018\/11\/3-150x150.jpeg\" class=\"attachment-thumbnail size-thumbnail\" alt=\"\" srcset=\"https:\/\/municipales.org.ar\/festram\/wp-content\/uploads\/2018\/11\/3-150x150.jpeg 150w, https:\/\/municipales.org.ar\/festram\/wp-content\/uploads\/2018\/11\/3-80x80.jpeg 80w\" sizes=\"auto, (max-width: 150px) 100vw, 150px\" \/><\/a>\n\t\t\t<\/dt><\/dl><br style=\"clear: both\" \/><dl class='gallery-item'>\n\t\t\t<dt class='gallery-icon landscape'>\n\t\t\t\t<a href='https:\/\/municipales.org.ar\/festram\/jovenes-municipales-en-el-5o-congreso-de-la-juventud-trabajadora-del-cono-sur\/4-con-eduardo-penate-ministro-de-trab-ajo-y-secretario-ejecutivo-del-psuv\/'><img loading=\"lazy\" decoding=\"async\" width=\"150\" height=\"150\" src=\"https:\/\/municipales.org.ar\/festram\/wp-content\/uploads\/2018\/11\/4-con-eduardo-penate-ministro-de-trab-ajo-y-secretario-ejecutivo-del-PSUV-150x150.jpg\" class=\"attachment-thumbnail size-thumbnail\" alt=\"\" srcset=\"https:\/\/municipales.org.ar\/festram\/wp-content\/uploads\/2018\/11\/4-con-eduardo-penate-ministro-de-trab-ajo-y-secretario-ejecutivo-del-PSUV-150x150.jpg 150w, https:\/\/municipales.org.ar\/festram\/wp-content\/uploads\/2018\/11\/4-con-eduardo-penate-ministro-de-trab-ajo-y-secretario-ejecutivo-del-PSUV-80x80.jpg 80w\" sizes=\"auto, (max-width: 150px) 100vw, 150px\" \/><\/a>\n\t\t\t<\/dt><\/dl><dl class='gallery-item'>\n\t\t\t<dt class='gallery-icon landscape'>\n\t\t\t\t<a href='https:\/\/municipales.org.ar\/festram\/jovenes-municipales-en-el-5o-congreso-de-la-juventud-trabajadora-del-cono-sur\/5-con-oscar-mora-central-obrera-socialista-de-trabajadores\/'><img loading=\"lazy\" decoding=\"async\" width=\"150\" height=\"150\" src=\"https:\/\/municipales.org.ar\/festram\/wp-content\/uploads\/2018\/11\/5-con-oscar-mora-central-obrera-socialista-de-trabajadores-150x150.jpg\" class=\"attachment-thumbnail size-thumbnail\" alt=\"\" srcset=\"https:\/\/municipales.org.ar\/festram\/wp-content\/uploads\/2018\/11\/5-con-oscar-mora-central-obrera-socialista-de-trabajadores-150x150.jpg 150w, https:\/\/municipales.org.ar\/festram\/wp-content\/uploads\/2018\/11\/5-con-oscar-mora-central-obrera-socialista-de-trabajadores-80x80.jpg 80w\" sizes=\"auto, (max-width: 150px) 100vw, 150px\" \/><\/a>\n\t\t\t<\/dt><\/dl><dl class='gallery-item'>\n\t\t\t<dt class='gallery-icon landscape'>\n\t\t\t\t<a href='https:\/\/municipales.org.ar\/festram\/jovenes-municipales-en-el-5o-congreso-de-la-juventud-trabajadora-del-cono-sur\/6-parque-hugo-chavez\/'><img loading=\"lazy\" decoding=\"async\" width=\"150\" height=\"150\" src=\"https:\/\/municipales.org.ar\/festram\/wp-content\/uploads\/2018\/11\/6-parque-hugo-chavez-150x150.jpg\" class=\"attachment-thumbnail size-thumbnail\" alt=\"\" srcset=\"https:\/\/municipales.org.ar\/festram\/wp-content\/uploads\/2018\/11\/6-parque-hugo-chavez-150x150.jpg 150w, https:\/\/municipales.org.ar\/festram\/wp-content\/uploads\/2018\/11\/6-parque-hugo-chavez-80x80.jpg 80w\" sizes=\"auto, (max-width: 150px) 100vw, 150px\" \/><\/a>\n\t\t\t<\/dt><\/dl><br style=\"clear: both\" \/><dl class='gallery-item'>\n\t\t\t<dt class='gallery-icon landscape'>\n\t\t\t\t<a href='https:\/\/municipales.org.ar\/festram\/jovenes-municipales-en-el-5o-congreso-de-la-juventud-trabajadora-del-cono-sur\/8-junto-a-pedro-infante-ministro-de-deportes-y-juventud\/'><img loading=\"lazy\" decoding=\"async\" width=\"150\" height=\"150\" src=\"https:\/\/municipales.org.ar\/festram\/wp-content\/uploads\/2018\/11\/8-junto-a-pedro-infante-ministro-de-deportes-y-juventud-150x150.jpeg\" class=\"attachment-thumbnail size-thumbnail\" alt=\"\" srcset=\"https:\/\/municipales.org.ar\/festram\/wp-content\/uploads\/2018\/11\/8-junto-a-pedro-infante-ministro-de-deportes-y-juventud-150x150.jpeg 150w, https:\/\/municipales.org.ar\/festram\/wp-content\/uploads\/2018\/11\/8-junto-a-pedro-infante-ministro-de-deportes-y-juventud-80x80.jpeg 80w\" sizes=\"auto, (max-width: 150px) 100vw, 150px\" \/><\/a>\n\t\t\t<\/dt><\/dl><dl class='gallery-item'>\n\t\t\t<dt class='gallery-icon landscape'>\n\t\t\t\t<a href='https:\/\/municipales.org.ar\/festram\/jovenes-municipales-en-el-5o-congreso-de-la-juventud-trabajadora-del-cono-sur\/attachment\/9\/'><img loading=\"lazy\" decoding=\"async\" width=\"150\" height=\"150\" src=\"https:\/\/municipales.org.ar\/festram\/wp-content\/uploads\/2018\/11\/9-150x150.jpeg\" class=\"attachment-thumbnail size-thumbnail\" alt=\"\" srcset=\"https:\/\/municipales.org.ar\/festram\/wp-content\/uploads\/2018\/11\/9-150x150.jpeg 150w, https:\/\/municipales.org.ar\/festram\/wp-content\/uploads\/2018\/11\/9-80x80.jpeg 80w\" sizes=\"auto, (max-width: 150px) 100vw, 150px\" \/><\/a>\n\t\t\t<\/dt><\/dl>\n\t\t\t<br style='clear: both' \/>\n\t\t<\/div>\n\n<p>La capacitaci\u00f3n \u2013y en ella el funcionamiento de escuelas de formaci\u00f3n-, la participaci\u00f3n de la mujer, la creaci\u00f3n de herramientas propias de comunicaci\u00f3n, la interrelaci\u00f3n entre organizaciones obreras de Latinoam\u00e9rica fueron algunos temas abordados espec\u00edficamente.<\/p>\n<p>Se propuso adem\u00e1s, a Uruguay como sede del evento para el a\u00f1o 2019.<\/p>\n","protected":false},"excerpt":{"rendered":"<p>Por una\u00a0Juventud obrera unida, organizada, solidaria y latinoamericana<\/p>\n","protected":false},"author":1,"featured_media":13527,"comment_status":"closed","ping_status":"closed","sticky":false,"template":"","format":"standard","meta":{"_jetpack_memberships_contains_paid_content":false,"footnotes":"","jetpack_publicize_message":"","jetpack_publicize_feature_enabled":true,"jetpack_social_post_already_shared":true,"jetpack_social_options":{"image_generator_settings":{"template":"highway","default_image_id":0,"font":"","enabled":false},"version":2}},"categories":[51],"tags":[92],"class_list":["post-13520","post","type-post","status-publish","format-standard","has-post-thumbnail","hentry","category-jovenes","tag-jovenes-2"],"yoast_head":"<!-- This site is optimized with the Yoast SEO plugin v25.9 - https:\/\/yoast.com\/wordpress\/plugins\/seo\/ -->\n<title>J\u00f3venes Municipales en el 5\u00ba Congreso de la Juventud Trabajadora del Cono Sur &#8211; FESTRAM<\/title>\n<meta name=\"description\" content=\"Por una\u00a0Juventud obrera unida, organizada, solidaria y latinoamericana\" \/>\n<meta name=\"robots\" content=\"index, follow, max-snippet:-1, max-image-preview:large, max-video-preview:-1\" \/>\n<link rel=\"canonical\" href=\"https:\/\/municipales.org.ar\/festram\/jovenes-municipales-en-el-5o-congreso-de-la-juventud-trabajadora-del-cono-sur\/\" \/>\n<meta property=\"og:locale\" content=\"es_ES\" \/>\n<meta property=\"og:type\" content=\"article\" \/>\n<meta property=\"og:title\" content=\"J\u00f3venes Municipales en el 5\u00ba Congreso de la Juventud Trabajadora del Cono Sur &#8211; FESTRAM\" \/>\n<meta property=\"og:description\" content=\"Por una\u00a0Juventud obrera unida, organizada, solidaria y latinoamericana\" \/>\n<meta property=\"og:url\" content=\"https:\/\/municipales.org.ar\/festram\/jovenes-municipales-en-el-5o-congreso-de-la-juventud-trabajadora-del-cono-sur\/\" \/>\n<meta property=\"og:site_name\" content=\"FESTRAM\" \/>\n<meta property=\"article:publisher\" content=\"https:\/\/www.facebook.com\/MunicipalesSF\" \/>\n<meta property=\"article:published_time\" content=\"2018-11-12T22:48:28+00:00\" \/>\n<meta property=\"og:image\" content=\"https:\/\/municipales.org.ar\/festram\/wp-content\/uploads\/2018\/11\/7-estado-de-vargas.jpg\" \/>\n\t<meta property=\"og:image:width\" content=\"1152\" \/>\n\t<meta property=\"og:image:height\" content=\"864\" \/>\n\t<meta property=\"og:image:type\" content=\"image\/jpeg\" \/>\n<meta name=\"author\" content=\"mun_admin\" \/>\n<meta name=\"twitter:card\" content=\"summary_large_image\" \/>\n<meta name=\"twitter:creator\" content=\"@MunicipalesSF\" \/>\n<meta name=\"twitter:site\" content=\"@MunicipalesSF\" \/>\n<meta name=\"twitter:label1\" content=\"Escrito por\" \/>\n\t<meta name=\"twitter:data1\" content=\"mun_admin\" \/>\n\t<meta name=\"twitter:label2\" content=\"Tiempo de lectura\" \/>\n\t<meta name=\"twitter:data2\" content=\"1 minuto\" \/>\n<script type=\"application\/ld+json\" class=\"yoast-schema-graph\">{\"@context\":\"https:\/\/schema.org\",\"@graph\":[{\"@type\":\"Article\",\"@id\":\"https:\/\/municipales.org.ar\/festram\/jovenes-municipales-en-el-5o-congreso-de-la-juventud-trabajadora-del-cono-sur\/#article\",\"isPartOf\":{\"@id\":\"https:\/\/municipales.org.ar\/festram\/jovenes-municipales-en-el-5o-congreso-de-la-juventud-trabajadora-del-cono-sur\/\"},\"author\":{\"name\":\"mun_admin\",\"@id\":\"https:\/\/municipales.org.ar\/festram\/#\/schema\/person\/49096a774c48ce9063df4d59ec059f9e\"},\"headline\":\"J\u00f3venes Municipales en el 5\u00ba Congreso de la Juventud Trabajadora del Cono Sur\",\"datePublished\":\"2018-11-12T22:48:28+00:00\",\"mainEntityOfPage\":{\"@id\":\"https:\/\/municipales.org.ar\/festram\/jovenes-municipales-en-el-5o-congreso-de-la-juventud-trabajadora-del-cono-sur\/\"},\"wordCount\":197,\"publisher\":{\"@id\":\"https:\/\/municipales.org.ar\/festram\/#organization\"},\"image\":{\"@id\":\"https:\/\/municipales.org.ar\/festram\/jovenes-municipales-en-el-5o-congreso-de-la-juventud-trabajadora-del-cono-sur\/#primaryimage\"},\"thumbnailUrl\":\"https:\/\/municipales.org.ar\/festram\/wp-content\/uploads\/2018\/11\/7-estado-de-vargas.jpg\",\"keywords\":[\"j\u00f3venes\"],\"articleSection\":[\"J\u00f3venes\"],\"inLanguage\":\"es\"},{\"@type\":\"WebPage\",\"@id\":\"https:\/\/municipales.org.ar\/festram\/jovenes-municipales-en-el-5o-congreso-de-la-juventud-trabajadora-del-cono-sur\/\",\"url\":\"https:\/\/municipales.org.ar\/festram\/jovenes-municipales-en-el-5o-congreso-de-la-juventud-trabajadora-del-cono-sur\/\",\"name\":\"J\u00f3venes Municipales en el 5\u00ba Congreso de la Juventud Trabajadora del Cono Sur &#8211; FESTRAM\",\"isPartOf\":{\"@id\":\"https:\/\/municipales.org.ar\/festram\/#website\"},\"primaryImageOfPage\":{\"@id\":\"https:\/\/municipales.org.ar\/festram\/jovenes-municipales-en-el-5o-congreso-de-la-juventud-trabajadora-del-cono-sur\/#primaryimage\"},\"image\":{\"@id\":\"https:\/\/municipales.org.ar\/festram\/jovenes-municipales-en-el-5o-congreso-de-la-juventud-trabajadora-del-cono-sur\/#primaryimage\"},\"thumbnailUrl\":\"https:\/\/municipales.org.ar\/festram\/wp-content\/uploads\/2018\/11\/7-estado-de-vargas.jpg\",\"datePublished\":\"2018-11-12T22:48:28+00:00\",\"description\":\"Por una\u00a0Juventud obrera unida, organizada, solidaria y latinoamericana\",\"breadcrumb\":{\"@id\":\"https:\/\/municipales.org.ar\/festram\/jovenes-municipales-en-el-5o-congreso-de-la-juventud-trabajadora-del-cono-sur\/#breadcrumb\"},\"inLanguage\":\"es\",\"potentialAction\":[{\"@type\":\"ReadAction\",\"target\":[\"https:\/\/municipales.org.ar\/festram\/jovenes-municipales-en-el-5o-congreso-de-la-juventud-trabajadora-del-cono-sur\/\"]}]},{\"@type\":\"ImageObject\",\"inLanguage\":\"es\",\"@id\":\"https:\/\/municipales.org.ar\/festram\/jovenes-municipales-en-el-5o-congreso-de-la-juventud-trabajadora-del-cono-sur\/#primaryimage\",\"url\":\"https:\/\/municipales.org.ar\/festram\/wp-content\/uploads\/2018\/11\/7-estado-de-vargas.jpg\",\"contentUrl\":\"https:\/\/municipales.org.ar\/festram\/wp-content\/uploads\/2018\/11\/7-estado-de-vargas.jpg\",\"width\":1152,\"height\":864},{\"@type\":\"BreadcrumbList\",\"@id\":\"https:\/\/municipales.org.ar\/festram\/jovenes-municipales-en-el-5o-congreso-de-la-juventud-trabajadora-del-cono-sur\/#breadcrumb\",\"itemListElement\":[{\"@type\":\"ListItem\",\"position\":1,\"name\":\"Portada\",\"item\":\"https:\/\/municipales.org.ar\/festram\/\"},{\"@type\":\"ListItem\",\"position\":2,\"name\":\"J\u00f3venes Municipales en el 5\u00ba Congreso de la Juventud Trabajadora del Cono Sur\"}]},{\"@type\":\"WebSite\",\"@id\":\"https:\/\/municipales.org.ar\/festram\/#website\",\"url\":\"https:\/\/municipales.org.ar\/festram\/\",\"name\":\"FESTRAM\",\"description\":\"La web de los trabajadores municipales\",\"publisher\":{\"@id\":\"https:\/\/municipales.org.ar\/festram\/#organization\"},\"potentialAction\":[{\"@type\":\"SearchAction\",\"target\":{\"@type\":\"EntryPoint\",\"urlTemplate\":\"https:\/\/municipales.org.ar\/festram\/?s={search_term_string}\"},\"query-input\":{\"@type\":\"PropertyValueSpecification\",\"valueRequired\":true,\"valueName\":\"search_term_string\"}}],\"inLanguage\":\"es\"},{\"@type\":\"Organization\",\"@id\":\"https:\/\/municipales.org.ar\/festram\/#organization\",\"name\":\"Federaci\u00f3n de Sindicatos de Trabajadores Municipales de la Provincia de Santa Fe\",\"url\":\"https:\/\/municipales.org.ar\/festram\/\",\"logo\":{\"@type\":\"ImageObject\",\"inLanguage\":\"es\",\"@id\":\"https:\/\/municipales.org.ar\/festram\/#\/schema\/logo\/image\/\",\"url\":\"https:\/\/www.municipales.org.ar\/festram\/wp-content\/uploads\/2014\/07\/logo_fes.jpg\",\"contentUrl\":\"https:\/\/www.municipales.org.ar\/festram\/wp-content\/uploads\/2014\/07\/logo_fes.jpg\",\"width\":661,\"height\":673,\"caption\":\"Federaci\u00f3n de Sindicatos de Trabajadores Municipales de la Provincia de Santa Fe\"},\"image\":{\"@id\":\"https:\/\/municipales.org.ar\/festram\/#\/schema\/logo\/image\/\"},\"sameAs\":[\"https:\/\/www.facebook.com\/MunicipalesSF\",\"https:\/\/x.com\/MunicipalesSF\",\"https:\/\/www.youtube.com\/user\/festram\"]},{\"@type\":\"Person\",\"@id\":\"https:\/\/municipales.org.ar\/festram\/#\/schema\/person\/49096a774c48ce9063df4d59ec059f9e\",\"name\":\"mun_admin\"}]}<\/script>\n<!-- \/ Yoast SEO plugin. -->","yoast_head_json":{"title":"J\u00f3venes Municipales en el 5\u00ba Congreso de la Juventud Trabajadora del Cono Sur &#8211; FESTRAM","description":"Por una\u00a0Juventud obrera unida, organizada, solidaria y latinoamericana","robots":{"index":"index","follow":"follow","max-snippet":"max-snippet:-1","max-image-preview":"max-image-preview:large","max-video-preview":"max-video-preview:-1"},"canonical":"https:\/\/municipales.org.ar\/festram\/jovenes-municipales-en-el-5o-congreso-de-la-juventud-trabajadora-del-cono-sur\/","og_locale":"es_ES","og_type":"article","og_title":"J\u00f3venes Municipales en el 5\u00ba Congreso de la Juventud Trabajadora del Cono Sur &#8211; FESTRAM","og_description":"Por una\u00a0Juventud obrera unida, organizada, solidaria y latinoamericana","og_url":"https:\/\/municipales.org.ar\/festram\/jovenes-municipales-en-el-5o-congreso-de-la-juventud-trabajadora-del-cono-sur\/","og_site_name":"FESTRAM","article_publisher":"https:\/\/www.facebook.com\/MunicipalesSF","article_published_time":"2018-11-12T22:48:28+00:00","og_image":[{"width":1152,"height":864,"url":"https:\/\/municipales.org.ar\/festram\/wp-content\/uploads\/2018\/11\/7-estado-de-vargas.jpg","type":"image\/jpeg"}],"author":"mun_admin","twitter_card":"summary_large_image","twitter_creator":"@MunicipalesSF","twitter_site":"@MunicipalesSF","twitter_misc":{"Escrito por":"mun_admin","Tiempo de lectura":"1 minuto"},"schema":{"@context":"https:\/\/schema.org","@graph":[{"@type":"Article","@id":"https:\/\/municipales.org.ar\/festram\/jovenes-municipales-en-el-5o-congreso-de-la-juventud-trabajadora-del-cono-sur\/#article","isPartOf":{"@id":"https:\/\/municipales.org.ar\/festram\/jovenes-municipales-en-el-5o-congreso-de-la-juventud-trabajadora-del-cono-sur\/"},"author":{"name":"mun_admin","@id":"https:\/\/municipales.org.ar\/festram\/#\/schema\/person\/49096a774c48ce9063df4d59ec059f9e"},"headline":"J\u00f3venes Municipales en el 5\u00ba Congreso de la Juventud Trabajadora del Cono Sur","datePublished":"2018-11-12T22:48:28+00:00","mainEntityOfPage":{"@id":"https:\/\/municipales.org.ar\/festram\/jovenes-municipales-en-el-5o-congreso-de-la-juventud-trabajadora-del-cono-sur\/"},"wordCount":197,"publisher":{"@id":"https:\/\/municipales.org.ar\/festram\/#organization"},"image":{"@id":"https:\/\/municipales.org.ar\/festram\/jovenes-municipales-en-el-5o-congreso-de-la-juventud-trabajadora-del-cono-sur\/#primaryimage"},"thumbnailUrl":"https:\/\/municipales.org.ar\/festram\/wp-content\/uploads\/2018\/11\/7-estado-de-vargas.jpg","keywords":["j\u00f3venes"],"articleSection":["J\u00f3venes"],"inLanguage":"es"},{"@type":"WebPage","@id":"https:\/\/municipales.org.ar\/festram\/jovenes-municipales-en-el-5o-congreso-de-la-juventud-trabajadora-del-cono-sur\/","url":"https:\/\/municipales.org.ar\/festram\/jovenes-municipales-en-el-5o-congreso-de-la-juventud-trabajadora-del-cono-sur\/","name":"J\u00f3venes Municipales en el 5\u00ba Congreso de la Juventud Trabajadora del Cono Sur &#8211; FESTRAM","isPartOf":{"@id":"https:\/\/municipales.org.ar\/festram\/#website"},"primaryImageOfPage":{"@id":"https:\/\/municipales.org.ar\/festram\/jovenes-municipales-en-el-5o-congreso-de-la-juventud-trabajadora-del-cono-sur\/#primaryimage"},"image":{"@id":"https:\/\/municipales.org.ar\/festram\/jovenes-municipales-en-el-5o-congreso-de-la-juventud-trabajadora-del-cono-sur\/#primaryimage"},"thumbnailUrl":"https:\/\/municipales.org.ar\/festram\/wp-content\/uploads\/2018\/11\/7-estado-de-vargas.jpg","datePublished":"2018-11-12T22:48:28+00:00","description":"Por una\u00a0Juventud obrera unida, organizada, solidaria y latinoamericana","breadcrumb":{"@id":"https:\/\/municipales.org.ar\/festram\/jovenes-municipales-en-el-5o-congreso-de-la-juventud-trabajadora-del-cono-sur\/#breadcrumb"},"inLanguage":"es","potentialAction":[{"@type":"ReadAction","target":["https:\/\/municipales.org.ar\/festram\/jovenes-municipales-en-el-5o-congreso-de-la-juventud-trabajadora-del-cono-sur\/"]}]},{"@type":"ImageObject","inLanguage":"es","@id":"https:\/\/municipales.org.ar\/festram\/jovenes-municipales-en-el-5o-congreso-de-la-juventud-trabajadora-del-cono-sur\/#primaryimage","url":"https:\/\/municipales.org.ar\/festram\/wp-content\/uploads\/2018\/11\/7-estado-de-vargas.jpg","contentUrl":"https:\/\/municipales.org.ar\/festram\/wp-content\/uploads\/2018\/11\/7-estado-de-vargas.jpg","width":1152,"height":864},{"@type":"BreadcrumbList","@id":"https:\/\/municipales.org.ar\/festram\/jovenes-municipales-en-el-5o-congreso-de-la-juventud-trabajadora-del-cono-sur\/#breadcrumb","itemListElement":[{"@type":"ListItem","position":1,"name":"Portada","item":"https:\/\/municipales.org.ar\/festram\/"},{"@type":"ListItem","position":2,"name":"J\u00f3venes Municipales en el 5\u00ba Congreso de la Juventud Trabajadora del Cono Sur"}]},{"@type":"WebSite","@id":"https:\/\/municipales.org.ar\/festram\/#website","url":"https:\/\/municipales.org.ar\/festram\/","name":"FESTRAM","description":"La web de los trabajadores municipales","publisher":{"@id":"https:\/\/municipales.org.ar\/festram\/#organization"},"potentialAction":[{"@type":"SearchAction","target":{"@type":"EntryPoint","urlTemplate":"https:\/\/municipales.org.ar\/festram\/?s={search_term_string}"},"query-input":{"@type":"PropertyValueSpecification","valueRequired":true,"valueName":"search_term_string"}}],"inLanguage":"es"},{"@type":"Organization","@id":"https:\/\/municipales.org.ar\/festram\/#organization","name":"Federaci\u00f3n de Sindicatos de Trabajadores Municipales de la Provincia de Santa Fe","url":"https:\/\/municipales.org.ar\/festram\/","logo":{"@type":"ImageObject","inLanguage":"es","@id":"https:\/\/municipales.org.ar\/festram\/#\/schema\/logo\/image\/","url":"https:\/\/www.municipales.org.ar\/festram\/wp-content\/uploads\/2014\/07\/logo_fes.jpg","contentUrl":"https:\/\/www.municipales.org.ar\/festram\/wp-content\/uploads\/2014\/07\/logo_fes.jpg","width":661,"height":673,"caption":"Federaci\u00f3n de Sindicatos de Trabajadores Municipales de la Provincia de Santa Fe"},"image":{"@id":"https:\/\/municipales.org.ar\/festram\/#\/schema\/logo\/image\/"},"sameAs":["https:\/\/www.facebook.com\/MunicipalesSF","https:\/\/x.com\/MunicipalesSF","https:\/\/www.youtube.com\/user\/festram"]},{"@type":"Person","@id":"https:\/\/municipales.org.ar\/festram\/#\/schema\/person\/49096a774c48ce9063df4d59ec059f9e","name":"mun_admin"}]}},"jetpack_publicize_connections":[],"jetpack_featured_media_url":"https:\/\/municipales.org.ar\/festram\/wp-content\/uploads\/2018\/11\/7-estado-de-vargas.jpg","jetpack_sharing_enabled":true,"jetpack_likes_enabled":false,"jetpack_shortlink":"https:\/\/wp.me\/p7l4x1-3w4","_links":{"self":[{"href":"https:\/\/municipales.org.ar\/festram\/wp-json\/wp\/v2\/posts\/13520","targetHints":{"allow":["GET"]}}],"collection":[{"href":"https:\/\/municipales.org.ar\/festram\/wp-json\/wp\/v2\/posts"}],"about":[{"href":"https:\/\/municipales.org.ar\/festram\/wp-json\/wp\/v2\/types\/post"}],"author":[{"embeddable":true,"href":"https:\/\/municipales.org.ar\/festram\/wp-json\/wp\/v2\/users\/1"}],"replies":[{"embeddable":true,"href":"https:\/\/municipales.org.ar\/festram\/wp-json\/wp\/v2\/comments?post=13520"}],"version-history":[{"count":1,"href":"https:\/\/municipales.org.ar\/festram\/wp-json\/wp\/v2\/posts\/13520\/revisions"}],"predecessor-version":[{"id":13530,"href":"https:\/\/municipales.org.ar\/festram\/wp-json\/wp\/v2\/posts\/13520\/revisions\/13530"}],"wp:featuredmedia":[{"embeddable":true,"href":"https:\/\/municipales.org.ar\/festram\/wp-json\/wp\/v2\/media\/13527"}],"wp:attachment":[{"href":"https:\/\/municipales.org.ar\/festram\/wp-json\/wp\/v2\/media?parent=13520"}],"wp:term":[{"taxonomy":"category","embeddable":true,"href":"https:\/\/municipales.org.ar\/festram\/wp-json\/wp\/v2\/categories?post=13520"},{"taxonomy":"post_tag","embeddable":true,"href":"https:\/\/municipales.org.ar\/festram\/wp-json\/wp\/v2\/tags?post=13520"}],"curies":[{"name":"wp","href":"https:\/\/api.w.org\/{rel}","templated":true}]}}