{"id":13828,"date":"2019-06-01T13:21:51","date_gmt":"2019-06-01T16:21:51","guid":{"rendered":"https:\/\/www.municipales.org.ar\/festram\/?p=13828"},"modified":"2019-07-23T08:59:44","modified_gmt":"2019-07-23T11:59:44","slug":"primer-encuentro-sindical-de-experiencias-en-mejoras-e-innovacion-de-la-gestion-local","status":"publish","type":"post","link":"https:\/\/municipales.org.ar\/festram\/primer-encuentro-sindical-de-experiencias-en-mejoras-e-innovacion-de-la-gestion-local\/","title":{"rendered":"Primer Encuentro Sindical de Experiencias en Mejoras e Innovaci\u00f3n de la Gesti\u00f3n Local"},"content":{"rendered":"\n<h3 class=\"wp-block-heading\">FESTRAM organiz\u00f3 el encuentro con trabajadores y trabajadoras participantes del programa de capacitaci\u00f3n de Gobiern@<br><\/h3>\n\n\n\n<p>El pasado 28 de Mayo, organizado por FESTRAM se realiz\u00f3, en el Complejo Institucional N\u00e9stor Kirchner, el 1\u00ba Encuentro Provincial \u201cAportes y Experiencias de Empleadxs Municipales y Comunales para Mejoras e Innovaciones en la Gesti\u00f3n Local\u201d.<br> <\/p>\n\n\n\n<p>Asistieron trabajadoras y trabajadores, equipos t\u00e9cnicos y autoridades de Municipios y Comunas. Hubo 35 expositores, sobre distintas Gestiones, procedentes de Gobiernos Locales de diversos lugares de la Provincia de Santa Fe.<br> <\/p>\n\n\n\n<p>La organizaci\u00f3n de la actividad estuvo a cargo de la \u201cEscuela Superior de la Administraci\u00f3n P\u00fablica Municipal y Comunal de FESTRAM\u201d, siendo los destinatarios de la convocatoria participantes de distintas capacitaciones llevadas a cabo en el marco del convenio FESTRAM- GOBIERN@<br> <\/p>\n\n\n<p><iframe loading=\"lazy\" width=\"560\" height=\"315\" src=\"https:\/\/www.youtube.com\/embed\/OEY2iTNcz2w\" frameborder=\"0\" allow=\"accelerometer; autoplay; encrypted-media; gyroscope; picture-in-picture\" allowfullscreen><\/iframe><\/p>\n\n\n\n<p>Entre los objetivos del encuentro podemos mencionar: generar un \u00e1mbito de intercambio de experiencias y propuestas de los trabajadorxs para las mejoras en la gesti\u00f3n de los gobiernos locales, crear una base de datos de los problemas comunes y experiencias positivas que surgen de estos aportes, exhibir resultados e impactos obtenidos en el desempe\u00f1o de la gesti\u00f3n y por \u00faltimo, estimular la capacitaci\u00f3n y participaci\u00f3n de los trabajadorxs como herramienta fundamental para mejorar las prestaciones de los municipios y comunas y ampliar la democratizaci\u00f3n institucional.<br> <\/p>\n\n\n\n<p>Las presentaciones y debates se hicieron en 4 comisiones; Gobiernos locales, nuevos desaf\u00edos; Atenci\u00f3n al p\u00fablico, telef\u00f3nica, comunicaci\u00f3n interna e interinstitucional; Gesti\u00f3n, Presupuesto y Finanzas (Costos, recaudaci\u00f3n local, egreso e ingresos), e Higiene, Salud y Seguridad Laboral. Experiencias de acciones preparatorias para la constituci\u00f3n y funcionamiento de Comit\u00e9s Mixtos, Ley Provincial 12913.<br> <\/p>\n\n\n\n<p>En las conclusiones finales surgi\u00f3 como emergente la mejora de servicios y prestaciones en cada comunidad, destacando que las experiencias y aportes de los capacitados posibilitan el desempe\u00f1o como capacitadores.<br> <\/p>\n\n\n\n<p>El Secretario General de FESTRAM, Claudio Leoni, destac\u00f3 que estas instancias son espacios propicios para el fortalecimiento de las capacidades de gesti\u00f3n y las pol\u00edticas p\u00fablicas de los gobiernos locales de la Provincia de Santa Fe. <em>\u201cLa capacitaci\u00f3n es un derecho fundamental para el desarrollo de las capacidades humanas de los trabajadores, pero tambi\u00e9n un compromiso con los servicios p\u00fablicos de calidad para el bienestar de las comunidades a las que le dedicamos nuestro trabajo\u00bb<\/em><\/p>\n\n\n\n<p>Por \u00faltimo, Leoni inst\u00f3 al trabajo conjunto para la sanci\u00f3n de un nuevo Convenio Colectivo de Trabajo, para disponer de un instrumento legal complementario a la Ley 9.286, que permita consolidar el derecho a la capacitaci\u00f3n y estimular la igualdad en oportunidades en la carrera laboral.<br> En ese sentido, el Secretario General de FESTRAM, indic\u00f3: <em>\u201c\u2026Tambi\u00e9n deber\u00e1 incluir la utilizaci\u00f3n de las nuevas tecnolog\u00edas, responsabilidades, roles y funciones de los trabajadorxs en los Gobiernos Locales, siendo la Escuela de Capacitaci\u00f3n, el instrumento que dote de las herramientas para lograr mejoras permanentes en las gestiones de nuestras comunidades, con la participaci\u00f3n de las compa\u00f1eras y compa\u00f1eros.\u201d<\/em><\/p>\n\n\n<p>[srizonfbalbum id=91]<\/p>\n","protected":false},"excerpt":{"rendered":"<p>FESTRAM organiz\u00f3 el encuentro con trabajadores y trabajadoras participantes del programa de capacitaci\u00f3n de Gobiern@<\/p>\n","protected":false},"author":1,"featured_media":13829,"comment_status":"closed","ping_status":"closed","sticky":false,"template":"","format":"standard","meta":{"_jetpack_memberships_contains_paid_content":false,"footnotes":"","jetpack_publicize_message":"","jetpack_publicize_feature_enabled":true,"jetpack_social_post_already_shared":true,"jetpack_social_options":{"image_generator_settings":{"template":"highway","default_image_id":0,"font":"","enabled":false},"version":2}},"categories":[43,217],"tags":[65],"class_list":["post-13828","post","type-post","status-publish","format-standard","has-post-thumbnail","hentry","category-capacitacion","category-comunicados-2019","tag-capacitacion-2"],"yoast_head":"<!-- This site is optimized with the Yoast SEO plugin v25.9 - https:\/\/yoast.com\/wordpress\/plugins\/seo\/ -->\n<title>Primer Encuentro Sindical de Experiencias en Mejoras e Innovaci\u00f3n de la Gesti\u00f3n Local &#8211; FESTRAM<\/title>\n<meta name=\"description\" content=\"FESTRAM organiz\u00f3 el encuentro con trabajadores y trabajadoras participantes del programa de capacitaci\u00f3n de Gobiern@\" \/>\n<meta name=\"robots\" content=\"index, follow, max-snippet:-1, max-image-preview:large, max-video-preview:-1\" \/>\n<link rel=\"canonical\" href=\"https:\/\/municipales.org.ar\/festram\/primer-encuentro-sindical-de-experiencias-en-mejoras-e-innovacion-de-la-gestion-local\/\" \/>\n<meta property=\"og:locale\" content=\"es_ES\" \/>\n<meta property=\"og:type\" content=\"article\" \/>\n<meta property=\"og:title\" content=\"Primer Encuentro Sindical de Experiencias en Mejoras e Innovaci\u00f3n de la Gesti\u00f3n Local &#8211; FESTRAM\" \/>\n<meta property=\"og:description\" content=\"FESTRAM organiz\u00f3 el encuentro con trabajadores y trabajadoras participantes del programa de capacitaci\u00f3n de Gobiern@\" \/>\n<meta property=\"og:url\" content=\"https:\/\/municipales.org.ar\/festram\/primer-encuentro-sindical-de-experiencias-en-mejoras-e-innovacion-de-la-gestion-local\/\" \/>\n<meta property=\"og:site_name\" content=\"FESTRAM\" \/>\n<meta property=\"article:publisher\" content=\"https:\/\/www.facebook.com\/MunicipalesSF\" \/>\n<meta property=\"article:published_time\" content=\"2019-06-01T16:21:51+00:00\" \/>\n<meta property=\"article:modified_time\" content=\"2019-07-23T11:59:44+00:00\" \/>\n<meta property=\"og:image\" content=\"https:\/\/municipales.org.ar\/festram\/wp-content\/uploads\/2019\/06\/DSC3003.jpg\" \/>\n\t<meta property=\"og:image:width\" content=\"2000\" \/>\n\t<meta property=\"og:image:height\" content=\"1335\" \/>\n\t<meta property=\"og:image:type\" content=\"image\/jpeg\" \/>\n<meta name=\"author\" content=\"mun_admin\" \/>\n<meta name=\"twitter:card\" content=\"summary_large_image\" \/>\n<meta name=\"twitter:creator\" content=\"@MunicipalesSF\" \/>\n<meta name=\"twitter:site\" content=\"@MunicipalesSF\" \/>\n<meta name=\"twitter:label1\" content=\"Escrito por\" \/>\n\t<meta name=\"twitter:data1\" content=\"mun_admin\" \/>\n\t<meta name=\"twitter:label2\" content=\"Tiempo de lectura\" \/>\n\t<meta name=\"twitter:data2\" content=\"3 minutos\" \/>\n<script type=\"application\/ld+json\" class=\"yoast-schema-graph\">{\"@context\":\"https:\/\/schema.org\",\"@graph\":[{\"@type\":\"Article\",\"@id\":\"https:\/\/municipales.org.ar\/festram\/primer-encuentro-sindical-de-experiencias-en-mejoras-e-innovacion-de-la-gestion-local\/#article\",\"isPartOf\":{\"@id\":\"https:\/\/municipales.org.ar\/festram\/primer-encuentro-sindical-de-experiencias-en-mejoras-e-innovacion-de-la-gestion-local\/\"},\"author\":{\"name\":\"mun_admin\",\"@id\":\"https:\/\/municipales.org.ar\/festram\/#\/schema\/person\/49096a774c48ce9063df4d59ec059f9e\"},\"headline\":\"Primer Encuentro Sindical de Experiencias en Mejoras e Innovaci\u00f3n de la Gesti\u00f3n Local\",\"datePublished\":\"2019-06-01T16:21:51+00:00\",\"dateModified\":\"2019-07-23T11:59:44+00:00\",\"mainEntityOfPage\":{\"@id\":\"https:\/\/municipales.org.ar\/festram\/primer-encuentro-sindical-de-experiencias-en-mejoras-e-innovacion-de-la-gestion-local\/\"},\"wordCount\":519,\"publisher\":{\"@id\":\"https:\/\/municipales.org.ar\/festram\/#organization\"},\"image\":{\"@id\":\"https:\/\/municipales.org.ar\/festram\/primer-encuentro-sindical-de-experiencias-en-mejoras-e-innovacion-de-la-gestion-local\/#primaryimage\"},\"thumbnailUrl\":\"https:\/\/municipales.org.ar\/festram\/wp-content\/uploads\/2019\/06\/DSC3003.jpg\",\"keywords\":[\"capacitaci\u00f3n\"],\"articleSection\":[\"Capacitaci\u00f3n\",\"Comunicados 2019\"],\"inLanguage\":\"es\"},{\"@type\":\"WebPage\",\"@id\":\"https:\/\/municipales.org.ar\/festram\/primer-encuentro-sindical-de-experiencias-en-mejoras-e-innovacion-de-la-gestion-local\/\",\"url\":\"https:\/\/municipales.org.ar\/festram\/primer-encuentro-sindical-de-experiencias-en-mejoras-e-innovacion-de-la-gestion-local\/\",\"name\":\"Primer Encuentro Sindical de Experiencias en Mejoras e Innovaci\u00f3n de la Gesti\u00f3n Local &#8211; FESTRAM\",\"isPartOf\":{\"@id\":\"https:\/\/municipales.org.ar\/festram\/#website\"},\"primaryImageOfPage\":{\"@id\":\"https:\/\/municipales.org.ar\/festram\/primer-encuentro-sindical-de-experiencias-en-mejoras-e-innovacion-de-la-gestion-local\/#primaryimage\"},\"image\":{\"@id\":\"https:\/\/municipales.org.ar\/festram\/primer-encuentro-sindical-de-experiencias-en-mejoras-e-innovacion-de-la-gestion-local\/#primaryimage\"},\"thumbnailUrl\":\"https:\/\/municipales.org.ar\/festram\/wp-content\/uploads\/2019\/06\/DSC3003.jpg\",\"datePublished\":\"2019-06-01T16:21:51+00:00\",\"dateModified\":\"2019-07-23T11:59:44+00:00\",\"description\":\"FESTRAM organiz\u00f3 el encuentro con trabajadores y trabajadoras participantes del programa de capacitaci\u00f3n de Gobiern@\",\"breadcrumb\":{\"@id\":\"https:\/\/municipales.org.ar\/festram\/primer-encuentro-sindical-de-experiencias-en-mejoras-e-innovacion-de-la-gestion-local\/#breadcrumb\"},\"inLanguage\":\"es\",\"potentialAction\":[{\"@type\":\"ReadAction\",\"target\":[\"https:\/\/municipales.org.ar\/festram\/primer-encuentro-sindical-de-experiencias-en-mejoras-e-innovacion-de-la-gestion-local\/\"]}]},{\"@type\":\"ImageObject\",\"inLanguage\":\"es\",\"@id\":\"https:\/\/municipales.org.ar\/festram\/primer-encuentro-sindical-de-experiencias-en-mejoras-e-innovacion-de-la-gestion-local\/#primaryimage\",\"url\":\"https:\/\/municipales.org.ar\/festram\/wp-content\/uploads\/2019\/06\/DSC3003.jpg\",\"contentUrl\":\"https:\/\/municipales.org.ar\/festram\/wp-content\/uploads\/2019\/06\/DSC3003.jpg\",\"width\":2000,\"height\":1335},{\"@type\":\"BreadcrumbList\",\"@id\":\"https:\/\/municipales.org.ar\/festram\/primer-encuentro-sindical-de-experiencias-en-mejoras-e-innovacion-de-la-gestion-local\/#breadcrumb\",\"itemListElement\":[{\"@type\":\"ListItem\",\"position\":1,\"name\":\"Portada\",\"item\":\"https:\/\/municipales.org.ar\/festram\/\"},{\"@type\":\"ListItem\",\"position\":2,\"name\":\"Primer Encuentro Sindical de Experiencias en Mejoras e Innovaci\u00f3n de la Gesti\u00f3n Local\"}]},{\"@type\":\"WebSite\",\"@id\":\"https:\/\/municipales.org.ar\/festram\/#website\",\"url\":\"https:\/\/municipales.org.ar\/festram\/\",\"name\":\"FESTRAM\",\"description\":\"La web de los trabajadores municipales\",\"publisher\":{\"@id\":\"https:\/\/municipales.org.ar\/festram\/#organization\"},\"potentialAction\":[{\"@type\":\"SearchAction\",\"target\":{\"@type\":\"EntryPoint\",\"urlTemplate\":\"https:\/\/municipales.org.ar\/festram\/?s={search_term_string}\"},\"query-input\":{\"@type\":\"PropertyValueSpecification\",\"valueRequired\":true,\"valueName\":\"search_term_string\"}}],\"inLanguage\":\"es\"},{\"@type\":\"Organization\",\"@id\":\"https:\/\/municipales.org.ar\/festram\/#organization\",\"name\":\"Federaci\u00f3n de Sindicatos de Trabajadores Municipales de la Provincia de Santa Fe\",\"url\":\"https:\/\/municipales.org.ar\/festram\/\",\"logo\":{\"@type\":\"ImageObject\",\"inLanguage\":\"es\",\"@id\":\"https:\/\/municipales.org.ar\/festram\/#\/schema\/logo\/image\/\",\"url\":\"https:\/\/www.municipales.org.ar\/festram\/wp-content\/uploads\/2014\/07\/logo_fes.jpg\",\"contentUrl\":\"https:\/\/www.municipales.org.ar\/festram\/wp-content\/uploads\/2014\/07\/logo_fes.jpg\",\"width\":661,\"height\":673,\"caption\":\"Federaci\u00f3n de Sindicatos de Trabajadores Municipales de la Provincia de Santa Fe\"},\"image\":{\"@id\":\"https:\/\/municipales.org.ar\/festram\/#\/schema\/logo\/image\/\"},\"sameAs\":[\"https:\/\/www.facebook.com\/MunicipalesSF\",\"https:\/\/x.com\/MunicipalesSF\",\"https:\/\/www.youtube.com\/user\/festram\"]},{\"@type\":\"Person\",\"@id\":\"https:\/\/municipales.org.ar\/festram\/#\/schema\/person\/49096a774c48ce9063df4d59ec059f9e\",\"name\":\"mun_admin\"}]}<\/script>\n<!-- \/ Yoast SEO plugin. -->","yoast_head_json":{"title":"Primer Encuentro Sindical de Experiencias en Mejoras e Innovaci\u00f3n de la Gesti\u00f3n Local &#8211; FESTRAM","description":"FESTRAM organiz\u00f3 el encuentro con trabajadores y trabajadoras participantes del programa de capacitaci\u00f3n de Gobiern@","robots":{"index":"index","follow":"follow","max-snippet":"max-snippet:-1","max-image-preview":"max-image-preview:large","max-video-preview":"max-video-preview:-1"},"canonical":"https:\/\/municipales.org.ar\/festram\/primer-encuentro-sindical-de-experiencias-en-mejoras-e-innovacion-de-la-gestion-local\/","og_locale":"es_ES","og_type":"article","og_title":"Primer Encuentro Sindical de Experiencias en Mejoras e Innovaci\u00f3n de la Gesti\u00f3n Local &#8211; FESTRAM","og_description":"FESTRAM organiz\u00f3 el encuentro con trabajadores y trabajadoras participantes del programa de capacitaci\u00f3n de Gobiern@","og_url":"https:\/\/municipales.org.ar\/festram\/primer-encuentro-sindical-de-experiencias-en-mejoras-e-innovacion-de-la-gestion-local\/","og_site_name":"FESTRAM","article_publisher":"https:\/\/www.facebook.com\/MunicipalesSF","article_published_time":"2019-06-01T16:21:51+00:00","article_modified_time":"2019-07-23T11:59:44+00:00","og_image":[{"width":2000,"height":1335,"url":"https:\/\/municipales.org.ar\/festram\/wp-content\/uploads\/2019\/06\/DSC3003.jpg","type":"image\/jpeg"}],"author":"mun_admin","twitter_card":"summary_large_image","twitter_creator":"@MunicipalesSF","twitter_site":"@MunicipalesSF","twitter_misc":{"Escrito por":"mun_admin","Tiempo de lectura":"3 minutos"},"schema":{"@context":"https:\/\/schema.org","@graph":[{"@type":"Article","@id":"https:\/\/municipales.org.ar\/festram\/primer-encuentro-sindical-de-experiencias-en-mejoras-e-innovacion-de-la-gestion-local\/#article","isPartOf":{"@id":"https:\/\/municipales.org.ar\/festram\/primer-encuentro-sindical-de-experiencias-en-mejoras-e-innovacion-de-la-gestion-local\/"},"author":{"name":"mun_admin","@id":"https:\/\/municipales.org.ar\/festram\/#\/schema\/person\/49096a774c48ce9063df4d59ec059f9e"},"headline":"Primer Encuentro Sindical de Experiencias en Mejoras e Innovaci\u00f3n de la Gesti\u00f3n Local","datePublished":"2019-06-01T16:21:51+00:00","dateModified":"2019-07-23T11:59:44+00:00","mainEntityOfPage":{"@id":"https:\/\/municipales.org.ar\/festram\/primer-encuentro-sindical-de-experiencias-en-mejoras-e-innovacion-de-la-gestion-local\/"},"wordCount":519,"publisher":{"@id":"https:\/\/municipales.org.ar\/festram\/#organization"},"image":{"@id":"https:\/\/municipales.org.ar\/festram\/primer-encuentro-sindical-de-experiencias-en-mejoras-e-innovacion-de-la-gestion-local\/#primaryimage"},"thumbnailUrl":"https:\/\/municipales.org.ar\/festram\/wp-content\/uploads\/2019\/06\/DSC3003.jpg","keywords":["capacitaci\u00f3n"],"articleSection":["Capacitaci\u00f3n","Comunicados 2019"],"inLanguage":"es"},{"@type":"WebPage","@id":"https:\/\/municipales.org.ar\/festram\/primer-encuentro-sindical-de-experiencias-en-mejoras-e-innovacion-de-la-gestion-local\/","url":"https:\/\/municipales.org.ar\/festram\/primer-encuentro-sindical-de-experiencias-en-mejoras-e-innovacion-de-la-gestion-local\/","name":"Primer Encuentro Sindical de Experiencias en Mejoras e Innovaci\u00f3n de la Gesti\u00f3n Local &#8211; FESTRAM","isPartOf":{"@id":"https:\/\/municipales.org.ar\/festram\/#website"},"primaryImageOfPage":{"@id":"https:\/\/municipales.org.ar\/festram\/primer-encuentro-sindical-de-experiencias-en-mejoras-e-innovacion-de-la-gestion-local\/#primaryimage"},"image":{"@id":"https:\/\/municipales.org.ar\/festram\/primer-encuentro-sindical-de-experiencias-en-mejoras-e-innovacion-de-la-gestion-local\/#primaryimage"},"thumbnailUrl":"https:\/\/municipales.org.ar\/festram\/wp-content\/uploads\/2019\/06\/DSC3003.jpg","datePublished":"2019-06-01T16:21:51+00:00","dateModified":"2019-07-23T11:59:44+00:00","description":"FESTRAM organiz\u00f3 el encuentro con trabajadores y trabajadoras participantes del programa de capacitaci\u00f3n de Gobiern@","breadcrumb":{"@id":"https:\/\/municipales.org.ar\/festram\/primer-encuentro-sindical-de-experiencias-en-mejoras-e-innovacion-de-la-gestion-local\/#breadcrumb"},"inLanguage":"es","potentialAction":[{"@type":"ReadAction","target":["https:\/\/municipales.org.ar\/festram\/primer-encuentro-sindical-de-experiencias-en-mejoras-e-innovacion-de-la-gestion-local\/"]}]},{"@type":"ImageObject","inLanguage":"es","@id":"https:\/\/municipales.org.ar\/festram\/primer-encuentro-sindical-de-experiencias-en-mejoras-e-innovacion-de-la-gestion-local\/#primaryimage","url":"https:\/\/municipales.org.ar\/festram\/wp-content\/uploads\/2019\/06\/DSC3003.jpg","contentUrl":"https:\/\/municipales.org.ar\/festram\/wp-content\/uploads\/2019\/06\/DSC3003.jpg","width":2000,"height":1335},{"@type":"BreadcrumbList","@id":"https:\/\/municipales.org.ar\/festram\/primer-encuentro-sindical-de-experiencias-en-mejoras-e-innovacion-de-la-gestion-local\/#breadcrumb","itemListElement":[{"@type":"ListItem","position":1,"name":"Portada","item":"https:\/\/municipales.org.ar\/festram\/"},{"@type":"ListItem","position":2,"name":"Primer Encuentro Sindical de Experiencias en Mejoras e Innovaci\u00f3n de la Gesti\u00f3n Local"}]},{"@type":"WebSite","@id":"https:\/\/municipales.org.ar\/festram\/#website","url":"https:\/\/municipales.org.ar\/festram\/","name":"FESTRAM","description":"La web de los trabajadores municipales","publisher":{"@id":"https:\/\/municipales.org.ar\/festram\/#organization"},"potentialAction":[{"@type":"SearchAction","target":{"@type":"EntryPoint","urlTemplate":"https:\/\/municipales.org.ar\/festram\/?s={search_term_string}"},"query-input":{"@type":"PropertyValueSpecification","valueRequired":true,"valueName":"search_term_string"}}],"inLanguage":"es"},{"@type":"Organization","@id":"https:\/\/municipales.org.ar\/festram\/#organization","name":"Federaci\u00f3n de Sindicatos de Trabajadores Municipales de la Provincia de Santa Fe","url":"https:\/\/municipales.org.ar\/festram\/","logo":{"@type":"ImageObject","inLanguage":"es","@id":"https:\/\/municipales.org.ar\/festram\/#\/schema\/logo\/image\/","url":"https:\/\/www.municipales.org.ar\/festram\/wp-content\/uploads\/2014\/07\/logo_fes.jpg","contentUrl":"https:\/\/www.municipales.org.ar\/festram\/wp-content\/uploads\/2014\/07\/logo_fes.jpg","width":661,"height":673,"caption":"Federaci\u00f3n de Sindicatos de Trabajadores Municipales de la Provincia de Santa Fe"},"image":{"@id":"https:\/\/municipales.org.ar\/festram\/#\/schema\/logo\/image\/"},"sameAs":["https:\/\/www.facebook.com\/MunicipalesSF","https:\/\/x.com\/MunicipalesSF","https:\/\/www.youtube.com\/user\/festram"]},{"@type":"Person","@id":"https:\/\/municipales.org.ar\/festram\/#\/schema\/person\/49096a774c48ce9063df4d59ec059f9e","name":"mun_admin"}]}},"jetpack_publicize_connections":[],"jetpack_featured_media_url":"https:\/\/municipales.org.ar\/festram\/wp-content\/uploads\/2019\/06\/DSC3003.jpg","jetpack_sharing_enabled":true,"jetpack_likes_enabled":false,"jetpack_shortlink":"https:\/\/wp.me\/p7l4x1-3B2","_links":{"self":[{"href":"https:\/\/municipales.org.ar\/festram\/wp-json\/wp\/v2\/posts\/13828","targetHints":{"allow":["GET"]}}],"collection":[{"href":"https:\/\/municipales.org.ar\/festram\/wp-json\/wp\/v2\/posts"}],"about":[{"href":"https:\/\/municipales.org.ar\/festram\/wp-json\/wp\/v2\/types\/post"}],"author":[{"embeddable":true,"href":"https:\/\/municipales.org.ar\/festram\/wp-json\/wp\/v2\/users\/1"}],"replies":[{"embeddable":true,"href":"https:\/\/municipales.org.ar\/festram\/wp-json\/wp\/v2\/comments?post=13828"}],"version-history":[{"count":3,"href":"https:\/\/municipales.org.ar\/festram\/wp-json\/wp\/v2\/posts\/13828\/revisions"}],"predecessor-version":[{"id":13881,"href":"https:\/\/municipales.org.ar\/festram\/wp-json\/wp\/v2\/posts\/13828\/revisions\/13881"}],"wp:featuredmedia":[{"embeddable":true,"href":"https:\/\/municipales.org.ar\/festram\/wp-json\/wp\/v2\/media\/13829"}],"wp:attachment":[{"href":"https:\/\/municipales.org.ar\/festram\/wp-json\/wp\/v2\/media?parent=13828"}],"wp:term":[{"taxonomy":"category","embeddable":true,"href":"https:\/\/municipales.org.ar\/festram\/wp-json\/wp\/v2\/categories?post=13828"},{"taxonomy":"post_tag","embeddable":true,"href":"https:\/\/municipales.org.ar\/festram\/wp-json\/wp\/v2\/tags?post=13828"}],"curies":[{"name":"wp","href":"https:\/\/api.w.org\/{rel}","templated":true}]}}