{"id":13918,"date":"2019-07-25T17:09:33","date_gmt":"2019-07-25T20:09:33","guid":{"rendered":"https:\/\/www.municipales.org.ar\/festram\/?p=13918"},"modified":"2019-07-25T20:32:42","modified_gmt":"2019-07-25T23:32:42","slug":"jornadas-de-capacitacion-sobre-politicas-de-genero-en-baigorria","status":"publish","type":"post","link":"https:\/\/municipales.org.ar\/festram\/jornadas-de-capacitacion-sobre-politicas-de-genero-en-baigorria\/","title":{"rendered":"Jornadas de Capacitaci\u00f3n sobre Pol\u00edticas de G\u00e9nero en Baigorria"},"content":{"rendered":"\n<p><\/p>\n\n\n\n<h4 class=\"wp-block-heading\">En el Sindicato de Trabajadores Municipales de Granadero Baigorria, ayer 24 de Julio, la Secretar\u00eda de G\u00e9nero, Familia y Medio Ambiente de FESTRAM, junto a la Red Provincial de Mujeres Municipales y Comunales, realizaron una jornada-taller de \u201cPol\u00edticas de G\u00e9nero\u201d.<br><br><\/h4>\n\n\n\n<p>De la misma participaron alrededor de 30 trabajadoras y trabajadores pertenecientes a diferentes \u00e1reas de la Municipalidad (Seguridad vial, de Desarrollo social, de Mantenimiento, Inspectores, de Atenci\u00f3n al p\u00fablico, etc.) como as\u00ed tambi\u00e9n integrantes del \u00c1rea de la Mujer de ese municipio.<\/p>\n\n\n\n<ul class=\"wp-block-gallery columns-3 is-cropped wp-block-gallery-1 is-layout-flex wp-block-gallery-is-layout-flex\"><li class=\"blocks-gallery-item\"><figure><img loading=\"lazy\" decoding=\"async\" width=\"1024\" height=\"768\" src=\"https:\/\/www.municipales.org.ar\/festram\/wp-content\/uploads\/2019\/07\/1cb4eae5-bc1a-489e-9896-db7067c385a9-1024x768.jpg\" alt=\"\" data-id=\"13920\" data-link=\"https:\/\/www.municipales.org.ar\/festram\/?attachment_id=13920\" class=\"wp-image-13920\" srcset=\"https:\/\/municipales.org.ar\/festram\/wp-content\/uploads\/2019\/07\/1cb4eae5-bc1a-489e-9896-db7067c385a9-1024x768.jpg 1024w, https:\/\/municipales.org.ar\/festram\/wp-content\/uploads\/2019\/07\/1cb4eae5-bc1a-489e-9896-db7067c385a9-300x225.jpg 300w, https:\/\/municipales.org.ar\/festram\/wp-content\/uploads\/2019\/07\/1cb4eae5-bc1a-489e-9896-db7067c385a9-768x576.jpg 768w, https:\/\/municipales.org.ar\/festram\/wp-content\/uploads\/2019\/07\/1cb4eae5-bc1a-489e-9896-db7067c385a9.jpg 1152w\" sizes=\"auto, (max-width: 1024px) 100vw, 1024px\" \/><\/figure><\/li><li class=\"blocks-gallery-item\"><figure><img loading=\"lazy\" decoding=\"async\" width=\"1024\" height=\"768\" src=\"https:\/\/www.municipales.org.ar\/festram\/wp-content\/uploads\/2019\/07\/2ddb880d-a67d-4e0e-b72b-9992b120fbfb-1024x768.jpg\" alt=\"\" data-id=\"13921\" data-link=\"https:\/\/www.municipales.org.ar\/festram\/?attachment_id=13921\" class=\"wp-image-13921\" srcset=\"https:\/\/municipales.org.ar\/festram\/wp-content\/uploads\/2019\/07\/2ddb880d-a67d-4e0e-b72b-9992b120fbfb-1024x768.jpg 1024w, https:\/\/municipales.org.ar\/festram\/wp-content\/uploads\/2019\/07\/2ddb880d-a67d-4e0e-b72b-9992b120fbfb-300x225.jpg 300w, https:\/\/municipales.org.ar\/festram\/wp-content\/uploads\/2019\/07\/2ddb880d-a67d-4e0e-b72b-9992b120fbfb-768x576.jpg 768w, https:\/\/municipales.org.ar\/festram\/wp-content\/uploads\/2019\/07\/2ddb880d-a67d-4e0e-b72b-9992b120fbfb.jpg 1152w\" sizes=\"auto, (max-width: 1024px) 100vw, 1024px\" \/><\/figure><\/li><li class=\"blocks-gallery-item\"><figure><img loading=\"lazy\" decoding=\"async\" width=\"1024\" height=\"768\" src=\"https:\/\/www.municipales.org.ar\/festram\/wp-content\/uploads\/2019\/07\/7ef3d78b-e84c-42f2-8ac1-8105354dfaa2-1024x768.jpg\" alt=\"\" data-id=\"13922\" data-link=\"https:\/\/www.municipales.org.ar\/festram\/?attachment_id=13922\" class=\"wp-image-13922\" srcset=\"https:\/\/municipales.org.ar\/festram\/wp-content\/uploads\/2019\/07\/7ef3d78b-e84c-42f2-8ac1-8105354dfaa2-1024x768.jpg 1024w, https:\/\/municipales.org.ar\/festram\/wp-content\/uploads\/2019\/07\/7ef3d78b-e84c-42f2-8ac1-8105354dfaa2-300x225.jpg 300w, https:\/\/municipales.org.ar\/festram\/wp-content\/uploads\/2019\/07\/7ef3d78b-e84c-42f2-8ac1-8105354dfaa2-768x576.jpg 768w, https:\/\/municipales.org.ar\/festram\/wp-content\/uploads\/2019\/07\/7ef3d78b-e84c-42f2-8ac1-8105354dfaa2.jpg 1152w\" sizes=\"auto, (max-width: 1024px) 100vw, 1024px\" \/><\/figure><\/li><li class=\"blocks-gallery-item\"><figure><img loading=\"lazy\" decoding=\"async\" width=\"1024\" height=\"768\" src=\"https:\/\/www.municipales.org.ar\/festram\/wp-content\/uploads\/2019\/07\/8cd40924-51e0-493d-a972-0f9db581eb9e-1024x768.jpg\" alt=\"\" data-id=\"13924\" data-link=\"https:\/\/www.municipales.org.ar\/festram\/?attachment_id=13924\" class=\"wp-image-13924\" srcset=\"https:\/\/municipales.org.ar\/festram\/wp-content\/uploads\/2019\/07\/8cd40924-51e0-493d-a972-0f9db581eb9e-1024x768.jpg 1024w, https:\/\/municipales.org.ar\/festram\/wp-content\/uploads\/2019\/07\/8cd40924-51e0-493d-a972-0f9db581eb9e-300x225.jpg 300w, https:\/\/municipales.org.ar\/festram\/wp-content\/uploads\/2019\/07\/8cd40924-51e0-493d-a972-0f9db581eb9e-768x576.jpg 768w, https:\/\/municipales.org.ar\/festram\/wp-content\/uploads\/2019\/07\/8cd40924-51e0-493d-a972-0f9db581eb9e.jpg 1152w\" sizes=\"auto, (max-width: 1024px) 100vw, 1024px\" \/><\/figure><\/li><li class=\"blocks-gallery-item\"><figure><img loading=\"lazy\" decoding=\"async\" width=\"1024\" height=\"768\" src=\"https:\/\/www.municipales.org.ar\/festram\/wp-content\/uploads\/2019\/07\/9a3e7be2-77db-488d-8053-ca75219f3729-1024x768.jpg\" alt=\"\" data-id=\"13925\" data-link=\"https:\/\/www.municipales.org.ar\/festram\/?attachment_id=13925\" class=\"wp-image-13925\" srcset=\"https:\/\/municipales.org.ar\/festram\/wp-content\/uploads\/2019\/07\/9a3e7be2-77db-488d-8053-ca75219f3729-1024x768.jpg 1024w, https:\/\/municipales.org.ar\/festram\/wp-content\/uploads\/2019\/07\/9a3e7be2-77db-488d-8053-ca75219f3729-300x225.jpg 300w, https:\/\/municipales.org.ar\/festram\/wp-content\/uploads\/2019\/07\/9a3e7be2-77db-488d-8053-ca75219f3729-768x576.jpg 768w, https:\/\/municipales.org.ar\/festram\/wp-content\/uploads\/2019\/07\/9a3e7be2-77db-488d-8053-ca75219f3729.jpg 1152w\" sizes=\"auto, (max-width: 1024px) 100vw, 1024px\" \/><\/figure><\/li><li class=\"blocks-gallery-item\"><figure><img loading=\"lazy\" decoding=\"async\" width=\"1024\" height=\"768\" src=\"https:\/\/www.municipales.org.ar\/festram\/wp-content\/uploads\/2019\/07\/13b78c76-5b6a-45e6-8daa-086c0e4362ff-1024x768.jpg\" alt=\"\" data-id=\"13926\" data-link=\"https:\/\/www.municipales.org.ar\/festram\/?attachment_id=13926\" class=\"wp-image-13926\" srcset=\"https:\/\/municipales.org.ar\/festram\/wp-content\/uploads\/2019\/07\/13b78c76-5b6a-45e6-8daa-086c0e4362ff-1024x768.jpg 1024w, https:\/\/municipales.org.ar\/festram\/wp-content\/uploads\/2019\/07\/13b78c76-5b6a-45e6-8daa-086c0e4362ff-300x225.jpg 300w, https:\/\/municipales.org.ar\/festram\/wp-content\/uploads\/2019\/07\/13b78c76-5b6a-45e6-8daa-086c0e4362ff-768x576.jpg 768w, https:\/\/municipales.org.ar\/festram\/wp-content\/uploads\/2019\/07\/13b78c76-5b6a-45e6-8daa-086c0e4362ff.jpg 1152w\" sizes=\"auto, (max-width: 1024px) 100vw, 1024px\" \/><\/figure><\/li><li class=\"blocks-gallery-item\"><figure><img loading=\"lazy\" decoding=\"async\" width=\"1024\" height=\"768\" src=\"https:\/\/www.municipales.org.ar\/festram\/wp-content\/uploads\/2019\/07\/39af45c3-2f45-4f7c-845d-1041b4a06f75-1024x768.jpg\" alt=\"\" data-id=\"13927\" data-link=\"https:\/\/www.municipales.org.ar\/festram\/?attachment_id=13927\" class=\"wp-image-13927\" srcset=\"https:\/\/municipales.org.ar\/festram\/wp-content\/uploads\/2019\/07\/39af45c3-2f45-4f7c-845d-1041b4a06f75-1024x768.jpg 1024w, https:\/\/municipales.org.ar\/festram\/wp-content\/uploads\/2019\/07\/39af45c3-2f45-4f7c-845d-1041b4a06f75-300x225.jpg 300w, https:\/\/municipales.org.ar\/festram\/wp-content\/uploads\/2019\/07\/39af45c3-2f45-4f7c-845d-1041b4a06f75-768x576.jpg 768w, https:\/\/municipales.org.ar\/festram\/wp-content\/uploads\/2019\/07\/39af45c3-2f45-4f7c-845d-1041b4a06f75.jpg 1152w\" sizes=\"auto, (max-width: 1024px) 100vw, 1024px\" \/><\/figure><\/li><li class=\"blocks-gallery-item\"><figure><img loading=\"lazy\" decoding=\"async\" width=\"1024\" height=\"768\" src=\"https:\/\/www.municipales.org.ar\/festram\/wp-content\/uploads\/2019\/07\/94c0bffa-47fd-4e6b-99f3-169e4597d4ba-1024x768.jpg\" alt=\"\" data-id=\"13928\" data-link=\"https:\/\/www.municipales.org.ar\/festram\/?attachment_id=13928\" class=\"wp-image-13928\" srcset=\"https:\/\/municipales.org.ar\/festram\/wp-content\/uploads\/2019\/07\/94c0bffa-47fd-4e6b-99f3-169e4597d4ba-1024x768.jpg 1024w, https:\/\/municipales.org.ar\/festram\/wp-content\/uploads\/2019\/07\/94c0bffa-47fd-4e6b-99f3-169e4597d4ba-300x225.jpg 300w, https:\/\/municipales.org.ar\/festram\/wp-content\/uploads\/2019\/07\/94c0bffa-47fd-4e6b-99f3-169e4597d4ba-768x576.jpg 768w, https:\/\/municipales.org.ar\/festram\/wp-content\/uploads\/2019\/07\/94c0bffa-47fd-4e6b-99f3-169e4597d4ba.jpg 1152w\" sizes=\"auto, (max-width: 1024px) 100vw, 1024px\" \/><\/figure><\/li><li class=\"blocks-gallery-item\"><figure><img loading=\"lazy\" decoding=\"async\" width=\"1024\" height=\"768\" src=\"https:\/\/www.municipales.org.ar\/festram\/wp-content\/uploads\/2019\/07\/668fefd2-74a2-403c-8939-6b9f90642298-1024x768.jpg\" alt=\"\" data-id=\"13929\" data-link=\"https:\/\/www.municipales.org.ar\/festram\/?attachment_id=13929\" class=\"wp-image-13929\" srcset=\"https:\/\/municipales.org.ar\/festram\/wp-content\/uploads\/2019\/07\/668fefd2-74a2-403c-8939-6b9f90642298-1024x768.jpg 1024w, https:\/\/municipales.org.ar\/festram\/wp-content\/uploads\/2019\/07\/668fefd2-74a2-403c-8939-6b9f90642298-300x225.jpg 300w, https:\/\/municipales.org.ar\/festram\/wp-content\/uploads\/2019\/07\/668fefd2-74a2-403c-8939-6b9f90642298-768x576.jpg 768w, https:\/\/municipales.org.ar\/festram\/wp-content\/uploads\/2019\/07\/668fefd2-74a2-403c-8939-6b9f90642298.jpg 1152w\" sizes=\"auto, (max-width: 1024px) 100vw, 1024px\" \/><\/figure><\/li><li class=\"blocks-gallery-item\"><figure><img loading=\"lazy\" decoding=\"async\" width=\"1024\" height=\"768\" src=\"https:\/\/www.municipales.org.ar\/festram\/wp-content\/uploads\/2019\/07\/795e121c-7b36-40b5-9495-3be357d37eeb-1024x768.jpg\" alt=\"\" data-id=\"13930\" data-link=\"https:\/\/www.municipales.org.ar\/festram\/?attachment_id=13930\" class=\"wp-image-13930\" srcset=\"https:\/\/municipales.org.ar\/festram\/wp-content\/uploads\/2019\/07\/795e121c-7b36-40b5-9495-3be357d37eeb-1024x768.jpg 1024w, https:\/\/municipales.org.ar\/festram\/wp-content\/uploads\/2019\/07\/795e121c-7b36-40b5-9495-3be357d37eeb-300x225.jpg 300w, https:\/\/municipales.org.ar\/festram\/wp-content\/uploads\/2019\/07\/795e121c-7b36-40b5-9495-3be357d37eeb-768x576.jpg 768w, https:\/\/municipales.org.ar\/festram\/wp-content\/uploads\/2019\/07\/795e121c-7b36-40b5-9495-3be357d37eeb.jpg 1152w\" sizes=\"auto, (max-width: 1024px) 100vw, 1024px\" \/><\/figure><\/li><li class=\"blocks-gallery-item\"><figure><img loading=\"lazy\" decoding=\"async\" width=\"768\" height=\"1024\" src=\"https:\/\/www.municipales.org.ar\/festram\/wp-content\/uploads\/2019\/07\/b828cdf4-96f8-420a-ae66-462f2a8dec4a-768x1024.jpg\" alt=\"\" data-id=\"13931\" data-link=\"https:\/\/www.municipales.org.ar\/festram\/?attachment_id=13931\" class=\"wp-image-13931\" srcset=\"https:\/\/municipales.org.ar\/festram\/wp-content\/uploads\/2019\/07\/b828cdf4-96f8-420a-ae66-462f2a8dec4a-768x1024.jpg 768w, https:\/\/municipales.org.ar\/festram\/wp-content\/uploads\/2019\/07\/b828cdf4-96f8-420a-ae66-462f2a8dec4a-225x300.jpg 225w, https:\/\/municipales.org.ar\/festram\/wp-content\/uploads\/2019\/07\/b828cdf4-96f8-420a-ae66-462f2a8dec4a.jpg 864w\" sizes=\"auto, (max-width: 768px) 100vw, 768px\" \/><\/figure><\/li><li class=\"blocks-gallery-item\"><figure><img loading=\"lazy\" decoding=\"async\" width=\"1024\" height=\"768\" src=\"https:\/\/www.municipales.org.ar\/festram\/wp-content\/uploads\/2019\/07\/e267c79e-1060-4a0c-8828-2a7da2fffd4b-1024x768.jpg\" alt=\"\" data-id=\"13932\" data-link=\"https:\/\/www.municipales.org.ar\/festram\/?attachment_id=13932\" class=\"wp-image-13932\" srcset=\"https:\/\/municipales.org.ar\/festram\/wp-content\/uploads\/2019\/07\/e267c79e-1060-4a0c-8828-2a7da2fffd4b-1024x768.jpg 1024w, https:\/\/municipales.org.ar\/festram\/wp-content\/uploads\/2019\/07\/e267c79e-1060-4a0c-8828-2a7da2fffd4b-300x225.jpg 300w, https:\/\/municipales.org.ar\/festram\/wp-content\/uploads\/2019\/07\/e267c79e-1060-4a0c-8828-2a7da2fffd4b-768x576.jpg 768w, https:\/\/municipales.org.ar\/festram\/wp-content\/uploads\/2019\/07\/e267c79e-1060-4a0c-8828-2a7da2fffd4b.jpg 1152w\" sizes=\"auto, (max-width: 1024px) 100vw, 1024px\" \/><\/figure><\/li><\/ul>\n\n\n\n<p>Mediante la actividad se abord\u00f3 la normativa de la Ley de Protecci\u00f3n Integral de la Mujer, tan necesaria de difundir para deconstruir estereotipos tan antiguos y arraigados como lo son los del patriarcado.<\/p>\n\n\n\n<p>No estuvo ausente -como se ha manifestado en anteriores encuentros dados en diferentes localidades de la provincia- la necesidad de que se adhiera y efectivice la aplicaci\u00f3n de la Ley Micaela, ley que comparte los principios de capacitaci\u00f3n viene desarrollando FESTRAM, al abarcar a todos los funcionarios de la gesti\u00f3n p\u00fablica indistintamente de su jerarqu\u00eda o del \u00e1mbito en el que se desempe\u00f1en sus funciones.<br><br><\/p>\n\n\n<p><iframe loading=\"lazy\" src=\"https:\/\/www.facebook.com\/plugins\/post.php?href=https%3A%2F%2Fwww.facebook.com%2Fluis.cruz.5245961%2Fposts%2F10157636274504664%3A0&#038;width=500\" width=\"500\" height=\"482\" style=\"border:none;overflow:hidden\" scrolling=\"no\" frameborder=\"0\" allowTransparency=\"true\" allow=\"encrypted-media\"><\/iframe><\/p>\n","protected":false},"excerpt":{"rendered":"<p>En el Sindicato de Trabajadores Municipales de Granadero Baigorria, ayer 24 de Julio, la Secretar\u00eda de G\u00e9nero, Familia y Medio Ambiente de FESTRAM, junto a la Red Provincial de Mujeres Municipales y Comunales, realizaron una jornada-taller de \u201cPol\u00edticas de G\u00e9nero\u201d.<\/p>\n","protected":false},"author":1,"featured_media":13919,"comment_status":"closed","ping_status":"closed","sticky":false,"template":"","format":"standard","meta":{"_jetpack_memberships_contains_paid_content":false,"footnotes":"","jetpack_publicize_message":"","jetpack_publicize_feature_enabled":true,"jetpack_social_post_already_shared":true,"jetpack_social_options":{"image_generator_settings":{"template":"highway","default_image_id":0,"font":"","enabled":false},"version":2}},"categories":[50],"tags":[87],"class_list":["post-13918","post","type-post","status-publish","format-standard","has-post-thumbnail","hentry","category-genero","tag-genero-2"],"yoast_head":"<!-- This site is optimized with the Yoast SEO plugin v25.9 - https:\/\/yoast.com\/wordpress\/plugins\/seo\/ -->\n<title>Jornadas de Capacitaci\u00f3n sobre Pol\u00edticas de G\u00e9nero en Baigorria &#8211; FESTRAM<\/title>\n<meta name=\"description\" content=\"En el Sindicato de Trabajadores Municipales de Granadero Baigorria, ayer 24 de Julio, la Secretar\u00eda de G\u00e9nero, Familia y Medio Ambiente de FESTRAM, junto a la Red Provincial de Mujeres Municipales y Comunales, realizaron una jornada-taller de \u201cPol\u00edticas de G\u00e9nero\u201d.\" \/>\n<meta name=\"robots\" content=\"index, follow, max-snippet:-1, max-image-preview:large, max-video-preview:-1\" \/>\n<link rel=\"canonical\" href=\"https:\/\/municipales.org.ar\/festram\/jornadas-de-capacitacion-sobre-politicas-de-genero-en-baigorria\/\" \/>\n<meta property=\"og:locale\" content=\"es_ES\" \/>\n<meta property=\"og:type\" content=\"article\" \/>\n<meta property=\"og:title\" content=\"Jornadas de Capacitaci\u00f3n sobre Pol\u00edticas de G\u00e9nero en Baigorria\" \/>\n<meta property=\"og:description\" content=\"En el Sindicato de Trabajadores Municipales de Granadero Baigorria, ayer 24 de Julio, la Secretar\u00eda de G\u00e9nero, Familia y Medio Ambiente de FESTRAM, junto a la Red Provincial de Mujeres Municipales y Comunales, realizaron una jornada-taller de \u201cPol\u00edticas de G\u00e9nero\u201d.\" \/>\n<meta property=\"og:url\" content=\"https:\/\/municipales.org.ar\/festram\/jornadas-de-capacitacion-sobre-politicas-de-genero-en-baigorria\/\" \/>\n<meta property=\"og:site_name\" content=\"FESTRAM\" \/>\n<meta property=\"article:publisher\" content=\"https:\/\/www.facebook.com\/MunicipalesSF\" \/>\n<meta property=\"article:published_time\" content=\"2019-07-25T20:09:33+00:00\" \/>\n<meta property=\"article:modified_time\" content=\"2019-07-25T23:32:42+00:00\" \/>\n<meta property=\"og:image\" content=\"https:\/\/municipales.org.ar\/festram\/wp-content\/uploads\/2019\/07\/d22eb7e7-ed9f-41a6-bcd3-6760a7fe94fc.jpg\" \/>\n\t<meta property=\"og:image:width\" content=\"1152\" \/>\n\t<meta property=\"og:image:height\" content=\"864\" \/>\n\t<meta property=\"og:image:type\" content=\"image\/jpeg\" \/>\n<meta name=\"author\" content=\"mun_admin\" \/>\n<meta name=\"twitter:card\" content=\"summary_large_image\" \/>\n<meta name=\"twitter:title\" content=\"Jornadas de Capacitaci\u00f3n sobre Pol\u00edticas de G\u00e9nero en Baigorria\" \/>\n<meta name=\"twitter:image\" content=\"https:\/\/municipales.org.ar\/festram\/wp-content\/uploads\/2019\/07\/d22eb7e7-ed9f-41a6-bcd3-6760a7fe94fc.jpg\" \/>\n<meta name=\"twitter:creator\" content=\"@MunicipalesSF\" \/>\n<meta name=\"twitter:site\" content=\"@MunicipalesSF\" \/>\n<meta name=\"twitter:label1\" content=\"Escrito por\" \/>\n\t<meta name=\"twitter:data1\" content=\"mun_admin\" \/>\n\t<meta name=\"twitter:label2\" content=\"Tiempo de lectura\" \/>\n\t<meta name=\"twitter:data2\" content=\"1 minuto\" \/>\n<script type=\"application\/ld+json\" class=\"yoast-schema-graph\">{\"@context\":\"https:\/\/schema.org\",\"@graph\":[{\"@type\":\"Article\",\"@id\":\"https:\/\/municipales.org.ar\/festram\/jornadas-de-capacitacion-sobre-politicas-de-genero-en-baigorria\/#article\",\"isPartOf\":{\"@id\":\"https:\/\/municipales.org.ar\/festram\/jornadas-de-capacitacion-sobre-politicas-de-genero-en-baigorria\/\"},\"author\":{\"name\":\"mun_admin\",\"@id\":\"https:\/\/municipales.org.ar\/festram\/#\/schema\/person\/49096a774c48ce9063df4d59ec059f9e\"},\"headline\":\"Jornadas de Capacitaci\u00f3n sobre Pol\u00edticas de G\u00e9nero en Baigorria\",\"datePublished\":\"2019-07-25T20:09:33+00:00\",\"dateModified\":\"2019-07-25T23:32:42+00:00\",\"mainEntityOfPage\":{\"@id\":\"https:\/\/municipales.org.ar\/festram\/jornadas-de-capacitacion-sobre-politicas-de-genero-en-baigorria\/\"},\"wordCount\":204,\"publisher\":{\"@id\":\"https:\/\/municipales.org.ar\/festram\/#organization\"},\"image\":{\"@id\":\"https:\/\/municipales.org.ar\/festram\/jornadas-de-capacitacion-sobre-politicas-de-genero-en-baigorria\/#primaryimage\"},\"thumbnailUrl\":\"https:\/\/municipales.org.ar\/festram\/wp-content\/uploads\/2019\/07\/d22eb7e7-ed9f-41a6-bcd3-6760a7fe94fc.jpg\",\"keywords\":[\"g\u00e9nero\"],\"articleSection\":[\"G\u00e9nero\"],\"inLanguage\":\"es\"},{\"@type\":\"WebPage\",\"@id\":\"https:\/\/municipales.org.ar\/festram\/jornadas-de-capacitacion-sobre-politicas-de-genero-en-baigorria\/\",\"url\":\"https:\/\/municipales.org.ar\/festram\/jornadas-de-capacitacion-sobre-politicas-de-genero-en-baigorria\/\",\"name\":\"Jornadas de Capacitaci\u00f3n sobre Pol\u00edticas de G\u00e9nero en Baigorria &#8211; FESTRAM\",\"isPartOf\":{\"@id\":\"https:\/\/municipales.org.ar\/festram\/#website\"},\"primaryImageOfPage\":{\"@id\":\"https:\/\/municipales.org.ar\/festram\/jornadas-de-capacitacion-sobre-politicas-de-genero-en-baigorria\/#primaryimage\"},\"image\":{\"@id\":\"https:\/\/municipales.org.ar\/festram\/jornadas-de-capacitacion-sobre-politicas-de-genero-en-baigorria\/#primaryimage\"},\"thumbnailUrl\":\"https:\/\/municipales.org.ar\/festram\/wp-content\/uploads\/2019\/07\/d22eb7e7-ed9f-41a6-bcd3-6760a7fe94fc.jpg\",\"datePublished\":\"2019-07-25T20:09:33+00:00\",\"dateModified\":\"2019-07-25T23:32:42+00:00\",\"description\":\"En el Sindicato de Trabajadores Municipales de Granadero Baigorria, ayer 24 de Julio, la Secretar\u00eda de G\u00e9nero, Familia y Medio Ambiente de FESTRAM, junto a la Red Provincial de Mujeres Municipales y Comunales, realizaron una jornada-taller de \u201cPol\u00edticas de G\u00e9nero\u201d.\",\"breadcrumb\":{\"@id\":\"https:\/\/municipales.org.ar\/festram\/jornadas-de-capacitacion-sobre-politicas-de-genero-en-baigorria\/#breadcrumb\"},\"inLanguage\":\"es\",\"potentialAction\":[{\"@type\":\"ReadAction\",\"target\":[\"https:\/\/municipales.org.ar\/festram\/jornadas-de-capacitacion-sobre-politicas-de-genero-en-baigorria\/\"]}]},{\"@type\":\"ImageObject\",\"inLanguage\":\"es\",\"@id\":\"https:\/\/municipales.org.ar\/festram\/jornadas-de-capacitacion-sobre-politicas-de-genero-en-baigorria\/#primaryimage\",\"url\":\"https:\/\/municipales.org.ar\/festram\/wp-content\/uploads\/2019\/07\/d22eb7e7-ed9f-41a6-bcd3-6760a7fe94fc.jpg\",\"contentUrl\":\"https:\/\/municipales.org.ar\/festram\/wp-content\/uploads\/2019\/07\/d22eb7e7-ed9f-41a6-bcd3-6760a7fe94fc.jpg\",\"width\":1152,\"height\":864},{\"@type\":\"BreadcrumbList\",\"@id\":\"https:\/\/municipales.org.ar\/festram\/jornadas-de-capacitacion-sobre-politicas-de-genero-en-baigorria\/#breadcrumb\",\"itemListElement\":[{\"@type\":\"ListItem\",\"position\":1,\"name\":\"Portada\",\"item\":\"https:\/\/municipales.org.ar\/festram\/\"},{\"@type\":\"ListItem\",\"position\":2,\"name\":\"Jornadas de Capacitaci\u00f3n sobre Pol\u00edticas de G\u00e9nero en Baigorria\"}]},{\"@type\":\"WebSite\",\"@id\":\"https:\/\/municipales.org.ar\/festram\/#website\",\"url\":\"https:\/\/municipales.org.ar\/festram\/\",\"name\":\"FESTRAM\",\"description\":\"La web de los trabajadores municipales\",\"publisher\":{\"@id\":\"https:\/\/municipales.org.ar\/festram\/#organization\"},\"potentialAction\":[{\"@type\":\"SearchAction\",\"target\":{\"@type\":\"EntryPoint\",\"urlTemplate\":\"https:\/\/municipales.org.ar\/festram\/?s={search_term_string}\"},\"query-input\":{\"@type\":\"PropertyValueSpecification\",\"valueRequired\":true,\"valueName\":\"search_term_string\"}}],\"inLanguage\":\"es\"},{\"@type\":\"Organization\",\"@id\":\"https:\/\/municipales.org.ar\/festram\/#organization\",\"name\":\"Federaci\u00f3n de Sindicatos de Trabajadores Municipales de la Provincia de Santa Fe\",\"url\":\"https:\/\/municipales.org.ar\/festram\/\",\"logo\":{\"@type\":\"ImageObject\",\"inLanguage\":\"es\",\"@id\":\"https:\/\/municipales.org.ar\/festram\/#\/schema\/logo\/image\/\",\"url\":\"https:\/\/www.municipales.org.ar\/festram\/wp-content\/uploads\/2014\/07\/logo_fes.jpg\",\"contentUrl\":\"https:\/\/www.municipales.org.ar\/festram\/wp-content\/uploads\/2014\/07\/logo_fes.jpg\",\"width\":661,\"height\":673,\"caption\":\"Federaci\u00f3n de Sindicatos de Trabajadores Municipales de la Provincia de Santa Fe\"},\"image\":{\"@id\":\"https:\/\/municipales.org.ar\/festram\/#\/schema\/logo\/image\/\"},\"sameAs\":[\"https:\/\/www.facebook.com\/MunicipalesSF\",\"https:\/\/x.com\/MunicipalesSF\",\"https:\/\/www.youtube.com\/user\/festram\"]},{\"@type\":\"Person\",\"@id\":\"https:\/\/municipales.org.ar\/festram\/#\/schema\/person\/49096a774c48ce9063df4d59ec059f9e\",\"name\":\"mun_admin\"}]}<\/script>\n<!-- \/ Yoast SEO plugin. -->","yoast_head_json":{"title":"Jornadas de Capacitaci\u00f3n sobre Pol\u00edticas de G\u00e9nero en Baigorria &#8211; FESTRAM","description":"En el Sindicato de Trabajadores Municipales de Granadero Baigorria, ayer 24 de Julio, la Secretar\u00eda de G\u00e9nero, Familia y Medio Ambiente de FESTRAM, junto a la Red Provincial de Mujeres Municipales y Comunales, realizaron una jornada-taller de \u201cPol\u00edticas de G\u00e9nero\u201d.","robots":{"index":"index","follow":"follow","max-snippet":"max-snippet:-1","max-image-preview":"max-image-preview:large","max-video-preview":"max-video-preview:-1"},"canonical":"https:\/\/municipales.org.ar\/festram\/jornadas-de-capacitacion-sobre-politicas-de-genero-en-baigorria\/","og_locale":"es_ES","og_type":"article","og_title":"Jornadas de Capacitaci\u00f3n sobre Pol\u00edticas de G\u00e9nero en Baigorria","og_description":"En el Sindicato de Trabajadores Municipales de Granadero Baigorria, ayer 24 de Julio, la Secretar\u00eda de G\u00e9nero, Familia y Medio Ambiente de FESTRAM, junto a la Red Provincial de Mujeres Municipales y Comunales, realizaron una jornada-taller de \u201cPol\u00edticas de G\u00e9nero\u201d.","og_url":"https:\/\/municipales.org.ar\/festram\/jornadas-de-capacitacion-sobre-politicas-de-genero-en-baigorria\/","og_site_name":"FESTRAM","article_publisher":"https:\/\/www.facebook.com\/MunicipalesSF","article_published_time":"2019-07-25T20:09:33+00:00","article_modified_time":"2019-07-25T23:32:42+00:00","og_image":[{"width":1152,"height":864,"url":"https:\/\/municipales.org.ar\/festram\/wp-content\/uploads\/2019\/07\/d22eb7e7-ed9f-41a6-bcd3-6760a7fe94fc.jpg","type":"image\/jpeg"}],"author":"mun_admin","twitter_card":"summary_large_image","twitter_title":"Jornadas de Capacitaci\u00f3n sobre Pol\u00edticas de G\u00e9nero en Baigorria","twitter_image":"https:\/\/municipales.org.ar\/festram\/wp-content\/uploads\/2019\/07\/d22eb7e7-ed9f-41a6-bcd3-6760a7fe94fc.jpg","twitter_creator":"@MunicipalesSF","twitter_site":"@MunicipalesSF","twitter_misc":{"Escrito por":"mun_admin","Tiempo de lectura":"1 minuto"},"schema":{"@context":"https:\/\/schema.org","@graph":[{"@type":"Article","@id":"https:\/\/municipales.org.ar\/festram\/jornadas-de-capacitacion-sobre-politicas-de-genero-en-baigorria\/#article","isPartOf":{"@id":"https:\/\/municipales.org.ar\/festram\/jornadas-de-capacitacion-sobre-politicas-de-genero-en-baigorria\/"},"author":{"name":"mun_admin","@id":"https:\/\/municipales.org.ar\/festram\/#\/schema\/person\/49096a774c48ce9063df4d59ec059f9e"},"headline":"Jornadas de Capacitaci\u00f3n sobre Pol\u00edticas de G\u00e9nero en Baigorria","datePublished":"2019-07-25T20:09:33+00:00","dateModified":"2019-07-25T23:32:42+00:00","mainEntityOfPage":{"@id":"https:\/\/municipales.org.ar\/festram\/jornadas-de-capacitacion-sobre-politicas-de-genero-en-baigorria\/"},"wordCount":204,"publisher":{"@id":"https:\/\/municipales.org.ar\/festram\/#organization"},"image":{"@id":"https:\/\/municipales.org.ar\/festram\/jornadas-de-capacitacion-sobre-politicas-de-genero-en-baigorria\/#primaryimage"},"thumbnailUrl":"https:\/\/municipales.org.ar\/festram\/wp-content\/uploads\/2019\/07\/d22eb7e7-ed9f-41a6-bcd3-6760a7fe94fc.jpg","keywords":["g\u00e9nero"],"articleSection":["G\u00e9nero"],"inLanguage":"es"},{"@type":"WebPage","@id":"https:\/\/municipales.org.ar\/festram\/jornadas-de-capacitacion-sobre-politicas-de-genero-en-baigorria\/","url":"https:\/\/municipales.org.ar\/festram\/jornadas-de-capacitacion-sobre-politicas-de-genero-en-baigorria\/","name":"Jornadas de Capacitaci\u00f3n sobre Pol\u00edticas de G\u00e9nero en Baigorria &#8211; FESTRAM","isPartOf":{"@id":"https:\/\/municipales.org.ar\/festram\/#website"},"primaryImageOfPage":{"@id":"https:\/\/municipales.org.ar\/festram\/jornadas-de-capacitacion-sobre-politicas-de-genero-en-baigorria\/#primaryimage"},"image":{"@id":"https:\/\/municipales.org.ar\/festram\/jornadas-de-capacitacion-sobre-politicas-de-genero-en-baigorria\/#primaryimage"},"thumbnailUrl":"https:\/\/municipales.org.ar\/festram\/wp-content\/uploads\/2019\/07\/d22eb7e7-ed9f-41a6-bcd3-6760a7fe94fc.jpg","datePublished":"2019-07-25T20:09:33+00:00","dateModified":"2019-07-25T23:32:42+00:00","description":"En el Sindicato de Trabajadores Municipales de Granadero Baigorria, ayer 24 de Julio, la Secretar\u00eda de G\u00e9nero, Familia y Medio Ambiente de FESTRAM, junto a la Red Provincial de Mujeres Municipales y Comunales, realizaron una jornada-taller de \u201cPol\u00edticas de G\u00e9nero\u201d.","breadcrumb":{"@id":"https:\/\/municipales.org.ar\/festram\/jornadas-de-capacitacion-sobre-politicas-de-genero-en-baigorria\/#breadcrumb"},"inLanguage":"es","potentialAction":[{"@type":"ReadAction","target":["https:\/\/municipales.org.ar\/festram\/jornadas-de-capacitacion-sobre-politicas-de-genero-en-baigorria\/"]}]},{"@type":"ImageObject","inLanguage":"es","@id":"https:\/\/municipales.org.ar\/festram\/jornadas-de-capacitacion-sobre-politicas-de-genero-en-baigorria\/#primaryimage","url":"https:\/\/municipales.org.ar\/festram\/wp-content\/uploads\/2019\/07\/d22eb7e7-ed9f-41a6-bcd3-6760a7fe94fc.jpg","contentUrl":"https:\/\/municipales.org.ar\/festram\/wp-content\/uploads\/2019\/07\/d22eb7e7-ed9f-41a6-bcd3-6760a7fe94fc.jpg","width":1152,"height":864},{"@type":"BreadcrumbList","@id":"https:\/\/municipales.org.ar\/festram\/jornadas-de-capacitacion-sobre-politicas-de-genero-en-baigorria\/#breadcrumb","itemListElement":[{"@type":"ListItem","position":1,"name":"Portada","item":"https:\/\/municipales.org.ar\/festram\/"},{"@type":"ListItem","position":2,"name":"Jornadas de Capacitaci\u00f3n sobre Pol\u00edticas de G\u00e9nero en Baigorria"}]},{"@type":"WebSite","@id":"https:\/\/municipales.org.ar\/festram\/#website","url":"https:\/\/municipales.org.ar\/festram\/","name":"FESTRAM","description":"La web de los trabajadores municipales","publisher":{"@id":"https:\/\/municipales.org.ar\/festram\/#organization"},"potentialAction":[{"@type":"SearchAction","target":{"@type":"EntryPoint","urlTemplate":"https:\/\/municipales.org.ar\/festram\/?s={search_term_string}"},"query-input":{"@type":"PropertyValueSpecification","valueRequired":true,"valueName":"search_term_string"}}],"inLanguage":"es"},{"@type":"Organization","@id":"https:\/\/municipales.org.ar\/festram\/#organization","name":"Federaci\u00f3n de Sindicatos de Trabajadores Municipales de la Provincia de Santa Fe","url":"https:\/\/municipales.org.ar\/festram\/","logo":{"@type":"ImageObject","inLanguage":"es","@id":"https:\/\/municipales.org.ar\/festram\/#\/schema\/logo\/image\/","url":"https:\/\/www.municipales.org.ar\/festram\/wp-content\/uploads\/2014\/07\/logo_fes.jpg","contentUrl":"https:\/\/www.municipales.org.ar\/festram\/wp-content\/uploads\/2014\/07\/logo_fes.jpg","width":661,"height":673,"caption":"Federaci\u00f3n de Sindicatos de Trabajadores Municipales de la Provincia de Santa Fe"},"image":{"@id":"https:\/\/municipales.org.ar\/festram\/#\/schema\/logo\/image\/"},"sameAs":["https:\/\/www.facebook.com\/MunicipalesSF","https:\/\/x.com\/MunicipalesSF","https:\/\/www.youtube.com\/user\/festram"]},{"@type":"Person","@id":"https:\/\/municipales.org.ar\/festram\/#\/schema\/person\/49096a774c48ce9063df4d59ec059f9e","name":"mun_admin"}]}},"jetpack_publicize_connections":[],"jetpack_featured_media_url":"https:\/\/municipales.org.ar\/festram\/wp-content\/uploads\/2019\/07\/d22eb7e7-ed9f-41a6-bcd3-6760a7fe94fc.jpg","jetpack_sharing_enabled":true,"jetpack_likes_enabled":false,"jetpack_shortlink":"https:\/\/wp.me\/p7l4x1-3Cu","_links":{"self":[{"href":"https:\/\/municipales.org.ar\/festram\/wp-json\/wp\/v2\/posts\/13918","targetHints":{"allow":["GET"]}}],"collection":[{"href":"https:\/\/municipales.org.ar\/festram\/wp-json\/wp\/v2\/posts"}],"about":[{"href":"https:\/\/municipales.org.ar\/festram\/wp-json\/wp\/v2\/types\/post"}],"author":[{"embeddable":true,"href":"https:\/\/municipales.org.ar\/festram\/wp-json\/wp\/v2\/users\/1"}],"replies":[{"embeddable":true,"href":"https:\/\/municipales.org.ar\/festram\/wp-json\/wp\/v2\/comments?post=13918"}],"version-history":[{"count":3,"href":"https:\/\/municipales.org.ar\/festram\/wp-json\/wp\/v2\/posts\/13918\/revisions"}],"predecessor-version":[{"id":13936,"href":"https:\/\/municipales.org.ar\/festram\/wp-json\/wp\/v2\/posts\/13918\/revisions\/13936"}],"wp:featuredmedia":[{"embeddable":true,"href":"https:\/\/municipales.org.ar\/festram\/wp-json\/wp\/v2\/media\/13919"}],"wp:attachment":[{"href":"https:\/\/municipales.org.ar\/festram\/wp-json\/wp\/v2\/media?parent=13918"}],"wp:term":[{"taxonomy":"category","embeddable":true,"href":"https:\/\/municipales.org.ar\/festram\/wp-json\/wp\/v2\/categories?post=13918"},{"taxonomy":"post_tag","embeddable":true,"href":"https:\/\/municipales.org.ar\/festram\/wp-json\/wp\/v2\/tags?post=13918"}],"curies":[{"name":"wp","href":"https:\/\/api.w.org\/{rel}","templated":true}]}}