{"id":14195,"date":"2019-11-07T17:19:20","date_gmt":"2019-11-07T20:19:20","guid":{"rendered":"https:\/\/www.municipales.org.ar\/festram\/?p=14195"},"modified":"2019-11-10T18:56:59","modified_gmt":"2019-11-10T21:56:59","slug":"el-8-de-noviembre-es-el-dia-del-trabajador-municipal-en-toda-argentina","status":"publish","type":"post","link":"https:\/\/municipales.org.ar\/festram\/el-8-de-noviembre-es-el-dia-del-trabajador-municipal-en-toda-argentina\/","title":{"rendered":"El 8 de Noviembre es el D\u00eda del Trabajador Municipal en toda Argentina"},"content":{"rendered":"\n<h3 class=\"wp-block-heading\"><strong>FESTRAM saluda a todos los Trabajadores y Trabajadoras Municipales y Comunales en su d\u00eda.&nbsp;Ser\u00e1 jornada no laborable en toda la Provincia.<\/strong><br><\/h3>\n\n\n\n<p><a href=\"x-apple-data-detectors:\/\/2\">Este viernes<\/a>&nbsp;se celebra en todo el pa\u00eds el&nbsp;<strong>D\u00eda del Trabajador Municipal&nbsp;<\/strong>en conmemoraci\u00f3n al Congreso que convoc\u00f3 a todos los Sindicatos y Federaciones del sector para constituir la primera Organizaci\u00f3n Sindical de orden nacional.<\/p>\n\n\n\n<p>En la Provincia de Santa Fe, la Ley N\u00b0 9.749 establece la fecha como jornada no laborable en el \u00e1mbito de las&nbsp;Municipalidades y Comunas Santafesinas.<\/p>\n\n\n\n<figure class=\"wp-block-image\"><img loading=\"lazy\" decoding=\"async\" width=\"662\" height=\"960\" src=\"https:\/\/www.municipales.org.ar\/festram\/wp-content\/uploads\/2019\/11\/FE8CE60F-B239-47B1-BB31-189651D65146.jpeg\" alt=\"\" class=\"wp-image-14202\" srcset=\"https:\/\/municipales.org.ar\/festram\/wp-content\/uploads\/2019\/11\/FE8CE60F-B239-47B1-BB31-189651D65146.jpeg 662w, https:\/\/municipales.org.ar\/festram\/wp-content\/uploads\/2019\/11\/FE8CE60F-B239-47B1-BB31-189651D65146-207x300.jpeg 207w\" sizes=\"auto, (max-width: 662px) 100vw, 662px\" \/><\/figure>\n\n\n\n<p>La conmemoraci\u00f3n de este d\u00eda encuentra a los trabajadores en la defensa del cumplimiento de los derechos laborales, las disposiciones del Art\u00edculo 14 Bis de la Constituci\u00f3n Nacional y expresados en la Provincia de Santa Fe a trav\u00e9s de la&nbsp;&nbsp;Ley N\u00b0 9.286 Estatuto y Escalaf\u00f3n, pionera en materia de derechos laborales de nuestro pa\u00eds y de Am\u00e9rica Latina, Ley de Licencias, Paritaria Municipal, Comit\u00e9s de Salud y Seguridad en el Trabajo.<\/p>\n\n\n\n<p>El conjunto de normas, acompa\u00f1ado con el funcionamiento de la negociaci\u00f3n colectiva, constituyen la lucha sindical llevada adelante desde FESTRAM y sostenida por la unidad de los Trabajadores Municipales y Comunales de toda la Provincia.<\/p>\n\n\n\n<p>Este&nbsp;<a href=\"x-apple-data-detectors:\/\/3\">8 de Noviembre<\/a>&nbsp;dicha celebraci\u00f3n, ser\u00e1 acompa\u00f1ada por el compromiso de redoblar los esfuerzos por la consagraci\u00f3n de una Ley de Convenio Colectivo y una lucha frontal contra el trabajo precario y no registrado, que constituye la deuda m\u00e1s importante que mantienen los Estados Municipales y Comunales con los derechos de sus Trabajadores.<\/p>\n\n\n\n<h6 class=\"wp-block-heading\"><strong>CONSEJO DIRECTIVO<\/strong><\/h6>\n","protected":false},"excerpt":{"rendered":"<p>FESTRAM saluda a todos los Trabajadores y Trabajadoras Municipales y Comunales en su d\u00eda. Ser\u00e1 jornada no laborable en toda la Provincia.<\/p>\n","protected":false},"author":1,"featured_media":14198,"comment_status":"closed","ping_status":"closed","sticky":false,"template":"","format":"standard","meta":{"_jetpack_memberships_contains_paid_content":false,"footnotes":"","jetpack_publicize_message":"","jetpack_publicize_feature_enabled":true,"jetpack_social_post_already_shared":true,"jetpack_social_options":{"image_generator_settings":{"template":"highway","default_image_id":0,"font":"","enabled":false},"version":2}},"categories":[217],"tags":[],"class_list":["post-14195","post","type-post","status-publish","format-standard","has-post-thumbnail","hentry","category-comunicados-2019"],"yoast_head":"<!-- This site is optimized with the Yoast SEO plugin v25.9 - https:\/\/yoast.com\/wordpress\/plugins\/seo\/ -->\n<title>El 8 de Noviembre es el D\u00eda del Trabajador Municipal en toda Argentina &#8211; FESTRAM<\/title>\n<meta name=\"description\" content=\"FESTRAM saluda a todos los Trabajadores y Trabajadoras Municipales y Comunales en su d\u00eda. Ser\u00e1 jornada no laborable en toda la Provincia.\" \/>\n<meta name=\"robots\" content=\"index, follow, max-snippet:-1, max-image-preview:large, max-video-preview:-1\" \/>\n<link rel=\"canonical\" href=\"https:\/\/municipales.org.ar\/festram\/el-8-de-noviembre-es-el-dia-del-trabajador-municipal-en-toda-argentina\/\" \/>\n<meta property=\"og:locale\" content=\"es_ES\" \/>\n<meta property=\"og:type\" content=\"article\" \/>\n<meta property=\"og:title\" content=\"El 8 de Noviembre es el D\u00eda del Trabajador Municipal en toda Argentina\" \/>\n<meta property=\"og:description\" content=\"FESTRAM saluda a todos los Trabajadores y Trabajadoras Municipales y Comunales en su d\u00eda. Ser\u00e1 jornada no laborable en toda la Provincia.\" \/>\n<meta property=\"og:url\" content=\"https:\/\/municipales.org.ar\/festram\/el-8-de-noviembre-es-el-dia-del-trabajador-municipal-en-toda-argentina\/\" \/>\n<meta property=\"og:site_name\" content=\"FESTRAM\" \/>\n<meta property=\"article:publisher\" content=\"https:\/\/www.facebook.com\/MunicipalesSF\" \/>\n<meta property=\"article:published_time\" content=\"2019-11-07T20:19:20+00:00\" \/>\n<meta property=\"article:modified_time\" content=\"2019-11-10T21:56:59+00:00\" \/>\n<meta property=\"og:image\" content=\"https:\/\/municipales.org.ar\/festram\/wp-content\/uploads\/2019\/11\/434C8BC5-59F8-4DC4-A607-795B8B988708.jpeg\" \/>\n\t<meta property=\"og:image:width\" content=\"800\" \/>\n\t<meta property=\"og:image:height\" content=\"450\" \/>\n\t<meta property=\"og:image:type\" content=\"image\/jpeg\" \/>\n<meta name=\"author\" content=\"mun_admin\" \/>\n<meta name=\"twitter:card\" content=\"summary_large_image\" \/>\n<meta name=\"twitter:title\" content=\"El 8 de Noviembre es el D\u00eda del Trabajador Municipal en toda Argentina\" \/>\n<meta name=\"twitter:image\" content=\"https:\/\/municipales.org.ar\/festram\/wp-content\/uploads\/2019\/11\/434C8BC5-59F8-4DC4-A607-795B8B988708.jpeg\" \/>\n<meta name=\"twitter:creator\" content=\"@MunicipalesSF\" \/>\n<meta name=\"twitter:site\" content=\"@MunicipalesSF\" \/>\n<meta name=\"twitter:label1\" content=\"Escrito por\" \/>\n\t<meta name=\"twitter:data1\" content=\"mun_admin\" \/>\n\t<meta name=\"twitter:label2\" content=\"Tiempo de lectura\" \/>\n\t<meta name=\"twitter:data2\" content=\"1 minuto\" \/>\n<script type=\"application\/ld+json\" class=\"yoast-schema-graph\">{\"@context\":\"https:\/\/schema.org\",\"@graph\":[{\"@type\":\"Article\",\"@id\":\"https:\/\/municipales.org.ar\/festram\/el-8-de-noviembre-es-el-dia-del-trabajador-municipal-en-toda-argentina\/#article\",\"isPartOf\":{\"@id\":\"https:\/\/municipales.org.ar\/festram\/el-8-de-noviembre-es-el-dia-del-trabajador-municipal-en-toda-argentina\/\"},\"author\":{\"name\":\"mun_admin\",\"@id\":\"https:\/\/municipales.org.ar\/festram\/#\/schema\/person\/49096a774c48ce9063df4d59ec059f9e\"},\"headline\":\"El 8 de Noviembre es el D\u00eda del Trabajador Municipal en toda Argentina\",\"datePublished\":\"2019-11-07T20:19:20+00:00\",\"dateModified\":\"2019-11-10T21:56:59+00:00\",\"mainEntityOfPage\":{\"@id\":\"https:\/\/municipales.org.ar\/festram\/el-8-de-noviembre-es-el-dia-del-trabajador-municipal-en-toda-argentina\/\"},\"wordCount\":285,\"publisher\":{\"@id\":\"https:\/\/municipales.org.ar\/festram\/#organization\"},\"image\":{\"@id\":\"https:\/\/municipales.org.ar\/festram\/el-8-de-noviembre-es-el-dia-del-trabajador-municipal-en-toda-argentina\/#primaryimage\"},\"thumbnailUrl\":\"https:\/\/municipales.org.ar\/festram\/wp-content\/uploads\/2019\/11\/434C8BC5-59F8-4DC4-A607-795B8B988708.jpeg\",\"articleSection\":[\"Comunicados 2019\"],\"inLanguage\":\"es\"},{\"@type\":\"WebPage\",\"@id\":\"https:\/\/municipales.org.ar\/festram\/el-8-de-noviembre-es-el-dia-del-trabajador-municipal-en-toda-argentina\/\",\"url\":\"https:\/\/municipales.org.ar\/festram\/el-8-de-noviembre-es-el-dia-del-trabajador-municipal-en-toda-argentina\/\",\"name\":\"El 8 de Noviembre es el D\u00eda del Trabajador Municipal en toda Argentina &#8211; FESTRAM\",\"isPartOf\":{\"@id\":\"https:\/\/municipales.org.ar\/festram\/#website\"},\"primaryImageOfPage\":{\"@id\":\"https:\/\/municipales.org.ar\/festram\/el-8-de-noviembre-es-el-dia-del-trabajador-municipal-en-toda-argentina\/#primaryimage\"},\"image\":{\"@id\":\"https:\/\/municipales.org.ar\/festram\/el-8-de-noviembre-es-el-dia-del-trabajador-municipal-en-toda-argentina\/#primaryimage\"},\"thumbnailUrl\":\"https:\/\/municipales.org.ar\/festram\/wp-content\/uploads\/2019\/11\/434C8BC5-59F8-4DC4-A607-795B8B988708.jpeg\",\"datePublished\":\"2019-11-07T20:19:20+00:00\",\"dateModified\":\"2019-11-10T21:56:59+00:00\",\"description\":\"FESTRAM saluda a todos los Trabajadores y Trabajadoras Municipales y Comunales en su d\u00eda. Ser\u00e1 jornada no laborable en toda la Provincia.\",\"breadcrumb\":{\"@id\":\"https:\/\/municipales.org.ar\/festram\/el-8-de-noviembre-es-el-dia-del-trabajador-municipal-en-toda-argentina\/#breadcrumb\"},\"inLanguage\":\"es\",\"potentialAction\":[{\"@type\":\"ReadAction\",\"target\":[\"https:\/\/municipales.org.ar\/festram\/el-8-de-noviembre-es-el-dia-del-trabajador-municipal-en-toda-argentina\/\"]}]},{\"@type\":\"ImageObject\",\"inLanguage\":\"es\",\"@id\":\"https:\/\/municipales.org.ar\/festram\/el-8-de-noviembre-es-el-dia-del-trabajador-municipal-en-toda-argentina\/#primaryimage\",\"url\":\"https:\/\/municipales.org.ar\/festram\/wp-content\/uploads\/2019\/11\/434C8BC5-59F8-4DC4-A607-795B8B988708.jpeg\",\"contentUrl\":\"https:\/\/municipales.org.ar\/festram\/wp-content\/uploads\/2019\/11\/434C8BC5-59F8-4DC4-A607-795B8B988708.jpeg\",\"width\":800,\"height\":450},{\"@type\":\"BreadcrumbList\",\"@id\":\"https:\/\/municipales.org.ar\/festram\/el-8-de-noviembre-es-el-dia-del-trabajador-municipal-en-toda-argentina\/#breadcrumb\",\"itemListElement\":[{\"@type\":\"ListItem\",\"position\":1,\"name\":\"Portada\",\"item\":\"https:\/\/municipales.org.ar\/festram\/\"},{\"@type\":\"ListItem\",\"position\":2,\"name\":\"El 8 de Noviembre es el D\u00eda del Trabajador Municipal en toda Argentina\"}]},{\"@type\":\"WebSite\",\"@id\":\"https:\/\/municipales.org.ar\/festram\/#website\",\"url\":\"https:\/\/municipales.org.ar\/festram\/\",\"name\":\"FESTRAM\",\"description\":\"La web de los trabajadores municipales\",\"publisher\":{\"@id\":\"https:\/\/municipales.org.ar\/festram\/#organization\"},\"potentialAction\":[{\"@type\":\"SearchAction\",\"target\":{\"@type\":\"EntryPoint\",\"urlTemplate\":\"https:\/\/municipales.org.ar\/festram\/?s={search_term_string}\"},\"query-input\":{\"@type\":\"PropertyValueSpecification\",\"valueRequired\":true,\"valueName\":\"search_term_string\"}}],\"inLanguage\":\"es\"},{\"@type\":\"Organization\",\"@id\":\"https:\/\/municipales.org.ar\/festram\/#organization\",\"name\":\"Federaci\u00f3n de Sindicatos de Trabajadores Municipales de la Provincia de Santa Fe\",\"url\":\"https:\/\/municipales.org.ar\/festram\/\",\"logo\":{\"@type\":\"ImageObject\",\"inLanguage\":\"es\",\"@id\":\"https:\/\/municipales.org.ar\/festram\/#\/schema\/logo\/image\/\",\"url\":\"https:\/\/www.municipales.org.ar\/festram\/wp-content\/uploads\/2014\/07\/logo_fes.jpg\",\"contentUrl\":\"https:\/\/www.municipales.org.ar\/festram\/wp-content\/uploads\/2014\/07\/logo_fes.jpg\",\"width\":661,\"height\":673,\"caption\":\"Federaci\u00f3n de Sindicatos de Trabajadores Municipales de la Provincia de Santa Fe\"},\"image\":{\"@id\":\"https:\/\/municipales.org.ar\/festram\/#\/schema\/logo\/image\/\"},\"sameAs\":[\"https:\/\/www.facebook.com\/MunicipalesSF\",\"https:\/\/x.com\/MunicipalesSF\",\"https:\/\/www.youtube.com\/user\/festram\"]},{\"@type\":\"Person\",\"@id\":\"https:\/\/municipales.org.ar\/festram\/#\/schema\/person\/49096a774c48ce9063df4d59ec059f9e\",\"name\":\"mun_admin\"}]}<\/script>\n<!-- \/ Yoast SEO plugin. -->","yoast_head_json":{"title":"El 8 de Noviembre es el D\u00eda del Trabajador Municipal en toda Argentina &#8211; FESTRAM","description":"FESTRAM saluda a todos los Trabajadores y Trabajadoras Municipales y Comunales en su d\u00eda. Ser\u00e1 jornada no laborable en toda la Provincia.","robots":{"index":"index","follow":"follow","max-snippet":"max-snippet:-1","max-image-preview":"max-image-preview:large","max-video-preview":"max-video-preview:-1"},"canonical":"https:\/\/municipales.org.ar\/festram\/el-8-de-noviembre-es-el-dia-del-trabajador-municipal-en-toda-argentina\/","og_locale":"es_ES","og_type":"article","og_title":"El 8 de Noviembre es el D\u00eda del Trabajador Municipal en toda Argentina","og_description":"FESTRAM saluda a todos los Trabajadores y Trabajadoras Municipales y Comunales en su d\u00eda. Ser\u00e1 jornada no laborable en toda la Provincia.","og_url":"https:\/\/municipales.org.ar\/festram\/el-8-de-noviembre-es-el-dia-del-trabajador-municipal-en-toda-argentina\/","og_site_name":"FESTRAM","article_publisher":"https:\/\/www.facebook.com\/MunicipalesSF","article_published_time":"2019-11-07T20:19:20+00:00","article_modified_time":"2019-11-10T21:56:59+00:00","og_image":[{"width":800,"height":450,"url":"https:\/\/municipales.org.ar\/festram\/wp-content\/uploads\/2019\/11\/434C8BC5-59F8-4DC4-A607-795B8B988708.jpeg","type":"image\/jpeg"}],"author":"mun_admin","twitter_card":"summary_large_image","twitter_title":"El 8 de Noviembre es el D\u00eda del Trabajador Municipal en toda Argentina","twitter_image":"https:\/\/municipales.org.ar\/festram\/wp-content\/uploads\/2019\/11\/434C8BC5-59F8-4DC4-A607-795B8B988708.jpeg","twitter_creator":"@MunicipalesSF","twitter_site":"@MunicipalesSF","twitter_misc":{"Escrito por":"mun_admin","Tiempo de lectura":"1 minuto"},"schema":{"@context":"https:\/\/schema.org","@graph":[{"@type":"Article","@id":"https:\/\/municipales.org.ar\/festram\/el-8-de-noviembre-es-el-dia-del-trabajador-municipal-en-toda-argentina\/#article","isPartOf":{"@id":"https:\/\/municipales.org.ar\/festram\/el-8-de-noviembre-es-el-dia-del-trabajador-municipal-en-toda-argentina\/"},"author":{"name":"mun_admin","@id":"https:\/\/municipales.org.ar\/festram\/#\/schema\/person\/49096a774c48ce9063df4d59ec059f9e"},"headline":"El 8 de Noviembre es el D\u00eda del Trabajador Municipal en toda Argentina","datePublished":"2019-11-07T20:19:20+00:00","dateModified":"2019-11-10T21:56:59+00:00","mainEntityOfPage":{"@id":"https:\/\/municipales.org.ar\/festram\/el-8-de-noviembre-es-el-dia-del-trabajador-municipal-en-toda-argentina\/"},"wordCount":285,"publisher":{"@id":"https:\/\/municipales.org.ar\/festram\/#organization"},"image":{"@id":"https:\/\/municipales.org.ar\/festram\/el-8-de-noviembre-es-el-dia-del-trabajador-municipal-en-toda-argentina\/#primaryimage"},"thumbnailUrl":"https:\/\/municipales.org.ar\/festram\/wp-content\/uploads\/2019\/11\/434C8BC5-59F8-4DC4-A607-795B8B988708.jpeg","articleSection":["Comunicados 2019"],"inLanguage":"es"},{"@type":"WebPage","@id":"https:\/\/municipales.org.ar\/festram\/el-8-de-noviembre-es-el-dia-del-trabajador-municipal-en-toda-argentina\/","url":"https:\/\/municipales.org.ar\/festram\/el-8-de-noviembre-es-el-dia-del-trabajador-municipal-en-toda-argentina\/","name":"El 8 de Noviembre es el D\u00eda del Trabajador Municipal en toda Argentina &#8211; FESTRAM","isPartOf":{"@id":"https:\/\/municipales.org.ar\/festram\/#website"},"primaryImageOfPage":{"@id":"https:\/\/municipales.org.ar\/festram\/el-8-de-noviembre-es-el-dia-del-trabajador-municipal-en-toda-argentina\/#primaryimage"},"image":{"@id":"https:\/\/municipales.org.ar\/festram\/el-8-de-noviembre-es-el-dia-del-trabajador-municipal-en-toda-argentina\/#primaryimage"},"thumbnailUrl":"https:\/\/municipales.org.ar\/festram\/wp-content\/uploads\/2019\/11\/434C8BC5-59F8-4DC4-A607-795B8B988708.jpeg","datePublished":"2019-11-07T20:19:20+00:00","dateModified":"2019-11-10T21:56:59+00:00","description":"FESTRAM saluda a todos los Trabajadores y Trabajadoras Municipales y Comunales en su d\u00eda. Ser\u00e1 jornada no laborable en toda la Provincia.","breadcrumb":{"@id":"https:\/\/municipales.org.ar\/festram\/el-8-de-noviembre-es-el-dia-del-trabajador-municipal-en-toda-argentina\/#breadcrumb"},"inLanguage":"es","potentialAction":[{"@type":"ReadAction","target":["https:\/\/municipales.org.ar\/festram\/el-8-de-noviembre-es-el-dia-del-trabajador-municipal-en-toda-argentina\/"]}]},{"@type":"ImageObject","inLanguage":"es","@id":"https:\/\/municipales.org.ar\/festram\/el-8-de-noviembre-es-el-dia-del-trabajador-municipal-en-toda-argentina\/#primaryimage","url":"https:\/\/municipales.org.ar\/festram\/wp-content\/uploads\/2019\/11\/434C8BC5-59F8-4DC4-A607-795B8B988708.jpeg","contentUrl":"https:\/\/municipales.org.ar\/festram\/wp-content\/uploads\/2019\/11\/434C8BC5-59F8-4DC4-A607-795B8B988708.jpeg","width":800,"height":450},{"@type":"BreadcrumbList","@id":"https:\/\/municipales.org.ar\/festram\/el-8-de-noviembre-es-el-dia-del-trabajador-municipal-en-toda-argentina\/#breadcrumb","itemListElement":[{"@type":"ListItem","position":1,"name":"Portada","item":"https:\/\/municipales.org.ar\/festram\/"},{"@type":"ListItem","position":2,"name":"El 8 de Noviembre es el D\u00eda del Trabajador Municipal en toda Argentina"}]},{"@type":"WebSite","@id":"https:\/\/municipales.org.ar\/festram\/#website","url":"https:\/\/municipales.org.ar\/festram\/","name":"FESTRAM","description":"La web de los trabajadores municipales","publisher":{"@id":"https:\/\/municipales.org.ar\/festram\/#organization"},"potentialAction":[{"@type":"SearchAction","target":{"@type":"EntryPoint","urlTemplate":"https:\/\/municipales.org.ar\/festram\/?s={search_term_string}"},"query-input":{"@type":"PropertyValueSpecification","valueRequired":true,"valueName":"search_term_string"}}],"inLanguage":"es"},{"@type":"Organization","@id":"https:\/\/municipales.org.ar\/festram\/#organization","name":"Federaci\u00f3n de Sindicatos de Trabajadores Municipales de la Provincia de Santa Fe","url":"https:\/\/municipales.org.ar\/festram\/","logo":{"@type":"ImageObject","inLanguage":"es","@id":"https:\/\/municipales.org.ar\/festram\/#\/schema\/logo\/image\/","url":"https:\/\/www.municipales.org.ar\/festram\/wp-content\/uploads\/2014\/07\/logo_fes.jpg","contentUrl":"https:\/\/www.municipales.org.ar\/festram\/wp-content\/uploads\/2014\/07\/logo_fes.jpg","width":661,"height":673,"caption":"Federaci\u00f3n de Sindicatos de Trabajadores Municipales de la Provincia de Santa Fe"},"image":{"@id":"https:\/\/municipales.org.ar\/festram\/#\/schema\/logo\/image\/"},"sameAs":["https:\/\/www.facebook.com\/MunicipalesSF","https:\/\/x.com\/MunicipalesSF","https:\/\/www.youtube.com\/user\/festram"]},{"@type":"Person","@id":"https:\/\/municipales.org.ar\/festram\/#\/schema\/person\/49096a774c48ce9063df4d59ec059f9e","name":"mun_admin"}]}},"jetpack_publicize_connections":[],"jetpack_featured_media_url":"https:\/\/municipales.org.ar\/festram\/wp-content\/uploads\/2019\/11\/434C8BC5-59F8-4DC4-A607-795B8B988708.jpeg","jetpack_sharing_enabled":true,"jetpack_likes_enabled":false,"jetpack_shortlink":"https:\/\/wp.me\/p7l4x1-3GX","_links":{"self":[{"href":"https:\/\/municipales.org.ar\/festram\/wp-json\/wp\/v2\/posts\/14195","targetHints":{"allow":["GET"]}}],"collection":[{"href":"https:\/\/municipales.org.ar\/festram\/wp-json\/wp\/v2\/posts"}],"about":[{"href":"https:\/\/municipales.org.ar\/festram\/wp-json\/wp\/v2\/types\/post"}],"author":[{"embeddable":true,"href":"https:\/\/municipales.org.ar\/festram\/wp-json\/wp\/v2\/users\/1"}],"replies":[{"embeddable":true,"href":"https:\/\/municipales.org.ar\/festram\/wp-json\/wp\/v2\/comments?post=14195"}],"version-history":[{"count":4,"href":"https:\/\/municipales.org.ar\/festram\/wp-json\/wp\/v2\/posts\/14195\/revisions"}],"predecessor-version":[{"id":14203,"href":"https:\/\/municipales.org.ar\/festram\/wp-json\/wp\/v2\/posts\/14195\/revisions\/14203"}],"wp:featuredmedia":[{"embeddable":true,"href":"https:\/\/municipales.org.ar\/festram\/wp-json\/wp\/v2\/media\/14198"}],"wp:attachment":[{"href":"https:\/\/municipales.org.ar\/festram\/wp-json\/wp\/v2\/media?parent=14195"}],"wp:term":[{"taxonomy":"category","embeddable":true,"href":"https:\/\/municipales.org.ar\/festram\/wp-json\/wp\/v2\/categories?post=14195"},{"taxonomy":"post_tag","embeddable":true,"href":"https:\/\/municipales.org.ar\/festram\/wp-json\/wp\/v2\/tags?post=14195"}],"curies":[{"name":"wp","href":"https:\/\/api.w.org\/{rel}","templated":true}]}}