{"id":14434,"date":"2020-03-11T19:17:32","date_gmt":"2020-03-11T22:17:32","guid":{"rendered":"https:\/\/www.municipales.org.ar\/festram\/?p=14434"},"modified":"2020-04-17T16:57:15","modified_gmt":"2020-04-17T19:57:15","slug":"paritaria-municipal-sin-propuestas","status":"publish","type":"post","link":"https:\/\/municipales.org.ar\/festram\/paritaria-municipal-sin-propuestas\/","title":{"rendered":"Paritaria Municipal sin propuestas"},"content":{"rendered":"\n<h3 class=\"wp-block-heading\"><strong>FESTRAM inicia medidas de fuerza en toda la Provincia por 48 horas<\/strong><br><br><\/h3>\n\n\n\n<p>Se reinici\u00f3 hoy el funcionamiento de la Comisi\u00f3n Paritaria luego del cuarto intermedio que se dispusiera la semana pasada en la Secretar\u00eda de Integraci\u00f3n y Fortalecimiento Institucional de la Casa Gris.<\/p>\n\n\n\n<p>Tras aquel encuentro cabe recordar que tambi\u00e9n se desarroll\u00f3&nbsp;el Plenario de Secretarios Generales el cual&nbsp;por unanimidad facult\u00f3 a los representantes paritarios de FESTRAM, a continuar llevando adelante las negociaciones fijando como condiciones la superaci\u00f3n del salario a la inflaci\u00f3n,&nbsp;rechazando los&nbsp;aumentos&nbsp;con sumas no remunerativas para no desfinanciar a la obra social ni al sistema previsional,&nbsp;abordando el tema del aumento de las asignaciones familiares y garantizando la estabilidad de todos los trabajadores para que la paritaria pueda darse en un marco de paz social.<\/p>\n\n\n\n<p>De esta manera y tras no recibir hoy una propuesta salarial a considerar por parte de los representantes de Intendentes y Presidentes Comunales,&nbsp;<strong>FESTRAM decreta un Paro de 48 horas los d\u00edas martes 17 y mi\u00e9rcoles 18 en todo el territorio provincial<\/strong>&nbsp;<strong>as\u00ed como movilizaciones en Rosario, Santa Fe, Rafaela y San Javier el d\u00eda martes.&nbsp;&nbsp;<\/strong><\/p>\n\n\n<p><iframe loading=\"lazy\" width=\"560\" height=\"315\" src=\"https:\/\/www.youtube.com\/embed\/ucaEgqrnfns\" frameborder=\"0\" allow=\"accelerometer; autoplay; encrypted-media; gyroscope; picture-in-picture\" allowfullscreen=\"\"><\/iframe><\/p>\n\n\n\n<p>Tras retirarse junto a los miembros paritarios de la Casa de Gobierno, el Secretario General Claudio Leoni expres\u00f3: <em>\u201cLamentablemente nos vamos, no s\u00f3lo sin una propuesta salarial sino que tampoco avanzamos en el resto de las demandas del sector. Por lo que la Federaci\u00f3n dar\u00e1 cumplimiento al mandato del Plenario de Secretarios Generales decretando Paro por 48 horas y Movilizaciones la pr\u00f3xima semana. Como venimos diciendo no podemos ser los trabajadores quienes asumamos los costos del ajuste y la falta de definiciones macroecon\u00f3micas.\u201d<\/em><\/p>\n\n\n\n<p>No obstante ello, la organizaci\u00f3n gremial reitera que se mantiene dispuesta a continuar las negociaciones durante esta semana a los fines de recibir una propuesta acorde a los intereses y necesidades del sector.&nbsp;<\/p>\n\n\n\n<h6 class=\"wp-block-heading\">Prensa FESTRAM<\/h6>\n","protected":false},"excerpt":{"rendered":"<p>FESTRAM inicia medidas de fuerza en toda la Provincia por 48 horas<\/p>\n","protected":false},"author":1,"featured_media":14435,"comment_status":"closed","ping_status":"closed","sticky":false,"template":"","format":"standard","meta":{"_jetpack_memberships_contains_paid_content":false,"footnotes":"","jetpack_publicize_message":"","jetpack_publicize_feature_enabled":true,"jetpack_social_post_already_shared":true,"jetpack_social_options":{"image_generator_settings":{"template":"highway","default_image_id":0,"font":"","enabled":false},"version":2}},"categories":[222],"tags":[71,41],"class_list":["post-14434","post","type-post","status-publish","format-standard","has-post-thumbnail","hentry","category-comunicados-2020","tag-medidas-de-fuerza","tag-paritaria"],"yoast_head":"<!-- This site is optimized with the Yoast SEO plugin v25.9 - https:\/\/yoast.com\/wordpress\/plugins\/seo\/ -->\n<title>Paritaria Municipal sin propuestas &#8211; FESTRAM<\/title>\n<meta name=\"description\" content=\"FESTRAM inicia medidas de fuerza en toda la Provincia por 48 horas\" \/>\n<meta name=\"robots\" content=\"index, follow, max-snippet:-1, max-image-preview:large, max-video-preview:-1\" \/>\n<link rel=\"canonical\" href=\"https:\/\/municipales.org.ar\/festram\/paritaria-municipal-sin-propuestas\/\" \/>\n<meta property=\"og:locale\" content=\"es_ES\" \/>\n<meta property=\"og:type\" content=\"article\" \/>\n<meta property=\"og:title\" content=\"Paritaria Municipal sin propuestas &#8211; FESTRAM\" \/>\n<meta property=\"og:description\" content=\"FESTRAM inicia medidas de fuerza en toda la Provincia por 48 horas\" \/>\n<meta property=\"og:url\" content=\"https:\/\/municipales.org.ar\/festram\/paritaria-municipal-sin-propuestas\/\" \/>\n<meta property=\"og:site_name\" content=\"FESTRAM\" \/>\n<meta property=\"article:publisher\" content=\"https:\/\/www.facebook.com\/MunicipalesSF\" \/>\n<meta property=\"article:published_time\" content=\"2020-03-11T22:17:32+00:00\" \/>\n<meta property=\"article:modified_time\" content=\"2020-04-17T19:57:15+00:00\" \/>\n<meta property=\"og:image\" content=\"https:\/\/municipales.org.ar\/festram\/wp-content\/uploads\/2020\/03\/DSCF0907.jpg\" \/>\n\t<meta property=\"og:image:width\" content=\"2560\" \/>\n\t<meta property=\"og:image:height\" content=\"1707\" \/>\n\t<meta property=\"og:image:type\" content=\"image\/jpeg\" \/>\n<meta name=\"author\" content=\"mun_admin\" \/>\n<meta name=\"twitter:card\" content=\"summary_large_image\" \/>\n<meta name=\"twitter:creator\" content=\"@MunicipalesSF\" \/>\n<meta name=\"twitter:site\" content=\"@MunicipalesSF\" \/>\n<meta name=\"twitter:label1\" content=\"Escrito por\" \/>\n\t<meta name=\"twitter:data1\" content=\"mun_admin\" \/>\n\t<meta name=\"twitter:label2\" content=\"Tiempo de lectura\" \/>\n\t<meta name=\"twitter:data2\" content=\"2 minutos\" \/>\n<script type=\"application\/ld+json\" class=\"yoast-schema-graph\">{\"@context\":\"https:\/\/schema.org\",\"@graph\":[{\"@type\":\"Article\",\"@id\":\"https:\/\/municipales.org.ar\/festram\/paritaria-municipal-sin-propuestas\/#article\",\"isPartOf\":{\"@id\":\"https:\/\/municipales.org.ar\/festram\/paritaria-municipal-sin-propuestas\/\"},\"author\":{\"name\":\"mun_admin\",\"@id\":\"https:\/\/municipales.org.ar\/festram\/#\/schema\/person\/49096a774c48ce9063df4d59ec059f9e\"},\"headline\":\"Paritaria Municipal sin propuestas\",\"datePublished\":\"2020-03-11T22:17:32+00:00\",\"dateModified\":\"2020-04-17T19:57:15+00:00\",\"mainEntityOfPage\":{\"@id\":\"https:\/\/municipales.org.ar\/festram\/paritaria-municipal-sin-propuestas\/\"},\"wordCount\":329,\"publisher\":{\"@id\":\"https:\/\/municipales.org.ar\/festram\/#organization\"},\"image\":{\"@id\":\"https:\/\/municipales.org.ar\/festram\/paritaria-municipal-sin-propuestas\/#primaryimage\"},\"thumbnailUrl\":\"https:\/\/municipales.org.ar\/festram\/wp-content\/uploads\/2020\/03\/DSCF0907.jpg\",\"keywords\":[\"medidas de fuerza\",\"paritaria\"],\"articleSection\":[\"Comunicados 2020\"],\"inLanguage\":\"es\"},{\"@type\":\"WebPage\",\"@id\":\"https:\/\/municipales.org.ar\/festram\/paritaria-municipal-sin-propuestas\/\",\"url\":\"https:\/\/municipales.org.ar\/festram\/paritaria-municipal-sin-propuestas\/\",\"name\":\"Paritaria Municipal sin propuestas &#8211; FESTRAM\",\"isPartOf\":{\"@id\":\"https:\/\/municipales.org.ar\/festram\/#website\"},\"primaryImageOfPage\":{\"@id\":\"https:\/\/municipales.org.ar\/festram\/paritaria-municipal-sin-propuestas\/#primaryimage\"},\"image\":{\"@id\":\"https:\/\/municipales.org.ar\/festram\/paritaria-municipal-sin-propuestas\/#primaryimage\"},\"thumbnailUrl\":\"https:\/\/municipales.org.ar\/festram\/wp-content\/uploads\/2020\/03\/DSCF0907.jpg\",\"datePublished\":\"2020-03-11T22:17:32+00:00\",\"dateModified\":\"2020-04-17T19:57:15+00:00\",\"description\":\"FESTRAM inicia medidas de fuerza en toda la Provincia por 48 horas\",\"breadcrumb\":{\"@id\":\"https:\/\/municipales.org.ar\/festram\/paritaria-municipal-sin-propuestas\/#breadcrumb\"},\"inLanguage\":\"es\",\"potentialAction\":[{\"@type\":\"ReadAction\",\"target\":[\"https:\/\/municipales.org.ar\/festram\/paritaria-municipal-sin-propuestas\/\"]}]},{\"@type\":\"ImageObject\",\"inLanguage\":\"es\",\"@id\":\"https:\/\/municipales.org.ar\/festram\/paritaria-municipal-sin-propuestas\/#primaryimage\",\"url\":\"https:\/\/municipales.org.ar\/festram\/wp-content\/uploads\/2020\/03\/DSCF0907.jpg\",\"contentUrl\":\"https:\/\/municipales.org.ar\/festram\/wp-content\/uploads\/2020\/03\/DSCF0907.jpg\",\"width\":2560,\"height\":1707},{\"@type\":\"BreadcrumbList\",\"@id\":\"https:\/\/municipales.org.ar\/festram\/paritaria-municipal-sin-propuestas\/#breadcrumb\",\"itemListElement\":[{\"@type\":\"ListItem\",\"position\":1,\"name\":\"Portada\",\"item\":\"https:\/\/municipales.org.ar\/festram\/\"},{\"@type\":\"ListItem\",\"position\":2,\"name\":\"Paritaria Municipal sin propuestas\"}]},{\"@type\":\"WebSite\",\"@id\":\"https:\/\/municipales.org.ar\/festram\/#website\",\"url\":\"https:\/\/municipales.org.ar\/festram\/\",\"name\":\"FESTRAM\",\"description\":\"La web de los trabajadores municipales\",\"publisher\":{\"@id\":\"https:\/\/municipales.org.ar\/festram\/#organization\"},\"potentialAction\":[{\"@type\":\"SearchAction\",\"target\":{\"@type\":\"EntryPoint\",\"urlTemplate\":\"https:\/\/municipales.org.ar\/festram\/?s={search_term_string}\"},\"query-input\":{\"@type\":\"PropertyValueSpecification\",\"valueRequired\":true,\"valueName\":\"search_term_string\"}}],\"inLanguage\":\"es\"},{\"@type\":\"Organization\",\"@id\":\"https:\/\/municipales.org.ar\/festram\/#organization\",\"name\":\"Federaci\u00f3n de Sindicatos de Trabajadores Municipales de la Provincia de Santa Fe\",\"url\":\"https:\/\/municipales.org.ar\/festram\/\",\"logo\":{\"@type\":\"ImageObject\",\"inLanguage\":\"es\",\"@id\":\"https:\/\/municipales.org.ar\/festram\/#\/schema\/logo\/image\/\",\"url\":\"https:\/\/www.municipales.org.ar\/festram\/wp-content\/uploads\/2014\/07\/logo_fes.jpg\",\"contentUrl\":\"https:\/\/www.municipales.org.ar\/festram\/wp-content\/uploads\/2014\/07\/logo_fes.jpg\",\"width\":661,\"height\":673,\"caption\":\"Federaci\u00f3n de Sindicatos de Trabajadores Municipales de la Provincia de Santa Fe\"},\"image\":{\"@id\":\"https:\/\/municipales.org.ar\/festram\/#\/schema\/logo\/image\/\"},\"sameAs\":[\"https:\/\/www.facebook.com\/MunicipalesSF\",\"https:\/\/x.com\/MunicipalesSF\",\"https:\/\/www.youtube.com\/user\/festram\"]},{\"@type\":\"Person\",\"@id\":\"https:\/\/municipales.org.ar\/festram\/#\/schema\/person\/49096a774c48ce9063df4d59ec059f9e\",\"name\":\"mun_admin\"}]}<\/script>\n<!-- \/ Yoast SEO plugin. -->","yoast_head_json":{"title":"Paritaria Municipal sin propuestas &#8211; FESTRAM","description":"FESTRAM inicia medidas de fuerza en toda la Provincia por 48 horas","robots":{"index":"index","follow":"follow","max-snippet":"max-snippet:-1","max-image-preview":"max-image-preview:large","max-video-preview":"max-video-preview:-1"},"canonical":"https:\/\/municipales.org.ar\/festram\/paritaria-municipal-sin-propuestas\/","og_locale":"es_ES","og_type":"article","og_title":"Paritaria Municipal sin propuestas &#8211; FESTRAM","og_description":"FESTRAM inicia medidas de fuerza en toda la Provincia por 48 horas","og_url":"https:\/\/municipales.org.ar\/festram\/paritaria-municipal-sin-propuestas\/","og_site_name":"FESTRAM","article_publisher":"https:\/\/www.facebook.com\/MunicipalesSF","article_published_time":"2020-03-11T22:17:32+00:00","article_modified_time":"2020-04-17T19:57:15+00:00","og_image":[{"width":2560,"height":1707,"url":"https:\/\/municipales.org.ar\/festram\/wp-content\/uploads\/2020\/03\/DSCF0907.jpg","type":"image\/jpeg"}],"author":"mun_admin","twitter_card":"summary_large_image","twitter_creator":"@MunicipalesSF","twitter_site":"@MunicipalesSF","twitter_misc":{"Escrito por":"mun_admin","Tiempo de lectura":"2 minutos"},"schema":{"@context":"https:\/\/schema.org","@graph":[{"@type":"Article","@id":"https:\/\/municipales.org.ar\/festram\/paritaria-municipal-sin-propuestas\/#article","isPartOf":{"@id":"https:\/\/municipales.org.ar\/festram\/paritaria-municipal-sin-propuestas\/"},"author":{"name":"mun_admin","@id":"https:\/\/municipales.org.ar\/festram\/#\/schema\/person\/49096a774c48ce9063df4d59ec059f9e"},"headline":"Paritaria Municipal sin propuestas","datePublished":"2020-03-11T22:17:32+00:00","dateModified":"2020-04-17T19:57:15+00:00","mainEntityOfPage":{"@id":"https:\/\/municipales.org.ar\/festram\/paritaria-municipal-sin-propuestas\/"},"wordCount":329,"publisher":{"@id":"https:\/\/municipales.org.ar\/festram\/#organization"},"image":{"@id":"https:\/\/municipales.org.ar\/festram\/paritaria-municipal-sin-propuestas\/#primaryimage"},"thumbnailUrl":"https:\/\/municipales.org.ar\/festram\/wp-content\/uploads\/2020\/03\/DSCF0907.jpg","keywords":["medidas de fuerza","paritaria"],"articleSection":["Comunicados 2020"],"inLanguage":"es"},{"@type":"WebPage","@id":"https:\/\/municipales.org.ar\/festram\/paritaria-municipal-sin-propuestas\/","url":"https:\/\/municipales.org.ar\/festram\/paritaria-municipal-sin-propuestas\/","name":"Paritaria Municipal sin propuestas &#8211; FESTRAM","isPartOf":{"@id":"https:\/\/municipales.org.ar\/festram\/#website"},"primaryImageOfPage":{"@id":"https:\/\/municipales.org.ar\/festram\/paritaria-municipal-sin-propuestas\/#primaryimage"},"image":{"@id":"https:\/\/municipales.org.ar\/festram\/paritaria-municipal-sin-propuestas\/#primaryimage"},"thumbnailUrl":"https:\/\/municipales.org.ar\/festram\/wp-content\/uploads\/2020\/03\/DSCF0907.jpg","datePublished":"2020-03-11T22:17:32+00:00","dateModified":"2020-04-17T19:57:15+00:00","description":"FESTRAM inicia medidas de fuerza en toda la Provincia por 48 horas","breadcrumb":{"@id":"https:\/\/municipales.org.ar\/festram\/paritaria-municipal-sin-propuestas\/#breadcrumb"},"inLanguage":"es","potentialAction":[{"@type":"ReadAction","target":["https:\/\/municipales.org.ar\/festram\/paritaria-municipal-sin-propuestas\/"]}]},{"@type":"ImageObject","inLanguage":"es","@id":"https:\/\/municipales.org.ar\/festram\/paritaria-municipal-sin-propuestas\/#primaryimage","url":"https:\/\/municipales.org.ar\/festram\/wp-content\/uploads\/2020\/03\/DSCF0907.jpg","contentUrl":"https:\/\/municipales.org.ar\/festram\/wp-content\/uploads\/2020\/03\/DSCF0907.jpg","width":2560,"height":1707},{"@type":"BreadcrumbList","@id":"https:\/\/municipales.org.ar\/festram\/paritaria-municipal-sin-propuestas\/#breadcrumb","itemListElement":[{"@type":"ListItem","position":1,"name":"Portada","item":"https:\/\/municipales.org.ar\/festram\/"},{"@type":"ListItem","position":2,"name":"Paritaria Municipal sin propuestas"}]},{"@type":"WebSite","@id":"https:\/\/municipales.org.ar\/festram\/#website","url":"https:\/\/municipales.org.ar\/festram\/","name":"FESTRAM","description":"La web de los trabajadores municipales","publisher":{"@id":"https:\/\/municipales.org.ar\/festram\/#organization"},"potentialAction":[{"@type":"SearchAction","target":{"@type":"EntryPoint","urlTemplate":"https:\/\/municipales.org.ar\/festram\/?s={search_term_string}"},"query-input":{"@type":"PropertyValueSpecification","valueRequired":true,"valueName":"search_term_string"}}],"inLanguage":"es"},{"@type":"Organization","@id":"https:\/\/municipales.org.ar\/festram\/#organization","name":"Federaci\u00f3n de Sindicatos de Trabajadores Municipales de la Provincia de Santa Fe","url":"https:\/\/municipales.org.ar\/festram\/","logo":{"@type":"ImageObject","inLanguage":"es","@id":"https:\/\/municipales.org.ar\/festram\/#\/schema\/logo\/image\/","url":"https:\/\/www.municipales.org.ar\/festram\/wp-content\/uploads\/2014\/07\/logo_fes.jpg","contentUrl":"https:\/\/www.municipales.org.ar\/festram\/wp-content\/uploads\/2014\/07\/logo_fes.jpg","width":661,"height":673,"caption":"Federaci\u00f3n de Sindicatos de Trabajadores Municipales de la Provincia de Santa Fe"},"image":{"@id":"https:\/\/municipales.org.ar\/festram\/#\/schema\/logo\/image\/"},"sameAs":["https:\/\/www.facebook.com\/MunicipalesSF","https:\/\/x.com\/MunicipalesSF","https:\/\/www.youtube.com\/user\/festram"]},{"@type":"Person","@id":"https:\/\/municipales.org.ar\/festram\/#\/schema\/person\/49096a774c48ce9063df4d59ec059f9e","name":"mun_admin"}]}},"jetpack_publicize_connections":[],"jetpack_featured_media_url":"https:\/\/municipales.org.ar\/festram\/wp-content\/uploads\/2020\/03\/DSCF0907.jpg","jetpack_sharing_enabled":true,"jetpack_likes_enabled":false,"jetpack_shortlink":"https:\/\/wp.me\/p7l4x1-3KO","_links":{"self":[{"href":"https:\/\/municipales.org.ar\/festram\/wp-json\/wp\/v2\/posts\/14434","targetHints":{"allow":["GET"]}}],"collection":[{"href":"https:\/\/municipales.org.ar\/festram\/wp-json\/wp\/v2\/posts"}],"about":[{"href":"https:\/\/municipales.org.ar\/festram\/wp-json\/wp\/v2\/types\/post"}],"author":[{"embeddable":true,"href":"https:\/\/municipales.org.ar\/festram\/wp-json\/wp\/v2\/users\/1"}],"replies":[{"embeddable":true,"href":"https:\/\/municipales.org.ar\/festram\/wp-json\/wp\/v2\/comments?post=14434"}],"version-history":[{"count":2,"href":"https:\/\/municipales.org.ar\/festram\/wp-json\/wp\/v2\/posts\/14434\/revisions"}],"predecessor-version":[{"id":14643,"href":"https:\/\/municipales.org.ar\/festram\/wp-json\/wp\/v2\/posts\/14434\/revisions\/14643"}],"wp:featuredmedia":[{"embeddable":true,"href":"https:\/\/municipales.org.ar\/festram\/wp-json\/wp\/v2\/media\/14435"}],"wp:attachment":[{"href":"https:\/\/municipales.org.ar\/festram\/wp-json\/wp\/v2\/media?parent=14434"}],"wp:term":[{"taxonomy":"category","embeddable":true,"href":"https:\/\/municipales.org.ar\/festram\/wp-json\/wp\/v2\/categories?post=14434"},{"taxonomy":"post_tag","embeddable":true,"href":"https:\/\/municipales.org.ar\/festram\/wp-json\/wp\/v2\/tags?post=14434"}],"curies":[{"name":"wp","href":"https:\/\/api.w.org\/{rel}","templated":true}]}}