{"id":14645,"date":"2020-04-17T17:34:00","date_gmt":"2020-04-17T20:34:00","guid":{"rendered":"https:\/\/www.municipales.org.ar\/festram\/?p=14645"},"modified":"2020-04-17T17:34:01","modified_gmt":"2020-04-17T20:34:01","slug":"la-provincia-de-santa-fe-decreta-obligatorio-el-uso-del-barbijo-social-en-todo-el-territorio","status":"publish","type":"post","link":"https:\/\/municipales.org.ar\/festram\/la-provincia-de-santa-fe-decreta-obligatorio-el-uso-del-barbijo-social-en-todo-el-territorio\/","title":{"rendered":"La Provincia de Santa Fe decreta obligatorio el uso del barbijo social en todo el territorio"},"content":{"rendered":"\n<h2 class=\"wp-block-heading\"><\/h2>\n\n\n\n<h4 class=\"wp-block-heading\">A partir de ma\u00f1ana, 16 de abril, el uso de barbijo social o tapabocas ser\u00e1 obligatorio en todo el territorio santafesino. \u201cLo hacemos en el resguardo de que, si podemos sumar un elemento m\u00e1s, lo hacemos\u201d, lo inform\u00f3 el gobernador Omar Perotti.<br><br><\/h4>\n\n\n\n<div class=\"wp-block-buttons is-layout-flex wp-block-buttons-is-layout-flex\">\n<div class=\"wp-block-button\"><a class=\"wp-block-button__link has-background has-vivid-cyan-blue-background-color\" href=\"\" target=\"_blank\" rel=\"noreferrer noopener\">Descargar el Decreto 347\/20 en formato PDF<\/a><\/div>\n<\/div>\n\n\n\n<p><br><br>El gobernador de Santa Fe, Omar Perotti, anunci\u00f3 que a trav\u00e9s del decreto provincial 347 se establece la obligatoriedad de utilizar elementos de cobertura de nariz, boca y ment\u00f3n a partir de ma\u00f1ana, 16 de abril. \u201cTapaboca le dicen todos, pero nos queda el ment\u00f3n afuera. Barbijo social es el que aparece para que nos cubra la nariz, la boca y el ment\u00f3n\u201d afirm\u00f3 Perotti.<\/p>\n\n\n\n<p>\u201cEl barbijo social\u00a0 va a ser de uso obligatorio, fundamentalmente para las personas que se trasladan a todas las actividades que est\u00e1n exceptuadas. Tambi\u00e9n va a ser de uso obligatorio para todas aquellas personas del transporte p\u00fablico, las que se muevan en taxi, en remis, para todos los que tengan que estar en una fila del supermercado o en sus ingresos, en las entidades financieras, y en alguna otra instancia o repartici\u00f3n p\u00fablica que por alg\u00fan motivo tenga que estar haciendo una fila e ingresar al mismo\u201d detall\u00f3 el titular de la Casa Gris.<\/p>\n\n\n\n<p>\u201cDe ninguna manera el taparse la nariz, la boca y el ment\u00f3n deja de lado el agua y el jab\u00f3n, deja de lado el distanciamiento social, el no compartir el mate. El uso de este elemento lo incorporamos despu\u00e9s de las sugerencias de los expertos\u201d, manifest\u00f3 Perotti.<\/p>\n\n\n\n<p>\u201cNo vamos a volver atr\u00e1s, s\u00ed vamos a tratar de cuidar que el desplazamiento hacia las actividades permitidas o exceptuadas se haga con todo el cuidado\u201d manifest\u00f3 Perotti y ampli\u00f3: \u201cAquella persona que est\u00e9 en alguna de las actividades ligadas para la cual se ha definido obligatorio el uso de barbijo social y no lo est\u00e9 haciendo, la polic\u00eda establecer\u00e1 una contravenci\u00f3n llevando esa acci\u00f3n al juez de falta de turno\u201d alert\u00f3 el gobernador.<\/p>\n\n\n\n<p>Para finalizar, Perotti sostuvo que \u201cen las actividades que podamos estar solos, con el distanciamiento y con poca gente, tendremos la libertad de no usarlo, pero por favor sumemos un elemento m\u00e1s en el que estoy cuidando al otro. Si el otro est\u00e1 con el barbijo, me est\u00e1 cuidando a m\u00ed. Estas son las cosas que vamos aprendiendo, que vamos incorporando d\u00eda a d\u00eda y en el que todos vamos teniendo claro que el bienestar no es individual, el bienestar es social.<br><\/p>\n\n\n\n<h2 class=\"wp-block-heading\"><strong>REUNI\u00d3N CON EXPERTOS<\/strong><br><br><\/h2>\n\n\n\n<p>Previamente, el gobernador Omar Perotti particip\u00f3 de una reuni\u00f3n por videoconferencia con los equipos t\u00e9cnicos que conform\u00f3 el gobierno provincial para el abordaje de la pandemia de Covid \u2013 19, para evaluar las medidas adoptadas, y sugerencias para los protocolos de seguridad e higiene a implementar en las diferentes\u00a0 actividades productivas y del Estado.<\/p>\n\n\n\n<p>Al respecto, la secretaria de Salud, Sonia Martorano, indic\u00f3 que con los integrantes de \u201clos tres equipos charlamos los temas que se trataron en el Consejo Federal de Salud -COFESA-: movimiento de la curva, el amesetamiento . Todos coincidieron con las medidas adoptadas por el gobernador\u201d.<\/p>\n\n\n\n<p>Adem\u00e1s, \u201crecibimos muy buenas sugerencias en cuanto a los protocolos a implementar en cada una de las nuevas actividades; y les explicamos que todas estas actividades est\u00e1n vistas por los ministerios de Trabajo y de Producci\u00f3n, y que los protocolos siempre son revisados por Salud\u201d.<\/p>\n","protected":false},"excerpt":{"rendered":"<p>A partir de ma\u00f1ana, 16 de abril, el uso de barbijo social o tapabocas ser\u00e1 obligatorio en todo el territorio santafesino. \u201cLo hacemos en el resguardo de que, si podemos sumar un elemento m\u00e1s, lo hacemos\u201d, lo inform\u00f3 el gobernador Omar Perotti.<\/p>\n","protected":false},"author":1,"featured_media":14652,"comment_status":"closed","ping_status":"closed","sticky":false,"template":"","format":"standard","meta":{"_jetpack_memberships_contains_paid_content":false,"footnotes":"","jetpack_publicize_message":"","jetpack_publicize_feature_enabled":true,"jetpack_social_post_already_shared":true,"jetpack_social_options":{"image_generator_settings":{"template":"highway","default_image_id":0,"font":"","enabled":false},"version":2}},"categories":[224,223],"tags":[227],"class_list":["post-14645","post","type-post","status-publish","format-standard","has-post-thumbnail","hentry","category-decretos-y-disposiciones","category-emergencia","tag-emergencia-leyes"],"yoast_head":"<!-- This site is optimized with the Yoast SEO plugin v25.9 - https:\/\/yoast.com\/wordpress\/plugins\/seo\/ -->\n<title>La Provincia de Santa Fe decreta obligatorio el uso del barbijo social en todo el territorio &#8211; FESTRAM<\/title>\n<meta name=\"description\" content=\"A partir de ma\u00f1ana, 16 de abril, el uso de barbijo social o tapabocas ser\u00e1 obligatorio en todo el territorio santafesino. \u201cLo hacemos en el resguardo de que, si podemos sumar un elemento m\u00e1s, lo hacemos\u201d, lo inform\u00f3 el gobernador Omar Perotti.\" \/>\n<meta name=\"robots\" content=\"index, follow, max-snippet:-1, max-image-preview:large, max-video-preview:-1\" \/>\n<link rel=\"canonical\" href=\"https:\/\/municipales.org.ar\/festram\/la-provincia-de-santa-fe-decreta-obligatorio-el-uso-del-barbijo-social-en-todo-el-territorio\/\" \/>\n<meta property=\"og:locale\" content=\"es_ES\" \/>\n<meta property=\"og:type\" content=\"article\" \/>\n<meta property=\"og:title\" content=\"La Provincia de Santa Fe decreta obligatorio el uso del barbijo social en todo el territorio &#8211; FESTRAM\" \/>\n<meta property=\"og:description\" content=\"A partir de ma\u00f1ana, 16 de abril, el uso de barbijo social o tapabocas ser\u00e1 obligatorio en todo el territorio santafesino. \u201cLo hacemos en el resguardo de que, si podemos sumar un elemento m\u00e1s, lo hacemos\u201d, lo inform\u00f3 el gobernador Omar Perotti.\" \/>\n<meta property=\"og:url\" content=\"https:\/\/municipales.org.ar\/festram\/la-provincia-de-santa-fe-decreta-obligatorio-el-uso-del-barbijo-social-en-todo-el-territorio\/\" \/>\n<meta property=\"og:site_name\" content=\"FESTRAM\" \/>\n<meta property=\"article:publisher\" content=\"https:\/\/www.facebook.com\/MunicipalesSF\" \/>\n<meta property=\"article:published_time\" content=\"2020-04-17T20:34:00+00:00\" \/>\n<meta property=\"article:modified_time\" content=\"2020-04-17T20:34:01+00:00\" \/>\n<meta property=\"og:image\" content=\"https:\/\/municipales.org.ar\/festram\/wp-content\/uploads\/2020\/04\/image5e9722112a788.jpeg\" \/>\n\t<meta property=\"og:image:width\" content=\"945\" \/>\n\t<meta property=\"og:image:height\" content=\"532\" \/>\n\t<meta property=\"og:image:type\" content=\"image\/jpeg\" \/>\n<meta name=\"author\" content=\"mun_admin\" \/>\n<meta name=\"twitter:card\" content=\"summary_large_image\" \/>\n<meta name=\"twitter:creator\" content=\"@MunicipalesSF\" \/>\n<meta name=\"twitter:site\" content=\"@MunicipalesSF\" \/>\n<meta name=\"twitter:label1\" content=\"Escrito por\" \/>\n\t<meta name=\"twitter:data1\" content=\"mun_admin\" \/>\n\t<meta name=\"twitter:label2\" content=\"Tiempo de lectura\" \/>\n\t<meta name=\"twitter:data2\" content=\"3 minutos\" \/>\n<script type=\"application\/ld+json\" class=\"yoast-schema-graph\">{\"@context\":\"https:\/\/schema.org\",\"@graph\":[{\"@type\":\"Article\",\"@id\":\"https:\/\/municipales.org.ar\/festram\/la-provincia-de-santa-fe-decreta-obligatorio-el-uso-del-barbijo-social-en-todo-el-territorio\/#article\",\"isPartOf\":{\"@id\":\"https:\/\/municipales.org.ar\/festram\/la-provincia-de-santa-fe-decreta-obligatorio-el-uso-del-barbijo-social-en-todo-el-territorio\/\"},\"author\":{\"name\":\"mun_admin\",\"@id\":\"https:\/\/municipales.org.ar\/festram\/#\/schema\/person\/49096a774c48ce9063df4d59ec059f9e\"},\"headline\":\"La Provincia de Santa Fe decreta obligatorio el uso del barbijo social en todo el territorio\",\"datePublished\":\"2020-04-17T20:34:00+00:00\",\"dateModified\":\"2020-04-17T20:34:01+00:00\",\"mainEntityOfPage\":{\"@id\":\"https:\/\/municipales.org.ar\/festram\/la-provincia-de-santa-fe-decreta-obligatorio-el-uso-del-barbijo-social-en-todo-el-territorio\/\"},\"wordCount\":597,\"publisher\":{\"@id\":\"https:\/\/municipales.org.ar\/festram\/#organization\"},\"image\":{\"@id\":\"https:\/\/municipales.org.ar\/festram\/la-provincia-de-santa-fe-decreta-obligatorio-el-uso-del-barbijo-social-en-todo-el-territorio\/#primaryimage\"},\"thumbnailUrl\":\"https:\/\/municipales.org.ar\/festram\/wp-content\/uploads\/2020\/04\/image5e9722112a788.jpeg\",\"keywords\":[\"emergencia leyes\"],\"articleSection\":[\"Decretos y Disposiciones\",\"Emergencia\"],\"inLanguage\":\"es\"},{\"@type\":\"WebPage\",\"@id\":\"https:\/\/municipales.org.ar\/festram\/la-provincia-de-santa-fe-decreta-obligatorio-el-uso-del-barbijo-social-en-todo-el-territorio\/\",\"url\":\"https:\/\/municipales.org.ar\/festram\/la-provincia-de-santa-fe-decreta-obligatorio-el-uso-del-barbijo-social-en-todo-el-territorio\/\",\"name\":\"La Provincia de Santa Fe decreta obligatorio el uso del barbijo social en todo el territorio &#8211; FESTRAM\",\"isPartOf\":{\"@id\":\"https:\/\/municipales.org.ar\/festram\/#website\"},\"primaryImageOfPage\":{\"@id\":\"https:\/\/municipales.org.ar\/festram\/la-provincia-de-santa-fe-decreta-obligatorio-el-uso-del-barbijo-social-en-todo-el-territorio\/#primaryimage\"},\"image\":{\"@id\":\"https:\/\/municipales.org.ar\/festram\/la-provincia-de-santa-fe-decreta-obligatorio-el-uso-del-barbijo-social-en-todo-el-territorio\/#primaryimage\"},\"thumbnailUrl\":\"https:\/\/municipales.org.ar\/festram\/wp-content\/uploads\/2020\/04\/image5e9722112a788.jpeg\",\"datePublished\":\"2020-04-17T20:34:00+00:00\",\"dateModified\":\"2020-04-17T20:34:01+00:00\",\"description\":\"A partir de ma\u00f1ana, 16 de abril, el uso de barbijo social o tapabocas ser\u00e1 obligatorio en todo el territorio santafesino. \u201cLo hacemos en el resguardo de que, si podemos sumar un elemento m\u00e1s, lo hacemos\u201d, lo inform\u00f3 el gobernador Omar Perotti.\",\"breadcrumb\":{\"@id\":\"https:\/\/municipales.org.ar\/festram\/la-provincia-de-santa-fe-decreta-obligatorio-el-uso-del-barbijo-social-en-todo-el-territorio\/#breadcrumb\"},\"inLanguage\":\"es\",\"potentialAction\":[{\"@type\":\"ReadAction\",\"target\":[\"https:\/\/municipales.org.ar\/festram\/la-provincia-de-santa-fe-decreta-obligatorio-el-uso-del-barbijo-social-en-todo-el-territorio\/\"]}]},{\"@type\":\"ImageObject\",\"inLanguage\":\"es\",\"@id\":\"https:\/\/municipales.org.ar\/festram\/la-provincia-de-santa-fe-decreta-obligatorio-el-uso-del-barbijo-social-en-todo-el-territorio\/#primaryimage\",\"url\":\"https:\/\/municipales.org.ar\/festram\/wp-content\/uploads\/2020\/04\/image5e9722112a788.jpeg\",\"contentUrl\":\"https:\/\/municipales.org.ar\/festram\/wp-content\/uploads\/2020\/04\/image5e9722112a788.jpeg\",\"width\":945,\"height\":532},{\"@type\":\"BreadcrumbList\",\"@id\":\"https:\/\/municipales.org.ar\/festram\/la-provincia-de-santa-fe-decreta-obligatorio-el-uso-del-barbijo-social-en-todo-el-territorio\/#breadcrumb\",\"itemListElement\":[{\"@type\":\"ListItem\",\"position\":1,\"name\":\"Portada\",\"item\":\"https:\/\/municipales.org.ar\/festram\/\"},{\"@type\":\"ListItem\",\"position\":2,\"name\":\"La Provincia de Santa Fe decreta obligatorio el uso del barbijo social en todo el territorio\"}]},{\"@type\":\"WebSite\",\"@id\":\"https:\/\/municipales.org.ar\/festram\/#website\",\"url\":\"https:\/\/municipales.org.ar\/festram\/\",\"name\":\"FESTRAM\",\"description\":\"La web de los trabajadores municipales\",\"publisher\":{\"@id\":\"https:\/\/municipales.org.ar\/festram\/#organization\"},\"potentialAction\":[{\"@type\":\"SearchAction\",\"target\":{\"@type\":\"EntryPoint\",\"urlTemplate\":\"https:\/\/municipales.org.ar\/festram\/?s={search_term_string}\"},\"query-input\":{\"@type\":\"PropertyValueSpecification\",\"valueRequired\":true,\"valueName\":\"search_term_string\"}}],\"inLanguage\":\"es\"},{\"@type\":\"Organization\",\"@id\":\"https:\/\/municipales.org.ar\/festram\/#organization\",\"name\":\"Federaci\u00f3n de Sindicatos de Trabajadores Municipales de la Provincia de Santa Fe\",\"url\":\"https:\/\/municipales.org.ar\/festram\/\",\"logo\":{\"@type\":\"ImageObject\",\"inLanguage\":\"es\",\"@id\":\"https:\/\/municipales.org.ar\/festram\/#\/schema\/logo\/image\/\",\"url\":\"https:\/\/www.municipales.org.ar\/festram\/wp-content\/uploads\/2014\/07\/logo_fes.jpg\",\"contentUrl\":\"https:\/\/www.municipales.org.ar\/festram\/wp-content\/uploads\/2014\/07\/logo_fes.jpg\",\"width\":661,\"height\":673,\"caption\":\"Federaci\u00f3n de Sindicatos de Trabajadores Municipales de la Provincia de Santa Fe\"},\"image\":{\"@id\":\"https:\/\/municipales.org.ar\/festram\/#\/schema\/logo\/image\/\"},\"sameAs\":[\"https:\/\/www.facebook.com\/MunicipalesSF\",\"https:\/\/x.com\/MunicipalesSF\",\"https:\/\/www.youtube.com\/user\/festram\"]},{\"@type\":\"Person\",\"@id\":\"https:\/\/municipales.org.ar\/festram\/#\/schema\/person\/49096a774c48ce9063df4d59ec059f9e\",\"name\":\"mun_admin\"}]}<\/script>\n<!-- \/ Yoast SEO plugin. -->","yoast_head_json":{"title":"La Provincia de Santa Fe decreta obligatorio el uso del barbijo social en todo el territorio &#8211; FESTRAM","description":"A partir de ma\u00f1ana, 16 de abril, el uso de barbijo social o tapabocas ser\u00e1 obligatorio en todo el territorio santafesino. \u201cLo hacemos en el resguardo de que, si podemos sumar un elemento m\u00e1s, lo hacemos\u201d, lo inform\u00f3 el gobernador Omar Perotti.","robots":{"index":"index","follow":"follow","max-snippet":"max-snippet:-1","max-image-preview":"max-image-preview:large","max-video-preview":"max-video-preview:-1"},"canonical":"https:\/\/municipales.org.ar\/festram\/la-provincia-de-santa-fe-decreta-obligatorio-el-uso-del-barbijo-social-en-todo-el-territorio\/","og_locale":"es_ES","og_type":"article","og_title":"La Provincia de Santa Fe decreta obligatorio el uso del barbijo social en todo el territorio &#8211; FESTRAM","og_description":"A partir de ma\u00f1ana, 16 de abril, el uso de barbijo social o tapabocas ser\u00e1 obligatorio en todo el territorio santafesino. \u201cLo hacemos en el resguardo de que, si podemos sumar un elemento m\u00e1s, lo hacemos\u201d, lo inform\u00f3 el gobernador Omar Perotti.","og_url":"https:\/\/municipales.org.ar\/festram\/la-provincia-de-santa-fe-decreta-obligatorio-el-uso-del-barbijo-social-en-todo-el-territorio\/","og_site_name":"FESTRAM","article_publisher":"https:\/\/www.facebook.com\/MunicipalesSF","article_published_time":"2020-04-17T20:34:00+00:00","article_modified_time":"2020-04-17T20:34:01+00:00","og_image":[{"width":945,"height":532,"url":"https:\/\/municipales.org.ar\/festram\/wp-content\/uploads\/2020\/04\/image5e9722112a788.jpeg","type":"image\/jpeg"}],"author":"mun_admin","twitter_card":"summary_large_image","twitter_creator":"@MunicipalesSF","twitter_site":"@MunicipalesSF","twitter_misc":{"Escrito por":"mun_admin","Tiempo de lectura":"3 minutos"},"schema":{"@context":"https:\/\/schema.org","@graph":[{"@type":"Article","@id":"https:\/\/municipales.org.ar\/festram\/la-provincia-de-santa-fe-decreta-obligatorio-el-uso-del-barbijo-social-en-todo-el-territorio\/#article","isPartOf":{"@id":"https:\/\/municipales.org.ar\/festram\/la-provincia-de-santa-fe-decreta-obligatorio-el-uso-del-barbijo-social-en-todo-el-territorio\/"},"author":{"name":"mun_admin","@id":"https:\/\/municipales.org.ar\/festram\/#\/schema\/person\/49096a774c48ce9063df4d59ec059f9e"},"headline":"La Provincia de Santa Fe decreta obligatorio el uso del barbijo social en todo el territorio","datePublished":"2020-04-17T20:34:00+00:00","dateModified":"2020-04-17T20:34:01+00:00","mainEntityOfPage":{"@id":"https:\/\/municipales.org.ar\/festram\/la-provincia-de-santa-fe-decreta-obligatorio-el-uso-del-barbijo-social-en-todo-el-territorio\/"},"wordCount":597,"publisher":{"@id":"https:\/\/municipales.org.ar\/festram\/#organization"},"image":{"@id":"https:\/\/municipales.org.ar\/festram\/la-provincia-de-santa-fe-decreta-obligatorio-el-uso-del-barbijo-social-en-todo-el-territorio\/#primaryimage"},"thumbnailUrl":"https:\/\/municipales.org.ar\/festram\/wp-content\/uploads\/2020\/04\/image5e9722112a788.jpeg","keywords":["emergencia leyes"],"articleSection":["Decretos y Disposiciones","Emergencia"],"inLanguage":"es"},{"@type":"WebPage","@id":"https:\/\/municipales.org.ar\/festram\/la-provincia-de-santa-fe-decreta-obligatorio-el-uso-del-barbijo-social-en-todo-el-territorio\/","url":"https:\/\/municipales.org.ar\/festram\/la-provincia-de-santa-fe-decreta-obligatorio-el-uso-del-barbijo-social-en-todo-el-territorio\/","name":"La Provincia de Santa Fe decreta obligatorio el uso del barbijo social en todo el territorio &#8211; FESTRAM","isPartOf":{"@id":"https:\/\/municipales.org.ar\/festram\/#website"},"primaryImageOfPage":{"@id":"https:\/\/municipales.org.ar\/festram\/la-provincia-de-santa-fe-decreta-obligatorio-el-uso-del-barbijo-social-en-todo-el-territorio\/#primaryimage"},"image":{"@id":"https:\/\/municipales.org.ar\/festram\/la-provincia-de-santa-fe-decreta-obligatorio-el-uso-del-barbijo-social-en-todo-el-territorio\/#primaryimage"},"thumbnailUrl":"https:\/\/municipales.org.ar\/festram\/wp-content\/uploads\/2020\/04\/image5e9722112a788.jpeg","datePublished":"2020-04-17T20:34:00+00:00","dateModified":"2020-04-17T20:34:01+00:00","description":"A partir de ma\u00f1ana, 16 de abril, el uso de barbijo social o tapabocas ser\u00e1 obligatorio en todo el territorio santafesino. \u201cLo hacemos en el resguardo de que, si podemos sumar un elemento m\u00e1s, lo hacemos\u201d, lo inform\u00f3 el gobernador Omar Perotti.","breadcrumb":{"@id":"https:\/\/municipales.org.ar\/festram\/la-provincia-de-santa-fe-decreta-obligatorio-el-uso-del-barbijo-social-en-todo-el-territorio\/#breadcrumb"},"inLanguage":"es","potentialAction":[{"@type":"ReadAction","target":["https:\/\/municipales.org.ar\/festram\/la-provincia-de-santa-fe-decreta-obligatorio-el-uso-del-barbijo-social-en-todo-el-territorio\/"]}]},{"@type":"ImageObject","inLanguage":"es","@id":"https:\/\/municipales.org.ar\/festram\/la-provincia-de-santa-fe-decreta-obligatorio-el-uso-del-barbijo-social-en-todo-el-territorio\/#primaryimage","url":"https:\/\/municipales.org.ar\/festram\/wp-content\/uploads\/2020\/04\/image5e9722112a788.jpeg","contentUrl":"https:\/\/municipales.org.ar\/festram\/wp-content\/uploads\/2020\/04\/image5e9722112a788.jpeg","width":945,"height":532},{"@type":"BreadcrumbList","@id":"https:\/\/municipales.org.ar\/festram\/la-provincia-de-santa-fe-decreta-obligatorio-el-uso-del-barbijo-social-en-todo-el-territorio\/#breadcrumb","itemListElement":[{"@type":"ListItem","position":1,"name":"Portada","item":"https:\/\/municipales.org.ar\/festram\/"},{"@type":"ListItem","position":2,"name":"La Provincia de Santa Fe decreta obligatorio el uso del barbijo social en todo el territorio"}]},{"@type":"WebSite","@id":"https:\/\/municipales.org.ar\/festram\/#website","url":"https:\/\/municipales.org.ar\/festram\/","name":"FESTRAM","description":"La web de los trabajadores municipales","publisher":{"@id":"https:\/\/municipales.org.ar\/festram\/#organization"},"potentialAction":[{"@type":"SearchAction","target":{"@type":"EntryPoint","urlTemplate":"https:\/\/municipales.org.ar\/festram\/?s={search_term_string}"},"query-input":{"@type":"PropertyValueSpecification","valueRequired":true,"valueName":"search_term_string"}}],"inLanguage":"es"},{"@type":"Organization","@id":"https:\/\/municipales.org.ar\/festram\/#organization","name":"Federaci\u00f3n de Sindicatos de Trabajadores Municipales de la Provincia de Santa Fe","url":"https:\/\/municipales.org.ar\/festram\/","logo":{"@type":"ImageObject","inLanguage":"es","@id":"https:\/\/municipales.org.ar\/festram\/#\/schema\/logo\/image\/","url":"https:\/\/www.municipales.org.ar\/festram\/wp-content\/uploads\/2014\/07\/logo_fes.jpg","contentUrl":"https:\/\/www.municipales.org.ar\/festram\/wp-content\/uploads\/2014\/07\/logo_fes.jpg","width":661,"height":673,"caption":"Federaci\u00f3n de Sindicatos de Trabajadores Municipales de la Provincia de Santa Fe"},"image":{"@id":"https:\/\/municipales.org.ar\/festram\/#\/schema\/logo\/image\/"},"sameAs":["https:\/\/www.facebook.com\/MunicipalesSF","https:\/\/x.com\/MunicipalesSF","https:\/\/www.youtube.com\/user\/festram"]},{"@type":"Person","@id":"https:\/\/municipales.org.ar\/festram\/#\/schema\/person\/49096a774c48ce9063df4d59ec059f9e","name":"mun_admin"}]}},"jetpack_publicize_connections":[],"jetpack_featured_media_url":"https:\/\/municipales.org.ar\/festram\/wp-content\/uploads\/2020\/04\/image5e9722112a788.jpeg","jetpack_sharing_enabled":true,"jetpack_likes_enabled":false,"jetpack_shortlink":"https:\/\/wp.me\/p7l4x1-3Od","_links":{"self":[{"href":"https:\/\/municipales.org.ar\/festram\/wp-json\/wp\/v2\/posts\/14645","targetHints":{"allow":["GET"]}}],"collection":[{"href":"https:\/\/municipales.org.ar\/festram\/wp-json\/wp\/v2\/posts"}],"about":[{"href":"https:\/\/municipales.org.ar\/festram\/wp-json\/wp\/v2\/types\/post"}],"author":[{"embeddable":true,"href":"https:\/\/municipales.org.ar\/festram\/wp-json\/wp\/v2\/users\/1"}],"replies":[{"embeddable":true,"href":"https:\/\/municipales.org.ar\/festram\/wp-json\/wp\/v2\/comments?post=14645"}],"version-history":[{"count":5,"href":"https:\/\/municipales.org.ar\/festram\/wp-json\/wp\/v2\/posts\/14645\/revisions"}],"predecessor-version":[{"id":14653,"href":"https:\/\/municipales.org.ar\/festram\/wp-json\/wp\/v2\/posts\/14645\/revisions\/14653"}],"wp:featuredmedia":[{"embeddable":true,"href":"https:\/\/municipales.org.ar\/festram\/wp-json\/wp\/v2\/media\/14652"}],"wp:attachment":[{"href":"https:\/\/municipales.org.ar\/festram\/wp-json\/wp\/v2\/media?parent=14645"}],"wp:term":[{"taxonomy":"category","embeddable":true,"href":"https:\/\/municipales.org.ar\/festram\/wp-json\/wp\/v2\/categories?post=14645"},{"taxonomy":"post_tag","embeddable":true,"href":"https:\/\/municipales.org.ar\/festram\/wp-json\/wp\/v2\/tags?post=14645"}],"curies":[{"name":"wp","href":"https:\/\/api.w.org\/{rel}","templated":true}]}}