{"id":14654,"date":"2020-04-16T17:52:43","date_gmt":"2020-04-16T20:52:43","guid":{"rendered":"https:\/\/www.municipales.org.ar\/festram\/?p=14654"},"modified":"2020-04-17T17:55:20","modified_gmt":"2020-04-17T20:55:20","slug":"normativa-que-dispone-las-facultades-y-modalidades-para-el-control-de-precios-en-municipios-y-comunas","status":"publish","type":"post","link":"https:\/\/municipales.org.ar\/festram\/normativa-que-dispone-las-facultades-y-modalidades-para-el-control-de-precios-en-municipios-y-comunas\/","title":{"rendered":"Normativa que dispone las facultades y modalidades para el control de precios en Municipios y Comunas"},"content":{"rendered":"\n<p><\/p>\n\n\n\n<h4 class=\"wp-block-heading\">Es a partir del Decreto 319 del gobernador Omar Perotti. Adem\u00e1s, desde el Ministerio de la Producci\u00f3n se dict\u00f3 un instructivo para su aplicaci\u00f3n paso a paso y tambi\u00e9n listados de precios m\u00e1ximos.<br><br><\/h4>\n\n\n\n<div class=\"wp-block-buttons is-layout-flex wp-block-buttons-is-layout-flex\">\n<div class=\"wp-block-button\"><a class=\"wp-block-button__link has-background has-vivid-cyan-blue-background-color\" href=\"https:\/\/www.municipales.org.ar\/festram\/wp-content\/uploads\/2020\/04\/decreto31920.pdf\" target=\"_blank\" rel=\"noreferrer noopener\">Descargar el Decreto 319\/20 en formato PDF<\/a><\/div>\n\n\n\n<div class=\"wp-block-button\"><a class=\"wp-block-button__link has-background has-vivid-cyan-blue-background-color\" href=\"https:\/\/www.santafe.gob.ar\/boletinoficial\/ver.php?seccion=2020\/2020-04-14decreto0327-2020.html\" target=\"_blank\" rel=\"noreferrer noopener\">Ver Decreto 327\/20 en el Bolet\u00edn Oficial Provincia de Santa Fe<\/a><\/div>\n<\/div>\n\n\n\n<p><br><br>En el marco de la Emergencia Sanitaria, el gobernador Omar Perotti firm\u00f3 el decreto N\u00ba 319 para delegar y facultar a los municipios y comunas de la provincia a llevar adelante las tareas de control y vigilancia de precios que hasta el momento ven\u00eda haciendo s\u00f3lo la provincia.<\/p>\n\n\n\n<p>Al respecto, el secretario de Comercio Interior y Servicios, Juan Aviano, indic\u00f3 c\u00f3mo se est\u00e1 \u201cavanzando e iniciando el proceso de delegar y facultar a los municipios y comunas de la provincia a llevar adelante las tareas de control y vigilancia de precios\u201d e indic\u00f3 que se realiz\u00f3 \u201cuna videoconferencia con alrededor de 120 municipios y comunas\u201d.<\/p>\n\n\n\n<p>En tal sentido, expres\u00f3 que ya se est\u00e1 recibiendo \u201cinformaci\u00f3n y la comunicaci\u00f3n de muchos municipios y comunas de los 19 departamentos de la provincia que est\u00e1n esperando estas comunicaciones y las instrumentaciones en concreto que hacen al decreto 319 del gobernador Omar Perotti\u201d.<\/p>\n\n\n\n<p>En sinton\u00eda, la directora provincial de Promoci\u00f3n de la Competencia y Defensa del Consumidor, Mar\u00eda Betania Albrecht, afirm\u00f3 que \u201cnuestro gobernador Omar Perotti ha sido claro y nuestro ministro de la Producci\u00f3n, Daniel Costamagna, tambi\u00e9n: no vamos a permitir abusos o aumentos injustificados de precios. Por lo cual, vamos a trabajar puntualmente aplicando la normativa referida a precios m\u00e1ximos, controlando que comercios y grandes cadenas hayan retrotra\u00eddo sus precios al 6 de marzo\u201d.<\/p>\n\n\n\n<p>El decreto 319 permite a los gobiernos del interior santafesino a \u201ctrabajar aplicando las leyes de Abastecimiento, de Lealtad Comercial y de Defensa del Consumidor\u201d y por ende el secretario de Comercio Interior y Servicios \u201cha dictado una disposici\u00f3n ordenando el sistema\u201d con la elaboraci\u00f3n de \u201cun instructivo para que municipios y comunas puedan trabajar y comprender cabalmente el paso a paso de c\u00f3mo llevar adelante las fiscalizaciones en grandes cadenas, en comercios de proximidad, en almacenes\u201d y as\u00ed \u201cllevar a cabo esta tarea tan importante de relevar el tema del abastecimiento y el de control de precios\u201d.<\/p>\n\n\n\n<p>Albrecht detall\u00f3 que a partir del decreto 319 los municipios y comunas tienen distintas facultades. \u201cAl recibir las denuncias pueden habilitar y salir a inspeccionar ellos mismos; pueden imputar, labrando la correspondiente acta de infracci\u00f3n; y pueden citar, recibiendo el descargo y la prueba correspondiente de los potenciales infractores. Luego, por supuesto, el resto del procedimiento contin\u00faa en la instancia de la provincia, que es quien dispondr\u00e1 de la correspondiente sanci\u00f3n, en el caso de corresponder\u201d.<\/p>\n\n\n\n<p>\u201cSe dar\u00e1 toda la asistencia necesaria teniendo en cuenta que el propio decreto del gobernador hace referencia al otorgamiento del 25 % del importe de la multa que realicen los municipios y comunas en el caso de que sean sancionados los comercios\u201d, concluy\u00f3 la directora provincial de Promoci\u00f3n de la Competencia y Defensa del Consumidor.<\/p>\n","protected":false},"excerpt":{"rendered":"<p>En el marco de la Emergencia Sanitaria, el gobernador Omar Perotti firm\u00f3 el decreto N\u00ba 319 para delegar y facultar a los municipios y comunas de la provincia a llevar adelante las tareas de control y vigilancia de precios que hasta el momento ven\u00eda haciendo s\u00f3lo la provincia.<\/p>\n","protected":false},"author":1,"featured_media":14658,"comment_status":"closed","ping_status":"closed","sticky":false,"template":"","format":"standard","meta":{"_jetpack_memberships_contains_paid_content":false,"footnotes":"","jetpack_publicize_message":"????En el marco de la Emergencia Sanitaria, el gobernador Omar Perotti firm\u00f3 el decreto N\u00ba 319 para delegar y facultar a los municipios y comunas de la provincia a llevar adelante las tareas de control y vigilancia de precios","jetpack_publicize_feature_enabled":true,"jetpack_social_post_already_shared":true,"jetpack_social_options":{"image_generator_settings":{"template":"highway","default_image_id":0,"font":"","enabled":false},"version":2}},"categories":[224,223],"tags":[227],"class_list":["post-14654","post","type-post","status-publish","format-standard","has-post-thumbnail","hentry","category-decretos-y-disposiciones","category-emergencia","tag-emergencia-leyes"],"yoast_head":"<!-- This site is optimized with the Yoast SEO plugin v25.9 - https:\/\/yoast.com\/wordpress\/plugins\/seo\/ -->\n<title>Normativa que dispone las facultades y modalidades para el control de precios en Municipios y Comunas &#8211; FESTRAM<\/title>\n<meta name=\"description\" content=\"En el marco de la Emergencia Sanitaria, el gobernador Omar Perotti firm\u00f3 el decreto N\u00ba 319 para delegar y facultar a los municipios y comunas de la provincia a llevar adelante las tareas de control y vigilancia de precios que hasta el momento ven\u00eda haciendo s\u00f3lo la provincia.\" \/>\n<meta name=\"robots\" content=\"index, follow, max-snippet:-1, max-image-preview:large, max-video-preview:-1\" \/>\n<link rel=\"canonical\" href=\"https:\/\/municipales.org.ar\/festram\/normativa-que-dispone-las-facultades-y-modalidades-para-el-control-de-precios-en-municipios-y-comunas\/\" \/>\n<meta property=\"og:locale\" content=\"es_ES\" \/>\n<meta property=\"og:type\" content=\"article\" \/>\n<meta property=\"og:title\" content=\"Normativa que dispone las facultades y modalidades para el control de precios en Municipios y Comunas &#8211; FESTRAM\" \/>\n<meta property=\"og:description\" content=\"En el marco de la Emergencia Sanitaria, el gobernador Omar Perotti firm\u00f3 el decreto N\u00ba 319 para delegar y facultar a los municipios y comunas de la provincia a llevar adelante las tareas de control y vigilancia de precios que hasta el momento ven\u00eda haciendo s\u00f3lo la provincia.\" \/>\n<meta property=\"og:url\" content=\"https:\/\/municipales.org.ar\/festram\/normativa-que-dispone-las-facultades-y-modalidades-para-el-control-de-precios-en-municipios-y-comunas\/\" \/>\n<meta property=\"og:site_name\" content=\"FESTRAM\" \/>\n<meta property=\"article:publisher\" content=\"https:\/\/www.facebook.com\/MunicipalesSF\" \/>\n<meta property=\"article:published_time\" content=\"2020-04-16T20:52:43+00:00\" \/>\n<meta property=\"article:modified_time\" content=\"2020-04-17T20:55:20+00:00\" \/>\n<meta property=\"og:image\" content=\"https:\/\/municipales.org.ar\/festram\/wp-content\/uploads\/2020\/04\/1586136723.jpeg\" \/>\n\t<meta property=\"og:image:width\" content=\"915\" \/>\n\t<meta property=\"og:image:height\" content=\"515\" \/>\n\t<meta property=\"og:image:type\" content=\"image\/jpeg\" \/>\n<meta name=\"author\" content=\"mun_admin\" \/>\n<meta name=\"twitter:card\" content=\"summary_large_image\" \/>\n<meta name=\"twitter:creator\" content=\"@MunicipalesSF\" \/>\n<meta name=\"twitter:site\" content=\"@MunicipalesSF\" \/>\n<meta name=\"twitter:label1\" content=\"Escrito por\" \/>\n\t<meta name=\"twitter:data1\" content=\"mun_admin\" \/>\n\t<meta name=\"twitter:label2\" content=\"Tiempo de lectura\" \/>\n\t<meta name=\"twitter:data2\" content=\"3 minutos\" \/>\n<script type=\"application\/ld+json\" class=\"yoast-schema-graph\">{\"@context\":\"https:\/\/schema.org\",\"@graph\":[{\"@type\":\"Article\",\"@id\":\"https:\/\/municipales.org.ar\/festram\/normativa-que-dispone-las-facultades-y-modalidades-para-el-control-de-precios-en-municipios-y-comunas\/#article\",\"isPartOf\":{\"@id\":\"https:\/\/municipales.org.ar\/festram\/normativa-que-dispone-las-facultades-y-modalidades-para-el-control-de-precios-en-municipios-y-comunas\/\"},\"author\":{\"name\":\"mun_admin\",\"@id\":\"https:\/\/municipales.org.ar\/festram\/#\/schema\/person\/49096a774c48ce9063df4d59ec059f9e\"},\"headline\":\"Normativa que dispone las facultades y modalidades para el control de precios en Municipios y Comunas\",\"datePublished\":\"2020-04-16T20:52:43+00:00\",\"dateModified\":\"2020-04-17T20:55:20+00:00\",\"mainEntityOfPage\":{\"@id\":\"https:\/\/municipales.org.ar\/festram\/normativa-que-dispone-las-facultades-y-modalidades-para-el-control-de-precios-en-municipios-y-comunas\/\"},\"wordCount\":532,\"publisher\":{\"@id\":\"https:\/\/municipales.org.ar\/festram\/#organization\"},\"image\":{\"@id\":\"https:\/\/municipales.org.ar\/festram\/normativa-que-dispone-las-facultades-y-modalidades-para-el-control-de-precios-en-municipios-y-comunas\/#primaryimage\"},\"thumbnailUrl\":\"https:\/\/municipales.org.ar\/festram\/wp-content\/uploads\/2020\/04\/1586136723.jpeg\",\"keywords\":[\"emergencia leyes\"],\"articleSection\":[\"Decretos y Disposiciones\",\"Emergencia\"],\"inLanguage\":\"es\"},{\"@type\":\"WebPage\",\"@id\":\"https:\/\/municipales.org.ar\/festram\/normativa-que-dispone-las-facultades-y-modalidades-para-el-control-de-precios-en-municipios-y-comunas\/\",\"url\":\"https:\/\/municipales.org.ar\/festram\/normativa-que-dispone-las-facultades-y-modalidades-para-el-control-de-precios-en-municipios-y-comunas\/\",\"name\":\"Normativa que dispone las facultades y modalidades para el control de precios en Municipios y Comunas &#8211; FESTRAM\",\"isPartOf\":{\"@id\":\"https:\/\/municipales.org.ar\/festram\/#website\"},\"primaryImageOfPage\":{\"@id\":\"https:\/\/municipales.org.ar\/festram\/normativa-que-dispone-las-facultades-y-modalidades-para-el-control-de-precios-en-municipios-y-comunas\/#primaryimage\"},\"image\":{\"@id\":\"https:\/\/municipales.org.ar\/festram\/normativa-que-dispone-las-facultades-y-modalidades-para-el-control-de-precios-en-municipios-y-comunas\/#primaryimage\"},\"thumbnailUrl\":\"https:\/\/municipales.org.ar\/festram\/wp-content\/uploads\/2020\/04\/1586136723.jpeg\",\"datePublished\":\"2020-04-16T20:52:43+00:00\",\"dateModified\":\"2020-04-17T20:55:20+00:00\",\"description\":\"En el marco de la Emergencia Sanitaria, el gobernador Omar Perotti firm\u00f3 el decreto N\u00ba 319 para delegar y facultar a los municipios y comunas de la provincia a llevar adelante las tareas de control y vigilancia de precios que hasta el momento ven\u00eda haciendo s\u00f3lo la provincia.\",\"breadcrumb\":{\"@id\":\"https:\/\/municipales.org.ar\/festram\/normativa-que-dispone-las-facultades-y-modalidades-para-el-control-de-precios-en-municipios-y-comunas\/#breadcrumb\"},\"inLanguage\":\"es\",\"potentialAction\":[{\"@type\":\"ReadAction\",\"target\":[\"https:\/\/municipales.org.ar\/festram\/normativa-que-dispone-las-facultades-y-modalidades-para-el-control-de-precios-en-municipios-y-comunas\/\"]}]},{\"@type\":\"ImageObject\",\"inLanguage\":\"es\",\"@id\":\"https:\/\/municipales.org.ar\/festram\/normativa-que-dispone-las-facultades-y-modalidades-para-el-control-de-precios-en-municipios-y-comunas\/#primaryimage\",\"url\":\"https:\/\/municipales.org.ar\/festram\/wp-content\/uploads\/2020\/04\/1586136723.jpeg\",\"contentUrl\":\"https:\/\/municipales.org.ar\/festram\/wp-content\/uploads\/2020\/04\/1586136723.jpeg\",\"width\":915,\"height\":515},{\"@type\":\"BreadcrumbList\",\"@id\":\"https:\/\/municipales.org.ar\/festram\/normativa-que-dispone-las-facultades-y-modalidades-para-el-control-de-precios-en-municipios-y-comunas\/#breadcrumb\",\"itemListElement\":[{\"@type\":\"ListItem\",\"position\":1,\"name\":\"Portada\",\"item\":\"https:\/\/municipales.org.ar\/festram\/\"},{\"@type\":\"ListItem\",\"position\":2,\"name\":\"Normativa que dispone las facultades y modalidades para el control de precios en Municipios y Comunas\"}]},{\"@type\":\"WebSite\",\"@id\":\"https:\/\/municipales.org.ar\/festram\/#website\",\"url\":\"https:\/\/municipales.org.ar\/festram\/\",\"name\":\"FESTRAM\",\"description\":\"La web de los trabajadores municipales\",\"publisher\":{\"@id\":\"https:\/\/municipales.org.ar\/festram\/#organization\"},\"potentialAction\":[{\"@type\":\"SearchAction\",\"target\":{\"@type\":\"EntryPoint\",\"urlTemplate\":\"https:\/\/municipales.org.ar\/festram\/?s={search_term_string}\"},\"query-input\":{\"@type\":\"PropertyValueSpecification\",\"valueRequired\":true,\"valueName\":\"search_term_string\"}}],\"inLanguage\":\"es\"},{\"@type\":\"Organization\",\"@id\":\"https:\/\/municipales.org.ar\/festram\/#organization\",\"name\":\"Federaci\u00f3n de Sindicatos de Trabajadores Municipales de la Provincia de Santa Fe\",\"url\":\"https:\/\/municipales.org.ar\/festram\/\",\"logo\":{\"@type\":\"ImageObject\",\"inLanguage\":\"es\",\"@id\":\"https:\/\/municipales.org.ar\/festram\/#\/schema\/logo\/image\/\",\"url\":\"https:\/\/www.municipales.org.ar\/festram\/wp-content\/uploads\/2014\/07\/logo_fes.jpg\",\"contentUrl\":\"https:\/\/www.municipales.org.ar\/festram\/wp-content\/uploads\/2014\/07\/logo_fes.jpg\",\"width\":661,\"height\":673,\"caption\":\"Federaci\u00f3n de Sindicatos de Trabajadores Municipales de la Provincia de Santa Fe\"},\"image\":{\"@id\":\"https:\/\/municipales.org.ar\/festram\/#\/schema\/logo\/image\/\"},\"sameAs\":[\"https:\/\/www.facebook.com\/MunicipalesSF\",\"https:\/\/x.com\/MunicipalesSF\",\"https:\/\/www.youtube.com\/user\/festram\"]},{\"@type\":\"Person\",\"@id\":\"https:\/\/municipales.org.ar\/festram\/#\/schema\/person\/49096a774c48ce9063df4d59ec059f9e\",\"name\":\"mun_admin\"}]}<\/script>\n<!-- \/ Yoast SEO plugin. -->","yoast_head_json":{"title":"Normativa que dispone las facultades y modalidades para el control de precios en Municipios y Comunas &#8211; FESTRAM","description":"En el marco de la Emergencia Sanitaria, el gobernador Omar Perotti firm\u00f3 el decreto N\u00ba 319 para delegar y facultar a los municipios y comunas de la provincia a llevar adelante las tareas de control y vigilancia de precios que hasta el momento ven\u00eda haciendo s\u00f3lo la provincia.","robots":{"index":"index","follow":"follow","max-snippet":"max-snippet:-1","max-image-preview":"max-image-preview:large","max-video-preview":"max-video-preview:-1"},"canonical":"https:\/\/municipales.org.ar\/festram\/normativa-que-dispone-las-facultades-y-modalidades-para-el-control-de-precios-en-municipios-y-comunas\/","og_locale":"es_ES","og_type":"article","og_title":"Normativa que dispone las facultades y modalidades para el control de precios en Municipios y Comunas &#8211; FESTRAM","og_description":"En el marco de la Emergencia Sanitaria, el gobernador Omar Perotti firm\u00f3 el decreto N\u00ba 319 para delegar y facultar a los municipios y comunas de la provincia a llevar adelante las tareas de control y vigilancia de precios que hasta el momento ven\u00eda haciendo s\u00f3lo la provincia.","og_url":"https:\/\/municipales.org.ar\/festram\/normativa-que-dispone-las-facultades-y-modalidades-para-el-control-de-precios-en-municipios-y-comunas\/","og_site_name":"FESTRAM","article_publisher":"https:\/\/www.facebook.com\/MunicipalesSF","article_published_time":"2020-04-16T20:52:43+00:00","article_modified_time":"2020-04-17T20:55:20+00:00","og_image":[{"width":915,"height":515,"url":"https:\/\/municipales.org.ar\/festram\/wp-content\/uploads\/2020\/04\/1586136723.jpeg","type":"image\/jpeg"}],"author":"mun_admin","twitter_card":"summary_large_image","twitter_creator":"@MunicipalesSF","twitter_site":"@MunicipalesSF","twitter_misc":{"Escrito por":"mun_admin","Tiempo de lectura":"3 minutos"},"schema":{"@context":"https:\/\/schema.org","@graph":[{"@type":"Article","@id":"https:\/\/municipales.org.ar\/festram\/normativa-que-dispone-las-facultades-y-modalidades-para-el-control-de-precios-en-municipios-y-comunas\/#article","isPartOf":{"@id":"https:\/\/municipales.org.ar\/festram\/normativa-que-dispone-las-facultades-y-modalidades-para-el-control-de-precios-en-municipios-y-comunas\/"},"author":{"name":"mun_admin","@id":"https:\/\/municipales.org.ar\/festram\/#\/schema\/person\/49096a774c48ce9063df4d59ec059f9e"},"headline":"Normativa que dispone las facultades y modalidades para el control de precios en Municipios y Comunas","datePublished":"2020-04-16T20:52:43+00:00","dateModified":"2020-04-17T20:55:20+00:00","mainEntityOfPage":{"@id":"https:\/\/municipales.org.ar\/festram\/normativa-que-dispone-las-facultades-y-modalidades-para-el-control-de-precios-en-municipios-y-comunas\/"},"wordCount":532,"publisher":{"@id":"https:\/\/municipales.org.ar\/festram\/#organization"},"image":{"@id":"https:\/\/municipales.org.ar\/festram\/normativa-que-dispone-las-facultades-y-modalidades-para-el-control-de-precios-en-municipios-y-comunas\/#primaryimage"},"thumbnailUrl":"https:\/\/municipales.org.ar\/festram\/wp-content\/uploads\/2020\/04\/1586136723.jpeg","keywords":["emergencia leyes"],"articleSection":["Decretos y Disposiciones","Emergencia"],"inLanguage":"es"},{"@type":"WebPage","@id":"https:\/\/municipales.org.ar\/festram\/normativa-que-dispone-las-facultades-y-modalidades-para-el-control-de-precios-en-municipios-y-comunas\/","url":"https:\/\/municipales.org.ar\/festram\/normativa-que-dispone-las-facultades-y-modalidades-para-el-control-de-precios-en-municipios-y-comunas\/","name":"Normativa que dispone las facultades y modalidades para el control de precios en Municipios y Comunas &#8211; FESTRAM","isPartOf":{"@id":"https:\/\/municipales.org.ar\/festram\/#website"},"primaryImageOfPage":{"@id":"https:\/\/municipales.org.ar\/festram\/normativa-que-dispone-las-facultades-y-modalidades-para-el-control-de-precios-en-municipios-y-comunas\/#primaryimage"},"image":{"@id":"https:\/\/municipales.org.ar\/festram\/normativa-que-dispone-las-facultades-y-modalidades-para-el-control-de-precios-en-municipios-y-comunas\/#primaryimage"},"thumbnailUrl":"https:\/\/municipales.org.ar\/festram\/wp-content\/uploads\/2020\/04\/1586136723.jpeg","datePublished":"2020-04-16T20:52:43+00:00","dateModified":"2020-04-17T20:55:20+00:00","description":"En el marco de la Emergencia Sanitaria, el gobernador Omar Perotti firm\u00f3 el decreto N\u00ba 319 para delegar y facultar a los municipios y comunas de la provincia a llevar adelante las tareas de control y vigilancia de precios que hasta el momento ven\u00eda haciendo s\u00f3lo la provincia.","breadcrumb":{"@id":"https:\/\/municipales.org.ar\/festram\/normativa-que-dispone-las-facultades-y-modalidades-para-el-control-de-precios-en-municipios-y-comunas\/#breadcrumb"},"inLanguage":"es","potentialAction":[{"@type":"ReadAction","target":["https:\/\/municipales.org.ar\/festram\/normativa-que-dispone-las-facultades-y-modalidades-para-el-control-de-precios-en-municipios-y-comunas\/"]}]},{"@type":"ImageObject","inLanguage":"es","@id":"https:\/\/municipales.org.ar\/festram\/normativa-que-dispone-las-facultades-y-modalidades-para-el-control-de-precios-en-municipios-y-comunas\/#primaryimage","url":"https:\/\/municipales.org.ar\/festram\/wp-content\/uploads\/2020\/04\/1586136723.jpeg","contentUrl":"https:\/\/municipales.org.ar\/festram\/wp-content\/uploads\/2020\/04\/1586136723.jpeg","width":915,"height":515},{"@type":"BreadcrumbList","@id":"https:\/\/municipales.org.ar\/festram\/normativa-que-dispone-las-facultades-y-modalidades-para-el-control-de-precios-en-municipios-y-comunas\/#breadcrumb","itemListElement":[{"@type":"ListItem","position":1,"name":"Portada","item":"https:\/\/municipales.org.ar\/festram\/"},{"@type":"ListItem","position":2,"name":"Normativa que dispone las facultades y modalidades para el control de precios en Municipios y Comunas"}]},{"@type":"WebSite","@id":"https:\/\/municipales.org.ar\/festram\/#website","url":"https:\/\/municipales.org.ar\/festram\/","name":"FESTRAM","description":"La web de los trabajadores municipales","publisher":{"@id":"https:\/\/municipales.org.ar\/festram\/#organization"},"potentialAction":[{"@type":"SearchAction","target":{"@type":"EntryPoint","urlTemplate":"https:\/\/municipales.org.ar\/festram\/?s={search_term_string}"},"query-input":{"@type":"PropertyValueSpecification","valueRequired":true,"valueName":"search_term_string"}}],"inLanguage":"es"},{"@type":"Organization","@id":"https:\/\/municipales.org.ar\/festram\/#organization","name":"Federaci\u00f3n de Sindicatos de Trabajadores Municipales de la Provincia de Santa Fe","url":"https:\/\/municipales.org.ar\/festram\/","logo":{"@type":"ImageObject","inLanguage":"es","@id":"https:\/\/municipales.org.ar\/festram\/#\/schema\/logo\/image\/","url":"https:\/\/www.municipales.org.ar\/festram\/wp-content\/uploads\/2014\/07\/logo_fes.jpg","contentUrl":"https:\/\/www.municipales.org.ar\/festram\/wp-content\/uploads\/2014\/07\/logo_fes.jpg","width":661,"height":673,"caption":"Federaci\u00f3n de Sindicatos de Trabajadores Municipales de la Provincia de Santa Fe"},"image":{"@id":"https:\/\/municipales.org.ar\/festram\/#\/schema\/logo\/image\/"},"sameAs":["https:\/\/www.facebook.com\/MunicipalesSF","https:\/\/x.com\/MunicipalesSF","https:\/\/www.youtube.com\/user\/festram"]},{"@type":"Person","@id":"https:\/\/municipales.org.ar\/festram\/#\/schema\/person\/49096a774c48ce9063df4d59ec059f9e","name":"mun_admin"}]}},"jetpack_publicize_connections":[],"jetpack_featured_media_url":"https:\/\/municipales.org.ar\/festram\/wp-content\/uploads\/2020\/04\/1586136723.jpeg","jetpack_sharing_enabled":true,"jetpack_likes_enabled":false,"jetpack_shortlink":"https:\/\/wp.me\/p7l4x1-3Om","_links":{"self":[{"href":"https:\/\/municipales.org.ar\/festram\/wp-json\/wp\/v2\/posts\/14654","targetHints":{"allow":["GET"]}}],"collection":[{"href":"https:\/\/municipales.org.ar\/festram\/wp-json\/wp\/v2\/posts"}],"about":[{"href":"https:\/\/municipales.org.ar\/festram\/wp-json\/wp\/v2\/types\/post"}],"author":[{"embeddable":true,"href":"https:\/\/municipales.org.ar\/festram\/wp-json\/wp\/v2\/users\/1"}],"replies":[{"embeddable":true,"href":"https:\/\/municipales.org.ar\/festram\/wp-json\/wp\/v2\/comments?post=14654"}],"version-history":[{"count":3,"href":"https:\/\/municipales.org.ar\/festram\/wp-json\/wp\/v2\/posts\/14654\/revisions"}],"predecessor-version":[{"id":14659,"href":"https:\/\/municipales.org.ar\/festram\/wp-json\/wp\/v2\/posts\/14654\/revisions\/14659"}],"wp:featuredmedia":[{"embeddable":true,"href":"https:\/\/municipales.org.ar\/festram\/wp-json\/wp\/v2\/media\/14658"}],"wp:attachment":[{"href":"https:\/\/municipales.org.ar\/festram\/wp-json\/wp\/v2\/media?parent=14654"}],"wp:term":[{"taxonomy":"category","embeddable":true,"href":"https:\/\/municipales.org.ar\/festram\/wp-json\/wp\/v2\/categories?post=14654"},{"taxonomy":"post_tag","embeddable":true,"href":"https:\/\/municipales.org.ar\/festram\/wp-json\/wp\/v2\/tags?post=14654"}],"curies":[{"name":"wp","href":"https:\/\/api.w.org\/{rel}","templated":true}]}}