{"id":14670,"date":"2020-05-04T13:59:53","date_gmt":"2020-05-04T16:59:53","guid":{"rendered":"https:\/\/www.municipales.org.ar\/festram\/?p=14670"},"modified":"2020-09-07T11:19:09","modified_gmt":"2020-09-07T14:19:09","slug":"toda-la-normativa-provincial-relacionada-al-covid-19","status":"publish","type":"post","link":"https:\/\/municipales.org.ar\/festram\/toda-la-normativa-provincial-relacionada-al-covid-19\/","title":{"rendered":"Toda la Normativa Provincial relacionada al Covid-19"},"content":{"rendered":"\n<h3 class=\"wp-block-heading\">En esta p\u00e1gina encontrar\u00e1s y podr\u00e1s consultar toda la normativa vinculada al estado de Aislamiento Social Obligatorio en la Provincia de Santa Fe<br><br><\/h3>\n\n\n\n<div class=\"wp-block-buttons is-layout-flex wp-block-buttons-is-layout-flex\">\n<div class=\"wp-block-button\"><a class=\"wp-block-button__link has-vivid-cyan-blue-background-color has-background\" href=\"https:\/\/www.santafe.gob.ar\/ms\/covid19\/normativa\/\" target=\"_blank\" rel=\"noreferrer noopener\">Ver y Bajar toda la Normativa<\/a><\/div>\n<\/div>\n\n\n\n<p><br>Para consultar toda la normativa vigente desde el inicio de la Emergencia Sanitaria por Covid-19 podr\u00e1s ingresar al link del Gobierno de la Provincia<br><br><\/p>\n","protected":false},"excerpt":{"rendered":"<p>En esta p\u00e1gina encontrar\u00e1s y podr\u00e1s consultar toda la normativa vinculada al estado de Aislamiento Social Obligatorio en la Provincia de Santa Fe<\/p>\n","protected":false},"author":1,"featured_media":14672,"comment_status":"closed","ping_status":"closed","sticky":false,"template":"","format":"standard","meta":{"_jetpack_memberships_contains_paid_content":false,"footnotes":"","jetpack_publicize_message":"???\ufe0f? En esta p\u00e1gina encontrar\u00e1s y podr\u00e1s consultar toda la normativa vinculada al estado de Aislamiento Social Obligatorio en la Provincia de Santa Fe de utilidad para Municipios y Comunas y sus trabajadores","jetpack_publicize_feature_enabled":true,"jetpack_social_post_already_shared":true,"jetpack_social_options":{"image_generator_settings":{"template":"highway","default_image_id":0,"font":"","enabled":false},"version":2}},"categories":[224],"tags":[227],"class_list":["post-14670","post","type-post","status-publish","format-standard","has-post-thumbnail","hentry","category-decretos-y-disposiciones","tag-emergencia-leyes"],"yoast_head":"<!-- This site is optimized with the Yoast SEO plugin v25.9 - https:\/\/yoast.com\/wordpress\/plugins\/seo\/ -->\n<title>Toda la Normativa Provincial relacionada al Covid-19 &#8211; FESTRAM<\/title>\n<meta name=\"description\" content=\"En esta p\u00e1gina encontrar\u00e1s y podr\u00e1s consultar toda la normativa vinculada al estado de Aislamiento Social Obligatorio en la Provincia de Santa Fe\" \/>\n<meta name=\"robots\" content=\"index, follow, max-snippet:-1, max-image-preview:large, max-video-preview:-1\" \/>\n<link rel=\"canonical\" href=\"https:\/\/municipales.org.ar\/festram\/toda-la-normativa-provincial-relacionada-al-covid-19\/\" \/>\n<meta property=\"og:locale\" content=\"es_ES\" \/>\n<meta property=\"og:type\" content=\"article\" \/>\n<meta property=\"og:title\" content=\"Toda la Normativa Provincial relacionada al Covid-19 &#8211; FESTRAM\" \/>\n<meta property=\"og:description\" content=\"En esta p\u00e1gina encontrar\u00e1s y podr\u00e1s consultar toda la normativa vinculada al estado de Aislamiento Social Obligatorio en la Provincia de Santa Fe\" \/>\n<meta property=\"og:url\" content=\"https:\/\/municipales.org.ar\/festram\/toda-la-normativa-provincial-relacionada-al-covid-19\/\" \/>\n<meta property=\"og:site_name\" content=\"FESTRAM\" \/>\n<meta property=\"article:publisher\" content=\"https:\/\/www.facebook.com\/MunicipalesSF\" \/>\n<meta property=\"article:published_time\" content=\"2020-05-04T16:59:53+00:00\" \/>\n<meta property=\"article:modified_time\" content=\"2020-09-07T14:19:09+00:00\" \/>\n<meta property=\"og:image\" content=\"https:\/\/municipales.org.ar\/festram\/wp-content\/uploads\/2020\/05\/Coronavirus-blue-background-16.9-1.jpg\" \/>\n\t<meta property=\"og:image:width\" content=\"2059\" \/>\n\t<meta property=\"og:image:height\" content=\"1158\" \/>\n\t<meta property=\"og:image:type\" content=\"image\/jpeg\" \/>\n<meta name=\"author\" content=\"mun_admin\" \/>\n<meta name=\"twitter:card\" content=\"summary_large_image\" \/>\n<meta name=\"twitter:creator\" content=\"@MunicipalesSF\" \/>\n<meta name=\"twitter:site\" content=\"@MunicipalesSF\" \/>\n<meta name=\"twitter:label1\" content=\"Escrito por\" \/>\n\t<meta name=\"twitter:data1\" content=\"mun_admin\" \/>\n<script type=\"application\/ld+json\" class=\"yoast-schema-graph\">{\"@context\":\"https:\/\/schema.org\",\"@graph\":[{\"@type\":\"Article\",\"@id\":\"https:\/\/municipales.org.ar\/festram\/toda-la-normativa-provincial-relacionada-al-covid-19\/#article\",\"isPartOf\":{\"@id\":\"https:\/\/municipales.org.ar\/festram\/toda-la-normativa-provincial-relacionada-al-covid-19\/\"},\"author\":{\"name\":\"mun_admin\",\"@id\":\"https:\/\/municipales.org.ar\/festram\/#\/schema\/person\/49096a774c48ce9063df4d59ec059f9e\"},\"headline\":\"Toda la Normativa Provincial relacionada al Covid-19\",\"datePublished\":\"2020-05-04T16:59:53+00:00\",\"dateModified\":\"2020-09-07T14:19:09+00:00\",\"mainEntityOfPage\":{\"@id\":\"https:\/\/municipales.org.ar\/festram\/toda-la-normativa-provincial-relacionada-al-covid-19\/\"},\"wordCount\":64,\"publisher\":{\"@id\":\"https:\/\/municipales.org.ar\/festram\/#organization\"},\"image\":{\"@id\":\"https:\/\/municipales.org.ar\/festram\/toda-la-normativa-provincial-relacionada-al-covid-19\/#primaryimage\"},\"thumbnailUrl\":\"https:\/\/municipales.org.ar\/festram\/wp-content\/uploads\/2020\/05\/Coronavirus-blue-background-16.9-1.jpg\",\"keywords\":[\"emergencia leyes\"],\"articleSection\":[\"Decretos y Disposiciones\"],\"inLanguage\":\"es\"},{\"@type\":\"WebPage\",\"@id\":\"https:\/\/municipales.org.ar\/festram\/toda-la-normativa-provincial-relacionada-al-covid-19\/\",\"url\":\"https:\/\/municipales.org.ar\/festram\/toda-la-normativa-provincial-relacionada-al-covid-19\/\",\"name\":\"Toda la Normativa Provincial relacionada al Covid-19 &#8211; FESTRAM\",\"isPartOf\":{\"@id\":\"https:\/\/municipales.org.ar\/festram\/#website\"},\"primaryImageOfPage\":{\"@id\":\"https:\/\/municipales.org.ar\/festram\/toda-la-normativa-provincial-relacionada-al-covid-19\/#primaryimage\"},\"image\":{\"@id\":\"https:\/\/municipales.org.ar\/festram\/toda-la-normativa-provincial-relacionada-al-covid-19\/#primaryimage\"},\"thumbnailUrl\":\"https:\/\/municipales.org.ar\/festram\/wp-content\/uploads\/2020\/05\/Coronavirus-blue-background-16.9-1.jpg\",\"datePublished\":\"2020-05-04T16:59:53+00:00\",\"dateModified\":\"2020-09-07T14:19:09+00:00\",\"description\":\"En esta p\u00e1gina encontrar\u00e1s y podr\u00e1s consultar toda la normativa vinculada al estado de Aislamiento Social Obligatorio en la Provincia de Santa Fe\",\"breadcrumb\":{\"@id\":\"https:\/\/municipales.org.ar\/festram\/toda-la-normativa-provincial-relacionada-al-covid-19\/#breadcrumb\"},\"inLanguage\":\"es\",\"potentialAction\":[{\"@type\":\"ReadAction\",\"target\":[\"https:\/\/municipales.org.ar\/festram\/toda-la-normativa-provincial-relacionada-al-covid-19\/\"]}]},{\"@type\":\"ImageObject\",\"inLanguage\":\"es\",\"@id\":\"https:\/\/municipales.org.ar\/festram\/toda-la-normativa-provincial-relacionada-al-covid-19\/#primaryimage\",\"url\":\"https:\/\/municipales.org.ar\/festram\/wp-content\/uploads\/2020\/05\/Coronavirus-blue-background-16.9-1.jpg\",\"contentUrl\":\"https:\/\/municipales.org.ar\/festram\/wp-content\/uploads\/2020\/05\/Coronavirus-blue-background-16.9-1.jpg\",\"width\":2059,\"height\":1158},{\"@type\":\"BreadcrumbList\",\"@id\":\"https:\/\/municipales.org.ar\/festram\/toda-la-normativa-provincial-relacionada-al-covid-19\/#breadcrumb\",\"itemListElement\":[{\"@type\":\"ListItem\",\"position\":1,\"name\":\"Portada\",\"item\":\"https:\/\/municipales.org.ar\/festram\/\"},{\"@type\":\"ListItem\",\"position\":2,\"name\":\"Toda la Normativa Provincial relacionada al Covid-19\"}]},{\"@type\":\"WebSite\",\"@id\":\"https:\/\/municipales.org.ar\/festram\/#website\",\"url\":\"https:\/\/municipales.org.ar\/festram\/\",\"name\":\"FESTRAM\",\"description\":\"La web de los trabajadores municipales\",\"publisher\":{\"@id\":\"https:\/\/municipales.org.ar\/festram\/#organization\"},\"potentialAction\":[{\"@type\":\"SearchAction\",\"target\":{\"@type\":\"EntryPoint\",\"urlTemplate\":\"https:\/\/municipales.org.ar\/festram\/?s={search_term_string}\"},\"query-input\":{\"@type\":\"PropertyValueSpecification\",\"valueRequired\":true,\"valueName\":\"search_term_string\"}}],\"inLanguage\":\"es\"},{\"@type\":\"Organization\",\"@id\":\"https:\/\/municipales.org.ar\/festram\/#organization\",\"name\":\"Federaci\u00f3n de Sindicatos de Trabajadores Municipales de la Provincia de Santa Fe\",\"url\":\"https:\/\/municipales.org.ar\/festram\/\",\"logo\":{\"@type\":\"ImageObject\",\"inLanguage\":\"es\",\"@id\":\"https:\/\/municipales.org.ar\/festram\/#\/schema\/logo\/image\/\",\"url\":\"https:\/\/www.municipales.org.ar\/festram\/wp-content\/uploads\/2014\/07\/logo_fes.jpg\",\"contentUrl\":\"https:\/\/www.municipales.org.ar\/festram\/wp-content\/uploads\/2014\/07\/logo_fes.jpg\",\"width\":661,\"height\":673,\"caption\":\"Federaci\u00f3n de Sindicatos de Trabajadores Municipales de la Provincia de Santa Fe\"},\"image\":{\"@id\":\"https:\/\/municipales.org.ar\/festram\/#\/schema\/logo\/image\/\"},\"sameAs\":[\"https:\/\/www.facebook.com\/MunicipalesSF\",\"https:\/\/x.com\/MunicipalesSF\",\"https:\/\/www.youtube.com\/user\/festram\"]},{\"@type\":\"Person\",\"@id\":\"https:\/\/municipales.org.ar\/festram\/#\/schema\/person\/49096a774c48ce9063df4d59ec059f9e\",\"name\":\"mun_admin\"}]}<\/script>\n<!-- \/ Yoast SEO plugin. -->","yoast_head_json":{"title":"Toda la Normativa Provincial relacionada al Covid-19 &#8211; FESTRAM","description":"En esta p\u00e1gina encontrar\u00e1s y podr\u00e1s consultar toda la normativa vinculada al estado de Aislamiento Social Obligatorio en la Provincia de Santa Fe","robots":{"index":"index","follow":"follow","max-snippet":"max-snippet:-1","max-image-preview":"max-image-preview:large","max-video-preview":"max-video-preview:-1"},"canonical":"https:\/\/municipales.org.ar\/festram\/toda-la-normativa-provincial-relacionada-al-covid-19\/","og_locale":"es_ES","og_type":"article","og_title":"Toda la Normativa Provincial relacionada al Covid-19 &#8211; FESTRAM","og_description":"En esta p\u00e1gina encontrar\u00e1s y podr\u00e1s consultar toda la normativa vinculada al estado de Aislamiento Social Obligatorio en la Provincia de Santa Fe","og_url":"https:\/\/municipales.org.ar\/festram\/toda-la-normativa-provincial-relacionada-al-covid-19\/","og_site_name":"FESTRAM","article_publisher":"https:\/\/www.facebook.com\/MunicipalesSF","article_published_time":"2020-05-04T16:59:53+00:00","article_modified_time":"2020-09-07T14:19:09+00:00","og_image":[{"width":2059,"height":1158,"url":"https:\/\/municipales.org.ar\/festram\/wp-content\/uploads\/2020\/05\/Coronavirus-blue-background-16.9-1.jpg","type":"image\/jpeg"}],"author":"mun_admin","twitter_card":"summary_large_image","twitter_creator":"@MunicipalesSF","twitter_site":"@MunicipalesSF","twitter_misc":{"Escrito por":"mun_admin"},"schema":{"@context":"https:\/\/schema.org","@graph":[{"@type":"Article","@id":"https:\/\/municipales.org.ar\/festram\/toda-la-normativa-provincial-relacionada-al-covid-19\/#article","isPartOf":{"@id":"https:\/\/municipales.org.ar\/festram\/toda-la-normativa-provincial-relacionada-al-covid-19\/"},"author":{"name":"mun_admin","@id":"https:\/\/municipales.org.ar\/festram\/#\/schema\/person\/49096a774c48ce9063df4d59ec059f9e"},"headline":"Toda la Normativa Provincial relacionada al Covid-19","datePublished":"2020-05-04T16:59:53+00:00","dateModified":"2020-09-07T14:19:09+00:00","mainEntityOfPage":{"@id":"https:\/\/municipales.org.ar\/festram\/toda-la-normativa-provincial-relacionada-al-covid-19\/"},"wordCount":64,"publisher":{"@id":"https:\/\/municipales.org.ar\/festram\/#organization"},"image":{"@id":"https:\/\/municipales.org.ar\/festram\/toda-la-normativa-provincial-relacionada-al-covid-19\/#primaryimage"},"thumbnailUrl":"https:\/\/municipales.org.ar\/festram\/wp-content\/uploads\/2020\/05\/Coronavirus-blue-background-16.9-1.jpg","keywords":["emergencia leyes"],"articleSection":["Decretos y Disposiciones"],"inLanguage":"es"},{"@type":"WebPage","@id":"https:\/\/municipales.org.ar\/festram\/toda-la-normativa-provincial-relacionada-al-covid-19\/","url":"https:\/\/municipales.org.ar\/festram\/toda-la-normativa-provincial-relacionada-al-covid-19\/","name":"Toda la Normativa Provincial relacionada al Covid-19 &#8211; FESTRAM","isPartOf":{"@id":"https:\/\/municipales.org.ar\/festram\/#website"},"primaryImageOfPage":{"@id":"https:\/\/municipales.org.ar\/festram\/toda-la-normativa-provincial-relacionada-al-covid-19\/#primaryimage"},"image":{"@id":"https:\/\/municipales.org.ar\/festram\/toda-la-normativa-provincial-relacionada-al-covid-19\/#primaryimage"},"thumbnailUrl":"https:\/\/municipales.org.ar\/festram\/wp-content\/uploads\/2020\/05\/Coronavirus-blue-background-16.9-1.jpg","datePublished":"2020-05-04T16:59:53+00:00","dateModified":"2020-09-07T14:19:09+00:00","description":"En esta p\u00e1gina encontrar\u00e1s y podr\u00e1s consultar toda la normativa vinculada al estado de Aislamiento Social Obligatorio en la Provincia de Santa Fe","breadcrumb":{"@id":"https:\/\/municipales.org.ar\/festram\/toda-la-normativa-provincial-relacionada-al-covid-19\/#breadcrumb"},"inLanguage":"es","potentialAction":[{"@type":"ReadAction","target":["https:\/\/municipales.org.ar\/festram\/toda-la-normativa-provincial-relacionada-al-covid-19\/"]}]},{"@type":"ImageObject","inLanguage":"es","@id":"https:\/\/municipales.org.ar\/festram\/toda-la-normativa-provincial-relacionada-al-covid-19\/#primaryimage","url":"https:\/\/municipales.org.ar\/festram\/wp-content\/uploads\/2020\/05\/Coronavirus-blue-background-16.9-1.jpg","contentUrl":"https:\/\/municipales.org.ar\/festram\/wp-content\/uploads\/2020\/05\/Coronavirus-blue-background-16.9-1.jpg","width":2059,"height":1158},{"@type":"BreadcrumbList","@id":"https:\/\/municipales.org.ar\/festram\/toda-la-normativa-provincial-relacionada-al-covid-19\/#breadcrumb","itemListElement":[{"@type":"ListItem","position":1,"name":"Portada","item":"https:\/\/municipales.org.ar\/festram\/"},{"@type":"ListItem","position":2,"name":"Toda la Normativa Provincial relacionada al Covid-19"}]},{"@type":"WebSite","@id":"https:\/\/municipales.org.ar\/festram\/#website","url":"https:\/\/municipales.org.ar\/festram\/","name":"FESTRAM","description":"La web de los trabajadores municipales","publisher":{"@id":"https:\/\/municipales.org.ar\/festram\/#organization"},"potentialAction":[{"@type":"SearchAction","target":{"@type":"EntryPoint","urlTemplate":"https:\/\/municipales.org.ar\/festram\/?s={search_term_string}"},"query-input":{"@type":"PropertyValueSpecification","valueRequired":true,"valueName":"search_term_string"}}],"inLanguage":"es"},{"@type":"Organization","@id":"https:\/\/municipales.org.ar\/festram\/#organization","name":"Federaci\u00f3n de Sindicatos de Trabajadores Municipales de la Provincia de Santa Fe","url":"https:\/\/municipales.org.ar\/festram\/","logo":{"@type":"ImageObject","inLanguage":"es","@id":"https:\/\/municipales.org.ar\/festram\/#\/schema\/logo\/image\/","url":"https:\/\/www.municipales.org.ar\/festram\/wp-content\/uploads\/2014\/07\/logo_fes.jpg","contentUrl":"https:\/\/www.municipales.org.ar\/festram\/wp-content\/uploads\/2014\/07\/logo_fes.jpg","width":661,"height":673,"caption":"Federaci\u00f3n de Sindicatos de Trabajadores Municipales de la Provincia de Santa Fe"},"image":{"@id":"https:\/\/municipales.org.ar\/festram\/#\/schema\/logo\/image\/"},"sameAs":["https:\/\/www.facebook.com\/MunicipalesSF","https:\/\/x.com\/MunicipalesSF","https:\/\/www.youtube.com\/user\/festram"]},{"@type":"Person","@id":"https:\/\/municipales.org.ar\/festram\/#\/schema\/person\/49096a774c48ce9063df4d59ec059f9e","name":"mun_admin"}]}},"jetpack_publicize_connections":[],"jetpack_featured_media_url":"https:\/\/municipales.org.ar\/festram\/wp-content\/uploads\/2020\/05\/Coronavirus-blue-background-16.9-1.jpg","jetpack_sharing_enabled":true,"jetpack_likes_enabled":false,"jetpack_shortlink":"https:\/\/wp.me\/p7l4x1-3OC","_links":{"self":[{"href":"https:\/\/municipales.org.ar\/festram\/wp-json\/wp\/v2\/posts\/14670","targetHints":{"allow":["GET"]}}],"collection":[{"href":"https:\/\/municipales.org.ar\/festram\/wp-json\/wp\/v2\/posts"}],"about":[{"href":"https:\/\/municipales.org.ar\/festram\/wp-json\/wp\/v2\/types\/post"}],"author":[{"embeddable":true,"href":"https:\/\/municipales.org.ar\/festram\/wp-json\/wp\/v2\/users\/1"}],"replies":[{"embeddable":true,"href":"https:\/\/municipales.org.ar\/festram\/wp-json\/wp\/v2\/comments?post=14670"}],"version-history":[{"count":13,"href":"https:\/\/municipales.org.ar\/festram\/wp-json\/wp\/v2\/posts\/14670\/revisions"}],"predecessor-version":[{"id":15020,"href":"https:\/\/municipales.org.ar\/festram\/wp-json\/wp\/v2\/posts\/14670\/revisions\/15020"}],"wp:featuredmedia":[{"embeddable":true,"href":"https:\/\/municipales.org.ar\/festram\/wp-json\/wp\/v2\/media\/14672"}],"wp:attachment":[{"href":"https:\/\/municipales.org.ar\/festram\/wp-json\/wp\/v2\/media?parent=14670"}],"wp:term":[{"taxonomy":"category","embeddable":true,"href":"https:\/\/municipales.org.ar\/festram\/wp-json\/wp\/v2\/categories?post=14670"},{"taxonomy":"post_tag","embeddable":true,"href":"https:\/\/municipales.org.ar\/festram\/wp-json\/wp\/v2\/tags?post=14670"}],"curies":[{"name":"wp","href":"https:\/\/api.w.org\/{rel}","templated":true}]}}