{"id":14819,"date":"2020-06-22T15:45:15","date_gmt":"2020-06-22T18:45:15","guid":{"rendered":"https:\/\/www.municipales.org.ar\/festram\/?p=14819"},"modified":"2020-07-23T19:26:36","modified_gmt":"2020-07-23T22:26:36","slug":"la-justicia-anulo-despido-arbitrario-en-la-municipalidad-de-avellaneda","status":"publish","type":"post","link":"https:\/\/municipales.org.ar\/festram\/la-justicia-anulo-despido-arbitrario-en-la-municipalidad-de-avellaneda\/","title":{"rendered":"La Justicia anul\u00f3 despido arbitrario en la Municipalidad de Avellaneda"},"content":{"rendered":"\n<p><\/p>\n\n\n\n<h3 class=\"wp-block-heading\"><strong>La C\u00e1mara en lo Contencioso Administrativo fren\u00f3 arbitrariedades del Intendente Scarp\u00edn<\/strong><br><br><\/h3>\n\n\n\n<p>Recientemente se inform\u00f3 sobre la baja calidad democr\u00e1tica en las Instituciones de Avellaneda y de esto podemos dar fe desde el gremio municipal dado que se tornan indescriptibles los manejos irregulares y presiones que sufre el personal municipal de esa ciudad a la hora de reclamar la vigencia de sus derechos.<\/p>\n\n\n\n<p>Desafortunadamente el Ministerio de Trabajo de la Provincia, deja pasar las denuncias y se limita a convocar audiencias conciliatorias para discutir reclamos por incumplimiento del derecho p\u00fablico y laboral.<\/p>\n\n\n\n<p>El reciente fallo de la C\u00e1mara en lo Contencioso Administrativo de la ciudad de Santa Fe&nbsp;&nbsp;N\u00b0 1 dej\u00f3 sin efecto el despido de un trabajador contratado, por cuanto el Intendente lo despidi\u00f3 arbitrariamente, incluso neg\u00e1ndole el constitucional derecho a la defensa.<\/p>\n\n\n\n<p><strong><em>\u201cLa C\u00e1mara declara la nulidad por ilegitimidad del decreto 167\/12 mediante el cual se rescindi\u00f3 el v\u00ednculo contractual por aplicaci\u00f3n del r\u00e9gimen de sanciones de la Ley 9.286\u201d<\/em>&nbsp;<\/strong>expresa&nbsp;el fallo, al resolver el recurso judicial presentado por el trabajador contratado Alfredo Sosa contra Municipalidad de Avellaneda.<\/p>\n\n\n\n<p>Lamentablemente -tanto por temor a represalias o por demoras en la tramitaci\u00f3n judicial- la mayor\u00eda de los casos de despidos no llegan a esta v\u00eda y suceden impunemente.<\/p>\n\n\n\n<h2 class=\"wp-block-heading\"><strong>Sumatoria de irregularidades en Avellaneda<\/strong><br><\/h2>\n\n\n\n<p>El DEM de Avellaneda permanece sin reconocer como parte de la jornada normal y habitual la s\u00e9ptima hora de trabajo, condici\u00f3n que le permiti\u00f3 suprimirla en el contexto de la pandemia como forma de rebaja salarial.<\/p>\n\n\n\n<p>La planta de personal permanente de la ciudad de Avellaneda cuenta con 198 trabajadores y trabajadoras, m\u00e1s unos 30 contratados, y adem\u00e1s 140 precarizados, que no tienen Obra Social, seguros, aportes previsionales, ni coberturas de riesgo de trabajo. Esto no s\u00f3lo es baja intensidad democr\u00e1tica, \u201ces como se dice en el campo: trabajo esclavo\u201d.<\/p>\n\n\n\n<p>Esta planta de personal precarizado tambi\u00e9n fue variable de ajuste en el contexto de la pandemia, v\u00edctimas de suspensiones compulsivas llevadas adelante por las autoridades municipales como forma de hacer efectiva la disminuci\u00f3n salarial contra estos trabajadores.<\/p>\n\n\n\n<p>Adem\u00e1s, no se cumple con las entregas de ropa de trabajo ni de elementos de protecci\u00f3n personal necesarios para evitar el contagio de COVID- 19 Y DENGUE.<\/p>\n\n\n\n<p>Situaciones estas que llevaron al Sindicato de Trabajadores Municipales de Avellaneda, a mantener un conflicto que en principio permiti\u00f3 revertir la reducci\u00f3n de una hora de trabajo, pero a\u00fan sostienen discusiones por la estabilidad y la seguridad de los trabajadores.<\/p>\n\n\n\n<p>Si bien la actividad sindical tiene serias limitaciones para actuar ante todos estos atropellos, <strong>la Justicia con su fallo vino a poner freno al Intendente de Avellaneda, ejemplificando a las autoridades locales que consideran al Estado Municipal o Comunal como una \u201cestancia\u201d donde ellos se comportan como \u201cpatrones\u201d.<\/strong><\/p>\n\n\n\n<h6 class=\"wp-block-heading\">Prensa FESTRAM<\/h6>\n","protected":false},"excerpt":{"rendered":"<p>La C\u00e1mara en lo Contencioso Administrativo fren\u00f3 arbitrariedades del Intendente Scarp\u00edn<\/p>\n","protected":false},"author":1,"featured_media":14820,"comment_status":"closed","ping_status":"closed","sticky":false,"template":"","format":"standard","meta":{"_jetpack_memberships_contains_paid_content":false,"footnotes":"","jetpack_publicize_message":"","jetpack_publicize_feature_enabled":true,"jetpack_social_post_already_shared":true,"jetpack_social_options":{"image_generator_settings":{"template":"highway","default_image_id":0,"font":"","enabled":false},"version":2}},"categories":[222,54],"tags":[233,89,111,67],"class_list":["post-14819","post","type-post","status-publish","format-standard","has-post-thumbnail","hentry","category-comunicados-2020","category-legislacion-fallos","tag-avellaneda","tag-fallos-juridicos","tag-legislacion","tag-sindicatos-afiliados"],"yoast_head":"<!-- This site is optimized with the Yoast SEO plugin v25.9 - https:\/\/yoast.com\/wordpress\/plugins\/seo\/ -->\n<title>La Justicia anul\u00f3 despido arbitrario en la Municipalidad de Avellaneda &#8211; FESTRAM<\/title>\n<meta name=\"description\" content=\"La C\u00e1mara en lo Contencioso Administrativo fren\u00f3 arbitrariedades del Intendente Scarp\u00edn\" \/>\n<meta name=\"robots\" content=\"index, follow, max-snippet:-1, max-image-preview:large, max-video-preview:-1\" \/>\n<link rel=\"canonical\" href=\"https:\/\/municipales.org.ar\/festram\/la-justicia-anulo-despido-arbitrario-en-la-municipalidad-de-avellaneda\/\" \/>\n<meta property=\"og:locale\" content=\"es_ES\" \/>\n<meta property=\"og:type\" content=\"article\" \/>\n<meta property=\"og:title\" content=\"La Justicia anul\u00f3 despido arbitrario en la Municipalidad de Avellaneda &#8211; FESTRAM\" \/>\n<meta property=\"og:description\" content=\"La C\u00e1mara en lo Contencioso Administrativo fren\u00f3 arbitrariedades del Intendente Scarp\u00edn\" \/>\n<meta property=\"og:url\" content=\"https:\/\/municipales.org.ar\/festram\/la-justicia-anulo-despido-arbitrario-en-la-municipalidad-de-avellaneda\/\" \/>\n<meta property=\"og:site_name\" content=\"FESTRAM\" \/>\n<meta property=\"article:publisher\" content=\"https:\/\/www.facebook.com\/MunicipalesSF\" \/>\n<meta property=\"article:published_time\" content=\"2020-06-22T18:45:15+00:00\" \/>\n<meta property=\"article:modified_time\" content=\"2020-07-23T22:26:36+00:00\" \/>\n<meta property=\"og:image\" content=\"https:\/\/municipales.org.ar\/festram\/wp-content\/uploads\/2020\/06\/letras-avellaneda-18-6-20-1.jpg\" \/>\n\t<meta property=\"og:image:width\" content=\"1100\" \/>\n\t<meta property=\"og:image:height\" content=\"650\" \/>\n\t<meta property=\"og:image:type\" content=\"image\/jpeg\" \/>\n<meta name=\"author\" content=\"mun_admin\" \/>\n<meta name=\"twitter:card\" content=\"summary_large_image\" \/>\n<meta name=\"twitter:creator\" content=\"@MunicipalesSF\" \/>\n<meta name=\"twitter:site\" content=\"@MunicipalesSF\" \/>\n<meta name=\"twitter:label1\" content=\"Escrito por\" \/>\n\t<meta name=\"twitter:data1\" content=\"mun_admin\" \/>\n\t<meta name=\"twitter:label2\" content=\"Tiempo de lectura\" \/>\n\t<meta name=\"twitter:data2\" content=\"2 minutos\" \/>\n<script type=\"application\/ld+json\" class=\"yoast-schema-graph\">{\"@context\":\"https:\/\/schema.org\",\"@graph\":[{\"@type\":\"Article\",\"@id\":\"https:\/\/municipales.org.ar\/festram\/la-justicia-anulo-despido-arbitrario-en-la-municipalidad-de-avellaneda\/#article\",\"isPartOf\":{\"@id\":\"https:\/\/municipales.org.ar\/festram\/la-justicia-anulo-despido-arbitrario-en-la-municipalidad-de-avellaneda\/\"},\"author\":{\"name\":\"mun_admin\",\"@id\":\"https:\/\/municipales.org.ar\/festram\/#\/schema\/person\/49096a774c48ce9063df4d59ec059f9e\"},\"headline\":\"La Justicia anul\u00f3 despido arbitrario en la Municipalidad de Avellaneda\",\"datePublished\":\"2020-06-22T18:45:15+00:00\",\"dateModified\":\"2020-07-23T22:26:36+00:00\",\"mainEntityOfPage\":{\"@id\":\"https:\/\/municipales.org.ar\/festram\/la-justicia-anulo-despido-arbitrario-en-la-municipalidad-de-avellaneda\/\"},\"wordCount\":490,\"publisher\":{\"@id\":\"https:\/\/municipales.org.ar\/festram\/#organization\"},\"image\":{\"@id\":\"https:\/\/municipales.org.ar\/festram\/la-justicia-anulo-despido-arbitrario-en-la-municipalidad-de-avellaneda\/#primaryimage\"},\"thumbnailUrl\":\"https:\/\/municipales.org.ar\/festram\/wp-content\/uploads\/2020\/06\/letras-avellaneda-18-6-20-1.jpg\",\"keywords\":[\"avellaneda\",\"fallos jur\u00eddicos\",\"Legislaci\u00f3n\",\"sindicatos afiliados\"],\"articleSection\":[\"Comunicados 2020\",\"Legislaci\u00f3n Fallos\"],\"inLanguage\":\"es\"},{\"@type\":\"WebPage\",\"@id\":\"https:\/\/municipales.org.ar\/festram\/la-justicia-anulo-despido-arbitrario-en-la-municipalidad-de-avellaneda\/\",\"url\":\"https:\/\/municipales.org.ar\/festram\/la-justicia-anulo-despido-arbitrario-en-la-municipalidad-de-avellaneda\/\",\"name\":\"La Justicia anul\u00f3 despido arbitrario en la Municipalidad de Avellaneda &#8211; FESTRAM\",\"isPartOf\":{\"@id\":\"https:\/\/municipales.org.ar\/festram\/#website\"},\"primaryImageOfPage\":{\"@id\":\"https:\/\/municipales.org.ar\/festram\/la-justicia-anulo-despido-arbitrario-en-la-municipalidad-de-avellaneda\/#primaryimage\"},\"image\":{\"@id\":\"https:\/\/municipales.org.ar\/festram\/la-justicia-anulo-despido-arbitrario-en-la-municipalidad-de-avellaneda\/#primaryimage\"},\"thumbnailUrl\":\"https:\/\/municipales.org.ar\/festram\/wp-content\/uploads\/2020\/06\/letras-avellaneda-18-6-20-1.jpg\",\"datePublished\":\"2020-06-22T18:45:15+00:00\",\"dateModified\":\"2020-07-23T22:26:36+00:00\",\"description\":\"La C\u00e1mara en lo Contencioso Administrativo fren\u00f3 arbitrariedades del Intendente Scarp\u00edn\",\"breadcrumb\":{\"@id\":\"https:\/\/municipales.org.ar\/festram\/la-justicia-anulo-despido-arbitrario-en-la-municipalidad-de-avellaneda\/#breadcrumb\"},\"inLanguage\":\"es\",\"potentialAction\":[{\"@type\":\"ReadAction\",\"target\":[\"https:\/\/municipales.org.ar\/festram\/la-justicia-anulo-despido-arbitrario-en-la-municipalidad-de-avellaneda\/\"]}]},{\"@type\":\"ImageObject\",\"inLanguage\":\"es\",\"@id\":\"https:\/\/municipales.org.ar\/festram\/la-justicia-anulo-despido-arbitrario-en-la-municipalidad-de-avellaneda\/#primaryimage\",\"url\":\"https:\/\/municipales.org.ar\/festram\/wp-content\/uploads\/2020\/06\/letras-avellaneda-18-6-20-1.jpg\",\"contentUrl\":\"https:\/\/municipales.org.ar\/festram\/wp-content\/uploads\/2020\/06\/letras-avellaneda-18-6-20-1.jpg\",\"width\":1100,\"height\":650},{\"@type\":\"BreadcrumbList\",\"@id\":\"https:\/\/municipales.org.ar\/festram\/la-justicia-anulo-despido-arbitrario-en-la-municipalidad-de-avellaneda\/#breadcrumb\",\"itemListElement\":[{\"@type\":\"ListItem\",\"position\":1,\"name\":\"Portada\",\"item\":\"https:\/\/municipales.org.ar\/festram\/\"},{\"@type\":\"ListItem\",\"position\":2,\"name\":\"La Justicia anul\u00f3 despido arbitrario en la Municipalidad de Avellaneda\"}]},{\"@type\":\"WebSite\",\"@id\":\"https:\/\/municipales.org.ar\/festram\/#website\",\"url\":\"https:\/\/municipales.org.ar\/festram\/\",\"name\":\"FESTRAM\",\"description\":\"La web de los trabajadores municipales\",\"publisher\":{\"@id\":\"https:\/\/municipales.org.ar\/festram\/#organization\"},\"potentialAction\":[{\"@type\":\"SearchAction\",\"target\":{\"@type\":\"EntryPoint\",\"urlTemplate\":\"https:\/\/municipales.org.ar\/festram\/?s={search_term_string}\"},\"query-input\":{\"@type\":\"PropertyValueSpecification\",\"valueRequired\":true,\"valueName\":\"search_term_string\"}}],\"inLanguage\":\"es\"},{\"@type\":\"Organization\",\"@id\":\"https:\/\/municipales.org.ar\/festram\/#organization\",\"name\":\"Federaci\u00f3n de Sindicatos de Trabajadores Municipales de la Provincia de Santa Fe\",\"url\":\"https:\/\/municipales.org.ar\/festram\/\",\"logo\":{\"@type\":\"ImageObject\",\"inLanguage\":\"es\",\"@id\":\"https:\/\/municipales.org.ar\/festram\/#\/schema\/logo\/image\/\",\"url\":\"https:\/\/www.municipales.org.ar\/festram\/wp-content\/uploads\/2014\/07\/logo_fes.jpg\",\"contentUrl\":\"https:\/\/www.municipales.org.ar\/festram\/wp-content\/uploads\/2014\/07\/logo_fes.jpg\",\"width\":661,\"height\":673,\"caption\":\"Federaci\u00f3n de Sindicatos de Trabajadores Municipales de la Provincia de Santa Fe\"},\"image\":{\"@id\":\"https:\/\/municipales.org.ar\/festram\/#\/schema\/logo\/image\/\"},\"sameAs\":[\"https:\/\/www.facebook.com\/MunicipalesSF\",\"https:\/\/x.com\/MunicipalesSF\",\"https:\/\/www.youtube.com\/user\/festram\"]},{\"@type\":\"Person\",\"@id\":\"https:\/\/municipales.org.ar\/festram\/#\/schema\/person\/49096a774c48ce9063df4d59ec059f9e\",\"name\":\"mun_admin\"}]}<\/script>\n<!-- \/ Yoast SEO plugin. -->","yoast_head_json":{"title":"La Justicia anul\u00f3 despido arbitrario en la Municipalidad de Avellaneda &#8211; FESTRAM","description":"La C\u00e1mara en lo Contencioso Administrativo fren\u00f3 arbitrariedades del Intendente Scarp\u00edn","robots":{"index":"index","follow":"follow","max-snippet":"max-snippet:-1","max-image-preview":"max-image-preview:large","max-video-preview":"max-video-preview:-1"},"canonical":"https:\/\/municipales.org.ar\/festram\/la-justicia-anulo-despido-arbitrario-en-la-municipalidad-de-avellaneda\/","og_locale":"es_ES","og_type":"article","og_title":"La Justicia anul\u00f3 despido arbitrario en la Municipalidad de Avellaneda &#8211; FESTRAM","og_description":"La C\u00e1mara en lo Contencioso Administrativo fren\u00f3 arbitrariedades del Intendente Scarp\u00edn","og_url":"https:\/\/municipales.org.ar\/festram\/la-justicia-anulo-despido-arbitrario-en-la-municipalidad-de-avellaneda\/","og_site_name":"FESTRAM","article_publisher":"https:\/\/www.facebook.com\/MunicipalesSF","article_published_time":"2020-06-22T18:45:15+00:00","article_modified_time":"2020-07-23T22:26:36+00:00","og_image":[{"width":1100,"height":650,"url":"https:\/\/municipales.org.ar\/festram\/wp-content\/uploads\/2020\/06\/letras-avellaneda-18-6-20-1.jpg","type":"image\/jpeg"}],"author":"mun_admin","twitter_card":"summary_large_image","twitter_creator":"@MunicipalesSF","twitter_site":"@MunicipalesSF","twitter_misc":{"Escrito por":"mun_admin","Tiempo de lectura":"2 minutos"},"schema":{"@context":"https:\/\/schema.org","@graph":[{"@type":"Article","@id":"https:\/\/municipales.org.ar\/festram\/la-justicia-anulo-despido-arbitrario-en-la-municipalidad-de-avellaneda\/#article","isPartOf":{"@id":"https:\/\/municipales.org.ar\/festram\/la-justicia-anulo-despido-arbitrario-en-la-municipalidad-de-avellaneda\/"},"author":{"name":"mun_admin","@id":"https:\/\/municipales.org.ar\/festram\/#\/schema\/person\/49096a774c48ce9063df4d59ec059f9e"},"headline":"La Justicia anul\u00f3 despido arbitrario en la Municipalidad de Avellaneda","datePublished":"2020-06-22T18:45:15+00:00","dateModified":"2020-07-23T22:26:36+00:00","mainEntityOfPage":{"@id":"https:\/\/municipales.org.ar\/festram\/la-justicia-anulo-despido-arbitrario-en-la-municipalidad-de-avellaneda\/"},"wordCount":490,"publisher":{"@id":"https:\/\/municipales.org.ar\/festram\/#organization"},"image":{"@id":"https:\/\/municipales.org.ar\/festram\/la-justicia-anulo-despido-arbitrario-en-la-municipalidad-de-avellaneda\/#primaryimage"},"thumbnailUrl":"https:\/\/municipales.org.ar\/festram\/wp-content\/uploads\/2020\/06\/letras-avellaneda-18-6-20-1.jpg","keywords":["avellaneda","fallos jur\u00eddicos","Legislaci\u00f3n","sindicatos afiliados"],"articleSection":["Comunicados 2020","Legislaci\u00f3n Fallos"],"inLanguage":"es"},{"@type":"WebPage","@id":"https:\/\/municipales.org.ar\/festram\/la-justicia-anulo-despido-arbitrario-en-la-municipalidad-de-avellaneda\/","url":"https:\/\/municipales.org.ar\/festram\/la-justicia-anulo-despido-arbitrario-en-la-municipalidad-de-avellaneda\/","name":"La Justicia anul\u00f3 despido arbitrario en la Municipalidad de Avellaneda &#8211; FESTRAM","isPartOf":{"@id":"https:\/\/municipales.org.ar\/festram\/#website"},"primaryImageOfPage":{"@id":"https:\/\/municipales.org.ar\/festram\/la-justicia-anulo-despido-arbitrario-en-la-municipalidad-de-avellaneda\/#primaryimage"},"image":{"@id":"https:\/\/municipales.org.ar\/festram\/la-justicia-anulo-despido-arbitrario-en-la-municipalidad-de-avellaneda\/#primaryimage"},"thumbnailUrl":"https:\/\/municipales.org.ar\/festram\/wp-content\/uploads\/2020\/06\/letras-avellaneda-18-6-20-1.jpg","datePublished":"2020-06-22T18:45:15+00:00","dateModified":"2020-07-23T22:26:36+00:00","description":"La C\u00e1mara en lo Contencioso Administrativo fren\u00f3 arbitrariedades del Intendente Scarp\u00edn","breadcrumb":{"@id":"https:\/\/municipales.org.ar\/festram\/la-justicia-anulo-despido-arbitrario-en-la-municipalidad-de-avellaneda\/#breadcrumb"},"inLanguage":"es","potentialAction":[{"@type":"ReadAction","target":["https:\/\/municipales.org.ar\/festram\/la-justicia-anulo-despido-arbitrario-en-la-municipalidad-de-avellaneda\/"]}]},{"@type":"ImageObject","inLanguage":"es","@id":"https:\/\/municipales.org.ar\/festram\/la-justicia-anulo-despido-arbitrario-en-la-municipalidad-de-avellaneda\/#primaryimage","url":"https:\/\/municipales.org.ar\/festram\/wp-content\/uploads\/2020\/06\/letras-avellaneda-18-6-20-1.jpg","contentUrl":"https:\/\/municipales.org.ar\/festram\/wp-content\/uploads\/2020\/06\/letras-avellaneda-18-6-20-1.jpg","width":1100,"height":650},{"@type":"BreadcrumbList","@id":"https:\/\/municipales.org.ar\/festram\/la-justicia-anulo-despido-arbitrario-en-la-municipalidad-de-avellaneda\/#breadcrumb","itemListElement":[{"@type":"ListItem","position":1,"name":"Portada","item":"https:\/\/municipales.org.ar\/festram\/"},{"@type":"ListItem","position":2,"name":"La Justicia anul\u00f3 despido arbitrario en la Municipalidad de Avellaneda"}]},{"@type":"WebSite","@id":"https:\/\/municipales.org.ar\/festram\/#website","url":"https:\/\/municipales.org.ar\/festram\/","name":"FESTRAM","description":"La web de los trabajadores municipales","publisher":{"@id":"https:\/\/municipales.org.ar\/festram\/#organization"},"potentialAction":[{"@type":"SearchAction","target":{"@type":"EntryPoint","urlTemplate":"https:\/\/municipales.org.ar\/festram\/?s={search_term_string}"},"query-input":{"@type":"PropertyValueSpecification","valueRequired":true,"valueName":"search_term_string"}}],"inLanguage":"es"},{"@type":"Organization","@id":"https:\/\/municipales.org.ar\/festram\/#organization","name":"Federaci\u00f3n de Sindicatos de Trabajadores Municipales de la Provincia de Santa Fe","url":"https:\/\/municipales.org.ar\/festram\/","logo":{"@type":"ImageObject","inLanguage":"es","@id":"https:\/\/municipales.org.ar\/festram\/#\/schema\/logo\/image\/","url":"https:\/\/www.municipales.org.ar\/festram\/wp-content\/uploads\/2014\/07\/logo_fes.jpg","contentUrl":"https:\/\/www.municipales.org.ar\/festram\/wp-content\/uploads\/2014\/07\/logo_fes.jpg","width":661,"height":673,"caption":"Federaci\u00f3n de Sindicatos de Trabajadores Municipales de la Provincia de Santa Fe"},"image":{"@id":"https:\/\/municipales.org.ar\/festram\/#\/schema\/logo\/image\/"},"sameAs":["https:\/\/www.facebook.com\/MunicipalesSF","https:\/\/x.com\/MunicipalesSF","https:\/\/www.youtube.com\/user\/festram"]},{"@type":"Person","@id":"https:\/\/municipales.org.ar\/festram\/#\/schema\/person\/49096a774c48ce9063df4d59ec059f9e","name":"mun_admin"}]}},"jetpack_publicize_connections":[],"jetpack_featured_media_url":"https:\/\/municipales.org.ar\/festram\/wp-content\/uploads\/2020\/06\/letras-avellaneda-18-6-20-1.jpg","jetpack_sharing_enabled":true,"jetpack_likes_enabled":false,"jetpack_shortlink":"https:\/\/wp.me\/p7l4x1-3R1","_links":{"self":[{"href":"https:\/\/municipales.org.ar\/festram\/wp-json\/wp\/v2\/posts\/14819","targetHints":{"allow":["GET"]}}],"collection":[{"href":"https:\/\/municipales.org.ar\/festram\/wp-json\/wp\/v2\/posts"}],"about":[{"href":"https:\/\/municipales.org.ar\/festram\/wp-json\/wp\/v2\/types\/post"}],"author":[{"embeddable":true,"href":"https:\/\/municipales.org.ar\/festram\/wp-json\/wp\/v2\/users\/1"}],"replies":[{"embeddable":true,"href":"https:\/\/municipales.org.ar\/festram\/wp-json\/wp\/v2\/comments?post=14819"}],"version-history":[{"count":2,"href":"https:\/\/municipales.org.ar\/festram\/wp-json\/wp\/v2\/posts\/14819\/revisions"}],"predecessor-version":[{"id":14889,"href":"https:\/\/municipales.org.ar\/festram\/wp-json\/wp\/v2\/posts\/14819\/revisions\/14889"}],"wp:featuredmedia":[{"embeddable":true,"href":"https:\/\/municipales.org.ar\/festram\/wp-json\/wp\/v2\/media\/14820"}],"wp:attachment":[{"href":"https:\/\/municipales.org.ar\/festram\/wp-json\/wp\/v2\/media?parent=14819"}],"wp:term":[{"taxonomy":"category","embeddable":true,"href":"https:\/\/municipales.org.ar\/festram\/wp-json\/wp\/v2\/categories?post=14819"},{"taxonomy":"post_tag","embeddable":true,"href":"https:\/\/municipales.org.ar\/festram\/wp-json\/wp\/v2\/tags?post=14819"}],"curies":[{"name":"wp","href":"https:\/\/api.w.org\/{rel}","templated":true}]}}