{"id":14847,"date":"2020-07-03T19:19:18","date_gmt":"2020-07-03T22:19:18","guid":{"rendered":"https:\/\/www.municipales.org.ar\/festram\/?p=14847"},"modified":"2020-08-25T19:25:20","modified_gmt":"2020-08-25T22:25:20","slug":"festram-rechaza-la-adhesion-de-la-provincia-a-la-ley-de-art-que-impulso-macri","status":"publish","type":"post","link":"https:\/\/municipales.org.ar\/festram\/festram-rechaza-la-adhesion-de-la-provincia-a-la-ley-de-art-que-impulso-macri\/","title":{"rendered":"FESTRAM rechaza la adhesi\u00f3n de la Provincia a la Ley de ART que impuls\u00f3 Macri"},"content":{"rendered":"\n<h3 class=\"wp-block-heading\"><strong>Pide a Diputados que act\u00faen con honestidad y no aprueben el proyecto del Senado<\/strong><br><br><\/h3>\n\n\n\n<p>Frente a la aprobaci\u00f3n por parte de la C\u00e1mara de Senadores de la Provincia de Santa Fe de la adhesi\u00f3n a la Ley Nacional N\u00b0 27.348 conocida como la \u201cLey ART\u201d -aprobada en su momento por iniciativa de Mauricio Macri- y su pr\u00f3ximo tratamiento por la C\u00e1mara de Diputados de la Provincia de Santa Fe, FESTRAM ratifica la absoluta oposici\u00f3n al aludido Proyecto.<\/p>\n\n\n\n<p>Resulta parad\u00f3jico e incoherente que el Poder Legislativo pretenda imponer a otros sectores p\u00fablicos y privados la adhesi\u00f3n a una ley que el Estado Santafesino viola o incumple, porque sabe que resulta absolutamente perjudicial para sus trabajadores y trabajadoras, como a su propia econom\u00eda.<\/p>\n\n\n\n<p>Desde el a\u00f1o 2017 hemos venido reafirmando nuestra oposici\u00f3n, tanto a lo sancionado a nivel nacional como a la iniciativa provincial, ya sea desde nuestra propia organizaci\u00f3n, como integrantes del Movimiento Obrero Santafesino (MOS) y como part\u00edcipes de la Corriente Federal de Trabajadores en la CGT (CFT).<\/p>\n\n\n\n<p>Entendemos que esta iniciativa avanza, claramente, sobre los derechos de los trabajadores y trabajadoras.<\/p>\n\n\n\n<p>En su articulado se establecen procedimientos que ya la Suprema Corte de Justicia de la Naci\u00f3n, los ha declarado inconstitucionales.<\/p>\n\n\n\n<p>Se vulneran Tratados Internacionales de Libre Acceso a la Justicia (Arts. 25 y 8vo. de la Convenci\u00f3n Americana de Derechos Humanos), dejando a un sector de los trabajadores\/as como \u201cciudadanos de segunda\u201d; ya que no poseen los mismos derechos y posibilidades de acci\u00f3n frente a un accidente laboral, que otros.<\/p>\n\n\n\n<p>Las definiciones de las Comisiones M\u00e9dicas normalmente no son favorables al trabajador; y es por esta raz\u00f3n, que muchas veces debe recurrir a la v\u00eda judicial. Por eso debemos preguntarnos \u00bfsi las mismas son tan \u00f3ptimas, porque no se deja optar por acceder libremente a ellas, en vez de ser un paso?<\/p>\n\n\n\n<p>Consideramos que la iniciativa del Ejecutivo Provincial de incorporar el \u201cefecto suspensivo del recurso respecto de la incapacidad determinada y del monto del capital\u201d expresa a\u00fan m\u00e1s, la perversidad de la Ley. Ya que esto significa que si el trabajador lesionado no coincide con lo dictaminado por la Comisi\u00f3n M\u00e9dica y decide recurrir a la v\u00eda judicial, no recibir\u00e1 el monto correspondiente a la indemnizaci\u00f3n hasta tanto se resuelva en la justicia.<\/p>\n\n\n\n<p>Queremos dejar tambi\u00e9n en claro las responsabilidades pol\u00edticas y sociales de aquellos que impulsan este Proyecto y de quienes con su voto lo est\u00e1n legitimando.<\/p>\n\n\n\n<p>Nuestra Federaci\u00f3n mantendr\u00e1 su compromiso con los trabajadores y trabajadoras municipales, y estar\u00e1 siempre en su defensa cuando las consecuencias de esta decisi\u00f3n -que deber\u00e1 ratificar la C\u00e1mara de Diputados de la Provincia- se ponga en pr\u00e1ctica.<\/p>\n\n\n\n<h6 class=\"wp-block-heading\">Prensa FESTRAM<\/h6>\n","protected":false},"excerpt":{"rendered":"<p>Pide a Diputados que act\u00faen con honestidad y no aprueben el proyecto del Senado<\/p>\n","protected":false},"author":1,"featured_media":14848,"comment_status":"closed","ping_status":"closed","sticky":false,"template":"","format":"standard","meta":{"_jetpack_memberships_contains_paid_content":false,"footnotes":"","jetpack_publicize_message":"??\u200d??\u200d?? Municipales piden a Diputados que act\u00faen con honestidad y no aprueben el proyecto del Senado que adhiere a la Provincia a la Ley de ART que impuls\u00f3 Macri","jetpack_publicize_feature_enabled":true,"jetpack_social_post_already_shared":true,"jetpack_social_options":{"image_generator_settings":{"template":"highway","default_image_id":0,"font":"","enabled":false},"version":2}},"categories":[222],"tags":[235,91],"class_list":["post-14847","post","type-post","status-publish","format-standard","has-post-thumbnail","hentry","category-comunicados-2020","tag-art","tag-salud-y-seguridad"],"yoast_head":"<!-- This site is optimized with the Yoast SEO plugin v25.9 - https:\/\/yoast.com\/wordpress\/plugins\/seo\/ -->\n<title>FESTRAM rechaza la adhesi\u00f3n de la Provincia a la Ley de ART que impuls\u00f3 Macri &#8211; FESTRAM<\/title>\n<meta name=\"description\" content=\"Pide a Diputados que act\u00faen con honestidad y no aprueben el proyecto del Senado\" \/>\n<meta name=\"robots\" content=\"index, follow, max-snippet:-1, max-image-preview:large, max-video-preview:-1\" \/>\n<link rel=\"canonical\" href=\"https:\/\/municipales.org.ar\/festram\/festram-rechaza-la-adhesion-de-la-provincia-a-la-ley-de-art-que-impulso-macri\/\" \/>\n<meta property=\"og:locale\" content=\"es_ES\" \/>\n<meta property=\"og:type\" content=\"article\" \/>\n<meta property=\"og:title\" content=\"FESTRAM rechaza la adhesi\u00f3n de la Provincia a la Ley de ART que impuls\u00f3 Macri &#8211; FESTRAM\" \/>\n<meta property=\"og:description\" content=\"Pide a Diputados que act\u00faen con honestidad y no aprueben el proyecto del Senado\" \/>\n<meta property=\"og:url\" content=\"https:\/\/municipales.org.ar\/festram\/festram-rechaza-la-adhesion-de-la-provincia-a-la-ley-de-art-que-impulso-macri\/\" \/>\n<meta property=\"og:site_name\" content=\"FESTRAM\" \/>\n<meta property=\"article:publisher\" content=\"https:\/\/www.facebook.com\/MunicipalesSF\" \/>\n<meta property=\"article:published_time\" content=\"2020-07-03T22:19:18+00:00\" \/>\n<meta property=\"article:modified_time\" content=\"2020-08-25T22:25:20+00:00\" \/>\n<meta property=\"og:image\" content=\"https:\/\/municipales.org.ar\/festram\/wp-content\/uploads\/2020\/07\/unnamed.jpg\" \/>\n\t<meta property=\"og:image:width\" content=\"512\" \/>\n\t<meta property=\"og:image:height\" content=\"341\" \/>\n\t<meta property=\"og:image:type\" content=\"image\/jpeg\" \/>\n<meta name=\"author\" content=\"mun_admin\" \/>\n<meta name=\"twitter:card\" content=\"summary_large_image\" \/>\n<meta name=\"twitter:creator\" content=\"@MunicipalesSF\" \/>\n<meta name=\"twitter:site\" content=\"@MunicipalesSF\" \/>\n<meta name=\"twitter:label1\" content=\"Escrito por\" \/>\n\t<meta name=\"twitter:data1\" content=\"mun_admin\" \/>\n\t<meta name=\"twitter:label2\" content=\"Tiempo de lectura\" \/>\n\t<meta name=\"twitter:data2\" content=\"2 minutos\" \/>\n<script type=\"application\/ld+json\" class=\"yoast-schema-graph\">{\"@context\":\"https:\/\/schema.org\",\"@graph\":[{\"@type\":\"Article\",\"@id\":\"https:\/\/municipales.org.ar\/festram\/festram-rechaza-la-adhesion-de-la-provincia-a-la-ley-de-art-que-impulso-macri\/#article\",\"isPartOf\":{\"@id\":\"https:\/\/municipales.org.ar\/festram\/festram-rechaza-la-adhesion-de-la-provincia-a-la-ley-de-art-que-impulso-macri\/\"},\"author\":{\"name\":\"mun_admin\",\"@id\":\"https:\/\/municipales.org.ar\/festram\/#\/schema\/person\/49096a774c48ce9063df4d59ec059f9e\"},\"headline\":\"FESTRAM rechaza la adhesi\u00f3n de la Provincia a la Ley de ART que impuls\u00f3 Macri\",\"datePublished\":\"2020-07-03T22:19:18+00:00\",\"dateModified\":\"2020-08-25T22:25:20+00:00\",\"mainEntityOfPage\":{\"@id\":\"https:\/\/municipales.org.ar\/festram\/festram-rechaza-la-adhesion-de-la-provincia-a-la-ley-de-art-que-impulso-macri\/\"},\"wordCount\":488,\"publisher\":{\"@id\":\"https:\/\/municipales.org.ar\/festram\/#organization\"},\"image\":{\"@id\":\"https:\/\/municipales.org.ar\/festram\/festram-rechaza-la-adhesion-de-la-provincia-a-la-ley-de-art-que-impulso-macri\/#primaryimage\"},\"thumbnailUrl\":\"https:\/\/municipales.org.ar\/festram\/wp-content\/uploads\/2020\/07\/unnamed.jpg\",\"keywords\":[\"ART\",\"salud y seguridad\"],\"articleSection\":[\"Comunicados 2020\"],\"inLanguage\":\"es\"},{\"@type\":\"WebPage\",\"@id\":\"https:\/\/municipales.org.ar\/festram\/festram-rechaza-la-adhesion-de-la-provincia-a-la-ley-de-art-que-impulso-macri\/\",\"url\":\"https:\/\/municipales.org.ar\/festram\/festram-rechaza-la-adhesion-de-la-provincia-a-la-ley-de-art-que-impulso-macri\/\",\"name\":\"FESTRAM rechaza la adhesi\u00f3n de la Provincia a la Ley de ART que impuls\u00f3 Macri &#8211; FESTRAM\",\"isPartOf\":{\"@id\":\"https:\/\/municipales.org.ar\/festram\/#website\"},\"primaryImageOfPage\":{\"@id\":\"https:\/\/municipales.org.ar\/festram\/festram-rechaza-la-adhesion-de-la-provincia-a-la-ley-de-art-que-impulso-macri\/#primaryimage\"},\"image\":{\"@id\":\"https:\/\/municipales.org.ar\/festram\/festram-rechaza-la-adhesion-de-la-provincia-a-la-ley-de-art-que-impulso-macri\/#primaryimage\"},\"thumbnailUrl\":\"https:\/\/municipales.org.ar\/festram\/wp-content\/uploads\/2020\/07\/unnamed.jpg\",\"datePublished\":\"2020-07-03T22:19:18+00:00\",\"dateModified\":\"2020-08-25T22:25:20+00:00\",\"description\":\"Pide a Diputados que act\u00faen con honestidad y no aprueben el proyecto del Senado\",\"breadcrumb\":{\"@id\":\"https:\/\/municipales.org.ar\/festram\/festram-rechaza-la-adhesion-de-la-provincia-a-la-ley-de-art-que-impulso-macri\/#breadcrumb\"},\"inLanguage\":\"es\",\"potentialAction\":[{\"@type\":\"ReadAction\",\"target\":[\"https:\/\/municipales.org.ar\/festram\/festram-rechaza-la-adhesion-de-la-provincia-a-la-ley-de-art-que-impulso-macri\/\"]}]},{\"@type\":\"ImageObject\",\"inLanguage\":\"es\",\"@id\":\"https:\/\/municipales.org.ar\/festram\/festram-rechaza-la-adhesion-de-la-provincia-a-la-ley-de-art-que-impulso-macri\/#primaryimage\",\"url\":\"https:\/\/municipales.org.ar\/festram\/wp-content\/uploads\/2020\/07\/unnamed.jpg\",\"contentUrl\":\"https:\/\/municipales.org.ar\/festram\/wp-content\/uploads\/2020\/07\/unnamed.jpg\",\"width\":512,\"height\":341},{\"@type\":\"BreadcrumbList\",\"@id\":\"https:\/\/municipales.org.ar\/festram\/festram-rechaza-la-adhesion-de-la-provincia-a-la-ley-de-art-que-impulso-macri\/#breadcrumb\",\"itemListElement\":[{\"@type\":\"ListItem\",\"position\":1,\"name\":\"Portada\",\"item\":\"https:\/\/municipales.org.ar\/festram\/\"},{\"@type\":\"ListItem\",\"position\":2,\"name\":\"FESTRAM rechaza la adhesi\u00f3n de la Provincia a la Ley de ART que impuls\u00f3 Macri\"}]},{\"@type\":\"WebSite\",\"@id\":\"https:\/\/municipales.org.ar\/festram\/#website\",\"url\":\"https:\/\/municipales.org.ar\/festram\/\",\"name\":\"FESTRAM\",\"description\":\"La web de los trabajadores municipales\",\"publisher\":{\"@id\":\"https:\/\/municipales.org.ar\/festram\/#organization\"},\"potentialAction\":[{\"@type\":\"SearchAction\",\"target\":{\"@type\":\"EntryPoint\",\"urlTemplate\":\"https:\/\/municipales.org.ar\/festram\/?s={search_term_string}\"},\"query-input\":{\"@type\":\"PropertyValueSpecification\",\"valueRequired\":true,\"valueName\":\"search_term_string\"}}],\"inLanguage\":\"es\"},{\"@type\":\"Organization\",\"@id\":\"https:\/\/municipales.org.ar\/festram\/#organization\",\"name\":\"Federaci\u00f3n de Sindicatos de Trabajadores Municipales de la Provincia de Santa Fe\",\"url\":\"https:\/\/municipales.org.ar\/festram\/\",\"logo\":{\"@type\":\"ImageObject\",\"inLanguage\":\"es\",\"@id\":\"https:\/\/municipales.org.ar\/festram\/#\/schema\/logo\/image\/\",\"url\":\"https:\/\/www.municipales.org.ar\/festram\/wp-content\/uploads\/2014\/07\/logo_fes.jpg\",\"contentUrl\":\"https:\/\/www.municipales.org.ar\/festram\/wp-content\/uploads\/2014\/07\/logo_fes.jpg\",\"width\":661,\"height\":673,\"caption\":\"Federaci\u00f3n de Sindicatos de Trabajadores Municipales de la Provincia de Santa Fe\"},\"image\":{\"@id\":\"https:\/\/municipales.org.ar\/festram\/#\/schema\/logo\/image\/\"},\"sameAs\":[\"https:\/\/www.facebook.com\/MunicipalesSF\",\"https:\/\/x.com\/MunicipalesSF\",\"https:\/\/www.youtube.com\/user\/festram\"]},{\"@type\":\"Person\",\"@id\":\"https:\/\/municipales.org.ar\/festram\/#\/schema\/person\/49096a774c48ce9063df4d59ec059f9e\",\"name\":\"mun_admin\"}]}<\/script>\n<!-- \/ Yoast SEO plugin. -->","yoast_head_json":{"title":"FESTRAM rechaza la adhesi\u00f3n de la Provincia a la Ley de ART que impuls\u00f3 Macri &#8211; FESTRAM","description":"Pide a Diputados que act\u00faen con honestidad y no aprueben el proyecto del Senado","robots":{"index":"index","follow":"follow","max-snippet":"max-snippet:-1","max-image-preview":"max-image-preview:large","max-video-preview":"max-video-preview:-1"},"canonical":"https:\/\/municipales.org.ar\/festram\/festram-rechaza-la-adhesion-de-la-provincia-a-la-ley-de-art-que-impulso-macri\/","og_locale":"es_ES","og_type":"article","og_title":"FESTRAM rechaza la adhesi\u00f3n de la Provincia a la Ley de ART que impuls\u00f3 Macri &#8211; FESTRAM","og_description":"Pide a Diputados que act\u00faen con honestidad y no aprueben el proyecto del Senado","og_url":"https:\/\/municipales.org.ar\/festram\/festram-rechaza-la-adhesion-de-la-provincia-a-la-ley-de-art-que-impulso-macri\/","og_site_name":"FESTRAM","article_publisher":"https:\/\/www.facebook.com\/MunicipalesSF","article_published_time":"2020-07-03T22:19:18+00:00","article_modified_time":"2020-08-25T22:25:20+00:00","og_image":[{"width":512,"height":341,"url":"https:\/\/municipales.org.ar\/festram\/wp-content\/uploads\/2020\/07\/unnamed.jpg","type":"image\/jpeg"}],"author":"mun_admin","twitter_card":"summary_large_image","twitter_creator":"@MunicipalesSF","twitter_site":"@MunicipalesSF","twitter_misc":{"Escrito por":"mun_admin","Tiempo de lectura":"2 minutos"},"schema":{"@context":"https:\/\/schema.org","@graph":[{"@type":"Article","@id":"https:\/\/municipales.org.ar\/festram\/festram-rechaza-la-adhesion-de-la-provincia-a-la-ley-de-art-que-impulso-macri\/#article","isPartOf":{"@id":"https:\/\/municipales.org.ar\/festram\/festram-rechaza-la-adhesion-de-la-provincia-a-la-ley-de-art-que-impulso-macri\/"},"author":{"name":"mun_admin","@id":"https:\/\/municipales.org.ar\/festram\/#\/schema\/person\/49096a774c48ce9063df4d59ec059f9e"},"headline":"FESTRAM rechaza la adhesi\u00f3n de la Provincia a la Ley de ART que impuls\u00f3 Macri","datePublished":"2020-07-03T22:19:18+00:00","dateModified":"2020-08-25T22:25:20+00:00","mainEntityOfPage":{"@id":"https:\/\/municipales.org.ar\/festram\/festram-rechaza-la-adhesion-de-la-provincia-a-la-ley-de-art-que-impulso-macri\/"},"wordCount":488,"publisher":{"@id":"https:\/\/municipales.org.ar\/festram\/#organization"},"image":{"@id":"https:\/\/municipales.org.ar\/festram\/festram-rechaza-la-adhesion-de-la-provincia-a-la-ley-de-art-que-impulso-macri\/#primaryimage"},"thumbnailUrl":"https:\/\/municipales.org.ar\/festram\/wp-content\/uploads\/2020\/07\/unnamed.jpg","keywords":["ART","salud y seguridad"],"articleSection":["Comunicados 2020"],"inLanguage":"es"},{"@type":"WebPage","@id":"https:\/\/municipales.org.ar\/festram\/festram-rechaza-la-adhesion-de-la-provincia-a-la-ley-de-art-que-impulso-macri\/","url":"https:\/\/municipales.org.ar\/festram\/festram-rechaza-la-adhesion-de-la-provincia-a-la-ley-de-art-que-impulso-macri\/","name":"FESTRAM rechaza la adhesi\u00f3n de la Provincia a la Ley de ART que impuls\u00f3 Macri &#8211; FESTRAM","isPartOf":{"@id":"https:\/\/municipales.org.ar\/festram\/#website"},"primaryImageOfPage":{"@id":"https:\/\/municipales.org.ar\/festram\/festram-rechaza-la-adhesion-de-la-provincia-a-la-ley-de-art-que-impulso-macri\/#primaryimage"},"image":{"@id":"https:\/\/municipales.org.ar\/festram\/festram-rechaza-la-adhesion-de-la-provincia-a-la-ley-de-art-que-impulso-macri\/#primaryimage"},"thumbnailUrl":"https:\/\/municipales.org.ar\/festram\/wp-content\/uploads\/2020\/07\/unnamed.jpg","datePublished":"2020-07-03T22:19:18+00:00","dateModified":"2020-08-25T22:25:20+00:00","description":"Pide a Diputados que act\u00faen con honestidad y no aprueben el proyecto del Senado","breadcrumb":{"@id":"https:\/\/municipales.org.ar\/festram\/festram-rechaza-la-adhesion-de-la-provincia-a-la-ley-de-art-que-impulso-macri\/#breadcrumb"},"inLanguage":"es","potentialAction":[{"@type":"ReadAction","target":["https:\/\/municipales.org.ar\/festram\/festram-rechaza-la-adhesion-de-la-provincia-a-la-ley-de-art-que-impulso-macri\/"]}]},{"@type":"ImageObject","inLanguage":"es","@id":"https:\/\/municipales.org.ar\/festram\/festram-rechaza-la-adhesion-de-la-provincia-a-la-ley-de-art-que-impulso-macri\/#primaryimage","url":"https:\/\/municipales.org.ar\/festram\/wp-content\/uploads\/2020\/07\/unnamed.jpg","contentUrl":"https:\/\/municipales.org.ar\/festram\/wp-content\/uploads\/2020\/07\/unnamed.jpg","width":512,"height":341},{"@type":"BreadcrumbList","@id":"https:\/\/municipales.org.ar\/festram\/festram-rechaza-la-adhesion-de-la-provincia-a-la-ley-de-art-que-impulso-macri\/#breadcrumb","itemListElement":[{"@type":"ListItem","position":1,"name":"Portada","item":"https:\/\/municipales.org.ar\/festram\/"},{"@type":"ListItem","position":2,"name":"FESTRAM rechaza la adhesi\u00f3n de la Provincia a la Ley de ART que impuls\u00f3 Macri"}]},{"@type":"WebSite","@id":"https:\/\/municipales.org.ar\/festram\/#website","url":"https:\/\/municipales.org.ar\/festram\/","name":"FESTRAM","description":"La web de los trabajadores municipales","publisher":{"@id":"https:\/\/municipales.org.ar\/festram\/#organization"},"potentialAction":[{"@type":"SearchAction","target":{"@type":"EntryPoint","urlTemplate":"https:\/\/municipales.org.ar\/festram\/?s={search_term_string}"},"query-input":{"@type":"PropertyValueSpecification","valueRequired":true,"valueName":"search_term_string"}}],"inLanguage":"es"},{"@type":"Organization","@id":"https:\/\/municipales.org.ar\/festram\/#organization","name":"Federaci\u00f3n de Sindicatos de Trabajadores Municipales de la Provincia de Santa Fe","url":"https:\/\/municipales.org.ar\/festram\/","logo":{"@type":"ImageObject","inLanguage":"es","@id":"https:\/\/municipales.org.ar\/festram\/#\/schema\/logo\/image\/","url":"https:\/\/www.municipales.org.ar\/festram\/wp-content\/uploads\/2014\/07\/logo_fes.jpg","contentUrl":"https:\/\/www.municipales.org.ar\/festram\/wp-content\/uploads\/2014\/07\/logo_fes.jpg","width":661,"height":673,"caption":"Federaci\u00f3n de Sindicatos de Trabajadores Municipales de la Provincia de Santa Fe"},"image":{"@id":"https:\/\/municipales.org.ar\/festram\/#\/schema\/logo\/image\/"},"sameAs":["https:\/\/www.facebook.com\/MunicipalesSF","https:\/\/x.com\/MunicipalesSF","https:\/\/www.youtube.com\/user\/festram"]},{"@type":"Person","@id":"https:\/\/municipales.org.ar\/festram\/#\/schema\/person\/49096a774c48ce9063df4d59ec059f9e","name":"mun_admin"}]}},"jetpack_publicize_connections":[],"jetpack_featured_media_url":"https:\/\/municipales.org.ar\/festram\/wp-content\/uploads\/2020\/07\/unnamed.jpg","jetpack_sharing_enabled":true,"jetpack_likes_enabled":false,"jetpack_shortlink":"https:\/\/wp.me\/p7l4x1-3Rt","_links":{"self":[{"href":"https:\/\/municipales.org.ar\/festram\/wp-json\/wp\/v2\/posts\/14847","targetHints":{"allow":["GET"]}}],"collection":[{"href":"https:\/\/municipales.org.ar\/festram\/wp-json\/wp\/v2\/posts"}],"about":[{"href":"https:\/\/municipales.org.ar\/festram\/wp-json\/wp\/v2\/types\/post"}],"author":[{"embeddable":true,"href":"https:\/\/municipales.org.ar\/festram\/wp-json\/wp\/v2\/users\/1"}],"replies":[{"embeddable":true,"href":"https:\/\/municipales.org.ar\/festram\/wp-json\/wp\/v2\/comments?post=14847"}],"version-history":[{"count":1,"href":"https:\/\/municipales.org.ar\/festram\/wp-json\/wp\/v2\/posts\/14847\/revisions"}],"predecessor-version":[{"id":14849,"href":"https:\/\/municipales.org.ar\/festram\/wp-json\/wp\/v2\/posts\/14847\/revisions\/14849"}],"wp:featuredmedia":[{"embeddable":true,"href":"https:\/\/municipales.org.ar\/festram\/wp-json\/wp\/v2\/media\/14848"}],"wp:attachment":[{"href":"https:\/\/municipales.org.ar\/festram\/wp-json\/wp\/v2\/media?parent=14847"}],"wp:term":[{"taxonomy":"category","embeddable":true,"href":"https:\/\/municipales.org.ar\/festram\/wp-json\/wp\/v2\/categories?post=14847"},{"taxonomy":"post_tag","embeddable":true,"href":"https:\/\/municipales.org.ar\/festram\/wp-json\/wp\/v2\/tags?post=14847"}],"curies":[{"name":"wp","href":"https:\/\/api.w.org\/{rel}","templated":true}]}}