{"id":14991,"date":"2020-09-02T13:18:44","date_gmt":"2020-09-02T16:18:44","guid":{"rendered":"https:\/\/www.municipales.org.ar\/festram\/?p=14991"},"modified":"2020-09-08T13:44:15","modified_gmt":"2020-09-08T16:44:15","slug":"repeticion-de-hechos-que-preocupan-a-los-municipales","status":"publish","type":"post","link":"https:\/\/municipales.org.ar\/festram\/repeticion-de-hechos-que-preocupan-a-los-municipales\/","title":{"rendered":"Repetici\u00f3n de hechos que preocupan a los Municipales"},"content":{"rendered":"\n<p><\/p>\n\n\n\n<h4 class=\"wp-block-heading\">La Federaci\u00f3n de Sindicatos Municipales expresa su repudio a la acci\u00f3n desmedida en el uso de la fuerza por parte de efectivos policiales en el Sindicato de Municipales de Rosario, por una causa judicial de larga data que no ameritaba de manera alguna el despliegue realizado.<br><br><\/h4>\n\n\n\n<p>Por otro lado siguen sin esclarecerse los atentados a balazos contra el Secretario General y el Secretario de Hacienda del Sindicato Municipal de Villa Gobernador G\u00e1lvez y tambi\u00e9n resulta absolutamente reprochable la actitud de la polic\u00eda y una fiscal de la ciudad de Las Rosas intimidando e intimando a trabajadores municipales a desobedecer el derecho a huelga que les asiste constitucionalmente, todo esto en el marco de las negociaciones paritarias.<\/p>\n\n\n\n<p>FESTRAM entiende, adem\u00e1s, que hay un sinn\u00famero de situaciones en donde las distintas dependencias provinciales encargadas de actuar y hacer el seguimiento a este tipo de hechos omiten y pretenden desconocer lo que est\u00e1 sucediendo con los empleados precarizados en numerosas localidades del territorio provincial, us\u00e1ndolos en la primera l\u00ednea de trabajo contra la pandemia absolutamente desprotegidos.<\/p>\n\n\n<p><iframe loading=\"lazy\" src=\"https:\/\/www.facebook.com\/plugins\/post.php?href=https%3A%2F%2Fwww.facebook.com%2FMunicipalesRosario%2Fposts%2F1362392087291380&amp;show_text=true&amp;width=552&amp;appId=1402184130038276&amp;height=375\" width=\"552\" height=\"375\" style=\"border:none;overflow:hidden\" scrolling=\"no\" frameborder=\"0\" allowtransparency=\"true\" allow=\"encrypted-media\"><\/iframe><\/p>\n\n\n\n<p>Las acciones de los Intendentes de Las Rosas, San Carlos Centro y Avellaneda \u2013 Javier Meyer, Juan Jos\u00e9 Placenzotti y Dionisio Scarpin respectivamente- para con los trabajadores de esos municipios, violentando todas las disposiciones en vigencia en el escenario del Covid-19 y a\u00fan antes, van tambi\u00e9n en la misma direcci\u00f3n se\u00f1alada; siendo a\u00fan m\u00e1s grave en el caso de la Municipalidad de Avellaneda, por el rol en el esquema de salud que su titular tiene, incumpliendo los deberes de funcionario p\u00fablico.<\/p>\n\n\n\n<p>En una se\u00f1alizaci\u00f3n de comportamientos que llaman la atenci\u00f3n merece recordarse, a su vez, la resoluci\u00f3n -cuya velocidad no debe tener precedente alguno en el sistema judicial argentino-, de la titular del Juzgado de 1ra instancia en lo Laboral, Primera Nominaci\u00f3n de la ciudad de Santa Fe, rechazando in limine el pedido de un Amparo, tendiente a hacer efectivo el derecho de percibir Asignaciones Familiares cuyos montos deben responder a los objetivos de los mandatos constitucionales.<\/p>\n\n\n\n<p>Claudio Leoni, titular de FESTRAM se\u00f1al\u00f3 al respecto: <em>\u201c\u2026en nuestra vida cotidiana muchas veces hablamos de casualidades o causalidades. Todos estas situaciones de vulneraci\u00f3n de derechos y de abusos manifiestos de todos los poderes del Estado provincial que en muchos casos no act\u00faa o mira para otro lado, no son fortuitos, tienen una l\u00f3gica, implican una determinada manera de entender la relaci\u00f3n laboral\u2026\u201d<\/em> Y agreg\u00f3: <em>\u201c\u2026 Si el objetivo final es disciplinar al movimiento obrero se equivocan, pero la sumatoria de acontecimientos que se vienen sucediendo no nos permite suponer otra cosa\u2026\u201d<\/em><\/p>\n\n\n\n<h6 class=\"wp-block-heading\">Prensa FESTRAM<br><\/h6>\n\n\n\n<h6 class=\"wp-block-heading\">&#8211;<br><\/h6>\n\n\n<p><iframe loading=\"lazy\" src=\"https:\/\/www.facebook.com\/plugins\/post.php?href=https%3A%2F%2Fwww.facebook.com%2FMunicipalesRosario%2Fposts%2F1362564353940820&amp;show_text=true&amp;width=552&amp;appId=1402184130038276&amp;height=652\" width=\"552\" height=\"652\" style=\"border:none;overflow:hidden\" scrolling=\"no\" frameborder=\"0\" allowtransparency=\"true\" allow=\"encrypted-media\"><\/iframe><\/p>\n","protected":false},"excerpt":{"rendered":"<p>La Federaci\u00f3n de Sindicatos Municipales expresa su repudio a la acci\u00f3n desmedida en el uso de la fuerza por parte de efectivos policiales en el Sindicato de Municipales de Rosario, por una causa judicial de larga data que no ameritaba de manera alguna el despliegue realizado.<\/p>\n","protected":false},"author":1,"featured_media":14992,"comment_status":"closed","ping_status":"closed","sticky":false,"template":"","format":"standard","meta":{"_jetpack_memberships_contains_paid_content":false,"footnotes":"","jetpack_publicize_message":"","jetpack_publicize_feature_enabled":true,"jetpack_social_post_already_shared":true,"jetpack_social_options":{"image_generator_settings":{"template":"highway","default_image_id":0,"font":"","enabled":false},"version":2}},"categories":[222,57],"tags":[233,134,182,138,67],"class_list":["post-14991","post","type-post","status-publish","format-standard","has-post-thumbnail","hentry","category-comunicados-2020","category-sindicatos-noticias","tag-avellaneda","tag-las-rosas","tag-rosario","tag-san-carlos-centro","tag-sindicatos-afiliados"],"yoast_head":"<!-- This site is optimized with the Yoast SEO plugin v25.9 - https:\/\/yoast.com\/wordpress\/plugins\/seo\/ -->\n<title>Repetici\u00f3n de hechos que preocupan a los Municipales &#8211; FESTRAM<\/title>\n<meta name=\"description\" content=\"La Federaci\u00f3n de Sindicatos Municipales expresa su repudio a la acci\u00f3n desmedida en el uso de la fuerza por parte de efectivos policiales en el Sindicato de Municipales de Rosario, por una causa judicial de larga data que no ameritaba de manera alguna el despliegue realizado.\" \/>\n<meta name=\"robots\" content=\"index, follow, max-snippet:-1, max-image-preview:large, max-video-preview:-1\" \/>\n<link rel=\"canonical\" href=\"https:\/\/municipales.org.ar\/festram\/repeticion-de-hechos-que-preocupan-a-los-municipales\/\" \/>\n<meta property=\"og:locale\" content=\"es_ES\" \/>\n<meta property=\"og:type\" content=\"article\" \/>\n<meta property=\"og:title\" content=\"Repetici\u00f3n de hechos que preocupan a los Municipales &#8211; FESTRAM\" \/>\n<meta property=\"og:description\" content=\"La Federaci\u00f3n de Sindicatos Municipales expresa su repudio a la acci\u00f3n desmedida en el uso de la fuerza por parte de efectivos policiales en el Sindicato de Municipales de Rosario, por una causa judicial de larga data que no ameritaba de manera alguna el despliegue realizado.\" \/>\n<meta property=\"og:url\" content=\"https:\/\/municipales.org.ar\/festram\/repeticion-de-hechos-que-preocupan-a-los-municipales\/\" \/>\n<meta property=\"og:site_name\" content=\"FESTRAM\" \/>\n<meta property=\"article:publisher\" content=\"https:\/\/www.facebook.com\/MunicipalesSF\" \/>\n<meta property=\"article:published_time\" content=\"2020-09-02T16:18:44+00:00\" \/>\n<meta property=\"article:modified_time\" content=\"2020-09-08T16:44:15+00:00\" \/>\n<meta property=\"og:image\" content=\"https:\/\/municipales.org.ar\/festram\/wp-content\/uploads\/2020\/09\/allanamientomunicipal.jpg_2014047795.jpg\" \/>\n\t<meta property=\"og:image:width\" content=\"1200\" \/>\n\t<meta property=\"og:image:height\" content=\"675\" \/>\n\t<meta property=\"og:image:type\" content=\"image\/jpeg\" \/>\n<meta name=\"author\" content=\"mun_admin\" \/>\n<meta name=\"twitter:card\" content=\"summary_large_image\" \/>\n<meta name=\"twitter:creator\" content=\"@MunicipalesSF\" \/>\n<meta name=\"twitter:site\" content=\"@MunicipalesSF\" \/>\n<meta name=\"twitter:label1\" content=\"Escrito por\" \/>\n\t<meta name=\"twitter:data1\" content=\"mun_admin\" \/>\n\t<meta name=\"twitter:label2\" content=\"Tiempo de lectura\" \/>\n\t<meta name=\"twitter:data2\" content=\"2 minutos\" \/>\n<script type=\"application\/ld+json\" class=\"yoast-schema-graph\">{\"@context\":\"https:\/\/schema.org\",\"@graph\":[{\"@type\":\"Article\",\"@id\":\"https:\/\/municipales.org.ar\/festram\/repeticion-de-hechos-que-preocupan-a-los-municipales\/#article\",\"isPartOf\":{\"@id\":\"https:\/\/municipales.org.ar\/festram\/repeticion-de-hechos-que-preocupan-a-los-municipales\/\"},\"author\":{\"name\":\"mun_admin\",\"@id\":\"https:\/\/municipales.org.ar\/festram\/#\/schema\/person\/49096a774c48ce9063df4d59ec059f9e\"},\"headline\":\"Repetici\u00f3n de hechos que preocupan a los Municipales\",\"datePublished\":\"2020-09-02T16:18:44+00:00\",\"dateModified\":\"2020-09-08T16:44:15+00:00\",\"mainEntityOfPage\":{\"@id\":\"https:\/\/municipales.org.ar\/festram\/repeticion-de-hechos-que-preocupan-a-los-municipales\/\"},\"wordCount\":457,\"publisher\":{\"@id\":\"https:\/\/municipales.org.ar\/festram\/#organization\"},\"image\":{\"@id\":\"https:\/\/municipales.org.ar\/festram\/repeticion-de-hechos-que-preocupan-a-los-municipales\/#primaryimage\"},\"thumbnailUrl\":\"https:\/\/municipales.org.ar\/festram\/wp-content\/uploads\/2020\/09\/allanamientomunicipal.jpg_2014047795.jpg\",\"keywords\":[\"avellaneda\",\"las rosas\",\"rosario\",\"san carlos centro\",\"sindicatos afiliados\"],\"articleSection\":[\"Comunicados 2020\",\"Sindicatos Noticias\"],\"inLanguage\":\"es\"},{\"@type\":\"WebPage\",\"@id\":\"https:\/\/municipales.org.ar\/festram\/repeticion-de-hechos-que-preocupan-a-los-municipales\/\",\"url\":\"https:\/\/municipales.org.ar\/festram\/repeticion-de-hechos-que-preocupan-a-los-municipales\/\",\"name\":\"Repetici\u00f3n de hechos que preocupan a los Municipales &#8211; FESTRAM\",\"isPartOf\":{\"@id\":\"https:\/\/municipales.org.ar\/festram\/#website\"},\"primaryImageOfPage\":{\"@id\":\"https:\/\/municipales.org.ar\/festram\/repeticion-de-hechos-que-preocupan-a-los-municipales\/#primaryimage\"},\"image\":{\"@id\":\"https:\/\/municipales.org.ar\/festram\/repeticion-de-hechos-que-preocupan-a-los-municipales\/#primaryimage\"},\"thumbnailUrl\":\"https:\/\/municipales.org.ar\/festram\/wp-content\/uploads\/2020\/09\/allanamientomunicipal.jpg_2014047795.jpg\",\"datePublished\":\"2020-09-02T16:18:44+00:00\",\"dateModified\":\"2020-09-08T16:44:15+00:00\",\"description\":\"La Federaci\u00f3n de Sindicatos Municipales expresa su repudio a la acci\u00f3n desmedida en el uso de la fuerza por parte de efectivos policiales en el Sindicato de Municipales de Rosario, por una causa judicial de larga data que no ameritaba de manera alguna el despliegue realizado.\",\"breadcrumb\":{\"@id\":\"https:\/\/municipales.org.ar\/festram\/repeticion-de-hechos-que-preocupan-a-los-municipales\/#breadcrumb\"},\"inLanguage\":\"es\",\"potentialAction\":[{\"@type\":\"ReadAction\",\"target\":[\"https:\/\/municipales.org.ar\/festram\/repeticion-de-hechos-que-preocupan-a-los-municipales\/\"]}]},{\"@type\":\"ImageObject\",\"inLanguage\":\"es\",\"@id\":\"https:\/\/municipales.org.ar\/festram\/repeticion-de-hechos-que-preocupan-a-los-municipales\/#primaryimage\",\"url\":\"https:\/\/municipales.org.ar\/festram\/wp-content\/uploads\/2020\/09\/allanamientomunicipal.jpg_2014047795.jpg\",\"contentUrl\":\"https:\/\/municipales.org.ar\/festram\/wp-content\/uploads\/2020\/09\/allanamientomunicipal.jpg_2014047795.jpg\",\"width\":1200,\"height\":675},{\"@type\":\"BreadcrumbList\",\"@id\":\"https:\/\/municipales.org.ar\/festram\/repeticion-de-hechos-que-preocupan-a-los-municipales\/#breadcrumb\",\"itemListElement\":[{\"@type\":\"ListItem\",\"position\":1,\"name\":\"Portada\",\"item\":\"https:\/\/municipales.org.ar\/festram\/\"},{\"@type\":\"ListItem\",\"position\":2,\"name\":\"Repetici\u00f3n de hechos que preocupan a los Municipales\"}]},{\"@type\":\"WebSite\",\"@id\":\"https:\/\/municipales.org.ar\/festram\/#website\",\"url\":\"https:\/\/municipales.org.ar\/festram\/\",\"name\":\"FESTRAM\",\"description\":\"La web de los trabajadores municipales\",\"publisher\":{\"@id\":\"https:\/\/municipales.org.ar\/festram\/#organization\"},\"potentialAction\":[{\"@type\":\"SearchAction\",\"target\":{\"@type\":\"EntryPoint\",\"urlTemplate\":\"https:\/\/municipales.org.ar\/festram\/?s={search_term_string}\"},\"query-input\":{\"@type\":\"PropertyValueSpecification\",\"valueRequired\":true,\"valueName\":\"search_term_string\"}}],\"inLanguage\":\"es\"},{\"@type\":\"Organization\",\"@id\":\"https:\/\/municipales.org.ar\/festram\/#organization\",\"name\":\"Federaci\u00f3n de Sindicatos de Trabajadores Municipales de la Provincia de Santa Fe\",\"url\":\"https:\/\/municipales.org.ar\/festram\/\",\"logo\":{\"@type\":\"ImageObject\",\"inLanguage\":\"es\",\"@id\":\"https:\/\/municipales.org.ar\/festram\/#\/schema\/logo\/image\/\",\"url\":\"https:\/\/www.municipales.org.ar\/festram\/wp-content\/uploads\/2014\/07\/logo_fes.jpg\",\"contentUrl\":\"https:\/\/www.municipales.org.ar\/festram\/wp-content\/uploads\/2014\/07\/logo_fes.jpg\",\"width\":661,\"height\":673,\"caption\":\"Federaci\u00f3n de Sindicatos de Trabajadores Municipales de la Provincia de Santa Fe\"},\"image\":{\"@id\":\"https:\/\/municipales.org.ar\/festram\/#\/schema\/logo\/image\/\"},\"sameAs\":[\"https:\/\/www.facebook.com\/MunicipalesSF\",\"https:\/\/x.com\/MunicipalesSF\",\"https:\/\/www.youtube.com\/user\/festram\"]},{\"@type\":\"Person\",\"@id\":\"https:\/\/municipales.org.ar\/festram\/#\/schema\/person\/49096a774c48ce9063df4d59ec059f9e\",\"name\":\"mun_admin\"}]}<\/script>\n<!-- \/ Yoast SEO plugin. -->","yoast_head_json":{"title":"Repetici\u00f3n de hechos que preocupan a los Municipales &#8211; FESTRAM","description":"La Federaci\u00f3n de Sindicatos Municipales expresa su repudio a la acci\u00f3n desmedida en el uso de la fuerza por parte de efectivos policiales en el Sindicato de Municipales de Rosario, por una causa judicial de larga data que no ameritaba de manera alguna el despliegue realizado.","robots":{"index":"index","follow":"follow","max-snippet":"max-snippet:-1","max-image-preview":"max-image-preview:large","max-video-preview":"max-video-preview:-1"},"canonical":"https:\/\/municipales.org.ar\/festram\/repeticion-de-hechos-que-preocupan-a-los-municipales\/","og_locale":"es_ES","og_type":"article","og_title":"Repetici\u00f3n de hechos que preocupan a los Municipales &#8211; FESTRAM","og_description":"La Federaci\u00f3n de Sindicatos Municipales expresa su repudio a la acci\u00f3n desmedida en el uso de la fuerza por parte de efectivos policiales en el Sindicato de Municipales de Rosario, por una causa judicial de larga data que no ameritaba de manera alguna el despliegue realizado.","og_url":"https:\/\/municipales.org.ar\/festram\/repeticion-de-hechos-que-preocupan-a-los-municipales\/","og_site_name":"FESTRAM","article_publisher":"https:\/\/www.facebook.com\/MunicipalesSF","article_published_time":"2020-09-02T16:18:44+00:00","article_modified_time":"2020-09-08T16:44:15+00:00","og_image":[{"width":1200,"height":675,"url":"https:\/\/municipales.org.ar\/festram\/wp-content\/uploads\/2020\/09\/allanamientomunicipal.jpg_2014047795.jpg","type":"image\/jpeg"}],"author":"mun_admin","twitter_card":"summary_large_image","twitter_creator":"@MunicipalesSF","twitter_site":"@MunicipalesSF","twitter_misc":{"Escrito por":"mun_admin","Tiempo de lectura":"2 minutos"},"schema":{"@context":"https:\/\/schema.org","@graph":[{"@type":"Article","@id":"https:\/\/municipales.org.ar\/festram\/repeticion-de-hechos-que-preocupan-a-los-municipales\/#article","isPartOf":{"@id":"https:\/\/municipales.org.ar\/festram\/repeticion-de-hechos-que-preocupan-a-los-municipales\/"},"author":{"name":"mun_admin","@id":"https:\/\/municipales.org.ar\/festram\/#\/schema\/person\/49096a774c48ce9063df4d59ec059f9e"},"headline":"Repetici\u00f3n de hechos que preocupan a los Municipales","datePublished":"2020-09-02T16:18:44+00:00","dateModified":"2020-09-08T16:44:15+00:00","mainEntityOfPage":{"@id":"https:\/\/municipales.org.ar\/festram\/repeticion-de-hechos-que-preocupan-a-los-municipales\/"},"wordCount":457,"publisher":{"@id":"https:\/\/municipales.org.ar\/festram\/#organization"},"image":{"@id":"https:\/\/municipales.org.ar\/festram\/repeticion-de-hechos-que-preocupan-a-los-municipales\/#primaryimage"},"thumbnailUrl":"https:\/\/municipales.org.ar\/festram\/wp-content\/uploads\/2020\/09\/allanamientomunicipal.jpg_2014047795.jpg","keywords":["avellaneda","las rosas","rosario","san carlos centro","sindicatos afiliados"],"articleSection":["Comunicados 2020","Sindicatos Noticias"],"inLanguage":"es"},{"@type":"WebPage","@id":"https:\/\/municipales.org.ar\/festram\/repeticion-de-hechos-que-preocupan-a-los-municipales\/","url":"https:\/\/municipales.org.ar\/festram\/repeticion-de-hechos-que-preocupan-a-los-municipales\/","name":"Repetici\u00f3n de hechos que preocupan a los Municipales &#8211; FESTRAM","isPartOf":{"@id":"https:\/\/municipales.org.ar\/festram\/#website"},"primaryImageOfPage":{"@id":"https:\/\/municipales.org.ar\/festram\/repeticion-de-hechos-que-preocupan-a-los-municipales\/#primaryimage"},"image":{"@id":"https:\/\/municipales.org.ar\/festram\/repeticion-de-hechos-que-preocupan-a-los-municipales\/#primaryimage"},"thumbnailUrl":"https:\/\/municipales.org.ar\/festram\/wp-content\/uploads\/2020\/09\/allanamientomunicipal.jpg_2014047795.jpg","datePublished":"2020-09-02T16:18:44+00:00","dateModified":"2020-09-08T16:44:15+00:00","description":"La Federaci\u00f3n de Sindicatos Municipales expresa su repudio a la acci\u00f3n desmedida en el uso de la fuerza por parte de efectivos policiales en el Sindicato de Municipales de Rosario, por una causa judicial de larga data que no ameritaba de manera alguna el despliegue realizado.","breadcrumb":{"@id":"https:\/\/municipales.org.ar\/festram\/repeticion-de-hechos-que-preocupan-a-los-municipales\/#breadcrumb"},"inLanguage":"es","potentialAction":[{"@type":"ReadAction","target":["https:\/\/municipales.org.ar\/festram\/repeticion-de-hechos-que-preocupan-a-los-municipales\/"]}]},{"@type":"ImageObject","inLanguage":"es","@id":"https:\/\/municipales.org.ar\/festram\/repeticion-de-hechos-que-preocupan-a-los-municipales\/#primaryimage","url":"https:\/\/municipales.org.ar\/festram\/wp-content\/uploads\/2020\/09\/allanamientomunicipal.jpg_2014047795.jpg","contentUrl":"https:\/\/municipales.org.ar\/festram\/wp-content\/uploads\/2020\/09\/allanamientomunicipal.jpg_2014047795.jpg","width":1200,"height":675},{"@type":"BreadcrumbList","@id":"https:\/\/municipales.org.ar\/festram\/repeticion-de-hechos-que-preocupan-a-los-municipales\/#breadcrumb","itemListElement":[{"@type":"ListItem","position":1,"name":"Portada","item":"https:\/\/municipales.org.ar\/festram\/"},{"@type":"ListItem","position":2,"name":"Repetici\u00f3n de hechos que preocupan a los Municipales"}]},{"@type":"WebSite","@id":"https:\/\/municipales.org.ar\/festram\/#website","url":"https:\/\/municipales.org.ar\/festram\/","name":"FESTRAM","description":"La web de los trabajadores municipales","publisher":{"@id":"https:\/\/municipales.org.ar\/festram\/#organization"},"potentialAction":[{"@type":"SearchAction","target":{"@type":"EntryPoint","urlTemplate":"https:\/\/municipales.org.ar\/festram\/?s={search_term_string}"},"query-input":{"@type":"PropertyValueSpecification","valueRequired":true,"valueName":"search_term_string"}}],"inLanguage":"es"},{"@type":"Organization","@id":"https:\/\/municipales.org.ar\/festram\/#organization","name":"Federaci\u00f3n de Sindicatos de Trabajadores Municipales de la Provincia de Santa Fe","url":"https:\/\/municipales.org.ar\/festram\/","logo":{"@type":"ImageObject","inLanguage":"es","@id":"https:\/\/municipales.org.ar\/festram\/#\/schema\/logo\/image\/","url":"https:\/\/www.municipales.org.ar\/festram\/wp-content\/uploads\/2014\/07\/logo_fes.jpg","contentUrl":"https:\/\/www.municipales.org.ar\/festram\/wp-content\/uploads\/2014\/07\/logo_fes.jpg","width":661,"height":673,"caption":"Federaci\u00f3n de Sindicatos de Trabajadores Municipales de la Provincia de Santa Fe"},"image":{"@id":"https:\/\/municipales.org.ar\/festram\/#\/schema\/logo\/image\/"},"sameAs":["https:\/\/www.facebook.com\/MunicipalesSF","https:\/\/x.com\/MunicipalesSF","https:\/\/www.youtube.com\/user\/festram"]},{"@type":"Person","@id":"https:\/\/municipales.org.ar\/festram\/#\/schema\/person\/49096a774c48ce9063df4d59ec059f9e","name":"mun_admin"}]}},"jetpack_publicize_connections":[],"jetpack_featured_media_url":"https:\/\/municipales.org.ar\/festram\/wp-content\/uploads\/2020\/09\/allanamientomunicipal.jpg_2014047795.jpg","jetpack_sharing_enabled":true,"jetpack_likes_enabled":false,"jetpack_shortlink":"https:\/\/wp.me\/p7l4x1-3TN","_links":{"self":[{"href":"https:\/\/municipales.org.ar\/festram\/wp-json\/wp\/v2\/posts\/14991","targetHints":{"allow":["GET"]}}],"collection":[{"href":"https:\/\/municipales.org.ar\/festram\/wp-json\/wp\/v2\/posts"}],"about":[{"href":"https:\/\/municipales.org.ar\/festram\/wp-json\/wp\/v2\/types\/post"}],"author":[{"embeddable":true,"href":"https:\/\/municipales.org.ar\/festram\/wp-json\/wp\/v2\/users\/1"}],"replies":[{"embeddable":true,"href":"https:\/\/municipales.org.ar\/festram\/wp-json\/wp\/v2\/comments?post=14991"}],"version-history":[{"count":9,"href":"https:\/\/municipales.org.ar\/festram\/wp-json\/wp\/v2\/posts\/14991\/revisions"}],"predecessor-version":[{"id":15030,"href":"https:\/\/municipales.org.ar\/festram\/wp-json\/wp\/v2\/posts\/14991\/revisions\/15030"}],"wp:featuredmedia":[{"embeddable":true,"href":"https:\/\/municipales.org.ar\/festram\/wp-json\/wp\/v2\/media\/14992"}],"wp:attachment":[{"href":"https:\/\/municipales.org.ar\/festram\/wp-json\/wp\/v2\/media?parent=14991"}],"wp:term":[{"taxonomy":"category","embeddable":true,"href":"https:\/\/municipales.org.ar\/festram\/wp-json\/wp\/v2\/categories?post=14991"},{"taxonomy":"post_tag","embeddable":true,"href":"https:\/\/municipales.org.ar\/festram\/wp-json\/wp\/v2\/tags?post=14991"}],"curies":[{"name":"wp","href":"https:\/\/api.w.org\/{rel}","templated":true}]}}