{"id":15035,"date":"2020-09-10T16:52:53","date_gmt":"2020-09-10T19:52:53","guid":{"rendered":"https:\/\/www.municipales.org.ar\/festram\/?p=15035"},"modified":"2020-09-17T21:17:43","modified_gmt":"2020-09-18T00:17:43","slug":"municipales-rechazan-suman-fijas-no-remunerativas","status":"publish","type":"post","link":"https:\/\/municipales.org.ar\/festram\/municipales-rechazan-suman-fijas-no-remunerativas\/","title":{"rendered":"Municipales rechazan sumas fijas no remunerativas"},"content":{"rendered":"\n<p><\/p>\n\n\n\n<h2 class=\"wp-block-heading\"><strong>Secretarios y Secretarias Generales facultaron a sus paritarios para retornar a las negociaciones.<\/strong><br><br><\/h2>\n\n\n\n<p>Se reuni\u00f3 el Plenario de Secretarios\/as Generales de los Sindicatos integrantes de FESTRAM. En la oportunidad se evalu\u00f3 el masivo acatamiento a las medidas de fuerza que finalizan este jueves y ratificaron la resoluci\u00f3n de los representantes de la Federaci\u00f3n, por rechazar la Conciliaci\u00f3n Obligatoria.<\/p>\n\n\n\n<p>No obstante, consideraron positiva la decisi\u00f3n de los funcionarios provinciales, tanto del Ministerio Trabajo como de Fortalecimiento Institucional, que favorecieron la continuidad de las negociaciones paritarias en el marco de la Ley 9.996.<\/p>\n\n\n\n<p>En este contexto, la Paritaria Municipal volver\u00e1 a reunirse el viernes y esperan avanzar en un acuerdo de recomposici\u00f3n salarial, como as\u00ed tambi\u00e9n, en la resoluci\u00f3n de las otras demandas vinculadas a las&nbsp;Asignaciones Familiares y las condiciones sanitarias de los trabajadores frente al COVID-19, dado el importante crecimiento de casos en el \u00e1mbito laboral de Municipios y Comunas.<\/p>\n\n\n\n<p>El Plenario reiter\u00f3 que las propuestas hay que construirlas a favor del salario de los trabajadores permanentes, contratados y eventuales. Tambi\u00e9n que la pol\u00edtica salarial alcance al sector pasivo -lo que motiva a defender a\u00f1os de luchas para conformar un salario b\u00e1sico- sin adicionales no remunerativos.&nbsp;<\/p>\n\n\n\n<p><strong>La defensa de los derechos laborales y salariales deben ser integrales; una negociaci\u00f3n colectiva sin condicionamientos, que contemple adem\u00e1s de la recomposici\u00f3n salarial el funcionamiento de los organismos de la Seguridad Social. Esto motiva el total rechazo a las ofertas de bonos o sumas que no integran el salario real de los trabajadores, sus aportes a Jubilaciones y la salud en la Obra Social.<\/strong><\/p>\n\n\n\n<p>El \u00f3rgano resolutivo de FESTRAM facult\u00f3 a sus representantes paritarios a discutir con los Intendentes y Presidentes Comunales una <strong>recomposici\u00f3n salarial acorde a los desfasajes producidos en estos meses de congelamiento.<\/strong> Esta responsabilidad tambi\u00e9n se extendi\u00f3 para disponer medidas de fuerza cuando consideren necesario y de acuerdo al estado de las negociaciones paritarias, reclamando que \u00e9stas deben resolverse a la mayor brevedad.<\/p>\n\n\n\n<figure class=\"wp-block-image size-large\"><img loading=\"lazy\" decoding=\"async\" width=\"1024\" height=\"942\" src=\"https:\/\/www.municipales.org.ar\/festram\/wp-content\/uploads\/2020\/09\/20200910-PLENARIO-cocco1-1024x942.jpg\" alt=\"\" class=\"wp-image-15040\" srcset=\"https:\/\/municipales.org.ar\/festram\/wp-content\/uploads\/2020\/09\/20200910-PLENARIO-cocco1-1024x942.jpg 1024w, https:\/\/municipales.org.ar\/festram\/wp-content\/uploads\/2020\/09\/20200910-PLENARIO-cocco1-300x276.jpg 300w, https:\/\/municipales.org.ar\/festram\/wp-content\/uploads\/2020\/09\/20200910-PLENARIO-cocco1-768x707.jpg 768w, https:\/\/municipales.org.ar\/festram\/wp-content\/uploads\/2020\/09\/20200910-PLENARIO-cocco1-1536x1414.jpg 1536w, https:\/\/municipales.org.ar\/festram\/wp-content\/uploads\/2020\/09\/20200910-PLENARIO-cocco1-2048x1885.jpg 2048w\" sizes=\"auto, (max-width: 1024px) 100vw, 1024px\" \/><figcaption>Todos los particiantes del Plenario<\/figcaption><\/figure>\n\n\n\n<p>El titular del gremio provincial, Claudio Leoni, responsabiliz\u00f3 a la clase pol\u00edtica por desconocer la realidad de los pueblos y ciudades santafesinas, particularmente&nbsp;el rol esencial de sus trabajadores. Pidi\u00f3 <em>\u201ccoherencia al Poder Ejecutivo, a los legisladores de la oposici\u00f3n que le votaron la autorizaci\u00f3n para abonar sumas en negro y a los Intendentes de todos los sectores pol\u00edticos que ahora pretenden alinearse incondicionalmente con la pol\u00edtica salarial del Gobernador\u201d.<\/em><\/p>\n\n\n\n<p>Los Sindicatos Municipales&nbsp;<strong>llaman&nbsp;la atenci\u00f3n a las autoridades sanitarias, dado que en gran parte de la Provincia se est\u00e1 fracasando con las pol\u00edticas de aislamiento, se alerta a su vez, sobre regiones saturadas en el sistema sanitario y un escenario de tensi\u00f3n social que recae en los trabajadores y trabajadoras que son responsables de hacer cumplir los Protocolos.&nbsp;<\/strong><\/p>\n\n\n\n<p>En ese marco, los distintos Sindicatos tomar\u00e1n medidas tendientes a fortalecer los Comit\u00e9s Mixtos de Salud y Seguridad Laboral, profundizando acciones que eviten el COVID-19 en el \u00e1mbito de trabajo e impedir que los trabajadores de las Administraciones locales se transformen en vectores que distribuyan el virus en sus comunidades.&nbsp;<\/p>\n\n\n\n<p>Los Sindicatos quedaron facultados para tomar medidas de acci\u00f3n sindical en aquellos Municipios y Comunas que no cumplan con la prevenci\u00f3n, los Protocolos y la cobertura de las ART en esta enfermedad profesional.<\/p>\n\n\n\n<h6 class=\"wp-block-heading\">Prensa FESTRAM<\/h6>\n","protected":false},"excerpt":{"rendered":"<p>Secretarios y Secretarias Generales facultaron a sus paritarios para retornar a las negociaciones.<\/p>\n","protected":false},"author":1,"featured_media":15040,"comment_status":"closed","ping_status":"closed","sticky":false,"template":"","format":"standard","meta":{"_jetpack_memberships_contains_paid_content":false,"footnotes":"","jetpack_publicize_message":"","jetpack_publicize_feature_enabled":true,"jetpack_social_post_already_shared":true,"jetpack_social_options":{"image_generator_settings":{"template":"highway","default_image_id":0,"font":"","enabled":false},"version":2}},"categories":[222],"tags":[226,71,41,69,91],"class_list":["post-15035","post","type-post","status-publish","format-standard","has-post-thumbnail","hentry","category-comunicados-2020","tag-emergencia","tag-medidas-de-fuerza","tag-paritaria","tag-politica-salarial","tag-salud-y-seguridad"],"yoast_head":"<!-- This site is optimized with the Yoast SEO plugin v25.9 - https:\/\/yoast.com\/wordpress\/plugins\/seo\/ -->\n<title>Municipales rechazan sumas fijas no remunerativas &#8211; FESTRAM<\/title>\n<meta name=\"description\" content=\"Secretarios y Secretarias Generales facultaron a sus paritarios para retornar a las negociaciones.\" \/>\n<meta name=\"robots\" content=\"index, follow, max-snippet:-1, max-image-preview:large, max-video-preview:-1\" \/>\n<link rel=\"canonical\" href=\"https:\/\/municipales.org.ar\/festram\/municipales-rechazan-suman-fijas-no-remunerativas\/\" \/>\n<meta property=\"og:locale\" content=\"es_ES\" \/>\n<meta property=\"og:type\" content=\"article\" \/>\n<meta property=\"og:title\" content=\"Municipales rechazan sumas fijas no remunerativas &#8211; FESTRAM\" \/>\n<meta property=\"og:description\" content=\"Secretarios y Secretarias Generales facultaron a sus paritarios para retornar a las negociaciones.\" \/>\n<meta property=\"og:url\" content=\"https:\/\/municipales.org.ar\/festram\/municipales-rechazan-suman-fijas-no-remunerativas\/\" \/>\n<meta property=\"og:site_name\" content=\"FESTRAM\" \/>\n<meta property=\"article:publisher\" content=\"https:\/\/www.facebook.com\/MunicipalesSF\" \/>\n<meta property=\"article:published_time\" content=\"2020-09-10T19:52:53+00:00\" \/>\n<meta property=\"article:modified_time\" content=\"2020-09-18T00:17:43+00:00\" \/>\n<meta property=\"og:image\" content=\"https:\/\/municipales.org.ar\/festram\/wp-content\/uploads\/2020\/09\/20200910-PLENARIO-cocco1.jpg\" \/>\n\t<meta property=\"og:image:width\" content=\"2299\" \/>\n\t<meta property=\"og:image:height\" content=\"2116\" \/>\n\t<meta property=\"og:image:type\" content=\"image\/jpeg\" \/>\n<meta name=\"author\" content=\"mun_admin\" \/>\n<meta name=\"twitter:card\" content=\"summary_large_image\" \/>\n<meta name=\"twitter:creator\" content=\"@MunicipalesSF\" \/>\n<meta name=\"twitter:site\" content=\"@MunicipalesSF\" \/>\n<meta name=\"twitter:label1\" content=\"Escrito por\" \/>\n\t<meta name=\"twitter:data1\" content=\"mun_admin\" \/>\n\t<meta name=\"twitter:label2\" content=\"Tiempo de lectura\" \/>\n\t<meta name=\"twitter:data2\" content=\"3 minutos\" \/>\n<script type=\"application\/ld+json\" class=\"yoast-schema-graph\">{\"@context\":\"https:\/\/schema.org\",\"@graph\":[{\"@type\":\"Article\",\"@id\":\"https:\/\/municipales.org.ar\/festram\/municipales-rechazan-suman-fijas-no-remunerativas\/#article\",\"isPartOf\":{\"@id\":\"https:\/\/municipales.org.ar\/festram\/municipales-rechazan-suman-fijas-no-remunerativas\/\"},\"author\":{\"name\":\"mun_admin\",\"@id\":\"https:\/\/municipales.org.ar\/festram\/#\/schema\/person\/49096a774c48ce9063df4d59ec059f9e\"},\"headline\":\"Municipales rechazan sumas fijas no remunerativas\",\"datePublished\":\"2020-09-10T19:52:53+00:00\",\"dateModified\":\"2020-09-18T00:17:43+00:00\",\"mainEntityOfPage\":{\"@id\":\"https:\/\/municipales.org.ar\/festram\/municipales-rechazan-suman-fijas-no-remunerativas\/\"},\"wordCount\":582,\"publisher\":{\"@id\":\"https:\/\/municipales.org.ar\/festram\/#organization\"},\"image\":{\"@id\":\"https:\/\/municipales.org.ar\/festram\/municipales-rechazan-suman-fijas-no-remunerativas\/#primaryimage\"},\"thumbnailUrl\":\"https:\/\/municipales.org.ar\/festram\/wp-content\/uploads\/2020\/09\/20200910-PLENARIO-cocco1.jpg\",\"keywords\":[\"emergencia\",\"medidas de fuerza\",\"paritaria\",\"pol\u00edtica salarial\",\"salud y seguridad\"],\"articleSection\":[\"Comunicados 2020\"],\"inLanguage\":\"es\"},{\"@type\":\"WebPage\",\"@id\":\"https:\/\/municipales.org.ar\/festram\/municipales-rechazan-suman-fijas-no-remunerativas\/\",\"url\":\"https:\/\/municipales.org.ar\/festram\/municipales-rechazan-suman-fijas-no-remunerativas\/\",\"name\":\"Municipales rechazan sumas fijas no remunerativas &#8211; FESTRAM\",\"isPartOf\":{\"@id\":\"https:\/\/municipales.org.ar\/festram\/#website\"},\"primaryImageOfPage\":{\"@id\":\"https:\/\/municipales.org.ar\/festram\/municipales-rechazan-suman-fijas-no-remunerativas\/#primaryimage\"},\"image\":{\"@id\":\"https:\/\/municipales.org.ar\/festram\/municipales-rechazan-suman-fijas-no-remunerativas\/#primaryimage\"},\"thumbnailUrl\":\"https:\/\/municipales.org.ar\/festram\/wp-content\/uploads\/2020\/09\/20200910-PLENARIO-cocco1.jpg\",\"datePublished\":\"2020-09-10T19:52:53+00:00\",\"dateModified\":\"2020-09-18T00:17:43+00:00\",\"description\":\"Secretarios y Secretarias Generales facultaron a sus paritarios para retornar a las negociaciones.\",\"breadcrumb\":{\"@id\":\"https:\/\/municipales.org.ar\/festram\/municipales-rechazan-suman-fijas-no-remunerativas\/#breadcrumb\"},\"inLanguage\":\"es\",\"potentialAction\":[{\"@type\":\"ReadAction\",\"target\":[\"https:\/\/municipales.org.ar\/festram\/municipales-rechazan-suman-fijas-no-remunerativas\/\"]}]},{\"@type\":\"ImageObject\",\"inLanguage\":\"es\",\"@id\":\"https:\/\/municipales.org.ar\/festram\/municipales-rechazan-suman-fijas-no-remunerativas\/#primaryimage\",\"url\":\"https:\/\/municipales.org.ar\/festram\/wp-content\/uploads\/2020\/09\/20200910-PLENARIO-cocco1.jpg\",\"contentUrl\":\"https:\/\/municipales.org.ar\/festram\/wp-content\/uploads\/2020\/09\/20200910-PLENARIO-cocco1.jpg\",\"width\":2299,\"height\":2116},{\"@type\":\"BreadcrumbList\",\"@id\":\"https:\/\/municipales.org.ar\/festram\/municipales-rechazan-suman-fijas-no-remunerativas\/#breadcrumb\",\"itemListElement\":[{\"@type\":\"ListItem\",\"position\":1,\"name\":\"Portada\",\"item\":\"https:\/\/municipales.org.ar\/festram\/\"},{\"@type\":\"ListItem\",\"position\":2,\"name\":\"Municipales rechazan sumas fijas no remunerativas\"}]},{\"@type\":\"WebSite\",\"@id\":\"https:\/\/municipales.org.ar\/festram\/#website\",\"url\":\"https:\/\/municipales.org.ar\/festram\/\",\"name\":\"FESTRAM\",\"description\":\"La web de los trabajadores municipales\",\"publisher\":{\"@id\":\"https:\/\/municipales.org.ar\/festram\/#organization\"},\"potentialAction\":[{\"@type\":\"SearchAction\",\"target\":{\"@type\":\"EntryPoint\",\"urlTemplate\":\"https:\/\/municipales.org.ar\/festram\/?s={search_term_string}\"},\"query-input\":{\"@type\":\"PropertyValueSpecification\",\"valueRequired\":true,\"valueName\":\"search_term_string\"}}],\"inLanguage\":\"es\"},{\"@type\":\"Organization\",\"@id\":\"https:\/\/municipales.org.ar\/festram\/#organization\",\"name\":\"Federaci\u00f3n de Sindicatos de Trabajadores Municipales de la Provincia de Santa Fe\",\"url\":\"https:\/\/municipales.org.ar\/festram\/\",\"logo\":{\"@type\":\"ImageObject\",\"inLanguage\":\"es\",\"@id\":\"https:\/\/municipales.org.ar\/festram\/#\/schema\/logo\/image\/\",\"url\":\"https:\/\/www.municipales.org.ar\/festram\/wp-content\/uploads\/2014\/07\/logo_fes.jpg\",\"contentUrl\":\"https:\/\/www.municipales.org.ar\/festram\/wp-content\/uploads\/2014\/07\/logo_fes.jpg\",\"width\":661,\"height\":673,\"caption\":\"Federaci\u00f3n de Sindicatos de Trabajadores Municipales de la Provincia de Santa Fe\"},\"image\":{\"@id\":\"https:\/\/municipales.org.ar\/festram\/#\/schema\/logo\/image\/\"},\"sameAs\":[\"https:\/\/www.facebook.com\/MunicipalesSF\",\"https:\/\/x.com\/MunicipalesSF\",\"https:\/\/www.youtube.com\/user\/festram\"]},{\"@type\":\"Person\",\"@id\":\"https:\/\/municipales.org.ar\/festram\/#\/schema\/person\/49096a774c48ce9063df4d59ec059f9e\",\"name\":\"mun_admin\"}]}<\/script>\n<!-- \/ Yoast SEO plugin. -->","yoast_head_json":{"title":"Municipales rechazan sumas fijas no remunerativas &#8211; FESTRAM","description":"Secretarios y Secretarias Generales facultaron a sus paritarios para retornar a las negociaciones.","robots":{"index":"index","follow":"follow","max-snippet":"max-snippet:-1","max-image-preview":"max-image-preview:large","max-video-preview":"max-video-preview:-1"},"canonical":"https:\/\/municipales.org.ar\/festram\/municipales-rechazan-suman-fijas-no-remunerativas\/","og_locale":"es_ES","og_type":"article","og_title":"Municipales rechazan sumas fijas no remunerativas &#8211; FESTRAM","og_description":"Secretarios y Secretarias Generales facultaron a sus paritarios para retornar a las negociaciones.","og_url":"https:\/\/municipales.org.ar\/festram\/municipales-rechazan-suman-fijas-no-remunerativas\/","og_site_name":"FESTRAM","article_publisher":"https:\/\/www.facebook.com\/MunicipalesSF","article_published_time":"2020-09-10T19:52:53+00:00","article_modified_time":"2020-09-18T00:17:43+00:00","og_image":[{"width":2299,"height":2116,"url":"https:\/\/municipales.org.ar\/festram\/wp-content\/uploads\/2020\/09\/20200910-PLENARIO-cocco1.jpg","type":"image\/jpeg"}],"author":"mun_admin","twitter_card":"summary_large_image","twitter_creator":"@MunicipalesSF","twitter_site":"@MunicipalesSF","twitter_misc":{"Escrito por":"mun_admin","Tiempo de lectura":"3 minutos"},"schema":{"@context":"https:\/\/schema.org","@graph":[{"@type":"Article","@id":"https:\/\/municipales.org.ar\/festram\/municipales-rechazan-suman-fijas-no-remunerativas\/#article","isPartOf":{"@id":"https:\/\/municipales.org.ar\/festram\/municipales-rechazan-suman-fijas-no-remunerativas\/"},"author":{"name":"mun_admin","@id":"https:\/\/municipales.org.ar\/festram\/#\/schema\/person\/49096a774c48ce9063df4d59ec059f9e"},"headline":"Municipales rechazan sumas fijas no remunerativas","datePublished":"2020-09-10T19:52:53+00:00","dateModified":"2020-09-18T00:17:43+00:00","mainEntityOfPage":{"@id":"https:\/\/municipales.org.ar\/festram\/municipales-rechazan-suman-fijas-no-remunerativas\/"},"wordCount":582,"publisher":{"@id":"https:\/\/municipales.org.ar\/festram\/#organization"},"image":{"@id":"https:\/\/municipales.org.ar\/festram\/municipales-rechazan-suman-fijas-no-remunerativas\/#primaryimage"},"thumbnailUrl":"https:\/\/municipales.org.ar\/festram\/wp-content\/uploads\/2020\/09\/20200910-PLENARIO-cocco1.jpg","keywords":["emergencia","medidas de fuerza","paritaria","pol\u00edtica salarial","salud y seguridad"],"articleSection":["Comunicados 2020"],"inLanguage":"es"},{"@type":"WebPage","@id":"https:\/\/municipales.org.ar\/festram\/municipales-rechazan-suman-fijas-no-remunerativas\/","url":"https:\/\/municipales.org.ar\/festram\/municipales-rechazan-suman-fijas-no-remunerativas\/","name":"Municipales rechazan sumas fijas no remunerativas &#8211; FESTRAM","isPartOf":{"@id":"https:\/\/municipales.org.ar\/festram\/#website"},"primaryImageOfPage":{"@id":"https:\/\/municipales.org.ar\/festram\/municipales-rechazan-suman-fijas-no-remunerativas\/#primaryimage"},"image":{"@id":"https:\/\/municipales.org.ar\/festram\/municipales-rechazan-suman-fijas-no-remunerativas\/#primaryimage"},"thumbnailUrl":"https:\/\/municipales.org.ar\/festram\/wp-content\/uploads\/2020\/09\/20200910-PLENARIO-cocco1.jpg","datePublished":"2020-09-10T19:52:53+00:00","dateModified":"2020-09-18T00:17:43+00:00","description":"Secretarios y Secretarias Generales facultaron a sus paritarios para retornar a las negociaciones.","breadcrumb":{"@id":"https:\/\/municipales.org.ar\/festram\/municipales-rechazan-suman-fijas-no-remunerativas\/#breadcrumb"},"inLanguage":"es","potentialAction":[{"@type":"ReadAction","target":["https:\/\/municipales.org.ar\/festram\/municipales-rechazan-suman-fijas-no-remunerativas\/"]}]},{"@type":"ImageObject","inLanguage":"es","@id":"https:\/\/municipales.org.ar\/festram\/municipales-rechazan-suman-fijas-no-remunerativas\/#primaryimage","url":"https:\/\/municipales.org.ar\/festram\/wp-content\/uploads\/2020\/09\/20200910-PLENARIO-cocco1.jpg","contentUrl":"https:\/\/municipales.org.ar\/festram\/wp-content\/uploads\/2020\/09\/20200910-PLENARIO-cocco1.jpg","width":2299,"height":2116},{"@type":"BreadcrumbList","@id":"https:\/\/municipales.org.ar\/festram\/municipales-rechazan-suman-fijas-no-remunerativas\/#breadcrumb","itemListElement":[{"@type":"ListItem","position":1,"name":"Portada","item":"https:\/\/municipales.org.ar\/festram\/"},{"@type":"ListItem","position":2,"name":"Municipales rechazan sumas fijas no remunerativas"}]},{"@type":"WebSite","@id":"https:\/\/municipales.org.ar\/festram\/#website","url":"https:\/\/municipales.org.ar\/festram\/","name":"FESTRAM","description":"La web de los trabajadores municipales","publisher":{"@id":"https:\/\/municipales.org.ar\/festram\/#organization"},"potentialAction":[{"@type":"SearchAction","target":{"@type":"EntryPoint","urlTemplate":"https:\/\/municipales.org.ar\/festram\/?s={search_term_string}"},"query-input":{"@type":"PropertyValueSpecification","valueRequired":true,"valueName":"search_term_string"}}],"inLanguage":"es"},{"@type":"Organization","@id":"https:\/\/municipales.org.ar\/festram\/#organization","name":"Federaci\u00f3n de Sindicatos de Trabajadores Municipales de la Provincia de Santa Fe","url":"https:\/\/municipales.org.ar\/festram\/","logo":{"@type":"ImageObject","inLanguage":"es","@id":"https:\/\/municipales.org.ar\/festram\/#\/schema\/logo\/image\/","url":"https:\/\/www.municipales.org.ar\/festram\/wp-content\/uploads\/2014\/07\/logo_fes.jpg","contentUrl":"https:\/\/www.municipales.org.ar\/festram\/wp-content\/uploads\/2014\/07\/logo_fes.jpg","width":661,"height":673,"caption":"Federaci\u00f3n de Sindicatos de Trabajadores Municipales de la Provincia de Santa Fe"},"image":{"@id":"https:\/\/municipales.org.ar\/festram\/#\/schema\/logo\/image\/"},"sameAs":["https:\/\/www.facebook.com\/MunicipalesSF","https:\/\/x.com\/MunicipalesSF","https:\/\/www.youtube.com\/user\/festram"]},{"@type":"Person","@id":"https:\/\/municipales.org.ar\/festram\/#\/schema\/person\/49096a774c48ce9063df4d59ec059f9e","name":"mun_admin"}]}},"jetpack_publicize_connections":[],"jetpack_featured_media_url":"https:\/\/municipales.org.ar\/festram\/wp-content\/uploads\/2020\/09\/20200910-PLENARIO-cocco1.jpg","jetpack_sharing_enabled":true,"jetpack_likes_enabled":false,"jetpack_shortlink":"https:\/\/wp.me\/p7l4x1-3Uv","_links":{"self":[{"href":"https:\/\/municipales.org.ar\/festram\/wp-json\/wp\/v2\/posts\/15035","targetHints":{"allow":["GET"]}}],"collection":[{"href":"https:\/\/municipales.org.ar\/festram\/wp-json\/wp\/v2\/posts"}],"about":[{"href":"https:\/\/municipales.org.ar\/festram\/wp-json\/wp\/v2\/types\/post"}],"author":[{"embeddable":true,"href":"https:\/\/municipales.org.ar\/festram\/wp-json\/wp\/v2\/users\/1"}],"replies":[{"embeddable":true,"href":"https:\/\/municipales.org.ar\/festram\/wp-json\/wp\/v2\/comments?post=15035"}],"version-history":[{"count":5,"href":"https:\/\/municipales.org.ar\/festram\/wp-json\/wp\/v2\/posts\/15035\/revisions"}],"predecessor-version":[{"id":15042,"href":"https:\/\/municipales.org.ar\/festram\/wp-json\/wp\/v2\/posts\/15035\/revisions\/15042"}],"wp:featuredmedia":[{"embeddable":true,"href":"https:\/\/municipales.org.ar\/festram\/wp-json\/wp\/v2\/media\/15040"}],"wp:attachment":[{"href":"https:\/\/municipales.org.ar\/festram\/wp-json\/wp\/v2\/media?parent=15035"}],"wp:term":[{"taxonomy":"category","embeddable":true,"href":"https:\/\/municipales.org.ar\/festram\/wp-json\/wp\/v2\/categories?post=15035"},{"taxonomy":"post_tag","embeddable":true,"href":"https:\/\/municipales.org.ar\/festram\/wp-json\/wp\/v2\/tags?post=15035"}],"curies":[{"name":"wp","href":"https:\/\/api.w.org\/{rel}","templated":true}]}}