{"id":15044,"date":"2020-09-17T21:19:41","date_gmt":"2020-09-18T00:19:41","guid":{"rendered":"https:\/\/www.municipales.org.ar\/festram\/?p=15044"},"modified":"2020-09-29T13:21:26","modified_gmt":"2020-09-29T16:21:26","slug":"municipales-sin-acuerdo-paritario-paran-72-horas-la-semana-proxima","status":"publish","type":"post","link":"https:\/\/municipales.org.ar\/festram\/municipales-sin-acuerdo-paritario-paran-72-horas-la-semana-proxima\/","title":{"rendered":"Municipales sin acuerdo paritario paran 72 horas la semana pr\u00f3xima"},"content":{"rendered":"\n<p><\/p>\n\n\n\n<h3 class=\"wp-block-heading\"><strong>Con alta circulaci\u00f3n del virus en los ambientes laborales y gran cantidad de empleados afectados a las tareas esenciales, la falta de una recomposici\u00f3n salarial deteriora las condiciones de dignidad y se potencia la tensi\u00f3n social.<\/strong><br><br><\/h3>\n\n\n\n<p>La paritaria municipal transita sin la responsabilidad social de quienes conducen las Administraciones Locales. Los Intendentes de todos los partidos pol\u00edticos se alinean con el Gobernador -obstinado en priorizar la acumulaci\u00f3n de finanzas p\u00fablicas- mientras los trabajadores municipales y comunales arrastran un congelamiento salarial, con Asignaciones Familiares insignificantes y una absoluta desprotecci\u00f3n frente a la Pandemia.<\/p>\n\n\n\n<p>Desde FESTRAM se ha denunciado a Intendentes, que no respetan los Protocolos, exponiendo a personas mayores y con comorbilidades en los \u00e1mbitos laborales y\/u organizando marchas anti cuarentenas que priorizan los valores econ\u00f3micos y pol\u00edticos, sobre la vida y la salud de los trabajadores.<\/p>\n\n\n\n<p>Siguen sin funcionar los Comit\u00e9s Mixtos de Salud y Seguridad en la mayor\u00eda de los Municipios y Comunas, ante la inacci\u00f3n del Ministerio de Trabajo y la p\u00e9rdida de los trabajadores de la protecci\u00f3n del COVID-19 como enfermedad laboral.<\/p>\n\n\n\n<p>Lo que acontece en Municipios como San Lorenzo, donde el paro no puede actuar de cortina de una realidad que p\u00fablicamente debemos denunciar y es la explosi\u00f3n de trabajadores afectados por Covid-19 que hace imposible la asistencia del resto de los empleados de esa Municipalidad; situaci\u00f3n preocupante es la que viven muchos municipios santafesinos por la alta cantidad de contagios, con la preocupaci\u00f3n manifestada por Rosario que tiene saturado el sistema de salud p\u00fablica en la \u00f3rbita de la Municipalidad de esa ciudad.<\/p>\n\n\n\n<figure class=\"wp-block-image size-large\"><img loading=\"lazy\" decoding=\"async\" width=\"1024\" height=\"937\" src=\"https:\/\/www.municipales.org.ar\/festram\/wp-content\/uploads\/2020\/09\/20200917-PLENARIO-votacion-1024x937.jpg\" alt=\"\" class=\"wp-image-15047\" srcset=\"https:\/\/municipales.org.ar\/festram\/wp-content\/uploads\/2020\/09\/20200917-PLENARIO-votacion-1024x937.jpg 1024w, https:\/\/municipales.org.ar\/festram\/wp-content\/uploads\/2020\/09\/20200917-PLENARIO-votacion-300x274.jpg 300w, https:\/\/municipales.org.ar\/festram\/wp-content\/uploads\/2020\/09\/20200917-PLENARIO-votacion-768x702.jpg 768w, https:\/\/municipales.org.ar\/festram\/wp-content\/uploads\/2020\/09\/20200917-PLENARIO-votacion.jpg 1500w\" sizes=\"auto, (max-width: 1024px) 100vw, 1024px\" \/><\/figure>\n\n\n\n<p>En este contexto, se pretenden establecer pol\u00edticas salariales que perjudican a los sectores m\u00e1s vulnerables. El \u201cprincipal insumo\u201d&nbsp; que es el \u201crecurso humano\u201d de lucha contra la pandemia en Municipios y Comunas, tiene salarios congelados desde Diciembre de 2019 y se insiste en pagar sumas fijas no remunerativas, dejando sin aportes a los Jubilados y Pensionados e incluso desconociendo a los trabajadores y trabajadoras contratadas, eventuales e informales, al margen de la pol\u00edtica salarial.<\/p>\n\n\n\n<p>En referencia a esto, el Secretario General de FESTRAM, Claudio Leoni afirm\u00f3: <em>\u201cLos ingresos familiares de los trabajadores municipales crecen en sus niveles de pobreza en forma m\u00e1s exponencial que la Pandemia\u201d.<\/em><\/p>\n\n\n\n<p>Luego de un espacio de negociaci\u00f3n en el marco de la Paritaria Municipal las mismas quedaron estancadas, tras la insistencia de establecer sumas en negro que no se incorporan al salario de los trabajadores. Se habla de un costo salarial de similar magnitud que si el incremento fuera remunerativo, pero se insiste en pagar montos en negro como un concepto para el deterioro del poder adquisitivo y los organismos de Seguridad Social en el sector p\u00fablico, lo que nos lleva indefectiblemente a una escalada de conflictos.<\/p>\n\n\n\n<p>Por lo expuesto, el Plenario de Secretarios Generales de FESTRAM resolvi\u00f3 retomar el Plan de Lucha con un paro de 72 Hs, sin concurrencia a los lugares de trabajo los d\u00edas Martes 22, Mi\u00e9rcoles 23 y Jueves 24, exigiendo el estricto cumplimento de las guardias m\u00ednimas y la aplicaci\u00f3n de todos los Protocolos de aislamiento.<\/p>\n\n\n\n<p>Por \u00faltimo, los Sindicatos est\u00e1n facultados a profundizar las medidas de fuerza cuando se ponga en riesgo la salud y la vida de los trabajadores, y tambi\u00e9n para asegurar la cobertura del Covid-19 como enfermedad profesional, en aquellos lugares que no garanticen su prevenci\u00f3n y tratamiento.<\/p>\n\n\n\n<h6 class=\"wp-block-heading\">Prensa FESTRAM<\/h6>\n","protected":false},"excerpt":{"rendered":"<p>Con alta circulaci\u00f3n del virus en los ambientes laborales y gran cantidad de empleados afectados a las tareas esenciales, la falta de una recomposici\u00f3n salarial deteriora las condiciones de dignidad y se potencia la tensi\u00f3n social.<\/p>\n","protected":false},"author":1,"featured_media":15047,"comment_status":"closed","ping_status":"closed","sticky":false,"template":"","format":"standard","meta":{"_jetpack_memberships_contains_paid_content":false,"footnotes":"","jetpack_publicize_message":"","jetpack_publicize_feature_enabled":true,"jetpack_social_post_already_shared":true,"jetpack_social_options":{"image_generator_settings":{"template":"highway","default_image_id":0,"font":"","enabled":false},"version":2}},"categories":[222],"tags":[68,226,109,71,41,69,91],"class_list":["post-15044","post","type-post","status-publish","format-standard","has-post-thumbnail","hentry","category-comunicados-2020","tag-economia-provincial","tag-emergencia","tag-la-provincia","tag-medidas-de-fuerza","tag-paritaria","tag-politica-salarial","tag-salud-y-seguridad"],"yoast_head":"<!-- This site is optimized with the Yoast SEO plugin v25.9 - https:\/\/yoast.com\/wordpress\/plugins\/seo\/ -->\n<title>Municipales sin acuerdo paritario paran 72 horas la semana pr\u00f3xima &#8211; FESTRAM<\/title>\n<meta name=\"description\" content=\"Con alta circulaci\u00f3n del virus en los ambientes laborales y gran cantidad de empleados afectados a las tareas esenciales, la falta de una recomposici\u00f3n salarial deteriora las condiciones de dignidad y se potencia la tensi\u00f3n social.\" \/>\n<meta name=\"robots\" content=\"index, follow, max-snippet:-1, max-image-preview:large, max-video-preview:-1\" \/>\n<link rel=\"canonical\" href=\"https:\/\/municipales.org.ar\/festram\/municipales-sin-acuerdo-paritario-paran-72-horas-la-semana-proxima\/\" \/>\n<meta property=\"og:locale\" content=\"es_ES\" \/>\n<meta property=\"og:type\" content=\"article\" \/>\n<meta property=\"og:title\" content=\"Municipales sin acuerdo paritario paran 72 horas la semana pr\u00f3xima &#8211; FESTRAM\" \/>\n<meta property=\"og:description\" content=\"Con alta circulaci\u00f3n del virus en los ambientes laborales y gran cantidad de empleados afectados a las tareas esenciales, la falta de una recomposici\u00f3n salarial deteriora las condiciones de dignidad y se potencia la tensi\u00f3n social.\" \/>\n<meta property=\"og:url\" content=\"https:\/\/municipales.org.ar\/festram\/municipales-sin-acuerdo-paritario-paran-72-horas-la-semana-proxima\/\" \/>\n<meta property=\"og:site_name\" content=\"FESTRAM\" \/>\n<meta property=\"article:publisher\" content=\"https:\/\/www.facebook.com\/MunicipalesSF\" \/>\n<meta property=\"article:published_time\" content=\"2020-09-18T00:19:41+00:00\" \/>\n<meta property=\"article:modified_time\" content=\"2020-09-29T16:21:26+00:00\" \/>\n<meta property=\"og:image\" content=\"https:\/\/municipales.org.ar\/festram\/wp-content\/uploads\/2020\/09\/20200917-PLENARIO-votacion.jpg\" \/>\n\t<meta property=\"og:image:width\" content=\"1500\" \/>\n\t<meta property=\"og:image:height\" content=\"1372\" \/>\n\t<meta property=\"og:image:type\" content=\"image\/jpeg\" \/>\n<meta name=\"author\" content=\"mun_admin\" \/>\n<meta name=\"twitter:card\" content=\"summary_large_image\" \/>\n<meta name=\"twitter:creator\" content=\"@MunicipalesSF\" \/>\n<meta name=\"twitter:site\" content=\"@MunicipalesSF\" \/>\n<meta name=\"twitter:label1\" content=\"Escrito por\" \/>\n\t<meta name=\"twitter:data1\" content=\"mun_admin\" \/>\n\t<meta name=\"twitter:label2\" content=\"Tiempo de lectura\" \/>\n\t<meta name=\"twitter:data2\" content=\"3 minutos\" \/>\n<script type=\"application\/ld+json\" class=\"yoast-schema-graph\">{\"@context\":\"https:\/\/schema.org\",\"@graph\":[{\"@type\":\"Article\",\"@id\":\"https:\/\/municipales.org.ar\/festram\/municipales-sin-acuerdo-paritario-paran-72-horas-la-semana-proxima\/#article\",\"isPartOf\":{\"@id\":\"https:\/\/municipales.org.ar\/festram\/municipales-sin-acuerdo-paritario-paran-72-horas-la-semana-proxima\/\"},\"author\":{\"name\":\"mun_admin\",\"@id\":\"https:\/\/municipales.org.ar\/festram\/#\/schema\/person\/49096a774c48ce9063df4d59ec059f9e\"},\"headline\":\"Municipales sin acuerdo paritario paran 72 horas la semana pr\u00f3xima\",\"datePublished\":\"2020-09-18T00:19:41+00:00\",\"dateModified\":\"2020-09-29T16:21:26+00:00\",\"mainEntityOfPage\":{\"@id\":\"https:\/\/municipales.org.ar\/festram\/municipales-sin-acuerdo-paritario-paran-72-horas-la-semana-proxima\/\"},\"wordCount\":592,\"publisher\":{\"@id\":\"https:\/\/municipales.org.ar\/festram\/#organization\"},\"image\":{\"@id\":\"https:\/\/municipales.org.ar\/festram\/municipales-sin-acuerdo-paritario-paran-72-horas-la-semana-proxima\/#primaryimage\"},\"thumbnailUrl\":\"https:\/\/municipales.org.ar\/festram\/wp-content\/uploads\/2020\/09\/20200917-PLENARIO-votacion.jpg\",\"keywords\":[\"econom\u00eda provincial\",\"emergencia\",\"la provincia\",\"medidas de fuerza\",\"paritaria\",\"pol\u00edtica salarial\",\"salud y seguridad\"],\"articleSection\":[\"Comunicados 2020\"],\"inLanguage\":\"es\"},{\"@type\":\"WebPage\",\"@id\":\"https:\/\/municipales.org.ar\/festram\/municipales-sin-acuerdo-paritario-paran-72-horas-la-semana-proxima\/\",\"url\":\"https:\/\/municipales.org.ar\/festram\/municipales-sin-acuerdo-paritario-paran-72-horas-la-semana-proxima\/\",\"name\":\"Municipales sin acuerdo paritario paran 72 horas la semana pr\u00f3xima &#8211; FESTRAM\",\"isPartOf\":{\"@id\":\"https:\/\/municipales.org.ar\/festram\/#website\"},\"primaryImageOfPage\":{\"@id\":\"https:\/\/municipales.org.ar\/festram\/municipales-sin-acuerdo-paritario-paran-72-horas-la-semana-proxima\/#primaryimage\"},\"image\":{\"@id\":\"https:\/\/municipales.org.ar\/festram\/municipales-sin-acuerdo-paritario-paran-72-horas-la-semana-proxima\/#primaryimage\"},\"thumbnailUrl\":\"https:\/\/municipales.org.ar\/festram\/wp-content\/uploads\/2020\/09\/20200917-PLENARIO-votacion.jpg\",\"datePublished\":\"2020-09-18T00:19:41+00:00\",\"dateModified\":\"2020-09-29T16:21:26+00:00\",\"description\":\"Con alta circulaci\u00f3n del virus en los ambientes laborales y gran cantidad de empleados afectados a las tareas esenciales, la falta de una recomposici\u00f3n salarial deteriora las condiciones de dignidad y se potencia la tensi\u00f3n social.\",\"breadcrumb\":{\"@id\":\"https:\/\/municipales.org.ar\/festram\/municipales-sin-acuerdo-paritario-paran-72-horas-la-semana-proxima\/#breadcrumb\"},\"inLanguage\":\"es\",\"potentialAction\":[{\"@type\":\"ReadAction\",\"target\":[\"https:\/\/municipales.org.ar\/festram\/municipales-sin-acuerdo-paritario-paran-72-horas-la-semana-proxima\/\"]}]},{\"@type\":\"ImageObject\",\"inLanguage\":\"es\",\"@id\":\"https:\/\/municipales.org.ar\/festram\/municipales-sin-acuerdo-paritario-paran-72-horas-la-semana-proxima\/#primaryimage\",\"url\":\"https:\/\/municipales.org.ar\/festram\/wp-content\/uploads\/2020\/09\/20200917-PLENARIO-votacion.jpg\",\"contentUrl\":\"https:\/\/municipales.org.ar\/festram\/wp-content\/uploads\/2020\/09\/20200917-PLENARIO-votacion.jpg\",\"width\":1500,\"height\":1372},{\"@type\":\"BreadcrumbList\",\"@id\":\"https:\/\/municipales.org.ar\/festram\/municipales-sin-acuerdo-paritario-paran-72-horas-la-semana-proxima\/#breadcrumb\",\"itemListElement\":[{\"@type\":\"ListItem\",\"position\":1,\"name\":\"Portada\",\"item\":\"https:\/\/municipales.org.ar\/festram\/\"},{\"@type\":\"ListItem\",\"position\":2,\"name\":\"Municipales sin acuerdo paritario paran 72 horas la semana pr\u00f3xima\"}]},{\"@type\":\"WebSite\",\"@id\":\"https:\/\/municipales.org.ar\/festram\/#website\",\"url\":\"https:\/\/municipales.org.ar\/festram\/\",\"name\":\"FESTRAM\",\"description\":\"La web de los trabajadores municipales\",\"publisher\":{\"@id\":\"https:\/\/municipales.org.ar\/festram\/#organization\"},\"potentialAction\":[{\"@type\":\"SearchAction\",\"target\":{\"@type\":\"EntryPoint\",\"urlTemplate\":\"https:\/\/municipales.org.ar\/festram\/?s={search_term_string}\"},\"query-input\":{\"@type\":\"PropertyValueSpecification\",\"valueRequired\":true,\"valueName\":\"search_term_string\"}}],\"inLanguage\":\"es\"},{\"@type\":\"Organization\",\"@id\":\"https:\/\/municipales.org.ar\/festram\/#organization\",\"name\":\"Federaci\u00f3n de Sindicatos de Trabajadores Municipales de la Provincia de Santa Fe\",\"url\":\"https:\/\/municipales.org.ar\/festram\/\",\"logo\":{\"@type\":\"ImageObject\",\"inLanguage\":\"es\",\"@id\":\"https:\/\/municipales.org.ar\/festram\/#\/schema\/logo\/image\/\",\"url\":\"https:\/\/www.municipales.org.ar\/festram\/wp-content\/uploads\/2014\/07\/logo_fes.jpg\",\"contentUrl\":\"https:\/\/www.municipales.org.ar\/festram\/wp-content\/uploads\/2014\/07\/logo_fes.jpg\",\"width\":661,\"height\":673,\"caption\":\"Federaci\u00f3n de Sindicatos de Trabajadores Municipales de la Provincia de Santa Fe\"},\"image\":{\"@id\":\"https:\/\/municipales.org.ar\/festram\/#\/schema\/logo\/image\/\"},\"sameAs\":[\"https:\/\/www.facebook.com\/MunicipalesSF\",\"https:\/\/x.com\/MunicipalesSF\",\"https:\/\/www.youtube.com\/user\/festram\"]},{\"@type\":\"Person\",\"@id\":\"https:\/\/municipales.org.ar\/festram\/#\/schema\/person\/49096a774c48ce9063df4d59ec059f9e\",\"name\":\"mun_admin\"}]}<\/script>\n<!-- \/ Yoast SEO plugin. -->","yoast_head_json":{"title":"Municipales sin acuerdo paritario paran 72 horas la semana pr\u00f3xima &#8211; FESTRAM","description":"Con alta circulaci\u00f3n del virus en los ambientes laborales y gran cantidad de empleados afectados a las tareas esenciales, la falta de una recomposici\u00f3n salarial deteriora las condiciones de dignidad y se potencia la tensi\u00f3n social.","robots":{"index":"index","follow":"follow","max-snippet":"max-snippet:-1","max-image-preview":"max-image-preview:large","max-video-preview":"max-video-preview:-1"},"canonical":"https:\/\/municipales.org.ar\/festram\/municipales-sin-acuerdo-paritario-paran-72-horas-la-semana-proxima\/","og_locale":"es_ES","og_type":"article","og_title":"Municipales sin acuerdo paritario paran 72 horas la semana pr\u00f3xima &#8211; FESTRAM","og_description":"Con alta circulaci\u00f3n del virus en los ambientes laborales y gran cantidad de empleados afectados a las tareas esenciales, la falta de una recomposici\u00f3n salarial deteriora las condiciones de dignidad y se potencia la tensi\u00f3n social.","og_url":"https:\/\/municipales.org.ar\/festram\/municipales-sin-acuerdo-paritario-paran-72-horas-la-semana-proxima\/","og_site_name":"FESTRAM","article_publisher":"https:\/\/www.facebook.com\/MunicipalesSF","article_published_time":"2020-09-18T00:19:41+00:00","article_modified_time":"2020-09-29T16:21:26+00:00","og_image":[{"width":1500,"height":1372,"url":"https:\/\/municipales.org.ar\/festram\/wp-content\/uploads\/2020\/09\/20200917-PLENARIO-votacion.jpg","type":"image\/jpeg"}],"author":"mun_admin","twitter_card":"summary_large_image","twitter_creator":"@MunicipalesSF","twitter_site":"@MunicipalesSF","twitter_misc":{"Escrito por":"mun_admin","Tiempo de lectura":"3 minutos"},"schema":{"@context":"https:\/\/schema.org","@graph":[{"@type":"Article","@id":"https:\/\/municipales.org.ar\/festram\/municipales-sin-acuerdo-paritario-paran-72-horas-la-semana-proxima\/#article","isPartOf":{"@id":"https:\/\/municipales.org.ar\/festram\/municipales-sin-acuerdo-paritario-paran-72-horas-la-semana-proxima\/"},"author":{"name":"mun_admin","@id":"https:\/\/municipales.org.ar\/festram\/#\/schema\/person\/49096a774c48ce9063df4d59ec059f9e"},"headline":"Municipales sin acuerdo paritario paran 72 horas la semana pr\u00f3xima","datePublished":"2020-09-18T00:19:41+00:00","dateModified":"2020-09-29T16:21:26+00:00","mainEntityOfPage":{"@id":"https:\/\/municipales.org.ar\/festram\/municipales-sin-acuerdo-paritario-paran-72-horas-la-semana-proxima\/"},"wordCount":592,"publisher":{"@id":"https:\/\/municipales.org.ar\/festram\/#organization"},"image":{"@id":"https:\/\/municipales.org.ar\/festram\/municipales-sin-acuerdo-paritario-paran-72-horas-la-semana-proxima\/#primaryimage"},"thumbnailUrl":"https:\/\/municipales.org.ar\/festram\/wp-content\/uploads\/2020\/09\/20200917-PLENARIO-votacion.jpg","keywords":["econom\u00eda provincial","emergencia","la provincia","medidas de fuerza","paritaria","pol\u00edtica salarial","salud y seguridad"],"articleSection":["Comunicados 2020"],"inLanguage":"es"},{"@type":"WebPage","@id":"https:\/\/municipales.org.ar\/festram\/municipales-sin-acuerdo-paritario-paran-72-horas-la-semana-proxima\/","url":"https:\/\/municipales.org.ar\/festram\/municipales-sin-acuerdo-paritario-paran-72-horas-la-semana-proxima\/","name":"Municipales sin acuerdo paritario paran 72 horas la semana pr\u00f3xima &#8211; FESTRAM","isPartOf":{"@id":"https:\/\/municipales.org.ar\/festram\/#website"},"primaryImageOfPage":{"@id":"https:\/\/municipales.org.ar\/festram\/municipales-sin-acuerdo-paritario-paran-72-horas-la-semana-proxima\/#primaryimage"},"image":{"@id":"https:\/\/municipales.org.ar\/festram\/municipales-sin-acuerdo-paritario-paran-72-horas-la-semana-proxima\/#primaryimage"},"thumbnailUrl":"https:\/\/municipales.org.ar\/festram\/wp-content\/uploads\/2020\/09\/20200917-PLENARIO-votacion.jpg","datePublished":"2020-09-18T00:19:41+00:00","dateModified":"2020-09-29T16:21:26+00:00","description":"Con alta circulaci\u00f3n del virus en los ambientes laborales y gran cantidad de empleados afectados a las tareas esenciales, la falta de una recomposici\u00f3n salarial deteriora las condiciones de dignidad y se potencia la tensi\u00f3n social.","breadcrumb":{"@id":"https:\/\/municipales.org.ar\/festram\/municipales-sin-acuerdo-paritario-paran-72-horas-la-semana-proxima\/#breadcrumb"},"inLanguage":"es","potentialAction":[{"@type":"ReadAction","target":["https:\/\/municipales.org.ar\/festram\/municipales-sin-acuerdo-paritario-paran-72-horas-la-semana-proxima\/"]}]},{"@type":"ImageObject","inLanguage":"es","@id":"https:\/\/municipales.org.ar\/festram\/municipales-sin-acuerdo-paritario-paran-72-horas-la-semana-proxima\/#primaryimage","url":"https:\/\/municipales.org.ar\/festram\/wp-content\/uploads\/2020\/09\/20200917-PLENARIO-votacion.jpg","contentUrl":"https:\/\/municipales.org.ar\/festram\/wp-content\/uploads\/2020\/09\/20200917-PLENARIO-votacion.jpg","width":1500,"height":1372},{"@type":"BreadcrumbList","@id":"https:\/\/municipales.org.ar\/festram\/municipales-sin-acuerdo-paritario-paran-72-horas-la-semana-proxima\/#breadcrumb","itemListElement":[{"@type":"ListItem","position":1,"name":"Portada","item":"https:\/\/municipales.org.ar\/festram\/"},{"@type":"ListItem","position":2,"name":"Municipales sin acuerdo paritario paran 72 horas la semana pr\u00f3xima"}]},{"@type":"WebSite","@id":"https:\/\/municipales.org.ar\/festram\/#website","url":"https:\/\/municipales.org.ar\/festram\/","name":"FESTRAM","description":"La web de los trabajadores municipales","publisher":{"@id":"https:\/\/municipales.org.ar\/festram\/#organization"},"potentialAction":[{"@type":"SearchAction","target":{"@type":"EntryPoint","urlTemplate":"https:\/\/municipales.org.ar\/festram\/?s={search_term_string}"},"query-input":{"@type":"PropertyValueSpecification","valueRequired":true,"valueName":"search_term_string"}}],"inLanguage":"es"},{"@type":"Organization","@id":"https:\/\/municipales.org.ar\/festram\/#organization","name":"Federaci\u00f3n de Sindicatos de Trabajadores Municipales de la Provincia de Santa Fe","url":"https:\/\/municipales.org.ar\/festram\/","logo":{"@type":"ImageObject","inLanguage":"es","@id":"https:\/\/municipales.org.ar\/festram\/#\/schema\/logo\/image\/","url":"https:\/\/www.municipales.org.ar\/festram\/wp-content\/uploads\/2014\/07\/logo_fes.jpg","contentUrl":"https:\/\/www.municipales.org.ar\/festram\/wp-content\/uploads\/2014\/07\/logo_fes.jpg","width":661,"height":673,"caption":"Federaci\u00f3n de Sindicatos de Trabajadores Municipales de la Provincia de Santa Fe"},"image":{"@id":"https:\/\/municipales.org.ar\/festram\/#\/schema\/logo\/image\/"},"sameAs":["https:\/\/www.facebook.com\/MunicipalesSF","https:\/\/x.com\/MunicipalesSF","https:\/\/www.youtube.com\/user\/festram"]},{"@type":"Person","@id":"https:\/\/municipales.org.ar\/festram\/#\/schema\/person\/49096a774c48ce9063df4d59ec059f9e","name":"mun_admin"}]}},"jetpack_publicize_connections":[],"jetpack_featured_media_url":"https:\/\/municipales.org.ar\/festram\/wp-content\/uploads\/2020\/09\/20200917-PLENARIO-votacion.jpg","jetpack_sharing_enabled":true,"jetpack_likes_enabled":false,"jetpack_shortlink":"https:\/\/wp.me\/p7l4x1-3UE","_links":{"self":[{"href":"https:\/\/municipales.org.ar\/festram\/wp-json\/wp\/v2\/posts\/15044","targetHints":{"allow":["GET"]}}],"collection":[{"href":"https:\/\/municipales.org.ar\/festram\/wp-json\/wp\/v2\/posts"}],"about":[{"href":"https:\/\/municipales.org.ar\/festram\/wp-json\/wp\/v2\/types\/post"}],"author":[{"embeddable":true,"href":"https:\/\/municipales.org.ar\/festram\/wp-json\/wp\/v2\/users\/1"}],"replies":[{"embeddable":true,"href":"https:\/\/municipales.org.ar\/festram\/wp-json\/wp\/v2\/comments?post=15044"}],"version-history":[{"count":3,"href":"https:\/\/municipales.org.ar\/festram\/wp-json\/wp\/v2\/posts\/15044\/revisions"}],"predecessor-version":[{"id":15049,"href":"https:\/\/municipales.org.ar\/festram\/wp-json\/wp\/v2\/posts\/15044\/revisions\/15049"}],"wp:featuredmedia":[{"embeddable":true,"href":"https:\/\/municipales.org.ar\/festram\/wp-json\/wp\/v2\/media\/15047"}],"wp:attachment":[{"href":"https:\/\/municipales.org.ar\/festram\/wp-json\/wp\/v2\/media?parent=15044"}],"wp:term":[{"taxonomy":"category","embeddable":true,"href":"https:\/\/municipales.org.ar\/festram\/wp-json\/wp\/v2\/categories?post=15044"},{"taxonomy":"post_tag","embeddable":true,"href":"https:\/\/municipales.org.ar\/festram\/wp-json\/wp\/v2\/tags?post=15044"}],"curies":[{"name":"wp","href":"https:\/\/api.w.org\/{rel}","templated":true}]}}