{"id":15050,"date":"2020-09-21T19:12:06","date_gmt":"2020-09-21T22:12:06","guid":{"rendered":"https:\/\/www.municipales.org.ar\/festram\/?p=15050"},"modified":"2020-10-02T11:00:13","modified_gmt":"2020-10-02T14:00:13","slug":"respuesta-de-festram-a-intendentes-y-presidentes-comunales-ratificando-el-paro","status":"publish","type":"post","link":"https:\/\/municipales.org.ar\/festram\/respuesta-de-festram-a-intendentes-y-presidentes-comunales-ratificando-el-paro\/","title":{"rendered":"Respuesta de FESTRAM a Intendentes y Presidentes Comunales ratificando el Paro"},"content":{"rendered":"\n<p><\/p>\n\n\n\n<h4 class=\"wp-block-heading\">Resulta de dudosa responsabilidad \u201ctotalizar\u201d al conjunto de autoridades municipales y comunales la autor\u00eda de un comunicado, tras haber recibido esta Federaci\u00f3n la comunicaci\u00f3n de Intendentes y Presidentes de Comunas que manifiestan no ser parte del mismo. La ausencia de firmas de autoridades demuestra la rastrera intencionalidad de amedrentar a los trabajadores y a las organizaciones gremiales que los representan, para perjudicar el ejercicio constitucional del derecho de huelga.<br><br><\/h4>\n\n\n\n<p>No fue as\u00ed el comunicado firmado por Intendentes y Presidentes de Comunas en el que expresaron su agradecimiento al Gobierno Provincial por haber recibido transferencias econ\u00f3micas superiores al 150% que las efectuadas en 2019. Naturalmente que de esas partidas que tanto alabaron, no destinaron un centavo al salario de los trabajadores esenciales.<\/p>\n\n\n\n<p>En momentos de m\u00e1xima circulaci\u00f3n de Covid-19, los representantes de Municipios y Comunas parecen comprender reci\u00e9n ahora que el insumo m\u00e1s importante para el combate de la pandemia son los trabajadores, que en todas las funciones que se los requiere est\u00e1n presentes para hacer cumplir los protocolos de Aislamiento y Distanciamiento social, la atenci\u00f3n de la salud y los servicios p\u00fablicos esenciales, desempe\u00f1ando orgullosamente su papel fundamental en la lucha contra la pandemia en cada pueblo y ciudad de la Provincia de Santa Fe.<\/p>\n\n\n\n<p>Mientras tanto, los Comit\u00e9s Mixtos de Salud y Seguridad Laboral no est\u00e1n funcionando, las ART no han cumplido con su responsabilidad de prevenci\u00f3n y adem\u00e1s han dejado de cubrir el Covid-19 como enfermedad profesional. El resultado es el crecimiento exponencial de la enfermedad en los \u00e1mbitos laborales ya desbordados, con varios municipios pr\u00e1cticamente paralizados por el n\u00famero de contagios entre sus trabajadores.<\/p>\n\n\n\n<p>Las Autoridades Municipales y Comunales, con la excusa de la Emergencia Econ\u00f3mica, se negaron a actualizar los salarios en el mes de marzo y desde esa fecha con la Pandemia -nuevamente como excusa- los trabajadores esenciales vieron sus salarios congelados desde Diciembre de 2019.<\/p>\n\n\n\n<p>En tanto, mientras el Gobierno Nacional dispuso ya dos aumentos en los valores de las Asignaciones Familiares, en nuestra Provincia se paga menos del 9% de los valores fijados para el sector p\u00fablico y privado a nivel nacional.&nbsp;<\/p>\n\n\n\n<p>El ingreso medio de la familia municipal est\u00e1 por debajo del Costo de la Canasta B\u00e1sica Total. Considerado el salario promedio y las Asignaciones Familiares de una familia tipo, la mitad de los trabajadores y trabajadoras de Municipios y Comunas se encuentran debajo de la l\u00ednea de la pobreza. Los problemas generados por la crisis econ\u00f3mica no se resuelven mandando a la pobreza a los trabajadores y por esta raz\u00f3n Intendentes y Presidentes Comunales deben hacerse responsables -social y pol\u00edticamente- del da\u00f1o ocasionado en medio de una cat\u00e1strofe sanitaria.<\/p>\n\n\n\n<p><strong>Se\u00f1ores Intendentes y Presidentes de Comunas: No se trata as\u00ed a los trabajadores. Mucho menos mintiendo y confundiendo sobre ofertas salariales, que no van al sueldo b\u00e1sico, sino por una parte como sumas remunerativas no bonificables y por otra como sumas totalmente en \u201cnegro\u201d, dejando sin el aumento proporcional a jubilados y pensionados y a trabajadores contratados y eventuales.<\/strong><\/p>\n\n\n\n<p>FESTRAM ha apelado por ilegal y manifiesta parcialidad el dictado de la conciliaci\u00f3n obligatoria, que como ya saben nunca se le ha impuesto a nuestras patronales en los conflictos m\u00e1s complicados. Las amenazas p\u00fablicas del Ministro de Trabajo, con el descuento de los d\u00edas de paro, ponen de manifiesto la absoluta parcialidad de este funcionario contra los trabajadores y a favor de la patronal.<\/p>\n\n\n\n<p>Somos uno de los sectores sociales m\u00e1s afectado por la pandemia, la salud f\u00edsica y mental de los trabajadores est\u00e1 en riesgo. Las condiciones de vida de nuestras familias se deterioran tan exponencialmente como el crecimiento de los casos de Covid-19. A 8 meses de congelamiento salarial, exigimos una recomposici\u00f3n real y efectiva de nuestros salarios, condiciones de trabajo sanas y Asignaciones Familiares dignas.<\/p>\n\n\n\n<p>Respetando las guardias m\u00ednimas y asegurando el cumplimiento de los protocolos, cumplimos con nuestro derecho constitucional de huelga en defensa de nuestra dignidad. Por todo lo expresado, ratificamos el paro de 72 horas el martes 22, mi\u00e9rcoles 23 y jueves 24 de la corriente semana.<\/p>\n\n\n\n<blockquote class=\"wp-block-quote is-layout-flow wp-block-quote-is-layout-flow\"><p>LA UNICA LUCHA QUE SE PIERDE ES LA QUE SE ABANDONA. UNIDAD Y SOLIDARIDAD DE LOS TRABAJADORES<\/p><\/blockquote>\n\n\n\n<h6 class=\"wp-block-heading\">Prensa FESTRAM<\/h6>\n","protected":false},"excerpt":{"rendered":"<p>Resulta de dudosa responsabilidad \u201ctotalizar\u201d al conjunto de autoridades municipales y comunales la autor\u00eda de un comunicado, tras haber recibido esta Federaci\u00f3n la comunicaci\u00f3n de Intendentes y Presidentes de Comunas que manifiestan no ser parte del mismo. La ausencia de firmas de autoridades demuestra la rastrera intencionalidad de amedrentar a los trabajadores y a las organizaciones gremiales que los representan, para perjudicar el ejercicio constitucional del derecho de huelga.<\/p>\n","protected":false},"author":1,"featured_media":15051,"comment_status":"closed","ping_status":"closed","sticky":false,"template":"","format":"standard","meta":{"_jetpack_memberships_contains_paid_content":false,"footnotes":"","jetpack_publicize_message":"","jetpack_publicize_feature_enabled":true,"jetpack_social_post_already_shared":true,"jetpack_social_options":{"image_generator_settings":{"template":"highway","default_image_id":0,"font":"","enabled":false},"version":2}},"categories":[222],"tags":[68,226,109,71,41,91],"class_list":["post-15050","post","type-post","status-publish","format-standard","has-post-thumbnail","hentry","category-comunicados-2020","tag-economia-provincial","tag-emergencia","tag-la-provincia","tag-medidas-de-fuerza","tag-paritaria","tag-salud-y-seguridad"],"yoast_head":"<!-- This site is optimized with the Yoast SEO plugin v25.9 - https:\/\/yoast.com\/wordpress\/plugins\/seo\/ -->\n<title>Respuesta de FESTRAM a Intendentes y Presidentes Comunales ratificando el Paro &#8211; FESTRAM<\/title>\n<meta name=\"description\" content=\"Resulta de dudosa responsabilidad \u201ctotalizar\u201d al conjunto de autoridades municipales y comunales la autor\u00eda de un comunicado, tras haber recibido esta Federaci\u00f3n la comunicaci\u00f3n de Intendentes y Presidentes de Comunas que manifiestan no ser parte del mismo. La ausencia de firmas de autoridades demuestra la rastrera intencionalidad de amedrentar a los trabajadores y a las organizaciones gremiales que los representan, para perjudicar el ejercicio constitucional del derecho de huelga.\" \/>\n<meta name=\"robots\" content=\"index, follow, max-snippet:-1, max-image-preview:large, max-video-preview:-1\" \/>\n<link rel=\"canonical\" href=\"https:\/\/municipales.org.ar\/festram\/respuesta-de-festram-a-intendentes-y-presidentes-comunales-ratificando-el-paro\/\" \/>\n<meta property=\"og:locale\" content=\"es_ES\" \/>\n<meta property=\"og:type\" content=\"article\" \/>\n<meta property=\"og:title\" content=\"Respuesta de FESTRAM a Intendentes y Presidentes Comunales ratificando el Paro &#8211; FESTRAM\" \/>\n<meta property=\"og:description\" content=\"Resulta de dudosa responsabilidad \u201ctotalizar\u201d al conjunto de autoridades municipales y comunales la autor\u00eda de un comunicado, tras haber recibido esta Federaci\u00f3n la comunicaci\u00f3n de Intendentes y Presidentes de Comunas que manifiestan no ser parte del mismo. La ausencia de firmas de autoridades demuestra la rastrera intencionalidad de amedrentar a los trabajadores y a las organizaciones gremiales que los representan, para perjudicar el ejercicio constitucional del derecho de huelga.\" \/>\n<meta property=\"og:url\" content=\"https:\/\/municipales.org.ar\/festram\/respuesta-de-festram-a-intendentes-y-presidentes-comunales-ratificando-el-paro\/\" \/>\n<meta property=\"og:site_name\" content=\"FESTRAM\" \/>\n<meta property=\"article:publisher\" content=\"https:\/\/www.facebook.com\/MunicipalesSF\" \/>\n<meta property=\"article:published_time\" content=\"2020-09-21T22:12:06+00:00\" \/>\n<meta property=\"article:modified_time\" content=\"2020-10-02T14:00:13+00:00\" \/>\n<meta property=\"og:image\" content=\"https:\/\/municipales.org.ar\/festram\/wp-content\/uploads\/2020\/09\/119086410_1729307503890467_4468336999662420456_o.jpg\" \/>\n\t<meta property=\"og:image:width\" content=\"2048\" \/>\n\t<meta property=\"og:image:height\" content=\"1365\" \/>\n\t<meta property=\"og:image:type\" content=\"image\/jpeg\" \/>\n<meta name=\"author\" content=\"mun_admin\" \/>\n<meta name=\"twitter:card\" content=\"summary_large_image\" \/>\n<meta name=\"twitter:creator\" content=\"@MunicipalesSF\" \/>\n<meta name=\"twitter:site\" content=\"@MunicipalesSF\" \/>\n<meta name=\"twitter:label1\" content=\"Escrito por\" \/>\n\t<meta name=\"twitter:data1\" content=\"mun_admin\" \/>\n\t<meta name=\"twitter:label2\" content=\"Tiempo de lectura\" \/>\n\t<meta name=\"twitter:data2\" content=\"4 minutos\" \/>\n<script type=\"application\/ld+json\" class=\"yoast-schema-graph\">{\"@context\":\"https:\/\/schema.org\",\"@graph\":[{\"@type\":\"Article\",\"@id\":\"https:\/\/municipales.org.ar\/festram\/respuesta-de-festram-a-intendentes-y-presidentes-comunales-ratificando-el-paro\/#article\",\"isPartOf\":{\"@id\":\"https:\/\/municipales.org.ar\/festram\/respuesta-de-festram-a-intendentes-y-presidentes-comunales-ratificando-el-paro\/\"},\"author\":{\"name\":\"mun_admin\",\"@id\":\"https:\/\/municipales.org.ar\/festram\/#\/schema\/person\/49096a774c48ce9063df4d59ec059f9e\"},\"headline\":\"Respuesta de FESTRAM a Intendentes y Presidentes Comunales ratificando el Paro\",\"datePublished\":\"2020-09-21T22:12:06+00:00\",\"dateModified\":\"2020-10-02T14:00:13+00:00\",\"mainEntityOfPage\":{\"@id\":\"https:\/\/municipales.org.ar\/festram\/respuesta-de-festram-a-intendentes-y-presidentes-comunales-ratificando-el-paro\/\"},\"wordCount\":730,\"publisher\":{\"@id\":\"https:\/\/municipales.org.ar\/festram\/#organization\"},\"image\":{\"@id\":\"https:\/\/municipales.org.ar\/festram\/respuesta-de-festram-a-intendentes-y-presidentes-comunales-ratificando-el-paro\/#primaryimage\"},\"thumbnailUrl\":\"https:\/\/municipales.org.ar\/festram\/wp-content\/uploads\/2020\/09\/119086410_1729307503890467_4468336999662420456_o.jpg\",\"keywords\":[\"econom\u00eda provincial\",\"emergencia\",\"la provincia\",\"medidas de fuerza\",\"paritaria\",\"salud y seguridad\"],\"articleSection\":[\"Comunicados 2020\"],\"inLanguage\":\"es\"},{\"@type\":\"WebPage\",\"@id\":\"https:\/\/municipales.org.ar\/festram\/respuesta-de-festram-a-intendentes-y-presidentes-comunales-ratificando-el-paro\/\",\"url\":\"https:\/\/municipales.org.ar\/festram\/respuesta-de-festram-a-intendentes-y-presidentes-comunales-ratificando-el-paro\/\",\"name\":\"Respuesta de FESTRAM a Intendentes y Presidentes Comunales ratificando el Paro &#8211; FESTRAM\",\"isPartOf\":{\"@id\":\"https:\/\/municipales.org.ar\/festram\/#website\"},\"primaryImageOfPage\":{\"@id\":\"https:\/\/municipales.org.ar\/festram\/respuesta-de-festram-a-intendentes-y-presidentes-comunales-ratificando-el-paro\/#primaryimage\"},\"image\":{\"@id\":\"https:\/\/municipales.org.ar\/festram\/respuesta-de-festram-a-intendentes-y-presidentes-comunales-ratificando-el-paro\/#primaryimage\"},\"thumbnailUrl\":\"https:\/\/municipales.org.ar\/festram\/wp-content\/uploads\/2020\/09\/119086410_1729307503890467_4468336999662420456_o.jpg\",\"datePublished\":\"2020-09-21T22:12:06+00:00\",\"dateModified\":\"2020-10-02T14:00:13+00:00\",\"description\":\"Resulta de dudosa responsabilidad \u201ctotalizar\u201d al conjunto de autoridades municipales y comunales la autor\u00eda de un comunicado, tras haber recibido esta Federaci\u00f3n la comunicaci\u00f3n de Intendentes y Presidentes de Comunas que manifiestan no ser parte del mismo. La ausencia de firmas de autoridades demuestra la rastrera intencionalidad de amedrentar a los trabajadores y a las organizaciones gremiales que los representan, para perjudicar el ejercicio constitucional del derecho de huelga.\",\"breadcrumb\":{\"@id\":\"https:\/\/municipales.org.ar\/festram\/respuesta-de-festram-a-intendentes-y-presidentes-comunales-ratificando-el-paro\/#breadcrumb\"},\"inLanguage\":\"es\",\"potentialAction\":[{\"@type\":\"ReadAction\",\"target\":[\"https:\/\/municipales.org.ar\/festram\/respuesta-de-festram-a-intendentes-y-presidentes-comunales-ratificando-el-paro\/\"]}]},{\"@type\":\"ImageObject\",\"inLanguage\":\"es\",\"@id\":\"https:\/\/municipales.org.ar\/festram\/respuesta-de-festram-a-intendentes-y-presidentes-comunales-ratificando-el-paro\/#primaryimage\",\"url\":\"https:\/\/municipales.org.ar\/festram\/wp-content\/uploads\/2020\/09\/119086410_1729307503890467_4468336999662420456_o.jpg\",\"contentUrl\":\"https:\/\/municipales.org.ar\/festram\/wp-content\/uploads\/2020\/09\/119086410_1729307503890467_4468336999662420456_o.jpg\",\"width\":2048,\"height\":1365},{\"@type\":\"BreadcrumbList\",\"@id\":\"https:\/\/municipales.org.ar\/festram\/respuesta-de-festram-a-intendentes-y-presidentes-comunales-ratificando-el-paro\/#breadcrumb\",\"itemListElement\":[{\"@type\":\"ListItem\",\"position\":1,\"name\":\"Portada\",\"item\":\"https:\/\/municipales.org.ar\/festram\/\"},{\"@type\":\"ListItem\",\"position\":2,\"name\":\"Respuesta de FESTRAM a Intendentes y Presidentes Comunales ratificando el Paro\"}]},{\"@type\":\"WebSite\",\"@id\":\"https:\/\/municipales.org.ar\/festram\/#website\",\"url\":\"https:\/\/municipales.org.ar\/festram\/\",\"name\":\"FESTRAM\",\"description\":\"La web de los trabajadores municipales\",\"publisher\":{\"@id\":\"https:\/\/municipales.org.ar\/festram\/#organization\"},\"potentialAction\":[{\"@type\":\"SearchAction\",\"target\":{\"@type\":\"EntryPoint\",\"urlTemplate\":\"https:\/\/municipales.org.ar\/festram\/?s={search_term_string}\"},\"query-input\":{\"@type\":\"PropertyValueSpecification\",\"valueRequired\":true,\"valueName\":\"search_term_string\"}}],\"inLanguage\":\"es\"},{\"@type\":\"Organization\",\"@id\":\"https:\/\/municipales.org.ar\/festram\/#organization\",\"name\":\"Federaci\u00f3n de Sindicatos de Trabajadores Municipales de la Provincia de Santa Fe\",\"url\":\"https:\/\/municipales.org.ar\/festram\/\",\"logo\":{\"@type\":\"ImageObject\",\"inLanguage\":\"es\",\"@id\":\"https:\/\/municipales.org.ar\/festram\/#\/schema\/logo\/image\/\",\"url\":\"https:\/\/www.municipales.org.ar\/festram\/wp-content\/uploads\/2014\/07\/logo_fes.jpg\",\"contentUrl\":\"https:\/\/www.municipales.org.ar\/festram\/wp-content\/uploads\/2014\/07\/logo_fes.jpg\",\"width\":661,\"height\":673,\"caption\":\"Federaci\u00f3n de Sindicatos de Trabajadores Municipales de la Provincia de Santa Fe\"},\"image\":{\"@id\":\"https:\/\/municipales.org.ar\/festram\/#\/schema\/logo\/image\/\"},\"sameAs\":[\"https:\/\/www.facebook.com\/MunicipalesSF\",\"https:\/\/x.com\/MunicipalesSF\",\"https:\/\/www.youtube.com\/user\/festram\"]},{\"@type\":\"Person\",\"@id\":\"https:\/\/municipales.org.ar\/festram\/#\/schema\/person\/49096a774c48ce9063df4d59ec059f9e\",\"name\":\"mun_admin\"}]}<\/script>\n<!-- \/ Yoast SEO plugin. -->","yoast_head_json":{"title":"Respuesta de FESTRAM a Intendentes y Presidentes Comunales ratificando el Paro &#8211; FESTRAM","description":"Resulta de dudosa responsabilidad \u201ctotalizar\u201d al conjunto de autoridades municipales y comunales la autor\u00eda de un comunicado, tras haber recibido esta Federaci\u00f3n la comunicaci\u00f3n de Intendentes y Presidentes de Comunas que manifiestan no ser parte del mismo. La ausencia de firmas de autoridades demuestra la rastrera intencionalidad de amedrentar a los trabajadores y a las organizaciones gremiales que los representan, para perjudicar el ejercicio constitucional del derecho de huelga.","robots":{"index":"index","follow":"follow","max-snippet":"max-snippet:-1","max-image-preview":"max-image-preview:large","max-video-preview":"max-video-preview:-1"},"canonical":"https:\/\/municipales.org.ar\/festram\/respuesta-de-festram-a-intendentes-y-presidentes-comunales-ratificando-el-paro\/","og_locale":"es_ES","og_type":"article","og_title":"Respuesta de FESTRAM a Intendentes y Presidentes Comunales ratificando el Paro &#8211; FESTRAM","og_description":"Resulta de dudosa responsabilidad \u201ctotalizar\u201d al conjunto de autoridades municipales y comunales la autor\u00eda de un comunicado, tras haber recibido esta Federaci\u00f3n la comunicaci\u00f3n de Intendentes y Presidentes de Comunas que manifiestan no ser parte del mismo. La ausencia de firmas de autoridades demuestra la rastrera intencionalidad de amedrentar a los trabajadores y a las organizaciones gremiales que los representan, para perjudicar el ejercicio constitucional del derecho de huelga.","og_url":"https:\/\/municipales.org.ar\/festram\/respuesta-de-festram-a-intendentes-y-presidentes-comunales-ratificando-el-paro\/","og_site_name":"FESTRAM","article_publisher":"https:\/\/www.facebook.com\/MunicipalesSF","article_published_time":"2020-09-21T22:12:06+00:00","article_modified_time":"2020-10-02T14:00:13+00:00","og_image":[{"width":2048,"height":1365,"url":"https:\/\/municipales.org.ar\/festram\/wp-content\/uploads\/2020\/09\/119086410_1729307503890467_4468336999662420456_o.jpg","type":"image\/jpeg"}],"author":"mun_admin","twitter_card":"summary_large_image","twitter_creator":"@MunicipalesSF","twitter_site":"@MunicipalesSF","twitter_misc":{"Escrito por":"mun_admin","Tiempo de lectura":"4 minutos"},"schema":{"@context":"https:\/\/schema.org","@graph":[{"@type":"Article","@id":"https:\/\/municipales.org.ar\/festram\/respuesta-de-festram-a-intendentes-y-presidentes-comunales-ratificando-el-paro\/#article","isPartOf":{"@id":"https:\/\/municipales.org.ar\/festram\/respuesta-de-festram-a-intendentes-y-presidentes-comunales-ratificando-el-paro\/"},"author":{"name":"mun_admin","@id":"https:\/\/municipales.org.ar\/festram\/#\/schema\/person\/49096a774c48ce9063df4d59ec059f9e"},"headline":"Respuesta de FESTRAM a Intendentes y Presidentes Comunales ratificando el Paro","datePublished":"2020-09-21T22:12:06+00:00","dateModified":"2020-10-02T14:00:13+00:00","mainEntityOfPage":{"@id":"https:\/\/municipales.org.ar\/festram\/respuesta-de-festram-a-intendentes-y-presidentes-comunales-ratificando-el-paro\/"},"wordCount":730,"publisher":{"@id":"https:\/\/municipales.org.ar\/festram\/#organization"},"image":{"@id":"https:\/\/municipales.org.ar\/festram\/respuesta-de-festram-a-intendentes-y-presidentes-comunales-ratificando-el-paro\/#primaryimage"},"thumbnailUrl":"https:\/\/municipales.org.ar\/festram\/wp-content\/uploads\/2020\/09\/119086410_1729307503890467_4468336999662420456_o.jpg","keywords":["econom\u00eda provincial","emergencia","la provincia","medidas de fuerza","paritaria","salud y seguridad"],"articleSection":["Comunicados 2020"],"inLanguage":"es"},{"@type":"WebPage","@id":"https:\/\/municipales.org.ar\/festram\/respuesta-de-festram-a-intendentes-y-presidentes-comunales-ratificando-el-paro\/","url":"https:\/\/municipales.org.ar\/festram\/respuesta-de-festram-a-intendentes-y-presidentes-comunales-ratificando-el-paro\/","name":"Respuesta de FESTRAM a Intendentes y Presidentes Comunales ratificando el Paro &#8211; FESTRAM","isPartOf":{"@id":"https:\/\/municipales.org.ar\/festram\/#website"},"primaryImageOfPage":{"@id":"https:\/\/municipales.org.ar\/festram\/respuesta-de-festram-a-intendentes-y-presidentes-comunales-ratificando-el-paro\/#primaryimage"},"image":{"@id":"https:\/\/municipales.org.ar\/festram\/respuesta-de-festram-a-intendentes-y-presidentes-comunales-ratificando-el-paro\/#primaryimage"},"thumbnailUrl":"https:\/\/municipales.org.ar\/festram\/wp-content\/uploads\/2020\/09\/119086410_1729307503890467_4468336999662420456_o.jpg","datePublished":"2020-09-21T22:12:06+00:00","dateModified":"2020-10-02T14:00:13+00:00","description":"Resulta de dudosa responsabilidad \u201ctotalizar\u201d al conjunto de autoridades municipales y comunales la autor\u00eda de un comunicado, tras haber recibido esta Federaci\u00f3n la comunicaci\u00f3n de Intendentes y Presidentes de Comunas que manifiestan no ser parte del mismo. La ausencia de firmas de autoridades demuestra la rastrera intencionalidad de amedrentar a los trabajadores y a las organizaciones gremiales que los representan, para perjudicar el ejercicio constitucional del derecho de huelga.","breadcrumb":{"@id":"https:\/\/municipales.org.ar\/festram\/respuesta-de-festram-a-intendentes-y-presidentes-comunales-ratificando-el-paro\/#breadcrumb"},"inLanguage":"es","potentialAction":[{"@type":"ReadAction","target":["https:\/\/municipales.org.ar\/festram\/respuesta-de-festram-a-intendentes-y-presidentes-comunales-ratificando-el-paro\/"]}]},{"@type":"ImageObject","inLanguage":"es","@id":"https:\/\/municipales.org.ar\/festram\/respuesta-de-festram-a-intendentes-y-presidentes-comunales-ratificando-el-paro\/#primaryimage","url":"https:\/\/municipales.org.ar\/festram\/wp-content\/uploads\/2020\/09\/119086410_1729307503890467_4468336999662420456_o.jpg","contentUrl":"https:\/\/municipales.org.ar\/festram\/wp-content\/uploads\/2020\/09\/119086410_1729307503890467_4468336999662420456_o.jpg","width":2048,"height":1365},{"@type":"BreadcrumbList","@id":"https:\/\/municipales.org.ar\/festram\/respuesta-de-festram-a-intendentes-y-presidentes-comunales-ratificando-el-paro\/#breadcrumb","itemListElement":[{"@type":"ListItem","position":1,"name":"Portada","item":"https:\/\/municipales.org.ar\/festram\/"},{"@type":"ListItem","position":2,"name":"Respuesta de FESTRAM a Intendentes y Presidentes Comunales ratificando el Paro"}]},{"@type":"WebSite","@id":"https:\/\/municipales.org.ar\/festram\/#website","url":"https:\/\/municipales.org.ar\/festram\/","name":"FESTRAM","description":"La web de los trabajadores municipales","publisher":{"@id":"https:\/\/municipales.org.ar\/festram\/#organization"},"potentialAction":[{"@type":"SearchAction","target":{"@type":"EntryPoint","urlTemplate":"https:\/\/municipales.org.ar\/festram\/?s={search_term_string}"},"query-input":{"@type":"PropertyValueSpecification","valueRequired":true,"valueName":"search_term_string"}}],"inLanguage":"es"},{"@type":"Organization","@id":"https:\/\/municipales.org.ar\/festram\/#organization","name":"Federaci\u00f3n de Sindicatos de Trabajadores Municipales de la Provincia de Santa Fe","url":"https:\/\/municipales.org.ar\/festram\/","logo":{"@type":"ImageObject","inLanguage":"es","@id":"https:\/\/municipales.org.ar\/festram\/#\/schema\/logo\/image\/","url":"https:\/\/www.municipales.org.ar\/festram\/wp-content\/uploads\/2014\/07\/logo_fes.jpg","contentUrl":"https:\/\/www.municipales.org.ar\/festram\/wp-content\/uploads\/2014\/07\/logo_fes.jpg","width":661,"height":673,"caption":"Federaci\u00f3n de Sindicatos de Trabajadores Municipales de la Provincia de Santa Fe"},"image":{"@id":"https:\/\/municipales.org.ar\/festram\/#\/schema\/logo\/image\/"},"sameAs":["https:\/\/www.facebook.com\/MunicipalesSF","https:\/\/x.com\/MunicipalesSF","https:\/\/www.youtube.com\/user\/festram"]},{"@type":"Person","@id":"https:\/\/municipales.org.ar\/festram\/#\/schema\/person\/49096a774c48ce9063df4d59ec059f9e","name":"mun_admin"}]}},"jetpack_publicize_connections":[],"jetpack_featured_media_url":"https:\/\/municipales.org.ar\/festram\/wp-content\/uploads\/2020\/09\/119086410_1729307503890467_4468336999662420456_o.jpg","jetpack_sharing_enabled":true,"jetpack_likes_enabled":false,"jetpack_shortlink":"https:\/\/wp.me\/p7l4x1-3UK","_links":{"self":[{"href":"https:\/\/municipales.org.ar\/festram\/wp-json\/wp\/v2\/posts\/15050","targetHints":{"allow":["GET"]}}],"collection":[{"href":"https:\/\/municipales.org.ar\/festram\/wp-json\/wp\/v2\/posts"}],"about":[{"href":"https:\/\/municipales.org.ar\/festram\/wp-json\/wp\/v2\/types\/post"}],"author":[{"embeddable":true,"href":"https:\/\/municipales.org.ar\/festram\/wp-json\/wp\/v2\/users\/1"}],"replies":[{"embeddable":true,"href":"https:\/\/municipales.org.ar\/festram\/wp-json\/wp\/v2\/comments?post=15050"}],"version-history":[{"count":2,"href":"https:\/\/municipales.org.ar\/festram\/wp-json\/wp\/v2\/posts\/15050\/revisions"}],"predecessor-version":[{"id":15053,"href":"https:\/\/municipales.org.ar\/festram\/wp-json\/wp\/v2\/posts\/15050\/revisions\/15053"}],"wp:featuredmedia":[{"embeddable":true,"href":"https:\/\/municipales.org.ar\/festram\/wp-json\/wp\/v2\/media\/15051"}],"wp:attachment":[{"href":"https:\/\/municipales.org.ar\/festram\/wp-json\/wp\/v2\/media?parent=15050"}],"wp:term":[{"taxonomy":"category","embeddable":true,"href":"https:\/\/municipales.org.ar\/festram\/wp-json\/wp\/v2\/categories?post=15050"},{"taxonomy":"post_tag","embeddable":true,"href":"https:\/\/municipales.org.ar\/festram\/wp-json\/wp\/v2\/tags?post=15050"}],"curies":[{"name":"wp","href":"https:\/\/api.w.org\/{rel}","templated":true}]}}