{"id":15065,"date":"2020-10-02T14:32:59","date_gmt":"2020-10-02T17:32:59","guid":{"rendered":"https:\/\/www.municipales.org.ar\/festram\/?p=15065"},"modified":"2020-10-08T20:40:31","modified_gmt":"2020-10-08T23:40:31","slug":"festram-lanza-un-plan-de-lucha-de-72-horas-con-un-paro-de-48","status":"publish","type":"post","link":"https:\/\/municipales.org.ar\/festram\/festram-lanza-un-plan-de-lucha-de-72-horas-con-un-paro-de-48\/","title":{"rendered":"FESTRAM lanza un Plan de Lucha de 72 horas con un Paro de 48"},"content":{"rendered":"\n<p><\/p>\n\n\n\n<h3 class=\"wp-block-heading\">Rechazaron la propuesta. Habr\u00e1 protestas el Mi\u00e9rcoles 7 con paro Jueves 8 y Viernes 9 de Octubre pr\u00f3ximo.<br><br><br><\/h3>\n\n\n\n<p>Los Intendentes volvieron a presentar la misma propuesta rechazada en la \u00faltima reuni\u00f3n. El pr\u00f3ximo mi\u00e9rcoles habr\u00e1 protestas callejeras, en rutas, instalaci\u00f3n de carpas y concluir\u00e1 con un paro de 48 horas sin concurrencia a los lugares de trabajo, aunque los Sindicatos tomar\u00e1n las medidas que consideren adecuadas seg\u00fan la situaci\u00f3n epidemiol\u00f3gica, determinaci\u00f3n de guardias m\u00ednimas y servicios esenciales de cada localidad.<\/p>\n\n\n\n<p>Tras la suspensi\u00f3n de las medidas de fuerza esta semana, el d\u00eda mi\u00e9rcoles se concret\u00f3 una nueva reuni\u00f3n de los representantes paritarios de Jefes Municipales y Comunales con la representaci\u00f3n de FESTRAM, con la intenci\u00f3n de alcanzar un acuerdo satisfactorio para ambas partes, el cual no lleg\u00f3 a concretarse y se complica la continuidad del di\u00e1logo, tras las amenazas contra el gremio y los trabajadores.<\/p>\n\n\n\n<p><strong>Los Intendentes insisten en una pol\u00edtica salarial con cifras que no van al sueldo b\u00e1sico, buscando imponer una parte como sumas remunerativas no bonificables y otra como sumas totalmente en \u201cnegro\u201d, estas cifras NO impactan en los SUPLEMENTOS y ADICIONALES, dejando a su vez sin el aumento proporcional a jubilados y pensionados y a los trabajadores contratados y eventuales. Es decir, no avanzaron en ninguna propuesta superadora. Pero adem\u00e1s mienten y confunden en los trascendidos con la prensa.<\/strong><\/p>\n\n\n\n<h2 class=\"wp-block-heading\">La oferta rechazada<br><\/h2>\n\n\n\n<p>Ofrecen $0 por Julio, y $3.000 como suma fija no remunerativa ni bonificable por AGOSTO.<\/p>\n\n\n\n<p>Para SETIEMBRE 11% del Sueldo B\u00e1sico como suma no bonificable y 4% suma no remunerativa no bonificable. Estos aumentos son s\u00f3lo sobre el b\u00e1sico y no impactan en la totalidad del salario. Ejemplo: Una categor\u00eda 15 recibe en Setiembre un aumento de $2.500 (11+4), lo que para un ingreso efectivo de bolsillo en categor\u00eda media es el 6% real. En dinero efectivo es menor que lo ofrecido en propuestas anteriores.<br>Para OCTUBRE una suma equivalente al 14% del b\u00e1sico remunerativo y 4% sobre el b\u00e1sico en negro. Naturalmente no son acumulables. Para NOVIEMBRE un 18% del b\u00e1sico (14% remunerativa no bonificable + 4% en negro y para DICIEMBRE, 21% del b\u00e1sico remunerativo y 4% en negro.<\/p>\n\n\n\n<p>Seg\u00fan esa propuesta, el garantizado consiste en un aumento de bolsillo de $3.500 pesos en Setiembre, $4.000 en Octubre, $4.500 en Noviembre y $5.000 en diciembre para todas las categor\u00edas. Nuevamente como decimos, un monto inferior a propuestas anteriores.<\/p>\n\n\n\n<p>Asimismo, las Asignaciones Familiares permanecen congeladas en $3 la asignaci\u00f3n por escolaridad primaria, $40 por c\u00f3nyuge y $260 por hijo, cifra \u00e9sta que alcanza para comprar 600 gramos de carne picada.<\/p>\n\n\n\n<p>La falta de conformaci\u00f3n de los Comit\u00e9s Mixtos de Salud Laboral y la dr\u00e1stica decisi\u00f3n de las ART, de no cubrir a los trabajadores y trabajadoras santafesinas al COVID-19 como enfermedad profesional, deja expuesta la precariedad con que muchos compa\u00f1eros y compa\u00f1eras est\u00e1n desarrollando su labor y en donde la protecci\u00f3n laboral ha empeorado notoriamente, a partir del impacto de la Pandemia en el \u00e1mbito de Municipios y Comunas y es otro de los \u00edtems de relevancia que los paritarios de Intendentes y Presidentes Comunales no se han avenido a considerar.<\/p>\n\n\n\n<p>Por todo lo expuesto, <strong>el Plenario de Secretarios Generales de FESTRAM resolvi\u00f3 avanzar con un Plan de Lucha que contempla caravanas de protestas, instalaci\u00f3n de carpas y cortes el d\u00eda Mi\u00e9rcoles 7 y un paro de 48 horas para los d\u00edas jueves 8 y viernes 9 sin concurrencia a los lugares de trabajo<\/strong>, seg\u00fan la situaci\u00f3n de extensi\u00f3n del COVID exigiendo el estricto cumplimento de las guardias m\u00ednimas y la aplicaci\u00f3n de todos los protocolos de aislamiento. <strong>Los gremios reclamaron profundizar -en la siguiente semana- las medidas con un paro de 96 horas de no obtener una mejor propuesta que permita superar el conflicto.<\/strong><\/p>\n\n\n\n<h6 class=\"wp-block-heading\">Prensa FESTRAM<\/h6>\n","protected":false},"excerpt":{"rendered":"<p>Rechazaron la propuesta. Habr\u00e1 protestas el Mi\u00e9rcoles 7 con paro Jueves 8 y Viernes 9 de Octubre pr\u00f3ximo.<\/p>\n","protected":false},"author":1,"featured_media":15066,"comment_status":"closed","ping_status":"closed","sticky":false,"template":"","format":"standard","meta":{"_jetpack_memberships_contains_paid_content":false,"footnotes":"","jetpack_publicize_message":"","jetpack_publicize_feature_enabled":true,"jetpack_social_post_already_shared":true,"jetpack_social_options":{"image_generator_settings":{"template":"highway","default_image_id":0,"font":"","enabled":false},"version":2}},"categories":[222],"tags":[109,71,41,69],"class_list":["post-15065","post","type-post","status-publish","format-standard","has-post-thumbnail","hentry","category-comunicados-2020","tag-la-provincia","tag-medidas-de-fuerza","tag-paritaria","tag-politica-salarial"],"yoast_head":"<!-- This site is optimized with the Yoast SEO plugin v25.9 - https:\/\/yoast.com\/wordpress\/plugins\/seo\/ -->\n<title>FESTRAM lanza un Plan de Lucha de 72 horas con un Paro de 48 &#8211; FESTRAM<\/title>\n<meta name=\"description\" content=\"Rechazaron la propuesta. Habr\u00e1 protestas el Mi\u00e9rcoles 7 con paro Jueves 8 y Viernes 9 de Octubre pr\u00f3ximo.\" \/>\n<meta name=\"robots\" content=\"index, follow, max-snippet:-1, max-image-preview:large, max-video-preview:-1\" \/>\n<link rel=\"canonical\" href=\"https:\/\/municipales.org.ar\/festram\/festram-lanza-un-plan-de-lucha-de-72-horas-con-un-paro-de-48\/\" \/>\n<meta property=\"og:locale\" content=\"es_ES\" \/>\n<meta property=\"og:type\" content=\"article\" \/>\n<meta property=\"og:title\" content=\"FESTRAM lanza un Plan de Lucha de 72 horas con un Paro de 48 &#8211; FESTRAM\" \/>\n<meta property=\"og:description\" content=\"Rechazaron la propuesta. Habr\u00e1 protestas el Mi\u00e9rcoles 7 con paro Jueves 8 y Viernes 9 de Octubre pr\u00f3ximo.\" \/>\n<meta property=\"og:url\" content=\"https:\/\/municipales.org.ar\/festram\/festram-lanza-un-plan-de-lucha-de-72-horas-con-un-paro-de-48\/\" \/>\n<meta property=\"og:site_name\" content=\"FESTRAM\" \/>\n<meta property=\"article:publisher\" content=\"https:\/\/www.facebook.com\/MunicipalesSF\" \/>\n<meta property=\"article:published_time\" content=\"2020-10-02T17:32:59+00:00\" \/>\n<meta property=\"article:modified_time\" content=\"2020-10-08T23:40:31+00:00\" \/>\n<meta property=\"og:image\" content=\"https:\/\/municipales.org.ar\/festram\/wp-content\/uploads\/2020\/10\/816672B7-AC75-4604-A2BA-8CE7C8C3B548.jpg\" \/>\n\t<meta property=\"og:image:width\" content=\"864\" \/>\n\t<meta property=\"og:image:height\" content=\"648\" \/>\n\t<meta property=\"og:image:type\" content=\"image\/jpeg\" \/>\n<meta name=\"author\" content=\"mun_admin\" \/>\n<meta name=\"twitter:card\" content=\"summary_large_image\" \/>\n<meta name=\"twitter:creator\" content=\"@MunicipalesSF\" \/>\n<meta name=\"twitter:site\" content=\"@MunicipalesSF\" \/>\n<meta name=\"twitter:label1\" content=\"Escrito por\" \/>\n\t<meta name=\"twitter:data1\" content=\"mun_admin\" \/>\n\t<meta name=\"twitter:label2\" content=\"Tiempo de lectura\" \/>\n\t<meta name=\"twitter:data2\" content=\"3 minutos\" \/>\n<script type=\"application\/ld+json\" class=\"yoast-schema-graph\">{\"@context\":\"https:\/\/schema.org\",\"@graph\":[{\"@type\":\"Article\",\"@id\":\"https:\/\/municipales.org.ar\/festram\/festram-lanza-un-plan-de-lucha-de-72-horas-con-un-paro-de-48\/#article\",\"isPartOf\":{\"@id\":\"https:\/\/municipales.org.ar\/festram\/festram-lanza-un-plan-de-lucha-de-72-horas-con-un-paro-de-48\/\"},\"author\":{\"name\":\"mun_admin\",\"@id\":\"https:\/\/municipales.org.ar\/festram\/#\/schema\/person\/49096a774c48ce9063df4d59ec059f9e\"},\"headline\":\"FESTRAM lanza un Plan de Lucha de 72 horas con un Paro de 48\",\"datePublished\":\"2020-10-02T17:32:59+00:00\",\"dateModified\":\"2020-10-08T23:40:31+00:00\",\"mainEntityOfPage\":{\"@id\":\"https:\/\/municipales.org.ar\/festram\/festram-lanza-un-plan-de-lucha-de-72-horas-con-un-paro-de-48\/\"},\"wordCount\":655,\"publisher\":{\"@id\":\"https:\/\/municipales.org.ar\/festram\/#organization\"},\"image\":{\"@id\":\"https:\/\/municipales.org.ar\/festram\/festram-lanza-un-plan-de-lucha-de-72-horas-con-un-paro-de-48\/#primaryimage\"},\"thumbnailUrl\":\"https:\/\/municipales.org.ar\/festram\/wp-content\/uploads\/2020\/10\/816672B7-AC75-4604-A2BA-8CE7C8C3B548.jpg\",\"keywords\":[\"la provincia\",\"medidas de fuerza\",\"paritaria\",\"pol\u00edtica salarial\"],\"articleSection\":[\"Comunicados 2020\"],\"inLanguage\":\"es\"},{\"@type\":\"WebPage\",\"@id\":\"https:\/\/municipales.org.ar\/festram\/festram-lanza-un-plan-de-lucha-de-72-horas-con-un-paro-de-48\/\",\"url\":\"https:\/\/municipales.org.ar\/festram\/festram-lanza-un-plan-de-lucha-de-72-horas-con-un-paro-de-48\/\",\"name\":\"FESTRAM lanza un Plan de Lucha de 72 horas con un Paro de 48 &#8211; FESTRAM\",\"isPartOf\":{\"@id\":\"https:\/\/municipales.org.ar\/festram\/#website\"},\"primaryImageOfPage\":{\"@id\":\"https:\/\/municipales.org.ar\/festram\/festram-lanza-un-plan-de-lucha-de-72-horas-con-un-paro-de-48\/#primaryimage\"},\"image\":{\"@id\":\"https:\/\/municipales.org.ar\/festram\/festram-lanza-un-plan-de-lucha-de-72-horas-con-un-paro-de-48\/#primaryimage\"},\"thumbnailUrl\":\"https:\/\/municipales.org.ar\/festram\/wp-content\/uploads\/2020\/10\/816672B7-AC75-4604-A2BA-8CE7C8C3B548.jpg\",\"datePublished\":\"2020-10-02T17:32:59+00:00\",\"dateModified\":\"2020-10-08T23:40:31+00:00\",\"description\":\"Rechazaron la propuesta. Habr\u00e1 protestas el Mi\u00e9rcoles 7 con paro Jueves 8 y Viernes 9 de Octubre pr\u00f3ximo.\",\"breadcrumb\":{\"@id\":\"https:\/\/municipales.org.ar\/festram\/festram-lanza-un-plan-de-lucha-de-72-horas-con-un-paro-de-48\/#breadcrumb\"},\"inLanguage\":\"es\",\"potentialAction\":[{\"@type\":\"ReadAction\",\"target\":[\"https:\/\/municipales.org.ar\/festram\/festram-lanza-un-plan-de-lucha-de-72-horas-con-un-paro-de-48\/\"]}]},{\"@type\":\"ImageObject\",\"inLanguage\":\"es\",\"@id\":\"https:\/\/municipales.org.ar\/festram\/festram-lanza-un-plan-de-lucha-de-72-horas-con-un-paro-de-48\/#primaryimage\",\"url\":\"https:\/\/municipales.org.ar\/festram\/wp-content\/uploads\/2020\/10\/816672B7-AC75-4604-A2BA-8CE7C8C3B548.jpg\",\"contentUrl\":\"https:\/\/municipales.org.ar\/festram\/wp-content\/uploads\/2020\/10\/816672B7-AC75-4604-A2BA-8CE7C8C3B548.jpg\",\"width\":864,\"height\":648},{\"@type\":\"BreadcrumbList\",\"@id\":\"https:\/\/municipales.org.ar\/festram\/festram-lanza-un-plan-de-lucha-de-72-horas-con-un-paro-de-48\/#breadcrumb\",\"itemListElement\":[{\"@type\":\"ListItem\",\"position\":1,\"name\":\"Portada\",\"item\":\"https:\/\/municipales.org.ar\/festram\/\"},{\"@type\":\"ListItem\",\"position\":2,\"name\":\"FESTRAM lanza un Plan de Lucha de 72 horas con un Paro de 48\"}]},{\"@type\":\"WebSite\",\"@id\":\"https:\/\/municipales.org.ar\/festram\/#website\",\"url\":\"https:\/\/municipales.org.ar\/festram\/\",\"name\":\"FESTRAM\",\"description\":\"La web de los trabajadores municipales\",\"publisher\":{\"@id\":\"https:\/\/municipales.org.ar\/festram\/#organization\"},\"potentialAction\":[{\"@type\":\"SearchAction\",\"target\":{\"@type\":\"EntryPoint\",\"urlTemplate\":\"https:\/\/municipales.org.ar\/festram\/?s={search_term_string}\"},\"query-input\":{\"@type\":\"PropertyValueSpecification\",\"valueRequired\":true,\"valueName\":\"search_term_string\"}}],\"inLanguage\":\"es\"},{\"@type\":\"Organization\",\"@id\":\"https:\/\/municipales.org.ar\/festram\/#organization\",\"name\":\"Federaci\u00f3n de Sindicatos de Trabajadores Municipales de la Provincia de Santa Fe\",\"url\":\"https:\/\/municipales.org.ar\/festram\/\",\"logo\":{\"@type\":\"ImageObject\",\"inLanguage\":\"es\",\"@id\":\"https:\/\/municipales.org.ar\/festram\/#\/schema\/logo\/image\/\",\"url\":\"https:\/\/www.municipales.org.ar\/festram\/wp-content\/uploads\/2014\/07\/logo_fes.jpg\",\"contentUrl\":\"https:\/\/www.municipales.org.ar\/festram\/wp-content\/uploads\/2014\/07\/logo_fes.jpg\",\"width\":661,\"height\":673,\"caption\":\"Federaci\u00f3n de Sindicatos de Trabajadores Municipales de la Provincia de Santa Fe\"},\"image\":{\"@id\":\"https:\/\/municipales.org.ar\/festram\/#\/schema\/logo\/image\/\"},\"sameAs\":[\"https:\/\/www.facebook.com\/MunicipalesSF\",\"https:\/\/x.com\/MunicipalesSF\",\"https:\/\/www.youtube.com\/user\/festram\"]},{\"@type\":\"Person\",\"@id\":\"https:\/\/municipales.org.ar\/festram\/#\/schema\/person\/49096a774c48ce9063df4d59ec059f9e\",\"name\":\"mun_admin\"}]}<\/script>\n<!-- \/ Yoast SEO plugin. -->","yoast_head_json":{"title":"FESTRAM lanza un Plan de Lucha de 72 horas con un Paro de 48 &#8211; FESTRAM","description":"Rechazaron la propuesta. Habr\u00e1 protestas el Mi\u00e9rcoles 7 con paro Jueves 8 y Viernes 9 de Octubre pr\u00f3ximo.","robots":{"index":"index","follow":"follow","max-snippet":"max-snippet:-1","max-image-preview":"max-image-preview:large","max-video-preview":"max-video-preview:-1"},"canonical":"https:\/\/municipales.org.ar\/festram\/festram-lanza-un-plan-de-lucha-de-72-horas-con-un-paro-de-48\/","og_locale":"es_ES","og_type":"article","og_title":"FESTRAM lanza un Plan de Lucha de 72 horas con un Paro de 48 &#8211; FESTRAM","og_description":"Rechazaron la propuesta. Habr\u00e1 protestas el Mi\u00e9rcoles 7 con paro Jueves 8 y Viernes 9 de Octubre pr\u00f3ximo.","og_url":"https:\/\/municipales.org.ar\/festram\/festram-lanza-un-plan-de-lucha-de-72-horas-con-un-paro-de-48\/","og_site_name":"FESTRAM","article_publisher":"https:\/\/www.facebook.com\/MunicipalesSF","article_published_time":"2020-10-02T17:32:59+00:00","article_modified_time":"2020-10-08T23:40:31+00:00","og_image":[{"width":864,"height":648,"url":"https:\/\/municipales.org.ar\/festram\/wp-content\/uploads\/2020\/10\/816672B7-AC75-4604-A2BA-8CE7C8C3B548.jpg","type":"image\/jpeg"}],"author":"mun_admin","twitter_card":"summary_large_image","twitter_creator":"@MunicipalesSF","twitter_site":"@MunicipalesSF","twitter_misc":{"Escrito por":"mun_admin","Tiempo de lectura":"3 minutos"},"schema":{"@context":"https:\/\/schema.org","@graph":[{"@type":"Article","@id":"https:\/\/municipales.org.ar\/festram\/festram-lanza-un-plan-de-lucha-de-72-horas-con-un-paro-de-48\/#article","isPartOf":{"@id":"https:\/\/municipales.org.ar\/festram\/festram-lanza-un-plan-de-lucha-de-72-horas-con-un-paro-de-48\/"},"author":{"name":"mun_admin","@id":"https:\/\/municipales.org.ar\/festram\/#\/schema\/person\/49096a774c48ce9063df4d59ec059f9e"},"headline":"FESTRAM lanza un Plan de Lucha de 72 horas con un Paro de 48","datePublished":"2020-10-02T17:32:59+00:00","dateModified":"2020-10-08T23:40:31+00:00","mainEntityOfPage":{"@id":"https:\/\/municipales.org.ar\/festram\/festram-lanza-un-plan-de-lucha-de-72-horas-con-un-paro-de-48\/"},"wordCount":655,"publisher":{"@id":"https:\/\/municipales.org.ar\/festram\/#organization"},"image":{"@id":"https:\/\/municipales.org.ar\/festram\/festram-lanza-un-plan-de-lucha-de-72-horas-con-un-paro-de-48\/#primaryimage"},"thumbnailUrl":"https:\/\/municipales.org.ar\/festram\/wp-content\/uploads\/2020\/10\/816672B7-AC75-4604-A2BA-8CE7C8C3B548.jpg","keywords":["la provincia","medidas de fuerza","paritaria","pol\u00edtica salarial"],"articleSection":["Comunicados 2020"],"inLanguage":"es"},{"@type":"WebPage","@id":"https:\/\/municipales.org.ar\/festram\/festram-lanza-un-plan-de-lucha-de-72-horas-con-un-paro-de-48\/","url":"https:\/\/municipales.org.ar\/festram\/festram-lanza-un-plan-de-lucha-de-72-horas-con-un-paro-de-48\/","name":"FESTRAM lanza un Plan de Lucha de 72 horas con un Paro de 48 &#8211; FESTRAM","isPartOf":{"@id":"https:\/\/municipales.org.ar\/festram\/#website"},"primaryImageOfPage":{"@id":"https:\/\/municipales.org.ar\/festram\/festram-lanza-un-plan-de-lucha-de-72-horas-con-un-paro-de-48\/#primaryimage"},"image":{"@id":"https:\/\/municipales.org.ar\/festram\/festram-lanza-un-plan-de-lucha-de-72-horas-con-un-paro-de-48\/#primaryimage"},"thumbnailUrl":"https:\/\/municipales.org.ar\/festram\/wp-content\/uploads\/2020\/10\/816672B7-AC75-4604-A2BA-8CE7C8C3B548.jpg","datePublished":"2020-10-02T17:32:59+00:00","dateModified":"2020-10-08T23:40:31+00:00","description":"Rechazaron la propuesta. Habr\u00e1 protestas el Mi\u00e9rcoles 7 con paro Jueves 8 y Viernes 9 de Octubre pr\u00f3ximo.","breadcrumb":{"@id":"https:\/\/municipales.org.ar\/festram\/festram-lanza-un-plan-de-lucha-de-72-horas-con-un-paro-de-48\/#breadcrumb"},"inLanguage":"es","potentialAction":[{"@type":"ReadAction","target":["https:\/\/municipales.org.ar\/festram\/festram-lanza-un-plan-de-lucha-de-72-horas-con-un-paro-de-48\/"]}]},{"@type":"ImageObject","inLanguage":"es","@id":"https:\/\/municipales.org.ar\/festram\/festram-lanza-un-plan-de-lucha-de-72-horas-con-un-paro-de-48\/#primaryimage","url":"https:\/\/municipales.org.ar\/festram\/wp-content\/uploads\/2020\/10\/816672B7-AC75-4604-A2BA-8CE7C8C3B548.jpg","contentUrl":"https:\/\/municipales.org.ar\/festram\/wp-content\/uploads\/2020\/10\/816672B7-AC75-4604-A2BA-8CE7C8C3B548.jpg","width":864,"height":648},{"@type":"BreadcrumbList","@id":"https:\/\/municipales.org.ar\/festram\/festram-lanza-un-plan-de-lucha-de-72-horas-con-un-paro-de-48\/#breadcrumb","itemListElement":[{"@type":"ListItem","position":1,"name":"Portada","item":"https:\/\/municipales.org.ar\/festram\/"},{"@type":"ListItem","position":2,"name":"FESTRAM lanza un Plan de Lucha de 72 horas con un Paro de 48"}]},{"@type":"WebSite","@id":"https:\/\/municipales.org.ar\/festram\/#website","url":"https:\/\/municipales.org.ar\/festram\/","name":"FESTRAM","description":"La web de los trabajadores municipales","publisher":{"@id":"https:\/\/municipales.org.ar\/festram\/#organization"},"potentialAction":[{"@type":"SearchAction","target":{"@type":"EntryPoint","urlTemplate":"https:\/\/municipales.org.ar\/festram\/?s={search_term_string}"},"query-input":{"@type":"PropertyValueSpecification","valueRequired":true,"valueName":"search_term_string"}}],"inLanguage":"es"},{"@type":"Organization","@id":"https:\/\/municipales.org.ar\/festram\/#organization","name":"Federaci\u00f3n de Sindicatos de Trabajadores Municipales de la Provincia de Santa Fe","url":"https:\/\/municipales.org.ar\/festram\/","logo":{"@type":"ImageObject","inLanguage":"es","@id":"https:\/\/municipales.org.ar\/festram\/#\/schema\/logo\/image\/","url":"https:\/\/www.municipales.org.ar\/festram\/wp-content\/uploads\/2014\/07\/logo_fes.jpg","contentUrl":"https:\/\/www.municipales.org.ar\/festram\/wp-content\/uploads\/2014\/07\/logo_fes.jpg","width":661,"height":673,"caption":"Federaci\u00f3n de Sindicatos de Trabajadores Municipales de la Provincia de Santa Fe"},"image":{"@id":"https:\/\/municipales.org.ar\/festram\/#\/schema\/logo\/image\/"},"sameAs":["https:\/\/www.facebook.com\/MunicipalesSF","https:\/\/x.com\/MunicipalesSF","https:\/\/www.youtube.com\/user\/festram"]},{"@type":"Person","@id":"https:\/\/municipales.org.ar\/festram\/#\/schema\/person\/49096a774c48ce9063df4d59ec059f9e","name":"mun_admin"}]}},"jetpack_publicize_connections":[],"jetpack_featured_media_url":"https:\/\/municipales.org.ar\/festram\/wp-content\/uploads\/2020\/10\/816672B7-AC75-4604-A2BA-8CE7C8C3B548.jpg","jetpack_sharing_enabled":true,"jetpack_likes_enabled":false,"jetpack_shortlink":"https:\/\/wp.me\/p7l4x1-3UZ","_links":{"self":[{"href":"https:\/\/municipales.org.ar\/festram\/wp-json\/wp\/v2\/posts\/15065","targetHints":{"allow":["GET"]}}],"collection":[{"href":"https:\/\/municipales.org.ar\/festram\/wp-json\/wp\/v2\/posts"}],"about":[{"href":"https:\/\/municipales.org.ar\/festram\/wp-json\/wp\/v2\/types\/post"}],"author":[{"embeddable":true,"href":"https:\/\/municipales.org.ar\/festram\/wp-json\/wp\/v2\/users\/1"}],"replies":[{"embeddable":true,"href":"https:\/\/municipales.org.ar\/festram\/wp-json\/wp\/v2\/comments?post=15065"}],"version-history":[{"count":3,"href":"https:\/\/municipales.org.ar\/festram\/wp-json\/wp\/v2\/posts\/15065\/revisions"}],"predecessor-version":[{"id":15070,"href":"https:\/\/municipales.org.ar\/festram\/wp-json\/wp\/v2\/posts\/15065\/revisions\/15070"}],"wp:featuredmedia":[{"embeddable":true,"href":"https:\/\/municipales.org.ar\/festram\/wp-json\/wp\/v2\/media\/15066"}],"wp:attachment":[{"href":"https:\/\/municipales.org.ar\/festram\/wp-json\/wp\/v2\/media?parent=15065"}],"wp:term":[{"taxonomy":"category","embeddable":true,"href":"https:\/\/municipales.org.ar\/festram\/wp-json\/wp\/v2\/categories?post=15065"},{"taxonomy":"post_tag","embeddable":true,"href":"https:\/\/municipales.org.ar\/festram\/wp-json\/wp\/v2\/tags?post=15065"}],"curies":[{"name":"wp","href":"https:\/\/api.w.org\/{rel}","templated":true}]}}