{"id":15079,"date":"2020-10-08T20:40:41","date_gmt":"2020-10-08T23:40:41","guid":{"rendered":"https:\/\/www.municipales.org.ar\/festram\/?p=15079"},"modified":"2020-10-15T21:18:47","modified_gmt":"2020-10-16T00:18:47","slug":"contundente-demostracion-de-las-y-los-municipales-en-defensa-de-sus-derechos","status":"publish","type":"post","link":"https:\/\/municipales.org.ar\/festram\/contundente-demostracion-de-las-y-los-municipales-en-defensa-de-sus-derechos\/","title":{"rendered":"Contundente demostraci\u00f3n de las y los Municipales en defensa de sus derechos"},"content":{"rendered":"\n<p><\/p>\n\n\n\n<p><\/p>\n\n\n\n<h3 class=\"wp-block-heading\">Hubo cortes de ruta, protestas callejeras y contin\u00faa el paro de 48 horas<br><br><\/h3>\n\n\n\n<p>Las distintas Regionales de la Federaci\u00f3n y los Sindicatos que componen cada una de ellas organizaron durante el mi\u00e9rcoles pasado cuatro cortes de ruta: en la autopista Santa Fe-Rosario a la altura de la localidad de Arocena, en la intersecci\u00f3n de la RN 33 con la provincial 178 en el sur as\u00ed como la RN 33 en Venado Tuerto y sobre la RN 11 en las inmediaciones del puente que une las ciudades de Reconquista y Avellaneda. La contundencia de estas acciones fueron acompa\u00f1adas tambi\u00e9n en numerosas localidades donde los gremios instalaron carteles, pasacalles y entregaron volantes informativos.<\/p>\n\n\n\n<figure class=\"wp-block-embed-facebook wp-block-embed is-type-rich is-provider-facebook\"><div class=\"wp-block-embed__wrapper\">\n<div class=\"fb-post\" data-href=\"https:\/\/www.facebook.com\/MunicipalesSF\/posts\/3584484088282149\" data-width=\"552\" style=\"background-color: #fff; display: inline-block;\"><\/div>\n<\/div><\/figure>\n\n\n\n<p>A partir de hoy jueves se desarrolla el primer d\u00eda de Paro con un alt\u00edsimo acatamiento en las Municipalidades y Comunas de la Provincia, adoptando caracter\u00edsticas locales particulares seg\u00fan la situaci\u00f3n y extensi\u00f3n del COVID, la exigencia del estricto cumplimento de las guardias m\u00ednimas y la aplicaci\u00f3n de todos los protocolos de aislamiento.<\/p>\n\n\n\n<p>Por su parte el Sindicato de Rosario, debido a la situaci\u00f3n epidemiol\u00f3gica en ese municipio y la sobrecarga de trabajo que sufren los trabajadores de la salud que conforman un alto porcentaje de la planta municipal, proceder\u00e1 a instalar una carpa frente al Palacio Municipal y radios abiertas en distintos lugares de trabajo<\/p>\n\n\n\n<figure class=\"wp-block-embed-facebook wp-block-embed is-type-rich is-provider-facebook\"><div class=\"wp-block-embed__wrapper\">\n<div class=\"fb-post\" data-href=\"https:\/\/www.facebook.com\/MunicipalesSF\/posts\/3584497974947427\" data-width=\"552\" style=\"background-color: #fff; display: inline-block;\"><\/div>\n<\/div><\/figure>\n\n\n\n<p>El conjunto de las trabajadoras y trabajadores municipales y comunales santafesinos han dado, nuevamente, una clara y masiva demostraci\u00f3n de su capacidad de movilizaci\u00f3n en defensa de sus derechos; situaci\u00f3n \u00e9sta que deber\u00eda ser advertida y solucionada por los responsables de los Ejecutivos locales y por las propias autoridades provinciales.<\/p>\n\n\n\n<p>En este Plan de Lucha -a\u00fan en las condiciones tan especiales que delimita la Pandemia-, las organizaciones nucledas en FESTRAM han encontrado los mecanismos y procedimientos para hacer o\u00edr sus reclamos.<\/p>\n\n\n\n<p>El cese de actividades, con las caracter\u00edsticas descriptas anteriormente,&nbsp; contin\u00faa este viernes 9 de Octubre.<\/p>\n\n\n\n<p>De no mediar propuestas superadoras por parte de los paritarios representantes de los Municipios y Comunas, las medidas de fuerza se profundizar\u00e1n en las pr\u00f3ximas semanas.<\/p>\n\n\n\n<p>Prensa FESTRAM<\/p>\n\n\n\n<figure class=\"wp-block-embed-facebook wp-block-embed is-type-rich is-provider-facebook\"><div class=\"wp-block-embed__wrapper\">\n<div class=\"fb-post\" data-href=\"https:\/\/www.facebook.com\/MunicipalesSF\/posts\/3584649908265567\" data-width=\"552\" style=\"background-color: #fff; display: inline-block;\"><\/div>\n<\/div><\/figure>\n\n\n\n<figure class=\"wp-block-embed-facebook wp-block-embed is-type-rich is-provider-facebook\"><div class=\"wp-block-embed__wrapper\">\n<div class=\"fb-post\" data-href=\"https:\/\/www.facebook.com\/MunicipalesSF\/posts\/3585623548168203\" data-width=\"552\" style=\"background-color: #fff; display: inline-block;\"><\/div>\n<\/div><\/figure>\n","protected":false},"excerpt":{"rendered":"<p>Hubo cortes de ruta, protestas callejeras y contin\u00faa el paro de 48 horas<\/p>\n","protected":false},"author":1,"featured_media":15081,"comment_status":"closed","ping_status":"closed","sticky":false,"template":"","format":"standard","meta":{"_jetpack_memberships_contains_paid_content":false,"footnotes":"","jetpack_publicize_message":"","jetpack_publicize_feature_enabled":true,"jetpack_social_post_already_shared":true,"jetpack_social_options":{"image_generator_settings":{"template":"highway","default_image_id":0,"font":"","enabled":false},"version":2}},"categories":[222],"tags":[109,71,41,69],"class_list":["post-15079","post","type-post","status-publish","format-standard","has-post-thumbnail","hentry","category-comunicados-2020","tag-la-provincia","tag-medidas-de-fuerza","tag-paritaria","tag-politica-salarial"],"yoast_head":"<!-- This site is optimized with the Yoast SEO plugin v25.9 - https:\/\/yoast.com\/wordpress\/plugins\/seo\/ -->\n<title>Contundente demostraci\u00f3n de las y los Municipales en defensa de sus derechos &#8211; FESTRAM<\/title>\n<meta name=\"description\" content=\"Hubo cortes de ruta, protestas callejeras y contin\u00faa el paro de 48 horas\" \/>\n<meta name=\"robots\" content=\"index, follow, max-snippet:-1, max-image-preview:large, max-video-preview:-1\" \/>\n<link rel=\"canonical\" href=\"https:\/\/municipales.org.ar\/festram\/contundente-demostracion-de-las-y-los-municipales-en-defensa-de-sus-derechos\/\" \/>\n<meta property=\"og:locale\" content=\"es_ES\" \/>\n<meta property=\"og:type\" content=\"article\" \/>\n<meta property=\"og:title\" content=\"Contundente demostraci\u00f3n de las y los Municipales en defensa de sus derechos &#8211; FESTRAM\" \/>\n<meta property=\"og:description\" content=\"Hubo cortes de ruta, protestas callejeras y contin\u00faa el paro de 48 horas\" \/>\n<meta property=\"og:url\" content=\"https:\/\/municipales.org.ar\/festram\/contundente-demostracion-de-las-y-los-municipales-en-defensa-de-sus-derechos\/\" \/>\n<meta property=\"og:site_name\" content=\"FESTRAM\" \/>\n<meta property=\"article:publisher\" content=\"https:\/\/www.facebook.com\/MunicipalesSF\" \/>\n<meta property=\"article:published_time\" content=\"2020-10-08T23:40:41+00:00\" \/>\n<meta property=\"article:modified_time\" content=\"2020-10-16T00:18:47+00:00\" \/>\n<meta property=\"og:image\" content=\"https:\/\/municipales.org.ar\/festram\/wp-content\/uploads\/2020\/10\/DSC_7927.jpg\" \/>\n\t<meta property=\"og:image:width\" content=\"2000\" \/>\n\t<meta property=\"og:image:height\" content=\"1333\" \/>\n\t<meta property=\"og:image:type\" content=\"image\/jpeg\" \/>\n<meta name=\"author\" content=\"mun_admin\" \/>\n<meta name=\"twitter:card\" content=\"summary_large_image\" \/>\n<meta name=\"twitter:creator\" content=\"@MunicipalesSF\" \/>\n<meta name=\"twitter:site\" content=\"@MunicipalesSF\" \/>\n<meta name=\"twitter:label1\" content=\"Escrito por\" \/>\n\t<meta name=\"twitter:data1\" content=\"mun_admin\" \/>\n\t<meta name=\"twitter:label2\" content=\"Tiempo de lectura\" \/>\n\t<meta name=\"twitter:data2\" content=\"2 minutos\" \/>\n<script type=\"application\/ld+json\" class=\"yoast-schema-graph\">{\"@context\":\"https:\/\/schema.org\",\"@graph\":[{\"@type\":\"Article\",\"@id\":\"https:\/\/municipales.org.ar\/festram\/contundente-demostracion-de-las-y-los-municipales-en-defensa-de-sus-derechos\/#article\",\"isPartOf\":{\"@id\":\"https:\/\/municipales.org.ar\/festram\/contundente-demostracion-de-las-y-los-municipales-en-defensa-de-sus-derechos\/\"},\"author\":{\"name\":\"mun_admin\",\"@id\":\"https:\/\/municipales.org.ar\/festram\/#\/schema\/person\/49096a774c48ce9063df4d59ec059f9e\"},\"headline\":\"Contundente demostraci\u00f3n de las y los Municipales en defensa de sus derechos\",\"datePublished\":\"2020-10-08T23:40:41+00:00\",\"dateModified\":\"2020-10-16T00:18:47+00:00\",\"mainEntityOfPage\":{\"@id\":\"https:\/\/municipales.org.ar\/festram\/contundente-demostracion-de-las-y-los-municipales-en-defensa-de-sus-derechos\/\"},\"wordCount\":399,\"publisher\":{\"@id\":\"https:\/\/municipales.org.ar\/festram\/#organization\"},\"image\":{\"@id\":\"https:\/\/municipales.org.ar\/festram\/contundente-demostracion-de-las-y-los-municipales-en-defensa-de-sus-derechos\/#primaryimage\"},\"thumbnailUrl\":\"https:\/\/municipales.org.ar\/festram\/wp-content\/uploads\/2020\/10\/DSC_7927.jpg\",\"keywords\":[\"la provincia\",\"medidas de fuerza\",\"paritaria\",\"pol\u00edtica salarial\"],\"articleSection\":[\"Comunicados 2020\"],\"inLanguage\":\"es\"},{\"@type\":\"WebPage\",\"@id\":\"https:\/\/municipales.org.ar\/festram\/contundente-demostracion-de-las-y-los-municipales-en-defensa-de-sus-derechos\/\",\"url\":\"https:\/\/municipales.org.ar\/festram\/contundente-demostracion-de-las-y-los-municipales-en-defensa-de-sus-derechos\/\",\"name\":\"Contundente demostraci\u00f3n de las y los Municipales en defensa de sus derechos &#8211; FESTRAM\",\"isPartOf\":{\"@id\":\"https:\/\/municipales.org.ar\/festram\/#website\"},\"primaryImageOfPage\":{\"@id\":\"https:\/\/municipales.org.ar\/festram\/contundente-demostracion-de-las-y-los-municipales-en-defensa-de-sus-derechos\/#primaryimage\"},\"image\":{\"@id\":\"https:\/\/municipales.org.ar\/festram\/contundente-demostracion-de-las-y-los-municipales-en-defensa-de-sus-derechos\/#primaryimage\"},\"thumbnailUrl\":\"https:\/\/municipales.org.ar\/festram\/wp-content\/uploads\/2020\/10\/DSC_7927.jpg\",\"datePublished\":\"2020-10-08T23:40:41+00:00\",\"dateModified\":\"2020-10-16T00:18:47+00:00\",\"description\":\"Hubo cortes de ruta, protestas callejeras y contin\u00faa el paro de 48 horas\",\"breadcrumb\":{\"@id\":\"https:\/\/municipales.org.ar\/festram\/contundente-demostracion-de-las-y-los-municipales-en-defensa-de-sus-derechos\/#breadcrumb\"},\"inLanguage\":\"es\",\"potentialAction\":[{\"@type\":\"ReadAction\",\"target\":[\"https:\/\/municipales.org.ar\/festram\/contundente-demostracion-de-las-y-los-municipales-en-defensa-de-sus-derechos\/\"]}]},{\"@type\":\"ImageObject\",\"inLanguage\":\"es\",\"@id\":\"https:\/\/municipales.org.ar\/festram\/contundente-demostracion-de-las-y-los-municipales-en-defensa-de-sus-derechos\/#primaryimage\",\"url\":\"https:\/\/municipales.org.ar\/festram\/wp-content\/uploads\/2020\/10\/DSC_7927.jpg\",\"contentUrl\":\"https:\/\/municipales.org.ar\/festram\/wp-content\/uploads\/2020\/10\/DSC_7927.jpg\",\"width\":2000,\"height\":1333},{\"@type\":\"BreadcrumbList\",\"@id\":\"https:\/\/municipales.org.ar\/festram\/contundente-demostracion-de-las-y-los-municipales-en-defensa-de-sus-derechos\/#breadcrumb\",\"itemListElement\":[{\"@type\":\"ListItem\",\"position\":1,\"name\":\"Portada\",\"item\":\"https:\/\/municipales.org.ar\/festram\/\"},{\"@type\":\"ListItem\",\"position\":2,\"name\":\"Contundente demostraci\u00f3n de las y los Municipales en defensa de sus derechos\"}]},{\"@type\":\"WebSite\",\"@id\":\"https:\/\/municipales.org.ar\/festram\/#website\",\"url\":\"https:\/\/municipales.org.ar\/festram\/\",\"name\":\"FESTRAM\",\"description\":\"La web de los trabajadores municipales\",\"publisher\":{\"@id\":\"https:\/\/municipales.org.ar\/festram\/#organization\"},\"potentialAction\":[{\"@type\":\"SearchAction\",\"target\":{\"@type\":\"EntryPoint\",\"urlTemplate\":\"https:\/\/municipales.org.ar\/festram\/?s={search_term_string}\"},\"query-input\":{\"@type\":\"PropertyValueSpecification\",\"valueRequired\":true,\"valueName\":\"search_term_string\"}}],\"inLanguage\":\"es\"},{\"@type\":\"Organization\",\"@id\":\"https:\/\/municipales.org.ar\/festram\/#organization\",\"name\":\"Federaci\u00f3n de Sindicatos de Trabajadores Municipales de la Provincia de Santa Fe\",\"url\":\"https:\/\/municipales.org.ar\/festram\/\",\"logo\":{\"@type\":\"ImageObject\",\"inLanguage\":\"es\",\"@id\":\"https:\/\/municipales.org.ar\/festram\/#\/schema\/logo\/image\/\",\"url\":\"https:\/\/www.municipales.org.ar\/festram\/wp-content\/uploads\/2014\/07\/logo_fes.jpg\",\"contentUrl\":\"https:\/\/www.municipales.org.ar\/festram\/wp-content\/uploads\/2014\/07\/logo_fes.jpg\",\"width\":661,\"height\":673,\"caption\":\"Federaci\u00f3n de Sindicatos de Trabajadores Municipales de la Provincia de Santa Fe\"},\"image\":{\"@id\":\"https:\/\/municipales.org.ar\/festram\/#\/schema\/logo\/image\/\"},\"sameAs\":[\"https:\/\/www.facebook.com\/MunicipalesSF\",\"https:\/\/x.com\/MunicipalesSF\",\"https:\/\/www.youtube.com\/user\/festram\"]},{\"@type\":\"Person\",\"@id\":\"https:\/\/municipales.org.ar\/festram\/#\/schema\/person\/49096a774c48ce9063df4d59ec059f9e\",\"name\":\"mun_admin\"}]}<\/script>\n<!-- \/ Yoast SEO plugin. -->","yoast_head_json":{"title":"Contundente demostraci\u00f3n de las y los Municipales en defensa de sus derechos &#8211; FESTRAM","description":"Hubo cortes de ruta, protestas callejeras y contin\u00faa el paro de 48 horas","robots":{"index":"index","follow":"follow","max-snippet":"max-snippet:-1","max-image-preview":"max-image-preview:large","max-video-preview":"max-video-preview:-1"},"canonical":"https:\/\/municipales.org.ar\/festram\/contundente-demostracion-de-las-y-los-municipales-en-defensa-de-sus-derechos\/","og_locale":"es_ES","og_type":"article","og_title":"Contundente demostraci\u00f3n de las y los Municipales en defensa de sus derechos &#8211; FESTRAM","og_description":"Hubo cortes de ruta, protestas callejeras y contin\u00faa el paro de 48 horas","og_url":"https:\/\/municipales.org.ar\/festram\/contundente-demostracion-de-las-y-los-municipales-en-defensa-de-sus-derechos\/","og_site_name":"FESTRAM","article_publisher":"https:\/\/www.facebook.com\/MunicipalesSF","article_published_time":"2020-10-08T23:40:41+00:00","article_modified_time":"2020-10-16T00:18:47+00:00","og_image":[{"width":2000,"height":1333,"url":"https:\/\/municipales.org.ar\/festram\/wp-content\/uploads\/2020\/10\/DSC_7927.jpg","type":"image\/jpeg"}],"author":"mun_admin","twitter_card":"summary_large_image","twitter_creator":"@MunicipalesSF","twitter_site":"@MunicipalesSF","twitter_misc":{"Escrito por":"mun_admin","Tiempo de lectura":"2 minutos"},"schema":{"@context":"https:\/\/schema.org","@graph":[{"@type":"Article","@id":"https:\/\/municipales.org.ar\/festram\/contundente-demostracion-de-las-y-los-municipales-en-defensa-de-sus-derechos\/#article","isPartOf":{"@id":"https:\/\/municipales.org.ar\/festram\/contundente-demostracion-de-las-y-los-municipales-en-defensa-de-sus-derechos\/"},"author":{"name":"mun_admin","@id":"https:\/\/municipales.org.ar\/festram\/#\/schema\/person\/49096a774c48ce9063df4d59ec059f9e"},"headline":"Contundente demostraci\u00f3n de las y los Municipales en defensa de sus derechos","datePublished":"2020-10-08T23:40:41+00:00","dateModified":"2020-10-16T00:18:47+00:00","mainEntityOfPage":{"@id":"https:\/\/municipales.org.ar\/festram\/contundente-demostracion-de-las-y-los-municipales-en-defensa-de-sus-derechos\/"},"wordCount":399,"publisher":{"@id":"https:\/\/municipales.org.ar\/festram\/#organization"},"image":{"@id":"https:\/\/municipales.org.ar\/festram\/contundente-demostracion-de-las-y-los-municipales-en-defensa-de-sus-derechos\/#primaryimage"},"thumbnailUrl":"https:\/\/municipales.org.ar\/festram\/wp-content\/uploads\/2020\/10\/DSC_7927.jpg","keywords":["la provincia","medidas de fuerza","paritaria","pol\u00edtica salarial"],"articleSection":["Comunicados 2020"],"inLanguage":"es"},{"@type":"WebPage","@id":"https:\/\/municipales.org.ar\/festram\/contundente-demostracion-de-las-y-los-municipales-en-defensa-de-sus-derechos\/","url":"https:\/\/municipales.org.ar\/festram\/contundente-demostracion-de-las-y-los-municipales-en-defensa-de-sus-derechos\/","name":"Contundente demostraci\u00f3n de las y los Municipales en defensa de sus derechos &#8211; FESTRAM","isPartOf":{"@id":"https:\/\/municipales.org.ar\/festram\/#website"},"primaryImageOfPage":{"@id":"https:\/\/municipales.org.ar\/festram\/contundente-demostracion-de-las-y-los-municipales-en-defensa-de-sus-derechos\/#primaryimage"},"image":{"@id":"https:\/\/municipales.org.ar\/festram\/contundente-demostracion-de-las-y-los-municipales-en-defensa-de-sus-derechos\/#primaryimage"},"thumbnailUrl":"https:\/\/municipales.org.ar\/festram\/wp-content\/uploads\/2020\/10\/DSC_7927.jpg","datePublished":"2020-10-08T23:40:41+00:00","dateModified":"2020-10-16T00:18:47+00:00","description":"Hubo cortes de ruta, protestas callejeras y contin\u00faa el paro de 48 horas","breadcrumb":{"@id":"https:\/\/municipales.org.ar\/festram\/contundente-demostracion-de-las-y-los-municipales-en-defensa-de-sus-derechos\/#breadcrumb"},"inLanguage":"es","potentialAction":[{"@type":"ReadAction","target":["https:\/\/municipales.org.ar\/festram\/contundente-demostracion-de-las-y-los-municipales-en-defensa-de-sus-derechos\/"]}]},{"@type":"ImageObject","inLanguage":"es","@id":"https:\/\/municipales.org.ar\/festram\/contundente-demostracion-de-las-y-los-municipales-en-defensa-de-sus-derechos\/#primaryimage","url":"https:\/\/municipales.org.ar\/festram\/wp-content\/uploads\/2020\/10\/DSC_7927.jpg","contentUrl":"https:\/\/municipales.org.ar\/festram\/wp-content\/uploads\/2020\/10\/DSC_7927.jpg","width":2000,"height":1333},{"@type":"BreadcrumbList","@id":"https:\/\/municipales.org.ar\/festram\/contundente-demostracion-de-las-y-los-municipales-en-defensa-de-sus-derechos\/#breadcrumb","itemListElement":[{"@type":"ListItem","position":1,"name":"Portada","item":"https:\/\/municipales.org.ar\/festram\/"},{"@type":"ListItem","position":2,"name":"Contundente demostraci\u00f3n de las y los Municipales en defensa de sus derechos"}]},{"@type":"WebSite","@id":"https:\/\/municipales.org.ar\/festram\/#website","url":"https:\/\/municipales.org.ar\/festram\/","name":"FESTRAM","description":"La web de los trabajadores municipales","publisher":{"@id":"https:\/\/municipales.org.ar\/festram\/#organization"},"potentialAction":[{"@type":"SearchAction","target":{"@type":"EntryPoint","urlTemplate":"https:\/\/municipales.org.ar\/festram\/?s={search_term_string}"},"query-input":{"@type":"PropertyValueSpecification","valueRequired":true,"valueName":"search_term_string"}}],"inLanguage":"es"},{"@type":"Organization","@id":"https:\/\/municipales.org.ar\/festram\/#organization","name":"Federaci\u00f3n de Sindicatos de Trabajadores Municipales de la Provincia de Santa Fe","url":"https:\/\/municipales.org.ar\/festram\/","logo":{"@type":"ImageObject","inLanguage":"es","@id":"https:\/\/municipales.org.ar\/festram\/#\/schema\/logo\/image\/","url":"https:\/\/www.municipales.org.ar\/festram\/wp-content\/uploads\/2014\/07\/logo_fes.jpg","contentUrl":"https:\/\/www.municipales.org.ar\/festram\/wp-content\/uploads\/2014\/07\/logo_fes.jpg","width":661,"height":673,"caption":"Federaci\u00f3n de Sindicatos de Trabajadores Municipales de la Provincia de Santa Fe"},"image":{"@id":"https:\/\/municipales.org.ar\/festram\/#\/schema\/logo\/image\/"},"sameAs":["https:\/\/www.facebook.com\/MunicipalesSF","https:\/\/x.com\/MunicipalesSF","https:\/\/www.youtube.com\/user\/festram"]},{"@type":"Person","@id":"https:\/\/municipales.org.ar\/festram\/#\/schema\/person\/49096a774c48ce9063df4d59ec059f9e","name":"mun_admin"}]}},"jetpack_publicize_connections":[],"jetpack_featured_media_url":"https:\/\/municipales.org.ar\/festram\/wp-content\/uploads\/2020\/10\/DSC_7927.jpg","jetpack_sharing_enabled":true,"jetpack_likes_enabled":false,"jetpack_shortlink":"https:\/\/wp.me\/p7l4x1-3Vd","_links":{"self":[{"href":"https:\/\/municipales.org.ar\/festram\/wp-json\/wp\/v2\/posts\/15079","targetHints":{"allow":["GET"]}}],"collection":[{"href":"https:\/\/municipales.org.ar\/festram\/wp-json\/wp\/v2\/posts"}],"about":[{"href":"https:\/\/municipales.org.ar\/festram\/wp-json\/wp\/v2\/types\/post"}],"author":[{"embeddable":true,"href":"https:\/\/municipales.org.ar\/festram\/wp-json\/wp\/v2\/users\/1"}],"replies":[{"embeddable":true,"href":"https:\/\/municipales.org.ar\/festram\/wp-json\/wp\/v2\/comments?post=15079"}],"version-history":[{"count":2,"href":"https:\/\/municipales.org.ar\/festram\/wp-json\/wp\/v2\/posts\/15079\/revisions"}],"predecessor-version":[{"id":15082,"href":"https:\/\/municipales.org.ar\/festram\/wp-json\/wp\/v2\/posts\/15079\/revisions\/15082"}],"wp:featuredmedia":[{"embeddable":true,"href":"https:\/\/municipales.org.ar\/festram\/wp-json\/wp\/v2\/media\/15081"}],"wp:attachment":[{"href":"https:\/\/municipales.org.ar\/festram\/wp-json\/wp\/v2\/media?parent=15079"}],"wp:term":[{"taxonomy":"category","embeddable":true,"href":"https:\/\/municipales.org.ar\/festram\/wp-json\/wp\/v2\/categories?post=15079"},{"taxonomy":"post_tag","embeddable":true,"href":"https:\/\/municipales.org.ar\/festram\/wp-json\/wp\/v2\/tags?post=15079"}],"curies":[{"name":"wp","href":"https:\/\/api.w.org\/{rel}","templated":true}]}}