{"id":15092,"date":"2020-10-14T20:56:33","date_gmt":"2020-10-14T23:56:33","guid":{"rendered":"https:\/\/www.municipales.org.ar\/festram\/?p=15092"},"modified":"2022-03-25T20:54:05","modified_gmt":"2022-03-25T23:54:05","slug":"gremios-municipales-e-intendentes-arribaron-a-un-acuerdo-salarial","status":"publish","type":"post","link":"https:\/\/municipales.org.ar\/festram\/gremios-municipales-e-intendentes-arribaron-a-un-acuerdo-salarial\/","title":{"rendered":"Gremios Municipales e Intendentes arribaron a un acuerdo salarial"},"content":{"rendered":"\n<p><\/p>\n\n\n\n<h3 class=\"wp-block-heading\">El Convenio ser\u00e1 puesto a consideraci\u00f3n del Plenario de Secretarios Generales de los Sindicatos adheridos a FESTRAM.<br><br><\/h3>\n\n\n\n<p>Este mi\u00e9rcoles los representantes paritarios de los Trabajadores y de los Intendentes y Presidentes Comunales establecieron un acuerdo salarial, que ser\u00e1 sometido a consideraci\u00f3n de un Plenario de Secretarios Generales, el cual sesionar\u00e1 en forma virtual en la tarde de este Jueves.<\/p>\n\n\n\n<p>Se arrib\u00f3 a un acuerdo marco que fija las condiciones salariales y formas de pago m\u00ednimas para la totalidad de los trabajadores y trabajadoras de Municipios y Comunas de la Provincia de Santa Fe, por lo que <strong>a partir de ahora los Sindicatos quedan facultados para obtener mejoras superiores al acuerdo de referencia.<\/strong> As\u00ed tambi\u00e9n, constituyendo la negociaci\u00f3n colectiva un piso, de ninguna manera se podr\u00e1n reducir los salarios superiores al presente acuerdo.<\/p>\n\n\n\n<p><strong>El Incremento Salarial consiste en un<\/strong> <strong>aumento del 20%<\/strong> (veinte por ciento) sobre la pol\u00edtica salarial vigente en cada jurisdicci\u00f3n. Este aumento del 20% se abonar\u00e1 en 2 tramos: 18% en diciembre de 2020, complementando el restante 2% con los haberes del mes de enero de 2021.&nbsp;<\/p>\n\n\n\n<p>Habr\u00e1 una suma fija no remunerativa y no bonificable de $5.000 (pesos cinco mil) para todo el personal activo (permanente, contratados y eventuales), en los meses de septiembre, octubre y noviembre de 2020. El monto correspondiente a septiembre se abonar\u00e1 por planilla complementaria y los correspondientes a octubre y noviembre se pagar\u00e1n junto con los haberes de cada uno de esos meses. Los pasivos percibir\u00e1n en ese per\u00edodo un monto de $ 3.000 durante los meses descriptos y el 20% de sus retribuciones de la misma manera que el sector activo.<\/p>\n\n\n\n<p><strong>El incremento del 20% indicado es remunerativo y bonificable, real y efectivo<\/strong>, (el porcentaje se aplica sobre los salarios que ya contienen el total de la inflaci\u00f3n de 53,1% producida en 2019) que correspond\u00edan al mes de diciembre 2019, abonados durante enero del corriente a\u00f1o.-<\/p>\n\n\n\n<p>Este acuerdo <strong>corresponde a la pol\u00edtica salarial del a\u00f1o 2020 para el personal activo (planta permanente, contratados, eventuales y\/u otra modalidad de contrataci\u00f3n) de todos los Municipios y Comunas de la Provincia de Santa Fe.<\/strong> De la misma manera, el aumento pactado, eleva el Salario M\u00ednimo Garantizado de Bolsillo llev\u00e1ndolo a la suma de $34.394 para los meses de septiembre, octubre y noviembre. A partir del mes de diciembre ascender\u00e1 a $34.684.- y al mes de enero 2021 ascender\u00e1 a $35.272.- (excluyendo Horas Extras, Asignaciones Familiares y Presentismo).-<\/p>\n\n\n\n<p>De esta manera, <strong>el Salario M\u00ednimo Garantizado de bolsillo para los trabajadores de Municipios y Comunas se ubicar\u00e1 en el mes de enero 63% por encima del Salario M\u00ednimo Vital y M\u00f3vil establecido hoy a nivel nacional para el mes de marzo del 2021.<\/strong><\/p>\n\n\n\n<p>Se acuerda tambi\u00e9n que <strong>no habr\u00e1 descuentos de salarios ni de presentismo por las medidas de fuerza<\/strong> adoptadas en el reclamo de la pol\u00edtica salarial 2020.<\/p>\n\n\n\n<p><strong>Sobre las Asignaciones Familiares, FESTRAM reiter\u00f3 el reclamo de su actualizaci\u00f3n<\/strong>, y dado que las gestiones comprometidas por el Poder Ejecutivo no han sido concretadas efectivamente y el Proyecto de Ley a\u00fan est\u00e1 en tr\u00e1mite parlamentario, el gremio advirti\u00f3 que continuar\u00e1 con las acciones legales que viene tramitando ahora en los tribunales correspondientes.<\/p>\n\n\n\n<p>El Secretario de Trabajo asegur\u00f3 por su parte que est\u00e1 realizando las gestiones pertinentes para que las ART cubran al COVID-19 como enfermedad profesional a todos los trabajadores de la Provincia de Santa Fe.<\/p>\n\n\n\n<p>Asimismo, se conformar\u00e1 una <strong>comisi\u00f3n entre FESTRAM y el Ministerio de Trabajo para poner en funcionamiento los Comit\u00e9s Mixtos de Salud y Seguridad Laboral,<\/strong> en aquellas Municipalidades y Comunas en las que a\u00fan no han sido constituidos. Los mismos deber\u00e1n ajustar los Protocolos de Seguridad tanto en el orden laboral como comunitario.<\/p>\n\n\n\n<h6 class=\"wp-block-heading\">Prensa FESTRAM<\/h6>\n","protected":false},"excerpt":{"rendered":"<p>El Convenio ser\u00e1 puesto a consideraci\u00f3n del Plenario de Secretarios Generales de los Sindicatos adheridos a FESTRAM.<\/p>\n","protected":false},"author":1,"featured_media":15093,"comment_status":"closed","ping_status":"closed","sticky":false,"template":"","format":"standard","meta":{"_jetpack_memberships_contains_paid_content":false,"footnotes":"","jetpack_publicize_message":"","jetpack_publicize_feature_enabled":true,"jetpack_social_post_already_shared":true,"jetpack_social_options":{"image_generator_settings":{"template":"highway","default_image_id":0,"font":"","enabled":false},"version":2}},"categories":[222,60,59],"tags":[109,41,69,91],"class_list":["post-15092","post","type-post","status-publish","format-standard","has-post-thumbnail","hentry","category-comunicados-2020","category-salarios-mas-notas","category-salarios-y-paritarias","tag-la-provincia","tag-paritaria","tag-politica-salarial","tag-salud-y-seguridad"],"yoast_head":"<!-- This site is optimized with the Yoast SEO plugin v25.9 - https:\/\/yoast.com\/wordpress\/plugins\/seo\/ -->\n<title>Gremios Municipales e Intendentes arribaron a un acuerdo salarial &#8211; FESTRAM<\/title>\n<meta name=\"description\" content=\"El Convenio ser\u00e1 puesto a consideraci\u00f3n del Plenario de Secretarios Generales de los Sindicatos adheridos a FESTRAM.\" \/>\n<meta name=\"robots\" content=\"index, follow, max-snippet:-1, max-image-preview:large, max-video-preview:-1\" \/>\n<link rel=\"canonical\" href=\"https:\/\/municipales.org.ar\/festram\/gremios-municipales-e-intendentes-arribaron-a-un-acuerdo-salarial\/\" \/>\n<meta property=\"og:locale\" content=\"es_ES\" \/>\n<meta property=\"og:type\" content=\"article\" \/>\n<meta property=\"og:title\" content=\"Gremios Municipales e Intendentes arribaron a un acuerdo salarial &#8211; FESTRAM\" \/>\n<meta property=\"og:description\" content=\"El Convenio ser\u00e1 puesto a consideraci\u00f3n del Plenario de Secretarios Generales de los Sindicatos adheridos a FESTRAM.\" \/>\n<meta property=\"og:url\" content=\"https:\/\/municipales.org.ar\/festram\/gremios-municipales-e-intendentes-arribaron-a-un-acuerdo-salarial\/\" \/>\n<meta property=\"og:site_name\" content=\"FESTRAM\" \/>\n<meta property=\"article:publisher\" content=\"https:\/\/www.facebook.com\/MunicipalesSF\" \/>\n<meta property=\"article:published_time\" content=\"2020-10-14T23:56:33+00:00\" \/>\n<meta property=\"article:modified_time\" content=\"2022-03-25T23:54:05+00:00\" \/>\n<meta property=\"og:image\" content=\"https:\/\/municipales.org.ar\/festram\/wp-content\/uploads\/2020\/10\/WhatsApp-Image-2020-10-14-at-16.00.38.jpeg\" \/>\n\t<meta property=\"og:image:width\" content=\"1280\" \/>\n\t<meta property=\"og:image:height\" content=\"808\" \/>\n\t<meta property=\"og:image:type\" content=\"image\/jpeg\" \/>\n<meta name=\"author\" content=\"mun_admin\" \/>\n<meta name=\"twitter:card\" content=\"summary_large_image\" \/>\n<meta name=\"twitter:creator\" content=\"@MunicipalesSF\" \/>\n<meta name=\"twitter:site\" content=\"@MunicipalesSF\" \/>\n<meta name=\"twitter:label1\" content=\"Escrito por\" \/>\n\t<meta name=\"twitter:data1\" content=\"mun_admin\" \/>\n\t<meta name=\"twitter:label2\" content=\"Tiempo de lectura\" \/>\n\t<meta name=\"twitter:data2\" content=\"3 minutos\" \/>\n<script type=\"application\/ld+json\" class=\"yoast-schema-graph\">{\"@context\":\"https:\/\/schema.org\",\"@graph\":[{\"@type\":\"Article\",\"@id\":\"https:\/\/municipales.org.ar\/festram\/gremios-municipales-e-intendentes-arribaron-a-un-acuerdo-salarial\/#article\",\"isPartOf\":{\"@id\":\"https:\/\/municipales.org.ar\/festram\/gremios-municipales-e-intendentes-arribaron-a-un-acuerdo-salarial\/\"},\"author\":{\"name\":\"mun_admin\",\"@id\":\"https:\/\/municipales.org.ar\/festram\/#\/schema\/person\/49096a774c48ce9063df4d59ec059f9e\"},\"headline\":\"Gremios Municipales e Intendentes arribaron a un acuerdo salarial\",\"datePublished\":\"2020-10-14T23:56:33+00:00\",\"dateModified\":\"2022-03-25T23:54:05+00:00\",\"mainEntityOfPage\":{\"@id\":\"https:\/\/municipales.org.ar\/festram\/gremios-municipales-e-intendentes-arribaron-a-un-acuerdo-salarial\/\"},\"wordCount\":637,\"publisher\":{\"@id\":\"https:\/\/municipales.org.ar\/festram\/#organization\"},\"image\":{\"@id\":\"https:\/\/municipales.org.ar\/festram\/gremios-municipales-e-intendentes-arribaron-a-un-acuerdo-salarial\/#primaryimage\"},\"thumbnailUrl\":\"https:\/\/municipales.org.ar\/festram\/wp-content\/uploads\/2020\/10\/WhatsApp-Image-2020-10-14-at-16.00.38.jpeg\",\"keywords\":[\"la provincia\",\"paritaria\",\"pol\u00edtica salarial\",\"salud y seguridad\"],\"articleSection\":[\"Comunicados 2020\",\"Salarios M\u00e1s Notas\",\"Salarios y Paritarias\"],\"inLanguage\":\"es\"},{\"@type\":\"WebPage\",\"@id\":\"https:\/\/municipales.org.ar\/festram\/gremios-municipales-e-intendentes-arribaron-a-un-acuerdo-salarial\/\",\"url\":\"https:\/\/municipales.org.ar\/festram\/gremios-municipales-e-intendentes-arribaron-a-un-acuerdo-salarial\/\",\"name\":\"Gremios Municipales e Intendentes arribaron a un acuerdo salarial &#8211; FESTRAM\",\"isPartOf\":{\"@id\":\"https:\/\/municipales.org.ar\/festram\/#website\"},\"primaryImageOfPage\":{\"@id\":\"https:\/\/municipales.org.ar\/festram\/gremios-municipales-e-intendentes-arribaron-a-un-acuerdo-salarial\/#primaryimage\"},\"image\":{\"@id\":\"https:\/\/municipales.org.ar\/festram\/gremios-municipales-e-intendentes-arribaron-a-un-acuerdo-salarial\/#primaryimage\"},\"thumbnailUrl\":\"https:\/\/municipales.org.ar\/festram\/wp-content\/uploads\/2020\/10\/WhatsApp-Image-2020-10-14-at-16.00.38.jpeg\",\"datePublished\":\"2020-10-14T23:56:33+00:00\",\"dateModified\":\"2022-03-25T23:54:05+00:00\",\"description\":\"El Convenio ser\u00e1 puesto a consideraci\u00f3n del Plenario de Secretarios Generales de los Sindicatos adheridos a FESTRAM.\",\"breadcrumb\":{\"@id\":\"https:\/\/municipales.org.ar\/festram\/gremios-municipales-e-intendentes-arribaron-a-un-acuerdo-salarial\/#breadcrumb\"},\"inLanguage\":\"es\",\"potentialAction\":[{\"@type\":\"ReadAction\",\"target\":[\"https:\/\/municipales.org.ar\/festram\/gremios-municipales-e-intendentes-arribaron-a-un-acuerdo-salarial\/\"]}]},{\"@type\":\"ImageObject\",\"inLanguage\":\"es\",\"@id\":\"https:\/\/municipales.org.ar\/festram\/gremios-municipales-e-intendentes-arribaron-a-un-acuerdo-salarial\/#primaryimage\",\"url\":\"https:\/\/municipales.org.ar\/festram\/wp-content\/uploads\/2020\/10\/WhatsApp-Image-2020-10-14-at-16.00.38.jpeg\",\"contentUrl\":\"https:\/\/municipales.org.ar\/festram\/wp-content\/uploads\/2020\/10\/WhatsApp-Image-2020-10-14-at-16.00.38.jpeg\",\"width\":1280,\"height\":808},{\"@type\":\"BreadcrumbList\",\"@id\":\"https:\/\/municipales.org.ar\/festram\/gremios-municipales-e-intendentes-arribaron-a-un-acuerdo-salarial\/#breadcrumb\",\"itemListElement\":[{\"@type\":\"ListItem\",\"position\":1,\"name\":\"Portada\",\"item\":\"https:\/\/municipales.org.ar\/festram\/\"},{\"@type\":\"ListItem\",\"position\":2,\"name\":\"Gremios Municipales e Intendentes arribaron a un acuerdo salarial\"}]},{\"@type\":\"WebSite\",\"@id\":\"https:\/\/municipales.org.ar\/festram\/#website\",\"url\":\"https:\/\/municipales.org.ar\/festram\/\",\"name\":\"FESTRAM\",\"description\":\"La web de los trabajadores municipales\",\"publisher\":{\"@id\":\"https:\/\/municipales.org.ar\/festram\/#organization\"},\"potentialAction\":[{\"@type\":\"SearchAction\",\"target\":{\"@type\":\"EntryPoint\",\"urlTemplate\":\"https:\/\/municipales.org.ar\/festram\/?s={search_term_string}\"},\"query-input\":{\"@type\":\"PropertyValueSpecification\",\"valueRequired\":true,\"valueName\":\"search_term_string\"}}],\"inLanguage\":\"es\"},{\"@type\":\"Organization\",\"@id\":\"https:\/\/municipales.org.ar\/festram\/#organization\",\"name\":\"Federaci\u00f3n de Sindicatos de Trabajadores Municipales de la Provincia de Santa Fe\",\"url\":\"https:\/\/municipales.org.ar\/festram\/\",\"logo\":{\"@type\":\"ImageObject\",\"inLanguage\":\"es\",\"@id\":\"https:\/\/municipales.org.ar\/festram\/#\/schema\/logo\/image\/\",\"url\":\"https:\/\/www.municipales.org.ar\/festram\/wp-content\/uploads\/2014\/07\/logo_fes.jpg\",\"contentUrl\":\"https:\/\/www.municipales.org.ar\/festram\/wp-content\/uploads\/2014\/07\/logo_fes.jpg\",\"width\":661,\"height\":673,\"caption\":\"Federaci\u00f3n de Sindicatos de Trabajadores Municipales de la Provincia de Santa Fe\"},\"image\":{\"@id\":\"https:\/\/municipales.org.ar\/festram\/#\/schema\/logo\/image\/\"},\"sameAs\":[\"https:\/\/www.facebook.com\/MunicipalesSF\",\"https:\/\/x.com\/MunicipalesSF\",\"https:\/\/www.youtube.com\/user\/festram\"]},{\"@type\":\"Person\",\"@id\":\"https:\/\/municipales.org.ar\/festram\/#\/schema\/person\/49096a774c48ce9063df4d59ec059f9e\",\"name\":\"mun_admin\"}]}<\/script>\n<!-- \/ Yoast SEO plugin. -->","yoast_head_json":{"title":"Gremios Municipales e Intendentes arribaron a un acuerdo salarial &#8211; FESTRAM","description":"El Convenio ser\u00e1 puesto a consideraci\u00f3n del Plenario de Secretarios Generales de los Sindicatos adheridos a FESTRAM.","robots":{"index":"index","follow":"follow","max-snippet":"max-snippet:-1","max-image-preview":"max-image-preview:large","max-video-preview":"max-video-preview:-1"},"canonical":"https:\/\/municipales.org.ar\/festram\/gremios-municipales-e-intendentes-arribaron-a-un-acuerdo-salarial\/","og_locale":"es_ES","og_type":"article","og_title":"Gremios Municipales e Intendentes arribaron a un acuerdo salarial &#8211; FESTRAM","og_description":"El Convenio ser\u00e1 puesto a consideraci\u00f3n del Plenario de Secretarios Generales de los Sindicatos adheridos a FESTRAM.","og_url":"https:\/\/municipales.org.ar\/festram\/gremios-municipales-e-intendentes-arribaron-a-un-acuerdo-salarial\/","og_site_name":"FESTRAM","article_publisher":"https:\/\/www.facebook.com\/MunicipalesSF","article_published_time":"2020-10-14T23:56:33+00:00","article_modified_time":"2022-03-25T23:54:05+00:00","og_image":[{"width":1280,"height":808,"url":"https:\/\/municipales.org.ar\/festram\/wp-content\/uploads\/2020\/10\/WhatsApp-Image-2020-10-14-at-16.00.38.jpeg","type":"image\/jpeg"}],"author":"mun_admin","twitter_card":"summary_large_image","twitter_creator":"@MunicipalesSF","twitter_site":"@MunicipalesSF","twitter_misc":{"Escrito por":"mun_admin","Tiempo de lectura":"3 minutos"},"schema":{"@context":"https:\/\/schema.org","@graph":[{"@type":"Article","@id":"https:\/\/municipales.org.ar\/festram\/gremios-municipales-e-intendentes-arribaron-a-un-acuerdo-salarial\/#article","isPartOf":{"@id":"https:\/\/municipales.org.ar\/festram\/gremios-municipales-e-intendentes-arribaron-a-un-acuerdo-salarial\/"},"author":{"name":"mun_admin","@id":"https:\/\/municipales.org.ar\/festram\/#\/schema\/person\/49096a774c48ce9063df4d59ec059f9e"},"headline":"Gremios Municipales e Intendentes arribaron a un acuerdo salarial","datePublished":"2020-10-14T23:56:33+00:00","dateModified":"2022-03-25T23:54:05+00:00","mainEntityOfPage":{"@id":"https:\/\/municipales.org.ar\/festram\/gremios-municipales-e-intendentes-arribaron-a-un-acuerdo-salarial\/"},"wordCount":637,"publisher":{"@id":"https:\/\/municipales.org.ar\/festram\/#organization"},"image":{"@id":"https:\/\/municipales.org.ar\/festram\/gremios-municipales-e-intendentes-arribaron-a-un-acuerdo-salarial\/#primaryimage"},"thumbnailUrl":"https:\/\/municipales.org.ar\/festram\/wp-content\/uploads\/2020\/10\/WhatsApp-Image-2020-10-14-at-16.00.38.jpeg","keywords":["la provincia","paritaria","pol\u00edtica salarial","salud y seguridad"],"articleSection":["Comunicados 2020","Salarios M\u00e1s Notas","Salarios y Paritarias"],"inLanguage":"es"},{"@type":"WebPage","@id":"https:\/\/municipales.org.ar\/festram\/gremios-municipales-e-intendentes-arribaron-a-un-acuerdo-salarial\/","url":"https:\/\/municipales.org.ar\/festram\/gremios-municipales-e-intendentes-arribaron-a-un-acuerdo-salarial\/","name":"Gremios Municipales e Intendentes arribaron a un acuerdo salarial &#8211; FESTRAM","isPartOf":{"@id":"https:\/\/municipales.org.ar\/festram\/#website"},"primaryImageOfPage":{"@id":"https:\/\/municipales.org.ar\/festram\/gremios-municipales-e-intendentes-arribaron-a-un-acuerdo-salarial\/#primaryimage"},"image":{"@id":"https:\/\/municipales.org.ar\/festram\/gremios-municipales-e-intendentes-arribaron-a-un-acuerdo-salarial\/#primaryimage"},"thumbnailUrl":"https:\/\/municipales.org.ar\/festram\/wp-content\/uploads\/2020\/10\/WhatsApp-Image-2020-10-14-at-16.00.38.jpeg","datePublished":"2020-10-14T23:56:33+00:00","dateModified":"2022-03-25T23:54:05+00:00","description":"El Convenio ser\u00e1 puesto a consideraci\u00f3n del Plenario de Secretarios Generales de los Sindicatos adheridos a FESTRAM.","breadcrumb":{"@id":"https:\/\/municipales.org.ar\/festram\/gremios-municipales-e-intendentes-arribaron-a-un-acuerdo-salarial\/#breadcrumb"},"inLanguage":"es","potentialAction":[{"@type":"ReadAction","target":["https:\/\/municipales.org.ar\/festram\/gremios-municipales-e-intendentes-arribaron-a-un-acuerdo-salarial\/"]}]},{"@type":"ImageObject","inLanguage":"es","@id":"https:\/\/municipales.org.ar\/festram\/gremios-municipales-e-intendentes-arribaron-a-un-acuerdo-salarial\/#primaryimage","url":"https:\/\/municipales.org.ar\/festram\/wp-content\/uploads\/2020\/10\/WhatsApp-Image-2020-10-14-at-16.00.38.jpeg","contentUrl":"https:\/\/municipales.org.ar\/festram\/wp-content\/uploads\/2020\/10\/WhatsApp-Image-2020-10-14-at-16.00.38.jpeg","width":1280,"height":808},{"@type":"BreadcrumbList","@id":"https:\/\/municipales.org.ar\/festram\/gremios-municipales-e-intendentes-arribaron-a-un-acuerdo-salarial\/#breadcrumb","itemListElement":[{"@type":"ListItem","position":1,"name":"Portada","item":"https:\/\/municipales.org.ar\/festram\/"},{"@type":"ListItem","position":2,"name":"Gremios Municipales e Intendentes arribaron a un acuerdo salarial"}]},{"@type":"WebSite","@id":"https:\/\/municipales.org.ar\/festram\/#website","url":"https:\/\/municipales.org.ar\/festram\/","name":"FESTRAM","description":"La web de los trabajadores municipales","publisher":{"@id":"https:\/\/municipales.org.ar\/festram\/#organization"},"potentialAction":[{"@type":"SearchAction","target":{"@type":"EntryPoint","urlTemplate":"https:\/\/municipales.org.ar\/festram\/?s={search_term_string}"},"query-input":{"@type":"PropertyValueSpecification","valueRequired":true,"valueName":"search_term_string"}}],"inLanguage":"es"},{"@type":"Organization","@id":"https:\/\/municipales.org.ar\/festram\/#organization","name":"Federaci\u00f3n de Sindicatos de Trabajadores Municipales de la Provincia de Santa Fe","url":"https:\/\/municipales.org.ar\/festram\/","logo":{"@type":"ImageObject","inLanguage":"es","@id":"https:\/\/municipales.org.ar\/festram\/#\/schema\/logo\/image\/","url":"https:\/\/www.municipales.org.ar\/festram\/wp-content\/uploads\/2014\/07\/logo_fes.jpg","contentUrl":"https:\/\/www.municipales.org.ar\/festram\/wp-content\/uploads\/2014\/07\/logo_fes.jpg","width":661,"height":673,"caption":"Federaci\u00f3n de Sindicatos de Trabajadores Municipales de la Provincia de Santa Fe"},"image":{"@id":"https:\/\/municipales.org.ar\/festram\/#\/schema\/logo\/image\/"},"sameAs":["https:\/\/www.facebook.com\/MunicipalesSF","https:\/\/x.com\/MunicipalesSF","https:\/\/www.youtube.com\/user\/festram"]},{"@type":"Person","@id":"https:\/\/municipales.org.ar\/festram\/#\/schema\/person\/49096a774c48ce9063df4d59ec059f9e","name":"mun_admin"}]}},"jetpack_publicize_connections":[],"jetpack_featured_media_url":"https:\/\/municipales.org.ar\/festram\/wp-content\/uploads\/2020\/10\/WhatsApp-Image-2020-10-14-at-16.00.38.jpeg","jetpack_sharing_enabled":true,"jetpack_likes_enabled":false,"jetpack_shortlink":"https:\/\/wp.me\/p7l4x1-3Vq","_links":{"self":[{"href":"https:\/\/municipales.org.ar\/festram\/wp-json\/wp\/v2\/posts\/15092","targetHints":{"allow":["GET"]}}],"collection":[{"href":"https:\/\/municipales.org.ar\/festram\/wp-json\/wp\/v2\/posts"}],"about":[{"href":"https:\/\/municipales.org.ar\/festram\/wp-json\/wp\/v2\/types\/post"}],"author":[{"embeddable":true,"href":"https:\/\/municipales.org.ar\/festram\/wp-json\/wp\/v2\/users\/1"}],"replies":[{"embeddable":true,"href":"https:\/\/municipales.org.ar\/festram\/wp-json\/wp\/v2\/comments?post=15092"}],"version-history":[{"count":2,"href":"https:\/\/municipales.org.ar\/festram\/wp-json\/wp\/v2\/posts\/15092\/revisions"}],"predecessor-version":[{"id":15096,"href":"https:\/\/municipales.org.ar\/festram\/wp-json\/wp\/v2\/posts\/15092\/revisions\/15096"}],"wp:featuredmedia":[{"embeddable":true,"href":"https:\/\/municipales.org.ar\/festram\/wp-json\/wp\/v2\/media\/15093"}],"wp:attachment":[{"href":"https:\/\/municipales.org.ar\/festram\/wp-json\/wp\/v2\/media?parent=15092"}],"wp:term":[{"taxonomy":"category","embeddable":true,"href":"https:\/\/municipales.org.ar\/festram\/wp-json\/wp\/v2\/categories?post=15092"},{"taxonomy":"post_tag","embeddable":true,"href":"https:\/\/municipales.org.ar\/festram\/wp-json\/wp\/v2\/tags?post=15092"}],"curies":[{"name":"wp","href":"https:\/\/api.w.org\/{rel}","templated":true}]}}