{"id":15131,"date":"2020-10-21T17:30:13","date_gmt":"2020-10-21T20:30:13","guid":{"rendered":"https:\/\/www.municipales.org.ar\/festram\/?p=15131"},"modified":"2020-12-02T08:18:25","modified_gmt":"2020-12-02T11:18:25","slug":"festram-rechaza-por-improcedente-la-renuncia-de-dirigentes-de-asoem","status":"publish","type":"post","link":"https:\/\/municipales.org.ar\/festram\/festram-rechaza-por-improcedente-la-renuncia-de-dirigentes-de-asoem\/","title":{"rendered":"FESTRAM rechaza por improcedente la renuncia de dirigentes de ASOEM"},"content":{"rendered":"\n<p><\/p>\n\n\n\n<h3 class=\"wp-block-heading\"><strong>Investigados por estafa a la Organizaci\u00f3n Sindical, podr\u00edan recibir severas sanciones que les imposibilitar\u00edan ocupar cargos sindicales.<\/strong><br><br><\/h3>\n\n\n\n<p>La informaci\u00f3n sobre las renuncias de dirigentes de ASOEM a los cuerpos directivos de FESTRAM \u2013publicadas en su p\u00e1gina oficial- no han sido comunicadas formalmente a esta Federaci\u00f3n.<\/p>\n\n\n\n<p>No obstante si as\u00ed ocurriera <strong>ser\u00e1n rechazadas, por improcedentes, para aquellos dirigentes de ASOEM e integrantes de FESTRAM que se encuentran sometidos a una investigaci\u00f3n interna por estafa y defraudaci\u00f3n a la Organizaci\u00f3n Sindical.<\/strong><\/p>\n\n\n\n<p>En fecha 18\/12\/19 el Consejo Directivo de La Federaci\u00f3n, con la aprobaci\u00f3n del Plenario de Secretarios Generales, constituy\u00f3 una Comisi\u00f3n Investigadora para determinar la conducta y responsabilidad de los dirigentes Juan Medina y Pablo Cassale.<\/p>\n\n\n\n<p>Previamente, en fecha 5\/12\/19 se hab\u00eda anunciado en conferencia de prensa la decisi\u00f3n del gremio provincial de denunciar penalmente al entonces Intendente Jos\u00e9 Corral, lo que motiv\u00f3 la urgente intervenci\u00f3n de las Autoridades Municipales que pusieron a disposici\u00f3n de la Federaci\u00f3n la documentaci\u00f3n que deslindaba responsabilidad sobre los fondos retenidos por la Municipalidad, pero que en realidad hab\u00edan sido transferidos a ASOEM a instancias de estos dirigentes, con documentaci\u00f3n que invoca hechos falsos frente al Municipio, realizada por parte de Medina y Cassale.<\/p>\n\n\n\n<p>Tal circunstancia origin\u00f3 la conformaci\u00f3n de la Comisi\u00f3n Investigadora integrada por representantes de los Sindicatos Municipales de Reconquista, Coronda y Rold\u00e1n, la que demor\u00f3 su actuaci\u00f3n por las disposiciones pertinentes al Aislamiento Social, Preventivo y Obligatorio HASTA EL MES PASADO. La misma encontr\u00f3 responsables a Medina y Cassale como autores de defraudaci\u00f3n y estafa millonaria contra FESTRAM, y corri\u00f3 vista para su descargo, hecho que nunca sucedi\u00f3.<\/p>\n\n\n\n<p>Lo expuesto hasta aqu\u00ed demuestra que la excusa del desacuerdo con la Paritaria 2020, resulta una falsedad agraviante y es de una hipocres\u00eda sostenida en una falta total de \u00e9tica de la solidaridad con el resto de las organizaciones sindicales, las que avalaron un\u00e1nimemente el Acuerdo Paritario 2020.<\/p>\n\n\n\n<p>El abandono de la representaci\u00f3n de los trabajadores municipales de Santa Fe, con la ausencia de ASOEM en todas las reuniones paritarias ten\u00eda como objetivo evitar la discusi\u00f3n de su il\u00edcito proceder. La actual gesti\u00f3n de ASOEM permiti\u00f3 la transferencia de al menos 100 millones de pesos a la gesti\u00f3n pol\u00edtica de Corral, producto del acuerdo local, con lo que redujeron dr\u00e1sticamente los ingresos de los trabajadores de la Municipalidad de Santa Fe y el pago de deudas salariales que el municipio mantuvo con su personal por el incumplimiento de la Paritaria 2019; sumas que fueron abonadas en agosto de este a\u00f1o pero sin la debida actualizaci\u00f3n inflacionaria y en negro, por la actual gesti\u00f3n de gobierno.<\/p>\n\n\n\n<p><strong>Lamentablemente la informaci\u00f3n publicada por ASOEM, nos obliga a tener que aclarar un hecho que genera un perjuicio, no s\u00f3lo econ\u00f3mico a esta Organizaci\u00f3n, sino tambi\u00e9n de desprestigio a la imagen de la actividad sindical.<\/strong><\/p>\n\n\n\n<h6 class=\"wp-block-heading\">Prensa FESTRAM<\/h6>\n","protected":false},"excerpt":{"rendered":"<p>Investigados por estafa a la Organizaci\u00f3n Sindical, podr\u00edan recibir severas sanciones que les imposibilitar\u00edan ocupar cargos sindicales.<\/p>\n","protected":false},"author":1,"featured_media":15133,"comment_status":"closed","ping_status":"closed","sticky":false,"template":"","format":"standard","meta":{"_jetpack_memberships_contains_paid_content":false,"footnotes":"","jetpack_publicize_message":"","jetpack_publicize_feature_enabled":true,"jetpack_social_post_already_shared":true,"jetpack_social_options":{"image_generator_settings":{"template":"highway","default_image_id":0,"font":"","enabled":false},"version":2}},"categories":[222,57],"tags":[155,67],"class_list":["post-15131","post","type-post","status-publish","format-standard","has-post-thumbnail","hentry","category-comunicados-2020","category-sindicatos-noticias","tag-santa-fe","tag-sindicatos-afiliados"],"yoast_head":"<!-- This site is optimized with the Yoast SEO plugin v25.9 - https:\/\/yoast.com\/wordpress\/plugins\/seo\/ -->\n<title>FESTRAM rechaza por improcedente la renuncia de dirigentes de ASOEM &#8211; FESTRAM<\/title>\n<meta name=\"description\" content=\"Investigados por estafa a la Organizaci\u00f3n Sindical, podr\u00edan recibir severas sanciones que les imposibilitar\u00edan ocupar cargos sindicales.\" \/>\n<meta name=\"robots\" content=\"index, follow, max-snippet:-1, max-image-preview:large, max-video-preview:-1\" \/>\n<link rel=\"canonical\" href=\"https:\/\/municipales.org.ar\/festram\/festram-rechaza-por-improcedente-la-renuncia-de-dirigentes-de-asoem\/\" \/>\n<meta property=\"og:locale\" content=\"es_ES\" \/>\n<meta property=\"og:type\" content=\"article\" \/>\n<meta property=\"og:title\" content=\"FESTRAM rechaza por improcedente la renuncia de dirigentes de ASOEM &#8211; FESTRAM\" \/>\n<meta property=\"og:description\" content=\"Investigados por estafa a la Organizaci\u00f3n Sindical, podr\u00edan recibir severas sanciones que les imposibilitar\u00edan ocupar cargos sindicales.\" \/>\n<meta property=\"og:url\" content=\"https:\/\/municipales.org.ar\/festram\/festram-rechaza-por-improcedente-la-renuncia-de-dirigentes-de-asoem\/\" \/>\n<meta property=\"og:site_name\" content=\"FESTRAM\" \/>\n<meta property=\"article:publisher\" content=\"https:\/\/www.facebook.com\/MunicipalesSF\" \/>\n<meta property=\"article:published_time\" content=\"2020-10-21T20:30:13+00:00\" \/>\n<meta property=\"article:modified_time\" content=\"2020-12-02T11:18:25+00:00\" \/>\n<meta property=\"og:image\" content=\"https:\/\/municipales.org.ar\/festram\/wp-content\/uploads\/2020\/10\/asoem1.jpg\" \/>\n\t<meta property=\"og:image:width\" content=\"1561\" \/>\n\t<meta property=\"og:image:height\" content=\"1004\" \/>\n\t<meta property=\"og:image:type\" content=\"image\/jpeg\" \/>\n<meta name=\"author\" content=\"mun_admin\" \/>\n<meta name=\"twitter:card\" content=\"summary_large_image\" \/>\n<meta name=\"twitter:creator\" content=\"@MunicipalesSF\" \/>\n<meta name=\"twitter:site\" content=\"@MunicipalesSF\" \/>\n<meta name=\"twitter:label1\" content=\"Escrito por\" \/>\n\t<meta name=\"twitter:data1\" content=\"mun_admin\" \/>\n\t<meta name=\"twitter:label2\" content=\"Tiempo de lectura\" \/>\n\t<meta name=\"twitter:data2\" content=\"3 minutos\" \/>\n<script type=\"application\/ld+json\" class=\"yoast-schema-graph\">{\"@context\":\"https:\/\/schema.org\",\"@graph\":[{\"@type\":\"Article\",\"@id\":\"https:\/\/municipales.org.ar\/festram\/festram-rechaza-por-improcedente-la-renuncia-de-dirigentes-de-asoem\/#article\",\"isPartOf\":{\"@id\":\"https:\/\/municipales.org.ar\/festram\/festram-rechaza-por-improcedente-la-renuncia-de-dirigentes-de-asoem\/\"},\"author\":{\"name\":\"mun_admin\",\"@id\":\"https:\/\/municipales.org.ar\/festram\/#\/schema\/person\/49096a774c48ce9063df4d59ec059f9e\"},\"headline\":\"FESTRAM rechaza por improcedente la renuncia de dirigentes de ASOEM\",\"datePublished\":\"2020-10-21T20:30:13+00:00\",\"dateModified\":\"2020-12-02T11:18:25+00:00\",\"mainEntityOfPage\":{\"@id\":\"https:\/\/municipales.org.ar\/festram\/festram-rechaza-por-improcedente-la-renuncia-de-dirigentes-de-asoem\/\"},\"wordCount\":514,\"publisher\":{\"@id\":\"https:\/\/municipales.org.ar\/festram\/#organization\"},\"image\":{\"@id\":\"https:\/\/municipales.org.ar\/festram\/festram-rechaza-por-improcedente-la-renuncia-de-dirigentes-de-asoem\/#primaryimage\"},\"thumbnailUrl\":\"https:\/\/municipales.org.ar\/festram\/wp-content\/uploads\/2020\/10\/asoem1.jpg\",\"keywords\":[\"santa fe\",\"sindicatos afiliados\"],\"articleSection\":[\"Comunicados 2020\",\"Sindicatos Noticias\"],\"inLanguage\":\"es\"},{\"@type\":\"WebPage\",\"@id\":\"https:\/\/municipales.org.ar\/festram\/festram-rechaza-por-improcedente-la-renuncia-de-dirigentes-de-asoem\/\",\"url\":\"https:\/\/municipales.org.ar\/festram\/festram-rechaza-por-improcedente-la-renuncia-de-dirigentes-de-asoem\/\",\"name\":\"FESTRAM rechaza por improcedente la renuncia de dirigentes de ASOEM &#8211; FESTRAM\",\"isPartOf\":{\"@id\":\"https:\/\/municipales.org.ar\/festram\/#website\"},\"primaryImageOfPage\":{\"@id\":\"https:\/\/municipales.org.ar\/festram\/festram-rechaza-por-improcedente-la-renuncia-de-dirigentes-de-asoem\/#primaryimage\"},\"image\":{\"@id\":\"https:\/\/municipales.org.ar\/festram\/festram-rechaza-por-improcedente-la-renuncia-de-dirigentes-de-asoem\/#primaryimage\"},\"thumbnailUrl\":\"https:\/\/municipales.org.ar\/festram\/wp-content\/uploads\/2020\/10\/asoem1.jpg\",\"datePublished\":\"2020-10-21T20:30:13+00:00\",\"dateModified\":\"2020-12-02T11:18:25+00:00\",\"description\":\"Investigados por estafa a la Organizaci\u00f3n Sindical, podr\u00edan recibir severas sanciones que les imposibilitar\u00edan ocupar cargos sindicales.\",\"breadcrumb\":{\"@id\":\"https:\/\/municipales.org.ar\/festram\/festram-rechaza-por-improcedente-la-renuncia-de-dirigentes-de-asoem\/#breadcrumb\"},\"inLanguage\":\"es\",\"potentialAction\":[{\"@type\":\"ReadAction\",\"target\":[\"https:\/\/municipales.org.ar\/festram\/festram-rechaza-por-improcedente-la-renuncia-de-dirigentes-de-asoem\/\"]}]},{\"@type\":\"ImageObject\",\"inLanguage\":\"es\",\"@id\":\"https:\/\/municipales.org.ar\/festram\/festram-rechaza-por-improcedente-la-renuncia-de-dirigentes-de-asoem\/#primaryimage\",\"url\":\"https:\/\/municipales.org.ar\/festram\/wp-content\/uploads\/2020\/10\/asoem1.jpg\",\"contentUrl\":\"https:\/\/municipales.org.ar\/festram\/wp-content\/uploads\/2020\/10\/asoem1.jpg\",\"width\":1561,\"height\":1004},{\"@type\":\"BreadcrumbList\",\"@id\":\"https:\/\/municipales.org.ar\/festram\/festram-rechaza-por-improcedente-la-renuncia-de-dirigentes-de-asoem\/#breadcrumb\",\"itemListElement\":[{\"@type\":\"ListItem\",\"position\":1,\"name\":\"Portada\",\"item\":\"https:\/\/municipales.org.ar\/festram\/\"},{\"@type\":\"ListItem\",\"position\":2,\"name\":\"FESTRAM rechaza por improcedente la renuncia de dirigentes de ASOEM\"}]},{\"@type\":\"WebSite\",\"@id\":\"https:\/\/municipales.org.ar\/festram\/#website\",\"url\":\"https:\/\/municipales.org.ar\/festram\/\",\"name\":\"FESTRAM\",\"description\":\"La web de los trabajadores municipales\",\"publisher\":{\"@id\":\"https:\/\/municipales.org.ar\/festram\/#organization\"},\"potentialAction\":[{\"@type\":\"SearchAction\",\"target\":{\"@type\":\"EntryPoint\",\"urlTemplate\":\"https:\/\/municipales.org.ar\/festram\/?s={search_term_string}\"},\"query-input\":{\"@type\":\"PropertyValueSpecification\",\"valueRequired\":true,\"valueName\":\"search_term_string\"}}],\"inLanguage\":\"es\"},{\"@type\":\"Organization\",\"@id\":\"https:\/\/municipales.org.ar\/festram\/#organization\",\"name\":\"Federaci\u00f3n de Sindicatos de Trabajadores Municipales de la Provincia de Santa Fe\",\"url\":\"https:\/\/municipales.org.ar\/festram\/\",\"logo\":{\"@type\":\"ImageObject\",\"inLanguage\":\"es\",\"@id\":\"https:\/\/municipales.org.ar\/festram\/#\/schema\/logo\/image\/\",\"url\":\"https:\/\/www.municipales.org.ar\/festram\/wp-content\/uploads\/2014\/07\/logo_fes.jpg\",\"contentUrl\":\"https:\/\/www.municipales.org.ar\/festram\/wp-content\/uploads\/2014\/07\/logo_fes.jpg\",\"width\":661,\"height\":673,\"caption\":\"Federaci\u00f3n de Sindicatos de Trabajadores Municipales de la Provincia de Santa Fe\"},\"image\":{\"@id\":\"https:\/\/municipales.org.ar\/festram\/#\/schema\/logo\/image\/\"},\"sameAs\":[\"https:\/\/www.facebook.com\/MunicipalesSF\",\"https:\/\/x.com\/MunicipalesSF\",\"https:\/\/www.youtube.com\/user\/festram\"]},{\"@type\":\"Person\",\"@id\":\"https:\/\/municipales.org.ar\/festram\/#\/schema\/person\/49096a774c48ce9063df4d59ec059f9e\",\"name\":\"mun_admin\"}]}<\/script>\n<!-- \/ Yoast SEO plugin. -->","yoast_head_json":{"title":"FESTRAM rechaza por improcedente la renuncia de dirigentes de ASOEM &#8211; FESTRAM","description":"Investigados por estafa a la Organizaci\u00f3n Sindical, podr\u00edan recibir severas sanciones que les imposibilitar\u00edan ocupar cargos sindicales.","robots":{"index":"index","follow":"follow","max-snippet":"max-snippet:-1","max-image-preview":"max-image-preview:large","max-video-preview":"max-video-preview:-1"},"canonical":"https:\/\/municipales.org.ar\/festram\/festram-rechaza-por-improcedente-la-renuncia-de-dirigentes-de-asoem\/","og_locale":"es_ES","og_type":"article","og_title":"FESTRAM rechaza por improcedente la renuncia de dirigentes de ASOEM &#8211; FESTRAM","og_description":"Investigados por estafa a la Organizaci\u00f3n Sindical, podr\u00edan recibir severas sanciones que les imposibilitar\u00edan ocupar cargos sindicales.","og_url":"https:\/\/municipales.org.ar\/festram\/festram-rechaza-por-improcedente-la-renuncia-de-dirigentes-de-asoem\/","og_site_name":"FESTRAM","article_publisher":"https:\/\/www.facebook.com\/MunicipalesSF","article_published_time":"2020-10-21T20:30:13+00:00","article_modified_time":"2020-12-02T11:18:25+00:00","og_image":[{"width":1561,"height":1004,"url":"https:\/\/municipales.org.ar\/festram\/wp-content\/uploads\/2020\/10\/asoem1.jpg","type":"image\/jpeg"}],"author":"mun_admin","twitter_card":"summary_large_image","twitter_creator":"@MunicipalesSF","twitter_site":"@MunicipalesSF","twitter_misc":{"Escrito por":"mun_admin","Tiempo de lectura":"3 minutos"},"schema":{"@context":"https:\/\/schema.org","@graph":[{"@type":"Article","@id":"https:\/\/municipales.org.ar\/festram\/festram-rechaza-por-improcedente-la-renuncia-de-dirigentes-de-asoem\/#article","isPartOf":{"@id":"https:\/\/municipales.org.ar\/festram\/festram-rechaza-por-improcedente-la-renuncia-de-dirigentes-de-asoem\/"},"author":{"name":"mun_admin","@id":"https:\/\/municipales.org.ar\/festram\/#\/schema\/person\/49096a774c48ce9063df4d59ec059f9e"},"headline":"FESTRAM rechaza por improcedente la renuncia de dirigentes de ASOEM","datePublished":"2020-10-21T20:30:13+00:00","dateModified":"2020-12-02T11:18:25+00:00","mainEntityOfPage":{"@id":"https:\/\/municipales.org.ar\/festram\/festram-rechaza-por-improcedente-la-renuncia-de-dirigentes-de-asoem\/"},"wordCount":514,"publisher":{"@id":"https:\/\/municipales.org.ar\/festram\/#organization"},"image":{"@id":"https:\/\/municipales.org.ar\/festram\/festram-rechaza-por-improcedente-la-renuncia-de-dirigentes-de-asoem\/#primaryimage"},"thumbnailUrl":"https:\/\/municipales.org.ar\/festram\/wp-content\/uploads\/2020\/10\/asoem1.jpg","keywords":["santa fe","sindicatos afiliados"],"articleSection":["Comunicados 2020","Sindicatos Noticias"],"inLanguage":"es"},{"@type":"WebPage","@id":"https:\/\/municipales.org.ar\/festram\/festram-rechaza-por-improcedente-la-renuncia-de-dirigentes-de-asoem\/","url":"https:\/\/municipales.org.ar\/festram\/festram-rechaza-por-improcedente-la-renuncia-de-dirigentes-de-asoem\/","name":"FESTRAM rechaza por improcedente la renuncia de dirigentes de ASOEM &#8211; FESTRAM","isPartOf":{"@id":"https:\/\/municipales.org.ar\/festram\/#website"},"primaryImageOfPage":{"@id":"https:\/\/municipales.org.ar\/festram\/festram-rechaza-por-improcedente-la-renuncia-de-dirigentes-de-asoem\/#primaryimage"},"image":{"@id":"https:\/\/municipales.org.ar\/festram\/festram-rechaza-por-improcedente-la-renuncia-de-dirigentes-de-asoem\/#primaryimage"},"thumbnailUrl":"https:\/\/municipales.org.ar\/festram\/wp-content\/uploads\/2020\/10\/asoem1.jpg","datePublished":"2020-10-21T20:30:13+00:00","dateModified":"2020-12-02T11:18:25+00:00","description":"Investigados por estafa a la Organizaci\u00f3n Sindical, podr\u00edan recibir severas sanciones que les imposibilitar\u00edan ocupar cargos sindicales.","breadcrumb":{"@id":"https:\/\/municipales.org.ar\/festram\/festram-rechaza-por-improcedente-la-renuncia-de-dirigentes-de-asoem\/#breadcrumb"},"inLanguage":"es","potentialAction":[{"@type":"ReadAction","target":["https:\/\/municipales.org.ar\/festram\/festram-rechaza-por-improcedente-la-renuncia-de-dirigentes-de-asoem\/"]}]},{"@type":"ImageObject","inLanguage":"es","@id":"https:\/\/municipales.org.ar\/festram\/festram-rechaza-por-improcedente-la-renuncia-de-dirigentes-de-asoem\/#primaryimage","url":"https:\/\/municipales.org.ar\/festram\/wp-content\/uploads\/2020\/10\/asoem1.jpg","contentUrl":"https:\/\/municipales.org.ar\/festram\/wp-content\/uploads\/2020\/10\/asoem1.jpg","width":1561,"height":1004},{"@type":"BreadcrumbList","@id":"https:\/\/municipales.org.ar\/festram\/festram-rechaza-por-improcedente-la-renuncia-de-dirigentes-de-asoem\/#breadcrumb","itemListElement":[{"@type":"ListItem","position":1,"name":"Portada","item":"https:\/\/municipales.org.ar\/festram\/"},{"@type":"ListItem","position":2,"name":"FESTRAM rechaza por improcedente la renuncia de dirigentes de ASOEM"}]},{"@type":"WebSite","@id":"https:\/\/municipales.org.ar\/festram\/#website","url":"https:\/\/municipales.org.ar\/festram\/","name":"FESTRAM","description":"La web de los trabajadores municipales","publisher":{"@id":"https:\/\/municipales.org.ar\/festram\/#organization"},"potentialAction":[{"@type":"SearchAction","target":{"@type":"EntryPoint","urlTemplate":"https:\/\/municipales.org.ar\/festram\/?s={search_term_string}"},"query-input":{"@type":"PropertyValueSpecification","valueRequired":true,"valueName":"search_term_string"}}],"inLanguage":"es"},{"@type":"Organization","@id":"https:\/\/municipales.org.ar\/festram\/#organization","name":"Federaci\u00f3n de Sindicatos de Trabajadores Municipales de la Provincia de Santa Fe","url":"https:\/\/municipales.org.ar\/festram\/","logo":{"@type":"ImageObject","inLanguage":"es","@id":"https:\/\/municipales.org.ar\/festram\/#\/schema\/logo\/image\/","url":"https:\/\/www.municipales.org.ar\/festram\/wp-content\/uploads\/2014\/07\/logo_fes.jpg","contentUrl":"https:\/\/www.municipales.org.ar\/festram\/wp-content\/uploads\/2014\/07\/logo_fes.jpg","width":661,"height":673,"caption":"Federaci\u00f3n de Sindicatos de Trabajadores Municipales de la Provincia de Santa Fe"},"image":{"@id":"https:\/\/municipales.org.ar\/festram\/#\/schema\/logo\/image\/"},"sameAs":["https:\/\/www.facebook.com\/MunicipalesSF","https:\/\/x.com\/MunicipalesSF","https:\/\/www.youtube.com\/user\/festram"]},{"@type":"Person","@id":"https:\/\/municipales.org.ar\/festram\/#\/schema\/person\/49096a774c48ce9063df4d59ec059f9e","name":"mun_admin"}]}},"jetpack_publicize_connections":[],"jetpack_featured_media_url":"https:\/\/municipales.org.ar\/festram\/wp-content\/uploads\/2020\/10\/asoem1.jpg","jetpack_sharing_enabled":true,"jetpack_likes_enabled":false,"jetpack_shortlink":"https:\/\/wp.me\/p7l4x1-3W3","_links":{"self":[{"href":"https:\/\/municipales.org.ar\/festram\/wp-json\/wp\/v2\/posts\/15131","targetHints":{"allow":["GET"]}}],"collection":[{"href":"https:\/\/municipales.org.ar\/festram\/wp-json\/wp\/v2\/posts"}],"about":[{"href":"https:\/\/municipales.org.ar\/festram\/wp-json\/wp\/v2\/types\/post"}],"author":[{"embeddable":true,"href":"https:\/\/municipales.org.ar\/festram\/wp-json\/wp\/v2\/users\/1"}],"replies":[{"embeddable":true,"href":"https:\/\/municipales.org.ar\/festram\/wp-json\/wp\/v2\/comments?post=15131"}],"version-history":[{"count":2,"href":"https:\/\/municipales.org.ar\/festram\/wp-json\/wp\/v2\/posts\/15131\/revisions"}],"predecessor-version":[{"id":15135,"href":"https:\/\/municipales.org.ar\/festram\/wp-json\/wp\/v2\/posts\/15131\/revisions\/15135"}],"wp:featuredmedia":[{"embeddable":true,"href":"https:\/\/municipales.org.ar\/festram\/wp-json\/wp\/v2\/media\/15133"}],"wp:attachment":[{"href":"https:\/\/municipales.org.ar\/festram\/wp-json\/wp\/v2\/media?parent=15131"}],"wp:term":[{"taxonomy":"category","embeddable":true,"href":"https:\/\/municipales.org.ar\/festram\/wp-json\/wp\/v2\/categories?post=15131"},{"taxonomy":"post_tag","embeddable":true,"href":"https:\/\/municipales.org.ar\/festram\/wp-json\/wp\/v2\/tags?post=15131"}],"curies":[{"name":"wp","href":"https:\/\/api.w.org\/{rel}","templated":true}]}}