{"id":15166,"date":"2020-12-04T13:15:53","date_gmt":"2020-12-04T16:15:53","guid":{"rendered":"https:\/\/www.municipales.org.ar\/festram\/?p=15166"},"modified":"2020-12-21T11:50:43","modified_gmt":"2020-12-21T14:50:43","slug":"sindicatos-municipales-denuncian-irregularidades-en-la-caja-de-jubilaciones-y-pensiones-de-la-municipalidad-de-santa-fe","status":"publish","type":"post","link":"https:\/\/municipales.org.ar\/festram\/sindicatos-municipales-denuncian-irregularidades-en-la-caja-de-jubilaciones-y-pensiones-de-la-municipalidad-de-santa-fe\/","title":{"rendered":"Sindicatos Municipales denuncian irregularidades en la Caja de Jubilaciones y Pensiones de la Municipalidad de Santa Fe"},"content":{"rendered":"\n<h3 class=\"wp-block-heading\"><strong>Reclaman separar la administraci\u00f3n financiera de las Municipalidades adheridas y participar en la direcci\u00f3n de los recursos del interior de la Provincia.<\/strong><br><br><\/h3>\n\n\n\n<p>Los Sindicatos Municipales adheridos a FESTRAM que tienen aportantes y beneficiarios a la Caja, realizaron una reuni\u00f3n virtual con car\u00e1cter urgente, para analizar la grave situaci\u00f3n que atraviesa el organismo, denunciar los incumplimientos y definir medidas de acci\u00f3n.<\/p>\n\n\n\n<p>Entre los reclamos se pueden enunciar que se produce una excesiva demora para otorgar las jubilaciones. El promedio es de 1 a\u00f1o aproximadamente, se fraccionan los otorgamientos, y en caso de invalidez se ampl\u00edan los tiempos.<\/p>\n\n\n\n<p>En relaci\u00f3n a las Juntas M\u00e9dicas, las altas tardan m\u00e1s de un a\u00f1o, no se hace recalificaci\u00f3n del personal, no se especifica la tarea pasiva que deben realizar, se producen dilaciones en la evaluaci\u00f3n de ex\u00e1menes psicof\u00edsicos para ingresos del personal y para los tr\u00e1mites se les cobran los honorarios a los Municipios y Comunas.<\/p>\n\n\n\n<p>Se registran retrasos en el pago del Seguro Mutual Jubilatorio y al momento de abonarlo se hace en cuotas, y es similar para el caso de los haberes atrasados, que antes era casi autom\u00e1tico.<\/p>\n\n\n\n<p>Se reclam\u00f3 la fecha de pago mensual, actualmente perciben el d\u00eda 12 de cada mes y existe una deuda impaga del a\u00f1o 2008 para los pasivos de G\u00e1lvez y la Regi\u00f3n. Se suspendi\u00f3 la l\u00ednea de pr\u00e9stamos para las y los trabajadores aportantes, como as\u00ed tambi\u00e9n se discrimina a los pasivos del interior a quienes les interrumpieron los cr\u00e9ditos.<\/p>\n\n\n\n<p>En otro orden, a las Municipalidades y Comunas se les descuenta autom\u00e1ticamente de la coparticipaci\u00f3n, sumado a que hacen un aporte extraordinario mediante una declaraci\u00f3n de emergencia sin conocer fecha de culminaci\u00f3n de ese mayor pago. En tanto la Municipalidad de Santa Fe paga directamente y se desconoce la forma y monto de lo aportado mensualmente.<\/p>\n\n\n\n<p>Las representaciones gremiales est\u00e1n sumamente preocupadas ante el desconocimiento del estado econ\u00f3mico y financiero de la Caja.<\/p>\n\n\n\n<p>Es por esta cuesti\u00f3n y las citadas anteriormente -que perjudican a las y los compa\u00f1eros activos y pasivos- que se va a profundizar el reclamo exigiendo tratamiento igualitario para el interior y la representaci\u00f3n en la Junta de Administraci\u00f3n de Municipalidades, Comunas y Sindicatos.<\/p>\n\n\n\n<h6 class=\"wp-block-heading\">Prensa FESTRAM<\/h6>\n","protected":false},"excerpt":{"rendered":"<p>Reclaman separar la administraci\u00f3n financiera de las Municipalidades adheridas y participar en la direcci\u00f3n de los recursos del interior de la Provincia.<\/p>\n","protected":false},"author":1,"featured_media":15163,"comment_status":"closed","ping_status":"closed","sticky":false,"template":"","format":"standard","meta":{"_jetpack_memberships_contains_paid_content":false,"footnotes":"","jetpack_publicize_message":"","jetpack_publicize_feature_enabled":true,"jetpack_social_post_already_shared":true,"jetpack_social_options":{"image_generator_settings":{"template":"highway","default_image_id":0,"font":"","enabled":false},"version":2}},"categories":[222,57],"tags":[82,155,67],"class_list":["post-15166","post","type-post","status-publish","format-standard","has-post-thumbnail","hentry","category-comunicados-2020","category-sindicatos-noticias","tag-jubilaciones","tag-santa-fe","tag-sindicatos-afiliados"],"yoast_head":"<!-- This site is optimized with the Yoast SEO plugin v25.9 - https:\/\/yoast.com\/wordpress\/plugins\/seo\/ -->\n<title>Sindicatos Municipales denuncian irregularidades en la Caja de Jubilaciones y Pensiones de la Municipalidad de Santa Fe &#8211; FESTRAM<\/title>\n<meta name=\"description\" content=\"Reclaman separar la administraci\u00f3n financiera de las Municipalidades adheridas y participar en la direcci\u00f3n de los recursos del interior de la Provincia.\" \/>\n<meta name=\"robots\" content=\"index, follow, max-snippet:-1, max-image-preview:large, max-video-preview:-1\" \/>\n<link rel=\"canonical\" href=\"https:\/\/municipales.org.ar\/festram\/sindicatos-municipales-denuncian-irregularidades-en-la-caja-de-jubilaciones-y-pensiones-de-la-municipalidad-de-santa-fe\/\" \/>\n<meta property=\"og:locale\" content=\"es_ES\" \/>\n<meta property=\"og:type\" content=\"article\" \/>\n<meta property=\"og:title\" content=\"Sindicatos Municipales denuncian irregularidades en la Caja de Jubilaciones y Pensiones de la Municipalidad de Santa Fe &#8211; FESTRAM\" \/>\n<meta property=\"og:description\" content=\"Reclaman separar la administraci\u00f3n financiera de las Municipalidades adheridas y participar en la direcci\u00f3n de los recursos del interior de la Provincia.\" \/>\n<meta property=\"og:url\" content=\"https:\/\/municipales.org.ar\/festram\/sindicatos-municipales-denuncian-irregularidades-en-la-caja-de-jubilaciones-y-pensiones-de-la-municipalidad-de-santa-fe\/\" \/>\n<meta property=\"og:site_name\" content=\"FESTRAM\" \/>\n<meta property=\"article:publisher\" content=\"https:\/\/www.facebook.com\/MunicipalesSF\" \/>\n<meta property=\"article:published_time\" content=\"2020-12-04T16:15:53+00:00\" \/>\n<meta property=\"article:modified_time\" content=\"2020-12-21T14:50:43+00:00\" \/>\n<meta property=\"og:image\" content=\"https:\/\/municipales.org.ar\/festram\/wp-content\/uploads\/2020\/12\/15.jpg\" \/>\n\t<meta property=\"og:image:width\" content=\"775\" \/>\n\t<meta property=\"og:image:height\" content=\"517\" \/>\n\t<meta property=\"og:image:type\" content=\"image\/jpeg\" \/>\n<meta name=\"author\" content=\"mun_admin\" \/>\n<meta name=\"twitter:card\" content=\"summary_large_image\" \/>\n<meta name=\"twitter:creator\" content=\"@MunicipalesSF\" \/>\n<meta name=\"twitter:site\" content=\"@MunicipalesSF\" \/>\n<meta name=\"twitter:label1\" content=\"Escrito por\" \/>\n\t<meta name=\"twitter:data1\" content=\"mun_admin\" \/>\n\t<meta name=\"twitter:label2\" content=\"Tiempo de lectura\" \/>\n\t<meta name=\"twitter:data2\" content=\"2 minutos\" \/>\n<script type=\"application\/ld+json\" class=\"yoast-schema-graph\">{\"@context\":\"https:\/\/schema.org\",\"@graph\":[{\"@type\":\"Article\",\"@id\":\"https:\/\/municipales.org.ar\/festram\/sindicatos-municipales-denuncian-irregularidades-en-la-caja-de-jubilaciones-y-pensiones-de-la-municipalidad-de-santa-fe\/#article\",\"isPartOf\":{\"@id\":\"https:\/\/municipales.org.ar\/festram\/sindicatos-municipales-denuncian-irregularidades-en-la-caja-de-jubilaciones-y-pensiones-de-la-municipalidad-de-santa-fe\/\"},\"author\":{\"name\":\"mun_admin\",\"@id\":\"https:\/\/municipales.org.ar\/festram\/#\/schema\/person\/49096a774c48ce9063df4d59ec059f9e\"},\"headline\":\"Sindicatos Municipales denuncian irregularidades en la Caja de Jubilaciones y Pensiones de la Municipalidad de Santa Fe\",\"datePublished\":\"2020-12-04T16:15:53+00:00\",\"dateModified\":\"2020-12-21T14:50:43+00:00\",\"mainEntityOfPage\":{\"@id\":\"https:\/\/municipales.org.ar\/festram\/sindicatos-municipales-denuncian-irregularidades-en-la-caja-de-jubilaciones-y-pensiones-de-la-municipalidad-de-santa-fe\/\"},\"wordCount\":413,\"publisher\":{\"@id\":\"https:\/\/municipales.org.ar\/festram\/#organization\"},\"image\":{\"@id\":\"https:\/\/municipales.org.ar\/festram\/sindicatos-municipales-denuncian-irregularidades-en-la-caja-de-jubilaciones-y-pensiones-de-la-municipalidad-de-santa-fe\/#primaryimage\"},\"thumbnailUrl\":\"https:\/\/municipales.org.ar\/festram\/wp-content\/uploads\/2020\/12\/15.jpg\",\"keywords\":[\"jubilaciones\",\"santa fe\",\"sindicatos afiliados\"],\"articleSection\":[\"Comunicados 2020\",\"Sindicatos Noticias\"],\"inLanguage\":\"es\"},{\"@type\":\"WebPage\",\"@id\":\"https:\/\/municipales.org.ar\/festram\/sindicatos-municipales-denuncian-irregularidades-en-la-caja-de-jubilaciones-y-pensiones-de-la-municipalidad-de-santa-fe\/\",\"url\":\"https:\/\/municipales.org.ar\/festram\/sindicatos-municipales-denuncian-irregularidades-en-la-caja-de-jubilaciones-y-pensiones-de-la-municipalidad-de-santa-fe\/\",\"name\":\"Sindicatos Municipales denuncian irregularidades en la Caja de Jubilaciones y Pensiones de la Municipalidad de Santa Fe &#8211; FESTRAM\",\"isPartOf\":{\"@id\":\"https:\/\/municipales.org.ar\/festram\/#website\"},\"primaryImageOfPage\":{\"@id\":\"https:\/\/municipales.org.ar\/festram\/sindicatos-municipales-denuncian-irregularidades-en-la-caja-de-jubilaciones-y-pensiones-de-la-municipalidad-de-santa-fe\/#primaryimage\"},\"image\":{\"@id\":\"https:\/\/municipales.org.ar\/festram\/sindicatos-municipales-denuncian-irregularidades-en-la-caja-de-jubilaciones-y-pensiones-de-la-municipalidad-de-santa-fe\/#primaryimage\"},\"thumbnailUrl\":\"https:\/\/municipales.org.ar\/festram\/wp-content\/uploads\/2020\/12\/15.jpg\",\"datePublished\":\"2020-12-04T16:15:53+00:00\",\"dateModified\":\"2020-12-21T14:50:43+00:00\",\"description\":\"Reclaman separar la administraci\u00f3n financiera de las Municipalidades adheridas y participar en la direcci\u00f3n de los recursos del interior de la Provincia.\",\"breadcrumb\":{\"@id\":\"https:\/\/municipales.org.ar\/festram\/sindicatos-municipales-denuncian-irregularidades-en-la-caja-de-jubilaciones-y-pensiones-de-la-municipalidad-de-santa-fe\/#breadcrumb\"},\"inLanguage\":\"es\",\"potentialAction\":[{\"@type\":\"ReadAction\",\"target\":[\"https:\/\/municipales.org.ar\/festram\/sindicatos-municipales-denuncian-irregularidades-en-la-caja-de-jubilaciones-y-pensiones-de-la-municipalidad-de-santa-fe\/\"]}]},{\"@type\":\"ImageObject\",\"inLanguage\":\"es\",\"@id\":\"https:\/\/municipales.org.ar\/festram\/sindicatos-municipales-denuncian-irregularidades-en-la-caja-de-jubilaciones-y-pensiones-de-la-municipalidad-de-santa-fe\/#primaryimage\",\"url\":\"https:\/\/municipales.org.ar\/festram\/wp-content\/uploads\/2020\/12\/15.jpg\",\"contentUrl\":\"https:\/\/municipales.org.ar\/festram\/wp-content\/uploads\/2020\/12\/15.jpg\",\"width\":775,\"height\":517},{\"@type\":\"BreadcrumbList\",\"@id\":\"https:\/\/municipales.org.ar\/festram\/sindicatos-municipales-denuncian-irregularidades-en-la-caja-de-jubilaciones-y-pensiones-de-la-municipalidad-de-santa-fe\/#breadcrumb\",\"itemListElement\":[{\"@type\":\"ListItem\",\"position\":1,\"name\":\"Portada\",\"item\":\"https:\/\/municipales.org.ar\/festram\/\"},{\"@type\":\"ListItem\",\"position\":2,\"name\":\"Sindicatos Municipales denuncian irregularidades en la Caja de Jubilaciones y Pensiones de la Municipalidad de Santa Fe\"}]},{\"@type\":\"WebSite\",\"@id\":\"https:\/\/municipales.org.ar\/festram\/#website\",\"url\":\"https:\/\/municipales.org.ar\/festram\/\",\"name\":\"FESTRAM\",\"description\":\"La web de los trabajadores municipales\",\"publisher\":{\"@id\":\"https:\/\/municipales.org.ar\/festram\/#organization\"},\"potentialAction\":[{\"@type\":\"SearchAction\",\"target\":{\"@type\":\"EntryPoint\",\"urlTemplate\":\"https:\/\/municipales.org.ar\/festram\/?s={search_term_string}\"},\"query-input\":{\"@type\":\"PropertyValueSpecification\",\"valueRequired\":true,\"valueName\":\"search_term_string\"}}],\"inLanguage\":\"es\"},{\"@type\":\"Organization\",\"@id\":\"https:\/\/municipales.org.ar\/festram\/#organization\",\"name\":\"Federaci\u00f3n de Sindicatos de Trabajadores Municipales de la Provincia de Santa Fe\",\"url\":\"https:\/\/municipales.org.ar\/festram\/\",\"logo\":{\"@type\":\"ImageObject\",\"inLanguage\":\"es\",\"@id\":\"https:\/\/municipales.org.ar\/festram\/#\/schema\/logo\/image\/\",\"url\":\"https:\/\/www.municipales.org.ar\/festram\/wp-content\/uploads\/2014\/07\/logo_fes.jpg\",\"contentUrl\":\"https:\/\/www.municipales.org.ar\/festram\/wp-content\/uploads\/2014\/07\/logo_fes.jpg\",\"width\":661,\"height\":673,\"caption\":\"Federaci\u00f3n de Sindicatos de Trabajadores Municipales de la Provincia de Santa Fe\"},\"image\":{\"@id\":\"https:\/\/municipales.org.ar\/festram\/#\/schema\/logo\/image\/\"},\"sameAs\":[\"https:\/\/www.facebook.com\/MunicipalesSF\",\"https:\/\/x.com\/MunicipalesSF\",\"https:\/\/www.youtube.com\/user\/festram\"]},{\"@type\":\"Person\",\"@id\":\"https:\/\/municipales.org.ar\/festram\/#\/schema\/person\/49096a774c48ce9063df4d59ec059f9e\",\"name\":\"mun_admin\"}]}<\/script>\n<!-- \/ Yoast SEO plugin. -->","yoast_head_json":{"title":"Sindicatos Municipales denuncian irregularidades en la Caja de Jubilaciones y Pensiones de la Municipalidad de Santa Fe &#8211; FESTRAM","description":"Reclaman separar la administraci\u00f3n financiera de las Municipalidades adheridas y participar en la direcci\u00f3n de los recursos del interior de la Provincia.","robots":{"index":"index","follow":"follow","max-snippet":"max-snippet:-1","max-image-preview":"max-image-preview:large","max-video-preview":"max-video-preview:-1"},"canonical":"https:\/\/municipales.org.ar\/festram\/sindicatos-municipales-denuncian-irregularidades-en-la-caja-de-jubilaciones-y-pensiones-de-la-municipalidad-de-santa-fe\/","og_locale":"es_ES","og_type":"article","og_title":"Sindicatos Municipales denuncian irregularidades en la Caja de Jubilaciones y Pensiones de la Municipalidad de Santa Fe &#8211; FESTRAM","og_description":"Reclaman separar la administraci\u00f3n financiera de las Municipalidades adheridas y participar en la direcci\u00f3n de los recursos del interior de la Provincia.","og_url":"https:\/\/municipales.org.ar\/festram\/sindicatos-municipales-denuncian-irregularidades-en-la-caja-de-jubilaciones-y-pensiones-de-la-municipalidad-de-santa-fe\/","og_site_name":"FESTRAM","article_publisher":"https:\/\/www.facebook.com\/MunicipalesSF","article_published_time":"2020-12-04T16:15:53+00:00","article_modified_time":"2020-12-21T14:50:43+00:00","og_image":[{"width":775,"height":517,"url":"https:\/\/municipales.org.ar\/festram\/wp-content\/uploads\/2020\/12\/15.jpg","type":"image\/jpeg"}],"author":"mun_admin","twitter_card":"summary_large_image","twitter_creator":"@MunicipalesSF","twitter_site":"@MunicipalesSF","twitter_misc":{"Escrito por":"mun_admin","Tiempo de lectura":"2 minutos"},"schema":{"@context":"https:\/\/schema.org","@graph":[{"@type":"Article","@id":"https:\/\/municipales.org.ar\/festram\/sindicatos-municipales-denuncian-irregularidades-en-la-caja-de-jubilaciones-y-pensiones-de-la-municipalidad-de-santa-fe\/#article","isPartOf":{"@id":"https:\/\/municipales.org.ar\/festram\/sindicatos-municipales-denuncian-irregularidades-en-la-caja-de-jubilaciones-y-pensiones-de-la-municipalidad-de-santa-fe\/"},"author":{"name":"mun_admin","@id":"https:\/\/municipales.org.ar\/festram\/#\/schema\/person\/49096a774c48ce9063df4d59ec059f9e"},"headline":"Sindicatos Municipales denuncian irregularidades en la Caja de Jubilaciones y Pensiones de la Municipalidad de Santa Fe","datePublished":"2020-12-04T16:15:53+00:00","dateModified":"2020-12-21T14:50:43+00:00","mainEntityOfPage":{"@id":"https:\/\/municipales.org.ar\/festram\/sindicatos-municipales-denuncian-irregularidades-en-la-caja-de-jubilaciones-y-pensiones-de-la-municipalidad-de-santa-fe\/"},"wordCount":413,"publisher":{"@id":"https:\/\/municipales.org.ar\/festram\/#organization"},"image":{"@id":"https:\/\/municipales.org.ar\/festram\/sindicatos-municipales-denuncian-irregularidades-en-la-caja-de-jubilaciones-y-pensiones-de-la-municipalidad-de-santa-fe\/#primaryimage"},"thumbnailUrl":"https:\/\/municipales.org.ar\/festram\/wp-content\/uploads\/2020\/12\/15.jpg","keywords":["jubilaciones","santa fe","sindicatos afiliados"],"articleSection":["Comunicados 2020","Sindicatos Noticias"],"inLanguage":"es"},{"@type":"WebPage","@id":"https:\/\/municipales.org.ar\/festram\/sindicatos-municipales-denuncian-irregularidades-en-la-caja-de-jubilaciones-y-pensiones-de-la-municipalidad-de-santa-fe\/","url":"https:\/\/municipales.org.ar\/festram\/sindicatos-municipales-denuncian-irregularidades-en-la-caja-de-jubilaciones-y-pensiones-de-la-municipalidad-de-santa-fe\/","name":"Sindicatos Municipales denuncian irregularidades en la Caja de Jubilaciones y Pensiones de la Municipalidad de Santa Fe &#8211; FESTRAM","isPartOf":{"@id":"https:\/\/municipales.org.ar\/festram\/#website"},"primaryImageOfPage":{"@id":"https:\/\/municipales.org.ar\/festram\/sindicatos-municipales-denuncian-irregularidades-en-la-caja-de-jubilaciones-y-pensiones-de-la-municipalidad-de-santa-fe\/#primaryimage"},"image":{"@id":"https:\/\/municipales.org.ar\/festram\/sindicatos-municipales-denuncian-irregularidades-en-la-caja-de-jubilaciones-y-pensiones-de-la-municipalidad-de-santa-fe\/#primaryimage"},"thumbnailUrl":"https:\/\/municipales.org.ar\/festram\/wp-content\/uploads\/2020\/12\/15.jpg","datePublished":"2020-12-04T16:15:53+00:00","dateModified":"2020-12-21T14:50:43+00:00","description":"Reclaman separar la administraci\u00f3n financiera de las Municipalidades adheridas y participar en la direcci\u00f3n de los recursos del interior de la Provincia.","breadcrumb":{"@id":"https:\/\/municipales.org.ar\/festram\/sindicatos-municipales-denuncian-irregularidades-en-la-caja-de-jubilaciones-y-pensiones-de-la-municipalidad-de-santa-fe\/#breadcrumb"},"inLanguage":"es","potentialAction":[{"@type":"ReadAction","target":["https:\/\/municipales.org.ar\/festram\/sindicatos-municipales-denuncian-irregularidades-en-la-caja-de-jubilaciones-y-pensiones-de-la-municipalidad-de-santa-fe\/"]}]},{"@type":"ImageObject","inLanguage":"es","@id":"https:\/\/municipales.org.ar\/festram\/sindicatos-municipales-denuncian-irregularidades-en-la-caja-de-jubilaciones-y-pensiones-de-la-municipalidad-de-santa-fe\/#primaryimage","url":"https:\/\/municipales.org.ar\/festram\/wp-content\/uploads\/2020\/12\/15.jpg","contentUrl":"https:\/\/municipales.org.ar\/festram\/wp-content\/uploads\/2020\/12\/15.jpg","width":775,"height":517},{"@type":"BreadcrumbList","@id":"https:\/\/municipales.org.ar\/festram\/sindicatos-municipales-denuncian-irregularidades-en-la-caja-de-jubilaciones-y-pensiones-de-la-municipalidad-de-santa-fe\/#breadcrumb","itemListElement":[{"@type":"ListItem","position":1,"name":"Portada","item":"https:\/\/municipales.org.ar\/festram\/"},{"@type":"ListItem","position":2,"name":"Sindicatos Municipales denuncian irregularidades en la Caja de Jubilaciones y Pensiones de la Municipalidad de Santa Fe"}]},{"@type":"WebSite","@id":"https:\/\/municipales.org.ar\/festram\/#website","url":"https:\/\/municipales.org.ar\/festram\/","name":"FESTRAM","description":"La web de los trabajadores municipales","publisher":{"@id":"https:\/\/municipales.org.ar\/festram\/#organization"},"potentialAction":[{"@type":"SearchAction","target":{"@type":"EntryPoint","urlTemplate":"https:\/\/municipales.org.ar\/festram\/?s={search_term_string}"},"query-input":{"@type":"PropertyValueSpecification","valueRequired":true,"valueName":"search_term_string"}}],"inLanguage":"es"},{"@type":"Organization","@id":"https:\/\/municipales.org.ar\/festram\/#organization","name":"Federaci\u00f3n de Sindicatos de Trabajadores Municipales de la Provincia de Santa Fe","url":"https:\/\/municipales.org.ar\/festram\/","logo":{"@type":"ImageObject","inLanguage":"es","@id":"https:\/\/municipales.org.ar\/festram\/#\/schema\/logo\/image\/","url":"https:\/\/www.municipales.org.ar\/festram\/wp-content\/uploads\/2014\/07\/logo_fes.jpg","contentUrl":"https:\/\/www.municipales.org.ar\/festram\/wp-content\/uploads\/2014\/07\/logo_fes.jpg","width":661,"height":673,"caption":"Federaci\u00f3n de Sindicatos de Trabajadores Municipales de la Provincia de Santa Fe"},"image":{"@id":"https:\/\/municipales.org.ar\/festram\/#\/schema\/logo\/image\/"},"sameAs":["https:\/\/www.facebook.com\/MunicipalesSF","https:\/\/x.com\/MunicipalesSF","https:\/\/www.youtube.com\/user\/festram"]},{"@type":"Person","@id":"https:\/\/municipales.org.ar\/festram\/#\/schema\/person\/49096a774c48ce9063df4d59ec059f9e","name":"mun_admin"}]}},"jetpack_publicize_connections":[],"jetpack_featured_media_url":"https:\/\/municipales.org.ar\/festram\/wp-content\/uploads\/2020\/12\/15.jpg","jetpack_sharing_enabled":true,"jetpack_likes_enabled":false,"jetpack_shortlink":"https:\/\/wp.me\/p7l4x1-3WC","_links":{"self":[{"href":"https:\/\/municipales.org.ar\/festram\/wp-json\/wp\/v2\/posts\/15166","targetHints":{"allow":["GET"]}}],"collection":[{"href":"https:\/\/municipales.org.ar\/festram\/wp-json\/wp\/v2\/posts"}],"about":[{"href":"https:\/\/municipales.org.ar\/festram\/wp-json\/wp\/v2\/types\/post"}],"author":[{"embeddable":true,"href":"https:\/\/municipales.org.ar\/festram\/wp-json\/wp\/v2\/users\/1"}],"replies":[{"embeddable":true,"href":"https:\/\/municipales.org.ar\/festram\/wp-json\/wp\/v2\/comments?post=15166"}],"version-history":[{"count":1,"href":"https:\/\/municipales.org.ar\/festram\/wp-json\/wp\/v2\/posts\/15166\/revisions"}],"predecessor-version":[{"id":15167,"href":"https:\/\/municipales.org.ar\/festram\/wp-json\/wp\/v2\/posts\/15166\/revisions\/15167"}],"wp:featuredmedia":[{"embeddable":true,"href":"https:\/\/municipales.org.ar\/festram\/wp-json\/wp\/v2\/media\/15163"}],"wp:attachment":[{"href":"https:\/\/municipales.org.ar\/festram\/wp-json\/wp\/v2\/media?parent=15166"}],"wp:term":[{"taxonomy":"category","embeddable":true,"href":"https:\/\/municipales.org.ar\/festram\/wp-json\/wp\/v2\/categories?post=15166"},{"taxonomy":"post_tag","embeddable":true,"href":"https:\/\/municipales.org.ar\/festram\/wp-json\/wp\/v2\/tags?post=15166"}],"curies":[{"name":"wp","href":"https:\/\/api.w.org\/{rel}","templated":true}]}}