{"id":15178,"date":"2020-12-20T08:21:00","date_gmt":"2020-12-20T11:21:00","guid":{"rendered":"https:\/\/www.municipales.org.ar\/festram\/?p=15178"},"modified":"2021-01-22T18:31:47","modified_gmt":"2021-01-22T21:31:47","slug":"presencia-de-festram-en-la-discusion-sobre-las-politicas-de-vivienda","status":"publish","type":"post","link":"https:\/\/municipales.org.ar\/festram\/presencia-de-festram-en-la-discusion-sobre-las-politicas-de-vivienda\/","title":{"rendered":"Presencia de FESTRAM en la discusi\u00f3n sobre las pol\u00edticas de vivienda"},"content":{"rendered":"\n<p><\/p>\n\n\n\n<h3 class=\"wp-block-heading\"><strong>La Corriente Federal de Trabajadores se reuni\u00f3 con Jorge Ferraresi, Ministro de Desarrollo Territorial y H\u00e1bitat de la Naci\u00f3n.<\/strong><br><br><\/h3>\n\n\n\n<p>La Corriente Federal de Trabajadores recibi\u00f3 en la sede de la Federaci\u00f3n Gr\u00e1fica Bonaerense al Ministro de Vivienda Jorge Ferraresi el pasado mi\u00e9rcoles 16 de Diciembre en horas de la tarde.<\/p>\n\n\n\n<p>FESTRAM estuvo presente en la convocatoria, junto a la Federaci\u00f3n de Farmacia, Jer\u00e1rquicos Telef\u00f3nicos, Bancarios, Judiciales, CEA, Curtidores, APSEE, Vialidad Nacional, SEFASCPI, Molineros, SATSAID, Propaganda M\u00e9dica y el gremio anfitri\u00f3n.<\/p>\n\n\n\n<p>Durante una hora y media los dirigentes sindicales pudieron escuchar los criterios, l\u00edneas de acci\u00f3n y an\u00e1lisis de la situaci\u00f3n espec\u00edfica por parte del Ministro, como as\u00ed tambi\u00e9n su percepci\u00f3n sobre el rol del movimiento obrero en ese marco.<\/p>\n\n\n\n<p>A continuaci\u00f3n cada representante gremial se explay\u00f3 sobre las propias realidades y expectativas de su sector e intercambiar impresiones al respecto.<\/p>\n\n\n\n<p>FESTRAM pudo as\u00ed expresar la realidad de sus sindicatos de base, como las distintas posibilidades que a partir del encuentro realizado, puedan llevarse adelante.<\/p>\n\n\n\n<p>La CFT ha evaluado como absolutamente constructiva esta reuni\u00f3n que permite sintetizar su propio programa de 27 Puntos, y su l\u00ednea hist\u00f3rica que reivindica al Derecho a la Vivienda como un elemento indispensable de las pol\u00edticas p\u00fablicas.<\/p>\n\n\n\n<h6 class=\"wp-block-heading\">Prensa FESTRAM<\/h6>\n","protected":false},"excerpt":{"rendered":"<p>La Corriente Federal de Trabajadores se reuni\u00f3 con Jorge Ferraresi, Ministro de Desarrollo Territorial y H\u00e1bitat de la Naci\u00f3n.<\/p>\n","protected":false},"author":1,"featured_media":15179,"comment_status":"closed","ping_status":"closed","sticky":false,"template":"","format":"standard","meta":{"_jetpack_memberships_contains_paid_content":false,"footnotes":"","jetpack_publicize_message":"","jetpack_publicize_feature_enabled":true,"jetpack_social_post_already_shared":true,"jetpack_social_options":{"image_generator_settings":{"template":"highway","default_image_id":0,"font":"","enabled":false},"version":2}},"categories":[239],"tags":[212],"class_list":["post-15178","post","type-post","status-publish","format-standard","has-post-thumbnail","hentry","category-comunicados-2021","tag-cft"],"yoast_head":"<!-- This site is optimized with the Yoast SEO plugin v25.9 - https:\/\/yoast.com\/wordpress\/plugins\/seo\/ -->\n<title>Presencia de FESTRAM en la discusi\u00f3n sobre las pol\u00edticas de vivienda &#8211; FESTRAM<\/title>\n<meta name=\"description\" content=\"La Corriente Federal de Trabajadores se reuni\u00f3 con Jorge Ferraresi, Ministro de Desarrollo Territorial y H\u00e1bitat de la Naci\u00f3n.\" \/>\n<meta name=\"robots\" content=\"index, follow, max-snippet:-1, max-image-preview:large, max-video-preview:-1\" \/>\n<link rel=\"canonical\" href=\"https:\/\/municipales.org.ar\/festram\/presencia-de-festram-en-la-discusion-sobre-las-politicas-de-vivienda\/\" \/>\n<meta property=\"og:locale\" content=\"es_ES\" \/>\n<meta property=\"og:type\" content=\"article\" \/>\n<meta property=\"og:title\" content=\"Presencia de FESTRAM en la discusi\u00f3n sobre las pol\u00edticas de vivienda &#8211; FESTRAM\" \/>\n<meta property=\"og:description\" content=\"La Corriente Federal de Trabajadores se reuni\u00f3 con Jorge Ferraresi, Ministro de Desarrollo Territorial y H\u00e1bitat de la Naci\u00f3n.\" \/>\n<meta property=\"og:url\" content=\"https:\/\/municipales.org.ar\/festram\/presencia-de-festram-en-la-discusion-sobre-las-politicas-de-vivienda\/\" \/>\n<meta property=\"og:site_name\" content=\"FESTRAM\" \/>\n<meta property=\"article:publisher\" content=\"https:\/\/www.facebook.com\/MunicipalesSF\" \/>\n<meta property=\"article:published_time\" content=\"2020-12-20T11:21:00+00:00\" \/>\n<meta property=\"article:modified_time\" content=\"2021-01-22T21:31:47+00:00\" \/>\n<meta property=\"og:image\" content=\"https:\/\/municipales.org.ar\/festram\/wp-content\/uploads\/2020\/12\/WhatsApp-Image-2020-12-21-at-18.39.30-e1608808849492.jpeg\" \/>\n\t<meta property=\"og:image:width\" content=\"1280\" \/>\n\t<meta property=\"og:image:height\" content=\"675\" \/>\n\t<meta property=\"og:image:type\" content=\"image\/jpeg\" \/>\n<meta name=\"author\" content=\"mun_admin\" \/>\n<meta name=\"twitter:card\" content=\"summary_large_image\" \/>\n<meta name=\"twitter:creator\" content=\"@MunicipalesSF\" \/>\n<meta name=\"twitter:site\" content=\"@MunicipalesSF\" \/>\n<meta name=\"twitter:label1\" content=\"Escrito por\" \/>\n\t<meta name=\"twitter:data1\" content=\"mun_admin\" \/>\n\t<meta name=\"twitter:label2\" content=\"Tiempo de lectura\" \/>\n\t<meta name=\"twitter:data2\" content=\"1 minuto\" \/>\n<script type=\"application\/ld+json\" class=\"yoast-schema-graph\">{\"@context\":\"https:\/\/schema.org\",\"@graph\":[{\"@type\":\"Article\",\"@id\":\"https:\/\/municipales.org.ar\/festram\/presencia-de-festram-en-la-discusion-sobre-las-politicas-de-vivienda\/#article\",\"isPartOf\":{\"@id\":\"https:\/\/municipales.org.ar\/festram\/presencia-de-festram-en-la-discusion-sobre-las-politicas-de-vivienda\/\"},\"author\":{\"name\":\"mun_admin\",\"@id\":\"https:\/\/municipales.org.ar\/festram\/#\/schema\/person\/49096a774c48ce9063df4d59ec059f9e\"},\"headline\":\"Presencia de FESTRAM en la discusi\u00f3n sobre las pol\u00edticas de vivienda\",\"datePublished\":\"2020-12-20T11:21:00+00:00\",\"dateModified\":\"2021-01-22T21:31:47+00:00\",\"mainEntityOfPage\":{\"@id\":\"https:\/\/municipales.org.ar\/festram\/presencia-de-festram-en-la-discusion-sobre-las-politicas-de-vivienda\/\"},\"wordCount\":237,\"publisher\":{\"@id\":\"https:\/\/municipales.org.ar\/festram\/#organization\"},\"image\":{\"@id\":\"https:\/\/municipales.org.ar\/festram\/presencia-de-festram-en-la-discusion-sobre-las-politicas-de-vivienda\/#primaryimage\"},\"thumbnailUrl\":\"https:\/\/municipales.org.ar\/festram\/wp-content\/uploads\/2020\/12\/WhatsApp-Image-2020-12-21-at-18.39.30-e1608808849492.jpeg\",\"keywords\":[\"CFT\"],\"articleSection\":[\"Comunicados 2021\"],\"inLanguage\":\"es\"},{\"@type\":\"WebPage\",\"@id\":\"https:\/\/municipales.org.ar\/festram\/presencia-de-festram-en-la-discusion-sobre-las-politicas-de-vivienda\/\",\"url\":\"https:\/\/municipales.org.ar\/festram\/presencia-de-festram-en-la-discusion-sobre-las-politicas-de-vivienda\/\",\"name\":\"Presencia de FESTRAM en la discusi\u00f3n sobre las pol\u00edticas de vivienda &#8211; FESTRAM\",\"isPartOf\":{\"@id\":\"https:\/\/municipales.org.ar\/festram\/#website\"},\"primaryImageOfPage\":{\"@id\":\"https:\/\/municipales.org.ar\/festram\/presencia-de-festram-en-la-discusion-sobre-las-politicas-de-vivienda\/#primaryimage\"},\"image\":{\"@id\":\"https:\/\/municipales.org.ar\/festram\/presencia-de-festram-en-la-discusion-sobre-las-politicas-de-vivienda\/#primaryimage\"},\"thumbnailUrl\":\"https:\/\/municipales.org.ar\/festram\/wp-content\/uploads\/2020\/12\/WhatsApp-Image-2020-12-21-at-18.39.30-e1608808849492.jpeg\",\"datePublished\":\"2020-12-20T11:21:00+00:00\",\"dateModified\":\"2021-01-22T21:31:47+00:00\",\"description\":\"La Corriente Federal de Trabajadores se reuni\u00f3 con Jorge Ferraresi, Ministro de Desarrollo Territorial y H\u00e1bitat de la Naci\u00f3n.\",\"breadcrumb\":{\"@id\":\"https:\/\/municipales.org.ar\/festram\/presencia-de-festram-en-la-discusion-sobre-las-politicas-de-vivienda\/#breadcrumb\"},\"inLanguage\":\"es\",\"potentialAction\":[{\"@type\":\"ReadAction\",\"target\":[\"https:\/\/municipales.org.ar\/festram\/presencia-de-festram-en-la-discusion-sobre-las-politicas-de-vivienda\/\"]}]},{\"@type\":\"ImageObject\",\"inLanguage\":\"es\",\"@id\":\"https:\/\/municipales.org.ar\/festram\/presencia-de-festram-en-la-discusion-sobre-las-politicas-de-vivienda\/#primaryimage\",\"url\":\"https:\/\/municipales.org.ar\/festram\/wp-content\/uploads\/2020\/12\/WhatsApp-Image-2020-12-21-at-18.39.30-e1608808849492.jpeg\",\"contentUrl\":\"https:\/\/municipales.org.ar\/festram\/wp-content\/uploads\/2020\/12\/WhatsApp-Image-2020-12-21-at-18.39.30-e1608808849492.jpeg\",\"width\":1280,\"height\":675},{\"@type\":\"BreadcrumbList\",\"@id\":\"https:\/\/municipales.org.ar\/festram\/presencia-de-festram-en-la-discusion-sobre-las-politicas-de-vivienda\/#breadcrumb\",\"itemListElement\":[{\"@type\":\"ListItem\",\"position\":1,\"name\":\"Portada\",\"item\":\"https:\/\/municipales.org.ar\/festram\/\"},{\"@type\":\"ListItem\",\"position\":2,\"name\":\"Presencia de FESTRAM en la discusi\u00f3n sobre las pol\u00edticas de vivienda\"}]},{\"@type\":\"WebSite\",\"@id\":\"https:\/\/municipales.org.ar\/festram\/#website\",\"url\":\"https:\/\/municipales.org.ar\/festram\/\",\"name\":\"FESTRAM\",\"description\":\"La web de los trabajadores municipales\",\"publisher\":{\"@id\":\"https:\/\/municipales.org.ar\/festram\/#organization\"},\"potentialAction\":[{\"@type\":\"SearchAction\",\"target\":{\"@type\":\"EntryPoint\",\"urlTemplate\":\"https:\/\/municipales.org.ar\/festram\/?s={search_term_string}\"},\"query-input\":{\"@type\":\"PropertyValueSpecification\",\"valueRequired\":true,\"valueName\":\"search_term_string\"}}],\"inLanguage\":\"es\"},{\"@type\":\"Organization\",\"@id\":\"https:\/\/municipales.org.ar\/festram\/#organization\",\"name\":\"Federaci\u00f3n de Sindicatos de Trabajadores Municipales de la Provincia de Santa Fe\",\"url\":\"https:\/\/municipales.org.ar\/festram\/\",\"logo\":{\"@type\":\"ImageObject\",\"inLanguage\":\"es\",\"@id\":\"https:\/\/municipales.org.ar\/festram\/#\/schema\/logo\/image\/\",\"url\":\"https:\/\/www.municipales.org.ar\/festram\/wp-content\/uploads\/2014\/07\/logo_fes.jpg\",\"contentUrl\":\"https:\/\/www.municipales.org.ar\/festram\/wp-content\/uploads\/2014\/07\/logo_fes.jpg\",\"width\":661,\"height\":673,\"caption\":\"Federaci\u00f3n de Sindicatos de Trabajadores Municipales de la Provincia de Santa Fe\"},\"image\":{\"@id\":\"https:\/\/municipales.org.ar\/festram\/#\/schema\/logo\/image\/\"},\"sameAs\":[\"https:\/\/www.facebook.com\/MunicipalesSF\",\"https:\/\/x.com\/MunicipalesSF\",\"https:\/\/www.youtube.com\/user\/festram\"]},{\"@type\":\"Person\",\"@id\":\"https:\/\/municipales.org.ar\/festram\/#\/schema\/person\/49096a774c48ce9063df4d59ec059f9e\",\"name\":\"mun_admin\"}]}<\/script>\n<!-- \/ Yoast SEO plugin. -->","yoast_head_json":{"title":"Presencia de FESTRAM en la discusi\u00f3n sobre las pol\u00edticas de vivienda &#8211; FESTRAM","description":"La Corriente Federal de Trabajadores se reuni\u00f3 con Jorge Ferraresi, Ministro de Desarrollo Territorial y H\u00e1bitat de la Naci\u00f3n.","robots":{"index":"index","follow":"follow","max-snippet":"max-snippet:-1","max-image-preview":"max-image-preview:large","max-video-preview":"max-video-preview:-1"},"canonical":"https:\/\/municipales.org.ar\/festram\/presencia-de-festram-en-la-discusion-sobre-las-politicas-de-vivienda\/","og_locale":"es_ES","og_type":"article","og_title":"Presencia de FESTRAM en la discusi\u00f3n sobre las pol\u00edticas de vivienda &#8211; FESTRAM","og_description":"La Corriente Federal de Trabajadores se reuni\u00f3 con Jorge Ferraresi, Ministro de Desarrollo Territorial y H\u00e1bitat de la Naci\u00f3n.","og_url":"https:\/\/municipales.org.ar\/festram\/presencia-de-festram-en-la-discusion-sobre-las-politicas-de-vivienda\/","og_site_name":"FESTRAM","article_publisher":"https:\/\/www.facebook.com\/MunicipalesSF","article_published_time":"2020-12-20T11:21:00+00:00","article_modified_time":"2021-01-22T21:31:47+00:00","og_image":[{"width":1280,"height":675,"url":"https:\/\/municipales.org.ar\/festram\/wp-content\/uploads\/2020\/12\/WhatsApp-Image-2020-12-21-at-18.39.30-e1608808849492.jpeg","type":"image\/jpeg"}],"author":"mun_admin","twitter_card":"summary_large_image","twitter_creator":"@MunicipalesSF","twitter_site":"@MunicipalesSF","twitter_misc":{"Escrito por":"mun_admin","Tiempo de lectura":"1 minuto"},"schema":{"@context":"https:\/\/schema.org","@graph":[{"@type":"Article","@id":"https:\/\/municipales.org.ar\/festram\/presencia-de-festram-en-la-discusion-sobre-las-politicas-de-vivienda\/#article","isPartOf":{"@id":"https:\/\/municipales.org.ar\/festram\/presencia-de-festram-en-la-discusion-sobre-las-politicas-de-vivienda\/"},"author":{"name":"mun_admin","@id":"https:\/\/municipales.org.ar\/festram\/#\/schema\/person\/49096a774c48ce9063df4d59ec059f9e"},"headline":"Presencia de FESTRAM en la discusi\u00f3n sobre las pol\u00edticas de vivienda","datePublished":"2020-12-20T11:21:00+00:00","dateModified":"2021-01-22T21:31:47+00:00","mainEntityOfPage":{"@id":"https:\/\/municipales.org.ar\/festram\/presencia-de-festram-en-la-discusion-sobre-las-politicas-de-vivienda\/"},"wordCount":237,"publisher":{"@id":"https:\/\/municipales.org.ar\/festram\/#organization"},"image":{"@id":"https:\/\/municipales.org.ar\/festram\/presencia-de-festram-en-la-discusion-sobre-las-politicas-de-vivienda\/#primaryimage"},"thumbnailUrl":"https:\/\/municipales.org.ar\/festram\/wp-content\/uploads\/2020\/12\/WhatsApp-Image-2020-12-21-at-18.39.30-e1608808849492.jpeg","keywords":["CFT"],"articleSection":["Comunicados 2021"],"inLanguage":"es"},{"@type":"WebPage","@id":"https:\/\/municipales.org.ar\/festram\/presencia-de-festram-en-la-discusion-sobre-las-politicas-de-vivienda\/","url":"https:\/\/municipales.org.ar\/festram\/presencia-de-festram-en-la-discusion-sobre-las-politicas-de-vivienda\/","name":"Presencia de FESTRAM en la discusi\u00f3n sobre las pol\u00edticas de vivienda &#8211; FESTRAM","isPartOf":{"@id":"https:\/\/municipales.org.ar\/festram\/#website"},"primaryImageOfPage":{"@id":"https:\/\/municipales.org.ar\/festram\/presencia-de-festram-en-la-discusion-sobre-las-politicas-de-vivienda\/#primaryimage"},"image":{"@id":"https:\/\/municipales.org.ar\/festram\/presencia-de-festram-en-la-discusion-sobre-las-politicas-de-vivienda\/#primaryimage"},"thumbnailUrl":"https:\/\/municipales.org.ar\/festram\/wp-content\/uploads\/2020\/12\/WhatsApp-Image-2020-12-21-at-18.39.30-e1608808849492.jpeg","datePublished":"2020-12-20T11:21:00+00:00","dateModified":"2021-01-22T21:31:47+00:00","description":"La Corriente Federal de Trabajadores se reuni\u00f3 con Jorge Ferraresi, Ministro de Desarrollo Territorial y H\u00e1bitat de la Naci\u00f3n.","breadcrumb":{"@id":"https:\/\/municipales.org.ar\/festram\/presencia-de-festram-en-la-discusion-sobre-las-politicas-de-vivienda\/#breadcrumb"},"inLanguage":"es","potentialAction":[{"@type":"ReadAction","target":["https:\/\/municipales.org.ar\/festram\/presencia-de-festram-en-la-discusion-sobre-las-politicas-de-vivienda\/"]}]},{"@type":"ImageObject","inLanguage":"es","@id":"https:\/\/municipales.org.ar\/festram\/presencia-de-festram-en-la-discusion-sobre-las-politicas-de-vivienda\/#primaryimage","url":"https:\/\/municipales.org.ar\/festram\/wp-content\/uploads\/2020\/12\/WhatsApp-Image-2020-12-21-at-18.39.30-e1608808849492.jpeg","contentUrl":"https:\/\/municipales.org.ar\/festram\/wp-content\/uploads\/2020\/12\/WhatsApp-Image-2020-12-21-at-18.39.30-e1608808849492.jpeg","width":1280,"height":675},{"@type":"BreadcrumbList","@id":"https:\/\/municipales.org.ar\/festram\/presencia-de-festram-en-la-discusion-sobre-las-politicas-de-vivienda\/#breadcrumb","itemListElement":[{"@type":"ListItem","position":1,"name":"Portada","item":"https:\/\/municipales.org.ar\/festram\/"},{"@type":"ListItem","position":2,"name":"Presencia de FESTRAM en la discusi\u00f3n sobre las pol\u00edticas de vivienda"}]},{"@type":"WebSite","@id":"https:\/\/municipales.org.ar\/festram\/#website","url":"https:\/\/municipales.org.ar\/festram\/","name":"FESTRAM","description":"La web de los trabajadores municipales","publisher":{"@id":"https:\/\/municipales.org.ar\/festram\/#organization"},"potentialAction":[{"@type":"SearchAction","target":{"@type":"EntryPoint","urlTemplate":"https:\/\/municipales.org.ar\/festram\/?s={search_term_string}"},"query-input":{"@type":"PropertyValueSpecification","valueRequired":true,"valueName":"search_term_string"}}],"inLanguage":"es"},{"@type":"Organization","@id":"https:\/\/municipales.org.ar\/festram\/#organization","name":"Federaci\u00f3n de Sindicatos de Trabajadores Municipales de la Provincia de Santa Fe","url":"https:\/\/municipales.org.ar\/festram\/","logo":{"@type":"ImageObject","inLanguage":"es","@id":"https:\/\/municipales.org.ar\/festram\/#\/schema\/logo\/image\/","url":"https:\/\/www.municipales.org.ar\/festram\/wp-content\/uploads\/2014\/07\/logo_fes.jpg","contentUrl":"https:\/\/www.municipales.org.ar\/festram\/wp-content\/uploads\/2014\/07\/logo_fes.jpg","width":661,"height":673,"caption":"Federaci\u00f3n de Sindicatos de Trabajadores Municipales de la Provincia de Santa Fe"},"image":{"@id":"https:\/\/municipales.org.ar\/festram\/#\/schema\/logo\/image\/"},"sameAs":["https:\/\/www.facebook.com\/MunicipalesSF","https:\/\/x.com\/MunicipalesSF","https:\/\/www.youtube.com\/user\/festram"]},{"@type":"Person","@id":"https:\/\/municipales.org.ar\/festram\/#\/schema\/person\/49096a774c48ce9063df4d59ec059f9e","name":"mun_admin"}]}},"jetpack_publicize_connections":[],"jetpack_featured_media_url":"https:\/\/municipales.org.ar\/festram\/wp-content\/uploads\/2020\/12\/WhatsApp-Image-2020-12-21-at-18.39.30-e1608808849492.jpeg","jetpack_sharing_enabled":true,"jetpack_likes_enabled":false,"jetpack_shortlink":"https:\/\/wp.me\/p7l4x1-3WO","_links":{"self":[{"href":"https:\/\/municipales.org.ar\/festram\/wp-json\/wp\/v2\/posts\/15178","targetHints":{"allow":["GET"]}}],"collection":[{"href":"https:\/\/municipales.org.ar\/festram\/wp-json\/wp\/v2\/posts"}],"about":[{"href":"https:\/\/municipales.org.ar\/festram\/wp-json\/wp\/v2\/types\/post"}],"author":[{"embeddable":true,"href":"https:\/\/municipales.org.ar\/festram\/wp-json\/wp\/v2\/users\/1"}],"replies":[{"embeddable":true,"href":"https:\/\/municipales.org.ar\/festram\/wp-json\/wp\/v2\/comments?post=15178"}],"version-history":[{"count":1,"href":"https:\/\/municipales.org.ar\/festram\/wp-json\/wp\/v2\/posts\/15178\/revisions"}],"predecessor-version":[{"id":15180,"href":"https:\/\/municipales.org.ar\/festram\/wp-json\/wp\/v2\/posts\/15178\/revisions\/15180"}],"wp:featuredmedia":[{"embeddable":true,"href":"https:\/\/municipales.org.ar\/festram\/wp-json\/wp\/v2\/media\/15179"}],"wp:attachment":[{"href":"https:\/\/municipales.org.ar\/festram\/wp-json\/wp\/v2\/media?parent=15178"}],"wp:term":[{"taxonomy":"category","embeddable":true,"href":"https:\/\/municipales.org.ar\/festram\/wp-json\/wp\/v2\/categories?post=15178"},{"taxonomy":"post_tag","embeddable":true,"href":"https:\/\/municipales.org.ar\/festram\/wp-json\/wp\/v2\/tags?post=15178"}],"curies":[{"name":"wp","href":"https:\/\/api.w.org\/{rel}","templated":true}]}}