{"id":15328,"date":"2021-04-09T17:51:20","date_gmt":"2021-04-09T20:51:20","guid":{"rendered":"https:\/\/www.municipales.org.ar\/festram\/?p=15328"},"modified":"2021-05-12T10:45:44","modified_gmt":"2021-05-12T13:45:44","slug":"festram-insiste-en-priorizar-la-vacunacion-a-trabajadores-esenciales","status":"publish","type":"post","link":"https:\/\/municipales.org.ar\/festram\/festram-insiste-en-priorizar-la-vacunacion-a-trabajadores-esenciales\/","title":{"rendered":"FESTRAM insiste en priorizar la vacunaci\u00f3n a trabajadores esenciales"},"content":{"rendered":"\n<p><\/p>\n\n\n\n<h3 class=\"wp-block-heading\"><strong>No s\u00f3lo en Salud est\u00e1n desbordados, tambi\u00e9n las \u00e1reas municipales que operan desde el inicio de la Pandemia<\/strong>.<br><br><\/h3>\n\n\n\n<p>En reuni\u00f3n por teleconferencia del Consejo Directivo de FESTRAM, se resolvi\u00f3 insistir sobre la necesidad de vacunaci\u00f3n al sector laboral de Municipios y Comunas, y expresaron el apoyo a la protesta realizada por las y los Trabajadores Municipales de Rosario.<\/p>\n\n\n\n<p>La informaci\u00f3n de prensa da cuenta de la reuni\u00f3n convocada por el Gobernador de la Provincia Omar Perotti acompa\u00f1ado, en esta oportunidad, por el Ministro de Gobierno Marcos Corach con Intendentes y Presidentes Comunales de la Provincia de Santa Fe donde se les solicit\u00f3 los esfuerzos de prevenci\u00f3n y redoblar el compromiso y la responsabilidad frente a la segunda ola del virus, para evitar la posibilidad de volver a las restricciones y tener que tomar medidas dr\u00e1sticas.<\/p>\n\n\n\n<p>Frente a estas noticias la Federaci\u00f3n de Sindicatos de Trabajadores Municipales de la Provincia de Santa Fe considera apropiado recordar la nota que se le remitiera al titular del Ejecutivo Provincial en Diciembre de 2020, donde textualmente se solicitaba que: <strong><em>\u201c\u2026las autoridades abocadas a determinar el personal y grupos con prioridades para recibir la vacuna de CORONAVIRUS- COVID 19, incluya al sector de los Trabajadores y Trabajadoras Municipales como grupo prioritario. Desde el inicio de la pandemia, los trabajadores municipales fueron incorporados por normativa nacional (DNU del PEN Nro.297\/2020) como sector exceptuado del \u201caislamiento social, preventivo y obligatorio\u201d, fundado en la calidad de servicio esencial que diversas tareas a cargo de los Municipios pod\u00edan presentarse en un contexto de emergencia p\u00fablica nacional en materia de Salud, Seguridad y atenci\u00f3n a la comunidad\u2026\u201d<\/em><\/strong><\/p>\n\n\n\n<p>Un relevamiento realizado por FESTRAM (Noviembre 2020) en sus Sindicatos de base de toda la Provincia, determin\u00f3 que un 80% de los mismos implement\u00f3 los protocolos y un 20% manifest\u00f3 que en su localidad no se efectuaron.<\/p>\n\n\n\n<p>En cuanto al control del cumplimiento, s\u00f3lo un 56% de los Municipios y Comunas lo realiz\u00f3 efectivamente. Este dato elocuente, se complementa con que s\u00f3lo en un 20% de ellos, los Comit\u00e9s de Higiene y Seguridad participaron en el control del contagio en el \u00e1mbito laboral y que frente al mismo, informadas las ART, el 80% de los consultados manifest\u00f3 que la gesti\u00f3n ante ellas para que cubran a los enfermos fue Mala o Muy Mala.<br><br><\/p>\n\n\n<p><iframe loading=\"lazy\" src=\"https:\/\/www.facebook.com\/plugins\/post.php?href=https%3A%2F%2Fwww.facebook.com%2FMunicipalesSF%2Fposts%2F3788657734531449&amp;width=500&amp;show_text=true&amp;appId=1402184130038276&amp;height=773\" width=\"500\" height=\"773\" style=\"border:none;overflow:hidden\" scrolling=\"no\" frameborder=\"0\" allowfullscreen=\"true\" allow=\"autoplay; clipboard-write; encrypted-media; picture-in-picture; web-share\"><\/iframe><\/p>\n\n\n\n<p><br><br>Esta es la realidad del sector municipal, donde las responsabilidades del Estado Provincial y locales son evidentes y no puede seguir habl\u00e1ndose de recomendaciones frente a la gravedad de la Segunda Ola de Covid que enfrentamos. Hay que tomar medidas concretas y realizar controles efectivos para garantizar la salud de todos los trabajadores del Estado en general y de las y los Municipales en particular.<\/p>\n\n\n\n<p>Frente a un cuadro social general de deterioro de la calidad de vida, donde miles de compatriotas viven debajo de la l\u00ednea de la pobreza y de la indigencia -Santa Fe no es la excepci\u00f3n- se deben establecer prioridades y no seguir esperando que, producidos hechos dolorosos y masivos, se adopten decisiones, que luego ser\u00e1n tard\u00edas.<\/p>\n\n\n\n<p>Al respecto el Secretario General de FESTRAM, Claudio Leoni expres\u00f3: <em>\u201c\u2026Las deficiencias que tienen los Municipios en la aplicaci\u00f3n de pol\u00edticas locales, muestran que hay que abandonar la agenda de la Autonom\u00eda que la Corte del Lawfare le quiere imponer al Gobernador Perotti, para concentrase en fortalecer las pol\u00edticas en Salud.\u201d<\/em><\/p>\n\n\n\n<h6 class=\"wp-block-heading\">Prensa FESTRAM<\/h6>\n","protected":false},"excerpt":{"rendered":"<p>No s\u00f3lo en Salud est\u00e1n desbordados, tambi\u00e9n las \u00e1reas municipales que operan desde el inicio de la Pandemia.<\/p>\n","protected":false},"author":1,"featured_media":15329,"comment_status":"closed","ping_status":"closed","sticky":false,"template":"","format":"standard","meta":{"_jetpack_memberships_contains_paid_content":false,"footnotes":"","jetpack_publicize_message":"","jetpack_publicize_feature_enabled":true,"jetpack_social_post_already_shared":true,"jetpack_social_options":{"image_generator_settings":{"template":"highway","default_image_id":0,"font":"","enabled":false},"version":2}},"categories":[239],"tags":[226,91],"class_list":["post-15328","post","type-post","status-publish","format-standard","has-post-thumbnail","hentry","category-comunicados-2021","tag-emergencia","tag-salud-y-seguridad"],"yoast_head":"<!-- This site is optimized with the Yoast SEO plugin v25.9 - https:\/\/yoast.com\/wordpress\/plugins\/seo\/ -->\n<title>FESTRAM insiste en priorizar la vacunaci\u00f3n a trabajadores esenciales &#8211; FESTRAM<\/title>\n<meta name=\"description\" content=\"No s\u00f3lo en Salud est\u00e1n desbordados, tambi\u00e9n las \u00e1reas municipales que operan desde el inicio de la Pandemia.\" \/>\n<meta name=\"robots\" content=\"index, follow, max-snippet:-1, max-image-preview:large, max-video-preview:-1\" \/>\n<link rel=\"canonical\" href=\"https:\/\/municipales.org.ar\/festram\/festram-insiste-en-priorizar-la-vacunacion-a-trabajadores-esenciales\/\" \/>\n<meta property=\"og:locale\" content=\"es_ES\" \/>\n<meta property=\"og:type\" content=\"article\" \/>\n<meta property=\"og:title\" content=\"FESTRAM insiste en priorizar la vacunaci\u00f3n a trabajadores esenciales &#8211; FESTRAM\" \/>\n<meta property=\"og:description\" content=\"No s\u00f3lo en Salud est\u00e1n desbordados, tambi\u00e9n las \u00e1reas municipales que operan desde el inicio de la Pandemia.\" \/>\n<meta property=\"og:url\" content=\"https:\/\/municipales.org.ar\/festram\/festram-insiste-en-priorizar-la-vacunacion-a-trabajadores-esenciales\/\" \/>\n<meta property=\"og:site_name\" content=\"FESTRAM\" \/>\n<meta property=\"article:publisher\" content=\"https:\/\/www.facebook.com\/MunicipalesSF\" \/>\n<meta property=\"article:published_time\" content=\"2021-04-09T20:51:20+00:00\" \/>\n<meta property=\"article:modified_time\" content=\"2021-05-12T13:45:44+00:00\" \/>\n<meta property=\"og:image\" content=\"https:\/\/municipales.org.ar\/festram\/wp-content\/uploads\/2021\/04\/profesional-sanitario-administrando-una-vacuna.jpeg\" \/>\n\t<meta property=\"og:image:width\" content=\"1200\" \/>\n\t<meta property=\"og:image:height\" content=\"564\" \/>\n\t<meta property=\"og:image:type\" content=\"image\/jpeg\" \/>\n<meta name=\"author\" content=\"mun_admin\" \/>\n<meta name=\"twitter:card\" content=\"summary_large_image\" \/>\n<meta name=\"twitter:creator\" content=\"@MunicipalesSF\" \/>\n<meta name=\"twitter:site\" content=\"@MunicipalesSF\" \/>\n<meta name=\"twitter:label1\" content=\"Escrito por\" \/>\n\t<meta name=\"twitter:data1\" content=\"mun_admin\" \/>\n\t<meta name=\"twitter:label2\" content=\"Tiempo de lectura\" \/>\n\t<meta name=\"twitter:data2\" content=\"3 minutos\" \/>\n<script type=\"application\/ld+json\" class=\"yoast-schema-graph\">{\"@context\":\"https:\/\/schema.org\",\"@graph\":[{\"@type\":\"Article\",\"@id\":\"https:\/\/municipales.org.ar\/festram\/festram-insiste-en-priorizar-la-vacunacion-a-trabajadores-esenciales\/#article\",\"isPartOf\":{\"@id\":\"https:\/\/municipales.org.ar\/festram\/festram-insiste-en-priorizar-la-vacunacion-a-trabajadores-esenciales\/\"},\"author\":{\"name\":\"mun_admin\",\"@id\":\"https:\/\/municipales.org.ar\/festram\/#\/schema\/person\/49096a774c48ce9063df4d59ec059f9e\"},\"headline\":\"FESTRAM insiste en priorizar la vacunaci\u00f3n a trabajadores esenciales\",\"datePublished\":\"2021-04-09T20:51:20+00:00\",\"dateModified\":\"2021-05-12T13:45:44+00:00\",\"mainEntityOfPage\":{\"@id\":\"https:\/\/municipales.org.ar\/festram\/festram-insiste-en-priorizar-la-vacunacion-a-trabajadores-esenciales\/\"},\"wordCount\":583,\"publisher\":{\"@id\":\"https:\/\/municipales.org.ar\/festram\/#organization\"},\"image\":{\"@id\":\"https:\/\/municipales.org.ar\/festram\/festram-insiste-en-priorizar-la-vacunacion-a-trabajadores-esenciales\/#primaryimage\"},\"thumbnailUrl\":\"https:\/\/municipales.org.ar\/festram\/wp-content\/uploads\/2021\/04\/profesional-sanitario-administrando-una-vacuna.jpeg\",\"keywords\":[\"emergencia\",\"salud y seguridad\"],\"articleSection\":[\"Comunicados 2021\"],\"inLanguage\":\"es\"},{\"@type\":\"WebPage\",\"@id\":\"https:\/\/municipales.org.ar\/festram\/festram-insiste-en-priorizar-la-vacunacion-a-trabajadores-esenciales\/\",\"url\":\"https:\/\/municipales.org.ar\/festram\/festram-insiste-en-priorizar-la-vacunacion-a-trabajadores-esenciales\/\",\"name\":\"FESTRAM insiste en priorizar la vacunaci\u00f3n a trabajadores esenciales &#8211; FESTRAM\",\"isPartOf\":{\"@id\":\"https:\/\/municipales.org.ar\/festram\/#website\"},\"primaryImageOfPage\":{\"@id\":\"https:\/\/municipales.org.ar\/festram\/festram-insiste-en-priorizar-la-vacunacion-a-trabajadores-esenciales\/#primaryimage\"},\"image\":{\"@id\":\"https:\/\/municipales.org.ar\/festram\/festram-insiste-en-priorizar-la-vacunacion-a-trabajadores-esenciales\/#primaryimage\"},\"thumbnailUrl\":\"https:\/\/municipales.org.ar\/festram\/wp-content\/uploads\/2021\/04\/profesional-sanitario-administrando-una-vacuna.jpeg\",\"datePublished\":\"2021-04-09T20:51:20+00:00\",\"dateModified\":\"2021-05-12T13:45:44+00:00\",\"description\":\"No s\u00f3lo en Salud est\u00e1n desbordados, tambi\u00e9n las \u00e1reas municipales que operan desde el inicio de la Pandemia.\",\"breadcrumb\":{\"@id\":\"https:\/\/municipales.org.ar\/festram\/festram-insiste-en-priorizar-la-vacunacion-a-trabajadores-esenciales\/#breadcrumb\"},\"inLanguage\":\"es\",\"potentialAction\":[{\"@type\":\"ReadAction\",\"target\":[\"https:\/\/municipales.org.ar\/festram\/festram-insiste-en-priorizar-la-vacunacion-a-trabajadores-esenciales\/\"]}]},{\"@type\":\"ImageObject\",\"inLanguage\":\"es\",\"@id\":\"https:\/\/municipales.org.ar\/festram\/festram-insiste-en-priorizar-la-vacunacion-a-trabajadores-esenciales\/#primaryimage\",\"url\":\"https:\/\/municipales.org.ar\/festram\/wp-content\/uploads\/2021\/04\/profesional-sanitario-administrando-una-vacuna.jpeg\",\"contentUrl\":\"https:\/\/municipales.org.ar\/festram\/wp-content\/uploads\/2021\/04\/profesional-sanitario-administrando-una-vacuna.jpeg\",\"width\":1200,\"height\":564},{\"@type\":\"BreadcrumbList\",\"@id\":\"https:\/\/municipales.org.ar\/festram\/festram-insiste-en-priorizar-la-vacunacion-a-trabajadores-esenciales\/#breadcrumb\",\"itemListElement\":[{\"@type\":\"ListItem\",\"position\":1,\"name\":\"Portada\",\"item\":\"https:\/\/municipales.org.ar\/festram\/\"},{\"@type\":\"ListItem\",\"position\":2,\"name\":\"FESTRAM insiste en priorizar la vacunaci\u00f3n a trabajadores esenciales\"}]},{\"@type\":\"WebSite\",\"@id\":\"https:\/\/municipales.org.ar\/festram\/#website\",\"url\":\"https:\/\/municipales.org.ar\/festram\/\",\"name\":\"FESTRAM\",\"description\":\"La web de los trabajadores municipales\",\"publisher\":{\"@id\":\"https:\/\/municipales.org.ar\/festram\/#organization\"},\"potentialAction\":[{\"@type\":\"SearchAction\",\"target\":{\"@type\":\"EntryPoint\",\"urlTemplate\":\"https:\/\/municipales.org.ar\/festram\/?s={search_term_string}\"},\"query-input\":{\"@type\":\"PropertyValueSpecification\",\"valueRequired\":true,\"valueName\":\"search_term_string\"}}],\"inLanguage\":\"es\"},{\"@type\":\"Organization\",\"@id\":\"https:\/\/municipales.org.ar\/festram\/#organization\",\"name\":\"Federaci\u00f3n de Sindicatos de Trabajadores Municipales de la Provincia de Santa Fe\",\"url\":\"https:\/\/municipales.org.ar\/festram\/\",\"logo\":{\"@type\":\"ImageObject\",\"inLanguage\":\"es\",\"@id\":\"https:\/\/municipales.org.ar\/festram\/#\/schema\/logo\/image\/\",\"url\":\"https:\/\/www.municipales.org.ar\/festram\/wp-content\/uploads\/2014\/07\/logo_fes.jpg\",\"contentUrl\":\"https:\/\/www.municipales.org.ar\/festram\/wp-content\/uploads\/2014\/07\/logo_fes.jpg\",\"width\":661,\"height\":673,\"caption\":\"Federaci\u00f3n de Sindicatos de Trabajadores Municipales de la Provincia de Santa Fe\"},\"image\":{\"@id\":\"https:\/\/municipales.org.ar\/festram\/#\/schema\/logo\/image\/\"},\"sameAs\":[\"https:\/\/www.facebook.com\/MunicipalesSF\",\"https:\/\/x.com\/MunicipalesSF\",\"https:\/\/www.youtube.com\/user\/festram\"]},{\"@type\":\"Person\",\"@id\":\"https:\/\/municipales.org.ar\/festram\/#\/schema\/person\/49096a774c48ce9063df4d59ec059f9e\",\"name\":\"mun_admin\"}]}<\/script>\n<!-- \/ Yoast SEO plugin. -->","yoast_head_json":{"title":"FESTRAM insiste en priorizar la vacunaci\u00f3n a trabajadores esenciales &#8211; FESTRAM","description":"No s\u00f3lo en Salud est\u00e1n desbordados, tambi\u00e9n las \u00e1reas municipales que operan desde el inicio de la Pandemia.","robots":{"index":"index","follow":"follow","max-snippet":"max-snippet:-1","max-image-preview":"max-image-preview:large","max-video-preview":"max-video-preview:-1"},"canonical":"https:\/\/municipales.org.ar\/festram\/festram-insiste-en-priorizar-la-vacunacion-a-trabajadores-esenciales\/","og_locale":"es_ES","og_type":"article","og_title":"FESTRAM insiste en priorizar la vacunaci\u00f3n a trabajadores esenciales &#8211; FESTRAM","og_description":"No s\u00f3lo en Salud est\u00e1n desbordados, tambi\u00e9n las \u00e1reas municipales que operan desde el inicio de la Pandemia.","og_url":"https:\/\/municipales.org.ar\/festram\/festram-insiste-en-priorizar-la-vacunacion-a-trabajadores-esenciales\/","og_site_name":"FESTRAM","article_publisher":"https:\/\/www.facebook.com\/MunicipalesSF","article_published_time":"2021-04-09T20:51:20+00:00","article_modified_time":"2021-05-12T13:45:44+00:00","og_image":[{"width":1200,"height":564,"url":"https:\/\/municipales.org.ar\/festram\/wp-content\/uploads\/2021\/04\/profesional-sanitario-administrando-una-vacuna.jpeg","type":"image\/jpeg"}],"author":"mun_admin","twitter_card":"summary_large_image","twitter_creator":"@MunicipalesSF","twitter_site":"@MunicipalesSF","twitter_misc":{"Escrito por":"mun_admin","Tiempo de lectura":"3 minutos"},"schema":{"@context":"https:\/\/schema.org","@graph":[{"@type":"Article","@id":"https:\/\/municipales.org.ar\/festram\/festram-insiste-en-priorizar-la-vacunacion-a-trabajadores-esenciales\/#article","isPartOf":{"@id":"https:\/\/municipales.org.ar\/festram\/festram-insiste-en-priorizar-la-vacunacion-a-trabajadores-esenciales\/"},"author":{"name":"mun_admin","@id":"https:\/\/municipales.org.ar\/festram\/#\/schema\/person\/49096a774c48ce9063df4d59ec059f9e"},"headline":"FESTRAM insiste en priorizar la vacunaci\u00f3n a trabajadores esenciales","datePublished":"2021-04-09T20:51:20+00:00","dateModified":"2021-05-12T13:45:44+00:00","mainEntityOfPage":{"@id":"https:\/\/municipales.org.ar\/festram\/festram-insiste-en-priorizar-la-vacunacion-a-trabajadores-esenciales\/"},"wordCount":583,"publisher":{"@id":"https:\/\/municipales.org.ar\/festram\/#organization"},"image":{"@id":"https:\/\/municipales.org.ar\/festram\/festram-insiste-en-priorizar-la-vacunacion-a-trabajadores-esenciales\/#primaryimage"},"thumbnailUrl":"https:\/\/municipales.org.ar\/festram\/wp-content\/uploads\/2021\/04\/profesional-sanitario-administrando-una-vacuna.jpeg","keywords":["emergencia","salud y seguridad"],"articleSection":["Comunicados 2021"],"inLanguage":"es"},{"@type":"WebPage","@id":"https:\/\/municipales.org.ar\/festram\/festram-insiste-en-priorizar-la-vacunacion-a-trabajadores-esenciales\/","url":"https:\/\/municipales.org.ar\/festram\/festram-insiste-en-priorizar-la-vacunacion-a-trabajadores-esenciales\/","name":"FESTRAM insiste en priorizar la vacunaci\u00f3n a trabajadores esenciales &#8211; FESTRAM","isPartOf":{"@id":"https:\/\/municipales.org.ar\/festram\/#website"},"primaryImageOfPage":{"@id":"https:\/\/municipales.org.ar\/festram\/festram-insiste-en-priorizar-la-vacunacion-a-trabajadores-esenciales\/#primaryimage"},"image":{"@id":"https:\/\/municipales.org.ar\/festram\/festram-insiste-en-priorizar-la-vacunacion-a-trabajadores-esenciales\/#primaryimage"},"thumbnailUrl":"https:\/\/municipales.org.ar\/festram\/wp-content\/uploads\/2021\/04\/profesional-sanitario-administrando-una-vacuna.jpeg","datePublished":"2021-04-09T20:51:20+00:00","dateModified":"2021-05-12T13:45:44+00:00","description":"No s\u00f3lo en Salud est\u00e1n desbordados, tambi\u00e9n las \u00e1reas municipales que operan desde el inicio de la Pandemia.","breadcrumb":{"@id":"https:\/\/municipales.org.ar\/festram\/festram-insiste-en-priorizar-la-vacunacion-a-trabajadores-esenciales\/#breadcrumb"},"inLanguage":"es","potentialAction":[{"@type":"ReadAction","target":["https:\/\/municipales.org.ar\/festram\/festram-insiste-en-priorizar-la-vacunacion-a-trabajadores-esenciales\/"]}]},{"@type":"ImageObject","inLanguage":"es","@id":"https:\/\/municipales.org.ar\/festram\/festram-insiste-en-priorizar-la-vacunacion-a-trabajadores-esenciales\/#primaryimage","url":"https:\/\/municipales.org.ar\/festram\/wp-content\/uploads\/2021\/04\/profesional-sanitario-administrando-una-vacuna.jpeg","contentUrl":"https:\/\/municipales.org.ar\/festram\/wp-content\/uploads\/2021\/04\/profesional-sanitario-administrando-una-vacuna.jpeg","width":1200,"height":564},{"@type":"BreadcrumbList","@id":"https:\/\/municipales.org.ar\/festram\/festram-insiste-en-priorizar-la-vacunacion-a-trabajadores-esenciales\/#breadcrumb","itemListElement":[{"@type":"ListItem","position":1,"name":"Portada","item":"https:\/\/municipales.org.ar\/festram\/"},{"@type":"ListItem","position":2,"name":"FESTRAM insiste en priorizar la vacunaci\u00f3n a trabajadores esenciales"}]},{"@type":"WebSite","@id":"https:\/\/municipales.org.ar\/festram\/#website","url":"https:\/\/municipales.org.ar\/festram\/","name":"FESTRAM","description":"La web de los trabajadores municipales","publisher":{"@id":"https:\/\/municipales.org.ar\/festram\/#organization"},"potentialAction":[{"@type":"SearchAction","target":{"@type":"EntryPoint","urlTemplate":"https:\/\/municipales.org.ar\/festram\/?s={search_term_string}"},"query-input":{"@type":"PropertyValueSpecification","valueRequired":true,"valueName":"search_term_string"}}],"inLanguage":"es"},{"@type":"Organization","@id":"https:\/\/municipales.org.ar\/festram\/#organization","name":"Federaci\u00f3n de Sindicatos de Trabajadores Municipales de la Provincia de Santa Fe","url":"https:\/\/municipales.org.ar\/festram\/","logo":{"@type":"ImageObject","inLanguage":"es","@id":"https:\/\/municipales.org.ar\/festram\/#\/schema\/logo\/image\/","url":"https:\/\/www.municipales.org.ar\/festram\/wp-content\/uploads\/2014\/07\/logo_fes.jpg","contentUrl":"https:\/\/www.municipales.org.ar\/festram\/wp-content\/uploads\/2014\/07\/logo_fes.jpg","width":661,"height":673,"caption":"Federaci\u00f3n de Sindicatos de Trabajadores Municipales de la Provincia de Santa Fe"},"image":{"@id":"https:\/\/municipales.org.ar\/festram\/#\/schema\/logo\/image\/"},"sameAs":["https:\/\/www.facebook.com\/MunicipalesSF","https:\/\/x.com\/MunicipalesSF","https:\/\/www.youtube.com\/user\/festram"]},{"@type":"Person","@id":"https:\/\/municipales.org.ar\/festram\/#\/schema\/person\/49096a774c48ce9063df4d59ec059f9e","name":"mun_admin"}]}},"jetpack_publicize_connections":[],"jetpack_featured_media_url":"https:\/\/municipales.org.ar\/festram\/wp-content\/uploads\/2021\/04\/profesional-sanitario-administrando-una-vacuna.jpeg","jetpack_sharing_enabled":true,"jetpack_likes_enabled":false,"jetpack_shortlink":"https:\/\/wp.me\/p7l4x1-3Ze","_links":{"self":[{"href":"https:\/\/municipales.org.ar\/festram\/wp-json\/wp\/v2\/posts\/15328","targetHints":{"allow":["GET"]}}],"collection":[{"href":"https:\/\/municipales.org.ar\/festram\/wp-json\/wp\/v2\/posts"}],"about":[{"href":"https:\/\/municipales.org.ar\/festram\/wp-json\/wp\/v2\/types\/post"}],"author":[{"embeddable":true,"href":"https:\/\/municipales.org.ar\/festram\/wp-json\/wp\/v2\/users\/1"}],"replies":[{"embeddable":true,"href":"https:\/\/municipales.org.ar\/festram\/wp-json\/wp\/v2\/comments?post=15328"}],"version-history":[{"count":3,"href":"https:\/\/municipales.org.ar\/festram\/wp-json\/wp\/v2\/posts\/15328\/revisions"}],"predecessor-version":[{"id":15353,"href":"https:\/\/municipales.org.ar\/festram\/wp-json\/wp\/v2\/posts\/15328\/revisions\/15353"}],"wp:featuredmedia":[{"embeddable":true,"href":"https:\/\/municipales.org.ar\/festram\/wp-json\/wp\/v2\/media\/15329"}],"wp:attachment":[{"href":"https:\/\/municipales.org.ar\/festram\/wp-json\/wp\/v2\/media?parent=15328"}],"wp:term":[{"taxonomy":"category","embeddable":true,"href":"https:\/\/municipales.org.ar\/festram\/wp-json\/wp\/v2\/categories?post=15328"},{"taxonomy":"post_tag","embeddable":true,"href":"https:\/\/municipales.org.ar\/festram\/wp-json\/wp\/v2\/tags?post=15328"}],"curies":[{"name":"wp","href":"https:\/\/api.w.org\/{rel}","templated":true}]}}