{"id":15365,"date":"2021-05-29T18:27:13","date_gmt":"2021-05-29T21:27:13","guid":{"rendered":"https:\/\/www.municipales.org.ar\/festram\/?p=15365"},"modified":"2021-06-14T12:11:24","modified_gmt":"2021-06-14T15:11:24","slug":"por-emergencia-sanitaria-y-falta-de-vacunacion-se-suspenderian-actividades-en-municipios-y-comunas","status":"publish","type":"post","link":"https:\/\/municipales.org.ar\/festram\/por-emergencia-sanitaria-y-falta-de-vacunacion-se-suspenderian-actividades-en-municipios-y-comunas\/","title":{"rendered":"Por emergencia sanitaria y falta de vacunaci\u00f3n se suspender\u00edan actividades en Municipios y Comunas"},"content":{"rendered":"\n<p><\/p>\n\n\n\n<h2 class=\"wp-block-heading\"><strong>FESTRAM reclama a los Intendentes y Presidentes Comunales y a la Provincia la vacunaci\u00f3n de los trabajadores y trabajadoras que contin\u00faan prestando servicios en sectores de alto riesgo de contagio.<\/strong><br><br><\/h2>\n\n\n\n<p>Este mi\u00e9rcoles se llev\u00f3 a cabo,&nbsp;por plataforma virtual, un Plenario de Secretarios Generales para evaluar la situaci\u00f3n del sector y resolver las medidas a seguir.&nbsp;El Plenario funcion\u00f3 bajo la advocaci\u00f3n de Carlos Schweizer (inspector de la Municipalidad de Santo Tom\u00e9) y Daniel Mart\u00ednez (militante del Sindicato Municipal de Rosario) ambos integrantes de la Red de J\u00f3venes Municipales, quienes fallecieron recientemente, y con ello se rinde homenaje a los compa\u00f1eros y compa\u00f1eras fallecidos por COVID.<\/p>\n\n\n\n<p>Desde FESTRAM, los reclamos han sido permanentes&nbsp;al Gobierno Provincial, a los Intendentes, Presidentes Comunales y a la propia Obra Social IAPOS para que se instrumenten los mecanismos que garanticen la vacunaci\u00f3n a los Trabajadores Municipales y Comunales, que&nbsp;<strong>declarados Esenciales desde el inicio de la Pandemia, a\u00fan contin\u00faan prestando servicios en sectores de alto riesgo de contagio:&nbsp;<\/strong>salud municipal, recolectores de residuos, inspectores y guardias en general, cementerio, atenci\u00f3n al p\u00fablico, jardines, liceos y quienes en gran n\u00famero realizan tareas de calle, entre otras actividades. Sin embargo, no hubo ning\u00fan avance.<\/p>\n\n\n\n<p>Es por ello, que el Plenario de Secretarios Generales resolvi\u00f3 facultar a cada Sindicato Municipal a tomar las medidas de fuerza que considere necesarias en aquellos casos en que se exponga a los trabajadores y trabajadoras, especialmente en las zonas de alto riesgo y de alerta epidemiol\u00f3gica y sanitaria.<\/p>\n\n\n\n<p>Es obligaci\u00f3n primordial de las Organizaciones Sindicales preservar la Vida y la Salud de cada uno de sus integrantes, como la de la comunidad de cada una de las localidades y por lo tanto se decidi\u00f3 que si para la primera quincena de Junio, no se revierte la protecci\u00f3n en la salud de los Compa\u00f1eros Municipales, FESTRAM adoptar\u00e1 contundentes medidas sindicales en toda la Provincia.<\/p>\n\n\n\n<p>Por \u00faltimo, manifestamos nuestro pesar y solidaridad con todos los familiares de las y los Compa\u00f1eros fallecidos por COVID y se\u00f1alamos la disposici\u00f3n de FESTRAM de acompa\u00f1ar a la familia municipal en estos graves momentos.<\/p>\n\n\n\n<h6 class=\"wp-block-heading\">Prensa FESTRAM<\/h6>\n","protected":false},"excerpt":{"rendered":"<p>FESTRAM reclama a los Intendentes y Presidentes Comunales y a la Provincia la vacunaci\u00f3n de los trabajadores y trabajadoras que contin\u00faan prestando servicios en sectores de alto riesgo de contagio.<\/p>\n","protected":false},"author":1,"featured_media":15366,"comment_status":"closed","ping_status":"closed","sticky":false,"template":"","format":"standard","meta":{"_jetpack_memberships_contains_paid_content":false,"footnotes":"","jetpack_publicize_message":"","jetpack_publicize_feature_enabled":true,"jetpack_social_post_already_shared":true,"jetpack_social_options":{"image_generator_settings":{"template":"highway","default_image_id":0,"font":"","enabled":false},"version":2}},"categories":[239],"tags":[226,71,91],"class_list":["post-15365","post","type-post","status-publish","format-standard","has-post-thumbnail","hentry","category-comunicados-2021","tag-emergencia","tag-medidas-de-fuerza","tag-salud-y-seguridad"],"yoast_head":"<!-- This site is optimized with the Yoast SEO plugin v25.9 - https:\/\/yoast.com\/wordpress\/plugins\/seo\/ -->\n<title>Por emergencia sanitaria y falta de vacunaci\u00f3n se suspender\u00edan actividades en Municipios y Comunas &#8211; FESTRAM<\/title>\n<meta name=\"description\" content=\"FESTRAM reclama a los Intendentes y Presidentes Comunales y a la Provincia la vacunaci\u00f3n de los trabajadores y trabajadoras que contin\u00faan prestando servicios en sectores de alto riesgo de contagio.\" \/>\n<meta name=\"robots\" content=\"index, follow, max-snippet:-1, max-image-preview:large, max-video-preview:-1\" \/>\n<link rel=\"canonical\" href=\"https:\/\/municipales.org.ar\/festram\/por-emergencia-sanitaria-y-falta-de-vacunacion-se-suspenderian-actividades-en-municipios-y-comunas\/\" \/>\n<meta property=\"og:locale\" content=\"es_ES\" \/>\n<meta property=\"og:type\" content=\"article\" \/>\n<meta property=\"og:title\" content=\"Por emergencia sanitaria y falta de vacunaci\u00f3n se suspender\u00edan actividades en Municipios y Comunas &#8211; FESTRAM\" \/>\n<meta property=\"og:description\" content=\"FESTRAM reclama a los Intendentes y Presidentes Comunales y a la Provincia la vacunaci\u00f3n de los trabajadores y trabajadoras que contin\u00faan prestando servicios en sectores de alto riesgo de contagio.\" \/>\n<meta property=\"og:url\" content=\"https:\/\/municipales.org.ar\/festram\/por-emergencia-sanitaria-y-falta-de-vacunacion-se-suspenderian-actividades-en-municipios-y-comunas\/\" \/>\n<meta property=\"og:site_name\" content=\"FESTRAM\" \/>\n<meta property=\"article:publisher\" content=\"https:\/\/www.facebook.com\/MunicipalesSF\" \/>\n<meta property=\"article:published_time\" content=\"2021-05-29T21:27:13+00:00\" \/>\n<meta property=\"article:modified_time\" content=\"2021-06-14T15:11:24+00:00\" \/>\n<meta property=\"og:image\" content=\"https:\/\/municipales.org.ar\/festram\/wp-content\/uploads\/2021\/05\/municipales-e1622323711566.jpg\" \/>\n\t<meta property=\"og:image:width\" content=\"600\" \/>\n\t<meta property=\"og:image:height\" content=\"376\" \/>\n\t<meta property=\"og:image:type\" content=\"image\/jpeg\" \/>\n<meta name=\"author\" content=\"mun_admin\" \/>\n<meta name=\"twitter:card\" content=\"summary_large_image\" \/>\n<meta name=\"twitter:creator\" content=\"@MunicipalesSF\" \/>\n<meta name=\"twitter:site\" content=\"@MunicipalesSF\" \/>\n<meta name=\"twitter:label1\" content=\"Escrito por\" \/>\n\t<meta name=\"twitter:data1\" content=\"mun_admin\" \/>\n\t<meta name=\"twitter:label2\" content=\"Tiempo de lectura\" \/>\n\t<meta name=\"twitter:data2\" content=\"2 minutos\" \/>\n<script type=\"application\/ld+json\" class=\"yoast-schema-graph\">{\"@context\":\"https:\/\/schema.org\",\"@graph\":[{\"@type\":\"Article\",\"@id\":\"https:\/\/municipales.org.ar\/festram\/por-emergencia-sanitaria-y-falta-de-vacunacion-se-suspenderian-actividades-en-municipios-y-comunas\/#article\",\"isPartOf\":{\"@id\":\"https:\/\/municipales.org.ar\/festram\/por-emergencia-sanitaria-y-falta-de-vacunacion-se-suspenderian-actividades-en-municipios-y-comunas\/\"},\"author\":{\"name\":\"mun_admin\",\"@id\":\"https:\/\/municipales.org.ar\/festram\/#\/schema\/person\/49096a774c48ce9063df4d59ec059f9e\"},\"headline\":\"Por emergencia sanitaria y falta de vacunaci\u00f3n se suspender\u00edan actividades en Municipios y Comunas\",\"datePublished\":\"2021-05-29T21:27:13+00:00\",\"dateModified\":\"2021-06-14T15:11:24+00:00\",\"mainEntityOfPage\":{\"@id\":\"https:\/\/municipales.org.ar\/festram\/por-emergencia-sanitaria-y-falta-de-vacunacion-se-suspenderian-actividades-en-municipios-y-comunas\/\"},\"wordCount\":394,\"publisher\":{\"@id\":\"https:\/\/municipales.org.ar\/festram\/#organization\"},\"image\":{\"@id\":\"https:\/\/municipales.org.ar\/festram\/por-emergencia-sanitaria-y-falta-de-vacunacion-se-suspenderian-actividades-en-municipios-y-comunas\/#primaryimage\"},\"thumbnailUrl\":\"https:\/\/municipales.org.ar\/festram\/wp-content\/uploads\/2021\/05\/municipales-e1622323711566.jpg\",\"keywords\":[\"emergencia\",\"medidas de fuerza\",\"salud y seguridad\"],\"articleSection\":[\"Comunicados 2021\"],\"inLanguage\":\"es\"},{\"@type\":\"WebPage\",\"@id\":\"https:\/\/municipales.org.ar\/festram\/por-emergencia-sanitaria-y-falta-de-vacunacion-se-suspenderian-actividades-en-municipios-y-comunas\/\",\"url\":\"https:\/\/municipales.org.ar\/festram\/por-emergencia-sanitaria-y-falta-de-vacunacion-se-suspenderian-actividades-en-municipios-y-comunas\/\",\"name\":\"Por emergencia sanitaria y falta de vacunaci\u00f3n se suspender\u00edan actividades en Municipios y Comunas &#8211; FESTRAM\",\"isPartOf\":{\"@id\":\"https:\/\/municipales.org.ar\/festram\/#website\"},\"primaryImageOfPage\":{\"@id\":\"https:\/\/municipales.org.ar\/festram\/por-emergencia-sanitaria-y-falta-de-vacunacion-se-suspenderian-actividades-en-municipios-y-comunas\/#primaryimage\"},\"image\":{\"@id\":\"https:\/\/municipales.org.ar\/festram\/por-emergencia-sanitaria-y-falta-de-vacunacion-se-suspenderian-actividades-en-municipios-y-comunas\/#primaryimage\"},\"thumbnailUrl\":\"https:\/\/municipales.org.ar\/festram\/wp-content\/uploads\/2021\/05\/municipales-e1622323711566.jpg\",\"datePublished\":\"2021-05-29T21:27:13+00:00\",\"dateModified\":\"2021-06-14T15:11:24+00:00\",\"description\":\"FESTRAM reclama a los Intendentes y Presidentes Comunales y a la Provincia la vacunaci\u00f3n de los trabajadores y trabajadoras que contin\u00faan prestando servicios en sectores de alto riesgo de contagio.\",\"breadcrumb\":{\"@id\":\"https:\/\/municipales.org.ar\/festram\/por-emergencia-sanitaria-y-falta-de-vacunacion-se-suspenderian-actividades-en-municipios-y-comunas\/#breadcrumb\"},\"inLanguage\":\"es\",\"potentialAction\":[{\"@type\":\"ReadAction\",\"target\":[\"https:\/\/municipales.org.ar\/festram\/por-emergencia-sanitaria-y-falta-de-vacunacion-se-suspenderian-actividades-en-municipios-y-comunas\/\"]}]},{\"@type\":\"ImageObject\",\"inLanguage\":\"es\",\"@id\":\"https:\/\/municipales.org.ar\/festram\/por-emergencia-sanitaria-y-falta-de-vacunacion-se-suspenderian-actividades-en-municipios-y-comunas\/#primaryimage\",\"url\":\"https:\/\/municipales.org.ar\/festram\/wp-content\/uploads\/2021\/05\/municipales-e1622323711566.jpg\",\"contentUrl\":\"https:\/\/municipales.org.ar\/festram\/wp-content\/uploads\/2021\/05\/municipales-e1622323711566.jpg\",\"width\":600,\"height\":376},{\"@type\":\"BreadcrumbList\",\"@id\":\"https:\/\/municipales.org.ar\/festram\/por-emergencia-sanitaria-y-falta-de-vacunacion-se-suspenderian-actividades-en-municipios-y-comunas\/#breadcrumb\",\"itemListElement\":[{\"@type\":\"ListItem\",\"position\":1,\"name\":\"Portada\",\"item\":\"https:\/\/municipales.org.ar\/festram\/\"},{\"@type\":\"ListItem\",\"position\":2,\"name\":\"Por emergencia sanitaria y falta de vacunaci\u00f3n se suspender\u00edan actividades en Municipios y Comunas\"}]},{\"@type\":\"WebSite\",\"@id\":\"https:\/\/municipales.org.ar\/festram\/#website\",\"url\":\"https:\/\/municipales.org.ar\/festram\/\",\"name\":\"FESTRAM\",\"description\":\"La web de los trabajadores municipales\",\"publisher\":{\"@id\":\"https:\/\/municipales.org.ar\/festram\/#organization\"},\"potentialAction\":[{\"@type\":\"SearchAction\",\"target\":{\"@type\":\"EntryPoint\",\"urlTemplate\":\"https:\/\/municipales.org.ar\/festram\/?s={search_term_string}\"},\"query-input\":{\"@type\":\"PropertyValueSpecification\",\"valueRequired\":true,\"valueName\":\"search_term_string\"}}],\"inLanguage\":\"es\"},{\"@type\":\"Organization\",\"@id\":\"https:\/\/municipales.org.ar\/festram\/#organization\",\"name\":\"Federaci\u00f3n de Sindicatos de Trabajadores Municipales de la Provincia de Santa Fe\",\"url\":\"https:\/\/municipales.org.ar\/festram\/\",\"logo\":{\"@type\":\"ImageObject\",\"inLanguage\":\"es\",\"@id\":\"https:\/\/municipales.org.ar\/festram\/#\/schema\/logo\/image\/\",\"url\":\"https:\/\/www.municipales.org.ar\/festram\/wp-content\/uploads\/2014\/07\/logo_fes.jpg\",\"contentUrl\":\"https:\/\/www.municipales.org.ar\/festram\/wp-content\/uploads\/2014\/07\/logo_fes.jpg\",\"width\":661,\"height\":673,\"caption\":\"Federaci\u00f3n de Sindicatos de Trabajadores Municipales de la Provincia de Santa Fe\"},\"image\":{\"@id\":\"https:\/\/municipales.org.ar\/festram\/#\/schema\/logo\/image\/\"},\"sameAs\":[\"https:\/\/www.facebook.com\/MunicipalesSF\",\"https:\/\/x.com\/MunicipalesSF\",\"https:\/\/www.youtube.com\/user\/festram\"]},{\"@type\":\"Person\",\"@id\":\"https:\/\/municipales.org.ar\/festram\/#\/schema\/person\/49096a774c48ce9063df4d59ec059f9e\",\"name\":\"mun_admin\"}]}<\/script>\n<!-- \/ Yoast SEO plugin. -->","yoast_head_json":{"title":"Por emergencia sanitaria y falta de vacunaci\u00f3n se suspender\u00edan actividades en Municipios y Comunas &#8211; FESTRAM","description":"FESTRAM reclama a los Intendentes y Presidentes Comunales y a la Provincia la vacunaci\u00f3n de los trabajadores y trabajadoras que contin\u00faan prestando servicios en sectores de alto riesgo de contagio.","robots":{"index":"index","follow":"follow","max-snippet":"max-snippet:-1","max-image-preview":"max-image-preview:large","max-video-preview":"max-video-preview:-1"},"canonical":"https:\/\/municipales.org.ar\/festram\/por-emergencia-sanitaria-y-falta-de-vacunacion-se-suspenderian-actividades-en-municipios-y-comunas\/","og_locale":"es_ES","og_type":"article","og_title":"Por emergencia sanitaria y falta de vacunaci\u00f3n se suspender\u00edan actividades en Municipios y Comunas &#8211; FESTRAM","og_description":"FESTRAM reclama a los Intendentes y Presidentes Comunales y a la Provincia la vacunaci\u00f3n de los trabajadores y trabajadoras que contin\u00faan prestando servicios en sectores de alto riesgo de contagio.","og_url":"https:\/\/municipales.org.ar\/festram\/por-emergencia-sanitaria-y-falta-de-vacunacion-se-suspenderian-actividades-en-municipios-y-comunas\/","og_site_name":"FESTRAM","article_publisher":"https:\/\/www.facebook.com\/MunicipalesSF","article_published_time":"2021-05-29T21:27:13+00:00","article_modified_time":"2021-06-14T15:11:24+00:00","og_image":[{"width":600,"height":376,"url":"https:\/\/municipales.org.ar\/festram\/wp-content\/uploads\/2021\/05\/municipales-e1622323711566.jpg","type":"image\/jpeg"}],"author":"mun_admin","twitter_card":"summary_large_image","twitter_creator":"@MunicipalesSF","twitter_site":"@MunicipalesSF","twitter_misc":{"Escrito por":"mun_admin","Tiempo de lectura":"2 minutos"},"schema":{"@context":"https:\/\/schema.org","@graph":[{"@type":"Article","@id":"https:\/\/municipales.org.ar\/festram\/por-emergencia-sanitaria-y-falta-de-vacunacion-se-suspenderian-actividades-en-municipios-y-comunas\/#article","isPartOf":{"@id":"https:\/\/municipales.org.ar\/festram\/por-emergencia-sanitaria-y-falta-de-vacunacion-se-suspenderian-actividades-en-municipios-y-comunas\/"},"author":{"name":"mun_admin","@id":"https:\/\/municipales.org.ar\/festram\/#\/schema\/person\/49096a774c48ce9063df4d59ec059f9e"},"headline":"Por emergencia sanitaria y falta de vacunaci\u00f3n se suspender\u00edan actividades en Municipios y Comunas","datePublished":"2021-05-29T21:27:13+00:00","dateModified":"2021-06-14T15:11:24+00:00","mainEntityOfPage":{"@id":"https:\/\/municipales.org.ar\/festram\/por-emergencia-sanitaria-y-falta-de-vacunacion-se-suspenderian-actividades-en-municipios-y-comunas\/"},"wordCount":394,"publisher":{"@id":"https:\/\/municipales.org.ar\/festram\/#organization"},"image":{"@id":"https:\/\/municipales.org.ar\/festram\/por-emergencia-sanitaria-y-falta-de-vacunacion-se-suspenderian-actividades-en-municipios-y-comunas\/#primaryimage"},"thumbnailUrl":"https:\/\/municipales.org.ar\/festram\/wp-content\/uploads\/2021\/05\/municipales-e1622323711566.jpg","keywords":["emergencia","medidas de fuerza","salud y seguridad"],"articleSection":["Comunicados 2021"],"inLanguage":"es"},{"@type":"WebPage","@id":"https:\/\/municipales.org.ar\/festram\/por-emergencia-sanitaria-y-falta-de-vacunacion-se-suspenderian-actividades-en-municipios-y-comunas\/","url":"https:\/\/municipales.org.ar\/festram\/por-emergencia-sanitaria-y-falta-de-vacunacion-se-suspenderian-actividades-en-municipios-y-comunas\/","name":"Por emergencia sanitaria y falta de vacunaci\u00f3n se suspender\u00edan actividades en Municipios y Comunas &#8211; FESTRAM","isPartOf":{"@id":"https:\/\/municipales.org.ar\/festram\/#website"},"primaryImageOfPage":{"@id":"https:\/\/municipales.org.ar\/festram\/por-emergencia-sanitaria-y-falta-de-vacunacion-se-suspenderian-actividades-en-municipios-y-comunas\/#primaryimage"},"image":{"@id":"https:\/\/municipales.org.ar\/festram\/por-emergencia-sanitaria-y-falta-de-vacunacion-se-suspenderian-actividades-en-municipios-y-comunas\/#primaryimage"},"thumbnailUrl":"https:\/\/municipales.org.ar\/festram\/wp-content\/uploads\/2021\/05\/municipales-e1622323711566.jpg","datePublished":"2021-05-29T21:27:13+00:00","dateModified":"2021-06-14T15:11:24+00:00","description":"FESTRAM reclama a los Intendentes y Presidentes Comunales y a la Provincia la vacunaci\u00f3n de los trabajadores y trabajadoras que contin\u00faan prestando servicios en sectores de alto riesgo de contagio.","breadcrumb":{"@id":"https:\/\/municipales.org.ar\/festram\/por-emergencia-sanitaria-y-falta-de-vacunacion-se-suspenderian-actividades-en-municipios-y-comunas\/#breadcrumb"},"inLanguage":"es","potentialAction":[{"@type":"ReadAction","target":["https:\/\/municipales.org.ar\/festram\/por-emergencia-sanitaria-y-falta-de-vacunacion-se-suspenderian-actividades-en-municipios-y-comunas\/"]}]},{"@type":"ImageObject","inLanguage":"es","@id":"https:\/\/municipales.org.ar\/festram\/por-emergencia-sanitaria-y-falta-de-vacunacion-se-suspenderian-actividades-en-municipios-y-comunas\/#primaryimage","url":"https:\/\/municipales.org.ar\/festram\/wp-content\/uploads\/2021\/05\/municipales-e1622323711566.jpg","contentUrl":"https:\/\/municipales.org.ar\/festram\/wp-content\/uploads\/2021\/05\/municipales-e1622323711566.jpg","width":600,"height":376},{"@type":"BreadcrumbList","@id":"https:\/\/municipales.org.ar\/festram\/por-emergencia-sanitaria-y-falta-de-vacunacion-se-suspenderian-actividades-en-municipios-y-comunas\/#breadcrumb","itemListElement":[{"@type":"ListItem","position":1,"name":"Portada","item":"https:\/\/municipales.org.ar\/festram\/"},{"@type":"ListItem","position":2,"name":"Por emergencia sanitaria y falta de vacunaci\u00f3n se suspender\u00edan actividades en Municipios y Comunas"}]},{"@type":"WebSite","@id":"https:\/\/municipales.org.ar\/festram\/#website","url":"https:\/\/municipales.org.ar\/festram\/","name":"FESTRAM","description":"La web de los trabajadores municipales","publisher":{"@id":"https:\/\/municipales.org.ar\/festram\/#organization"},"potentialAction":[{"@type":"SearchAction","target":{"@type":"EntryPoint","urlTemplate":"https:\/\/municipales.org.ar\/festram\/?s={search_term_string}"},"query-input":{"@type":"PropertyValueSpecification","valueRequired":true,"valueName":"search_term_string"}}],"inLanguage":"es"},{"@type":"Organization","@id":"https:\/\/municipales.org.ar\/festram\/#organization","name":"Federaci\u00f3n de Sindicatos de Trabajadores Municipales de la Provincia de Santa Fe","url":"https:\/\/municipales.org.ar\/festram\/","logo":{"@type":"ImageObject","inLanguage":"es","@id":"https:\/\/municipales.org.ar\/festram\/#\/schema\/logo\/image\/","url":"https:\/\/www.municipales.org.ar\/festram\/wp-content\/uploads\/2014\/07\/logo_fes.jpg","contentUrl":"https:\/\/www.municipales.org.ar\/festram\/wp-content\/uploads\/2014\/07\/logo_fes.jpg","width":661,"height":673,"caption":"Federaci\u00f3n de Sindicatos de Trabajadores Municipales de la Provincia de Santa Fe"},"image":{"@id":"https:\/\/municipales.org.ar\/festram\/#\/schema\/logo\/image\/"},"sameAs":["https:\/\/www.facebook.com\/MunicipalesSF","https:\/\/x.com\/MunicipalesSF","https:\/\/www.youtube.com\/user\/festram"]},{"@type":"Person","@id":"https:\/\/municipales.org.ar\/festram\/#\/schema\/person\/49096a774c48ce9063df4d59ec059f9e","name":"mun_admin"}]}},"jetpack_publicize_connections":[],"jetpack_featured_media_url":"https:\/\/municipales.org.ar\/festram\/wp-content\/uploads\/2021\/05\/municipales-e1622323711566.jpg","jetpack_sharing_enabled":true,"jetpack_likes_enabled":false,"jetpack_shortlink":"https:\/\/wp.me\/p7l4x1-3ZP","_links":{"self":[{"href":"https:\/\/municipales.org.ar\/festram\/wp-json\/wp\/v2\/posts\/15365","targetHints":{"allow":["GET"]}}],"collection":[{"href":"https:\/\/municipales.org.ar\/festram\/wp-json\/wp\/v2\/posts"}],"about":[{"href":"https:\/\/municipales.org.ar\/festram\/wp-json\/wp\/v2\/types\/post"}],"author":[{"embeddable":true,"href":"https:\/\/municipales.org.ar\/festram\/wp-json\/wp\/v2\/users\/1"}],"replies":[{"embeddable":true,"href":"https:\/\/municipales.org.ar\/festram\/wp-json\/wp\/v2\/comments?post=15365"}],"version-history":[{"count":1,"href":"https:\/\/municipales.org.ar\/festram\/wp-json\/wp\/v2\/posts\/15365\/revisions"}],"predecessor-version":[{"id":15368,"href":"https:\/\/municipales.org.ar\/festram\/wp-json\/wp\/v2\/posts\/15365\/revisions\/15368"}],"wp:featuredmedia":[{"embeddable":true,"href":"https:\/\/municipales.org.ar\/festram\/wp-json\/wp\/v2\/media\/15366"}],"wp:attachment":[{"href":"https:\/\/municipales.org.ar\/festram\/wp-json\/wp\/v2\/media?parent=15365"}],"wp:term":[{"taxonomy":"category","embeddable":true,"href":"https:\/\/municipales.org.ar\/festram\/wp-json\/wp\/v2\/categories?post=15365"},{"taxonomy":"post_tag","embeddable":true,"href":"https:\/\/municipales.org.ar\/festram\/wp-json\/wp\/v2\/tags?post=15365"}],"curies":[{"name":"wp","href":"https:\/\/api.w.org\/{rel}","templated":true}]}}